{"id":10716,"date":"2012-01-30T11:56:00","date_gmt":"2012-01-30T10:56:00","guid":{"rendered":"https:\/\/staging.tsp.at\/2012\/01\/30\/univ-prof-peter-horvath-wird-75\/"},"modified":"2025-10-21T14:58:57","modified_gmt":"2025-10-21T12:58:57","slug":"univ-prof-peter-horvath-wird-75","status":"publish","type":"post","link":"https:\/\/www.tsp.at\/en\/2012\/01\/30\/univ-prof-peter-horvath-wird-75\/","title":{"rendered":"Univ.Prof. P\u00e9ter Horv\u00e1th wird 75"},"content":{"rendered":"<article class=\"item\">\n<h2><strong>Mitbegr\u00fcnder des Controllings mit gro\u00dfen Verdiensten<\/strong><\/h2>\n<p>30.01.2012<\/p>\n<\/p>\n<\/p>\n<\/p>\n<\/p>\n<\/p>\n<p>Stuttgart \u2013 \u00a0Der (emeritierte) Universit\u00e4tsprofessor und Unternehmensberater P\u00e9ter <span class=\"FtxtHl\">Horv\u00e1th<\/span> wird am 3. Februar 75 Jahre alt. <span class=\"FtxtHl\">Horv\u00e1th<\/span>  gilt als Mitbegr\u00fcnder des Controllings und genie\u00dft als Wissenschaftler  national wie auch international hohe Anerkennung. Seine innovativen  Konzepte und seine Praxisn\u00e4he haben den 1937 im ungarischen Sopron  geborenen promovierten Wirtschaftsingenieur zu einem vielgefragten  Fachmann gemacht. <span class=\"FtxtHl\">Horv\u00e1th<\/span> ist heute Aufsichtsratsvorsitzender der Managementberatung <span class=\"FtxtHl\">Horv\u00e1th<\/span>  &amp; Partners sowie gesch\u00e4ftsf\u00fchrender Gesellschafter des  gemeinn\u00fctzigen Forschungsinstituts &#8220;International Performance Research  Institute (IPRI).  <\/p>\n<p class=\"FtxtP\">Als Wissenschaftler pr\u00e4gte <span class=\"FtxtHl\">Horv\u00e1th<\/span>  das Controlling als Managementdisziplin und Teil des F\u00fchrungssystems  von Organisationen. Er hat mehr als 50 B\u00fccher und weit \u00fcber 400 Aufs\u00e4tze  ver\u00f6ffentlicht. Sein erstmals 1979 erschienenes Standardwerk  &#8220;Controlling&#8221; liegt mittlerweile in der 12. Auflage vor. Au\u00dferdem ist er  Mitbegr\u00fcnder und seit \u00fcber 20 Jahren Mitherausgeber der Zeitschrift  &#8220;Controlling&#8221;. <span class=\"FtxtHl\">Horv\u00e1th<\/span> war von 1981 bis 2005  Inhaber des Lehrstuhls f\u00fcr Controlling und Allgemeine  Betriebswirtschaftslehre der Universit\u00e4t Stuttgart. Daneben war er  Gastprofessor in New York, Wien, S\u00e3o Paulo und Shanghai. Generationen  von Studenten und mehr als 60 Doktoranden haben bei ihm gelernt. 1996  wurde er mit dem Baden-W\u00fcrttembergischen Landeslehrpreis ausgezeichnet.  Als Anerkennung f\u00fcr seine wissenschaftlichen Verdienste wurde ihm 2006  von der Corvinus-Universit\u00e4t, Budapest, sowie von der European Business  School, Oestrich-Winkel, die Ehrendoktorw\u00fcrde verliehen. Eine dritte  Ehrendoktorw\u00fcrde erhielt er im September 2011 von der Universit\u00e4t  Westungarn, die ihren Hauptsitz in Sopron, der Geburtsstadt von P\u00e9ter <span class=\"FtxtHl\">Horv\u00e1th<\/span>, hat.<\/p>\n<p class=\"FtxtP\"><span class=\"FtxtHl\">Horv\u00e1th<\/span> ist seit vielen  Jahren ein gesch\u00e4tzter Berater f\u00fcr das Topmanagement in Unternehmen und  \u00f6ffentlichen Organisationen. Dar\u00fcber hinaus ist er selbst als  Unternehmer \u00e4u\u00dferst erfolgreich. Die 1981 von ihm (mit)gegr\u00fcndete und  nach ihm benannte Managementberatung <span class=\"FtxtHl\">Horv\u00e1th<\/span>  &amp; Partners z\u00e4hlt mit \u00fcber 400 Besch\u00e4ftigten und einem Umsatz von  zuletzt 80 Mio. Euro zu den bedeutenden Beratungsh\u00e4usern im  deutschsprachigen Raum und gilt als Nummer eins f\u00fcr Themen auf den  Gebieten Unternehmenssteuerung und Controlling. Mit B\u00fcros in \u00d6sterreich,  der Schweiz, Rum\u00e4nien, Ungarn und den Vereinigten Arabischen Emiraten  ist <span class=\"FtxtHl\">Horv\u00e1th<\/span> &amp; Partners auch  international vertreten. F\u00fcr ihre Innovationskraft wurde die Beratung  bereits zweimal mit dem G\u00fctesiegel &#8220;TOP 100 Innovatoren im deutschen  Mittelstand&#8221; ausgezeichnet. <\/p>\n<p class=\"FtxtP\">Der Privatmann P\u00e9ter <span class=\"FtxtHl\">Horv\u00e1th<\/span>  zeichnet sich durch sein wohlt\u00e4tiges kulturelles Engagement sowie durch  seine bemerkenswerten sportlichen Leistungen aus. So nahm er im  November 2011 bereits zum zwanzigsten Mal am New York Marathon teil. Mit  seiner 2001 gegr\u00fcndeten P\u00e9ter-<span class=\"FtxtHl\">Horv\u00e1th<\/span>-Stiftung  f\u00f6rdert er begabte junge Wissenschaftler und K\u00fcnstler. 2006 hat er den  ungarischen Staatspreis &#8220;Pro Cultura Hungarica&#8221; erhalten. Daneben  engagiert er sich ehrenamtlich als Vorsitzender des Wirtschaftsclubs im  Literaturhaus Stuttgart und als Mitglied im Hochschulrat der  Musikhochschule Stuttgart. \t\t\t \t\t \t<\/p>\n<\/p>\n<\/article>\n","protected":false},"excerpt":{"rendered":"<p>Mitbegr\u00fcnder des Controllings mit gro\u00dfen Verdiensten 30.01.2012 Stuttgart \u2013 \u00a0Der (emeritierte) Universit\u00e4tsprofessor und Unternehmensberater P\u00e9ter Horv\u00e1th wird am 3. Februar 75 Jahre alt. Horv\u00e1th gilt als Mitbegr\u00fcnder des Controllings und genie\u00dft als Wissenschaftler national wie auch international hohe Anerkennung. Seine innovativen Konzepte und seine Praxisn\u00e4he haben den 1937 im ungarischen Sopron geborenen promovierten Wirtschaftsingenieur zu&hellip;<\/p>\n","protected":false},"author":2,"featured_media":10715,"comment_status":"closed","ping_status":"closed","sticky":false,"template":"","format":"standard","meta":{"footnotes":""},"categories":[3],"tags":[],"class_list":["post-10716","post","type-post","status-publish","format-standard","has-post-thumbnail","hentry","category-news","category-3","description-off"],"yoast_head":"<!-- This site is optimized with the Yoast SEO plugin v26.3 - https:\/\/yoast.com\/wordpress\/plugins\/seo\/ -->\n<title>Univ.Prof. P\u00e9ter Horv\u00e1th wird 75 - Temmel | Seywald - Corporate Communications<\/title>\n<meta name=\"robots\" content=\"index, follow, max-snippet:-1, max-image-preview:large, max-video-preview:-1\" \/>\n<link rel=\"canonical\" href=\"https:\/\/www.tsp.at\/en\/2012\/01\/30\/univ-prof-peter-horvath-wird-75\/\" \/>\n<meta property=\"og:locale\" content=\"en_US\" \/>\n<meta property=\"og:type\" content=\"article\" \/>\n<meta property=\"og:title\" content=\"Univ.Prof. P\u00e9ter Horv\u00e1th wird 75 - Temmel | Seywald - Corporate Communications\" \/>\n<meta property=\"og:description\" content=\"Mitbegr\u00fcnder des Controllings mit gro\u00dfen Verdiensten 30.01.2012 Stuttgart \u2013 \u00a0Der (emeritierte) Universit\u00e4tsprofessor und Unternehmensberater P\u00e9ter Horv\u00e1th wird am 3. Februar 75 Jahre alt. Horv\u00e1th gilt als Mitbegr\u00fcnder des Controllings und genie\u00dft als Wissenschaftler national wie auch international hohe Anerkennung. Seine innovativen Konzepte und seine Praxisn\u00e4he haben den 1937 im ungarischen Sopron geborenen promovierten Wirtschaftsingenieur zu&hellip;\" \/>\n<meta property=\"og:url\" content=\"https:\/\/www.tsp.at\/en\/2012\/01\/30\/univ-prof-peter-horvath-wird-75\/\" \/>\n<meta property=\"og:site_name\" content=\"Temmel | Seywald - Corporate Communications\" \/>\n<meta property=\"article:publisher\" content=\"https:\/\/www.facebook.com\/TemmelSeywald\" \/>\n<meta property=\"article:published_time\" content=\"2012-01-30T10:56:00+00:00\" \/>\n<meta property=\"article:modified_time\" content=\"2025-10-21T12:58:57+00:00\" \/>\n<meta property=\"og:image\" content=\"https:\/\/www.tsp.at\/wp-content\/uploads\/2025\/10\/216.jpg\" \/>\n\t<meta property=\"og:image:width\" content=\"2100\" \/>\n\t<meta property=\"og:image:height\" content=\"1397\" \/>\n\t<meta property=\"og:image:type\" content=\"image\/jpeg\" \/>\n<meta name=\"author\" content=\"TSP Redaktion\" \/>\n<meta name=\"twitter:card\" content=\"summary_large_image\" \/>\n<meta name=\"twitter:label1\" content=\"Written by\" \/>\n\t<meta name=\"twitter:data1\" content=\"TSP Redaktion\" \/>\n\t<meta name=\"twitter:label2\" content=\"Est. reading time\" \/>\n\t<meta name=\"twitter:data2\" content=\"3 minutes\" \/>\n<script type=\"application\/ld+json\" class=\"yoast-schema-graph\">{\"@context\":\"https:\/\/schema.org\",\"@graph\":[{\"@type\":\"Article\",\"@id\":\"https:\/\/www.tsp.at\/en\/2012\/01\/30\/univ-prof-peter-horvath-wird-75\/#article\",\"isPartOf\":{\"@id\":\"https:\/\/www.tsp.at\/en\/2012\/01\/30\/univ-prof-peter-horvath-wird-75\/\"},\"author\":{\"name\":\"TSP Redaktion\",\"@id\":\"https:\/\/www.tsp.at\/en\/#\/schema\/person\/1ba5600c29da17b902b0925cea567f8a\"},\"headline\":\"Univ.Prof. P\u00e9ter Horv\u00e1th wird 75\",\"datePublished\":\"2012-01-30T10:56:00+00:00\",\"dateModified\":\"2025-10-21T12:58:57+00:00\",\"mainEntityOfPage\":{\"@id\":\"https:\/\/www.tsp.at\/en\/2012\/01\/30\/univ-prof-peter-horvath-wird-75\/\"},\"wordCount\":453,\"publisher\":{\"@id\":\"https:\/\/www.tsp.at\/en\/#organization\"},\"image\":{\"@id\":\"https:\/\/www.tsp.at\/en\/2012\/01\/30\/univ-prof-peter-horvath-wird-75\/#primaryimage\"},\"thumbnailUrl\":\"https:\/\/www.tsp.at\/wp-content\/uploads\/2025\/10\/216.jpg\",\"articleSection\":[\"News\"],\"inLanguage\":\"en-US\"},{\"@type\":\"WebPage\",\"@id\":\"https:\/\/www.tsp.at\/en\/2012\/01\/30\/univ-prof-peter-horvath-wird-75\/\",\"url\":\"https:\/\/www.tsp.at\/en\/2012\/01\/30\/univ-prof-peter-horvath-wird-75\/\",\"name\":\"Univ.Prof. P\u00e9ter Horv\u00e1th wird 75 - Temmel | Seywald - Corporate Communications\",\"isPartOf\":{\"@id\":\"https:\/\/www.tsp.at\/en\/#website\"},\"primaryImageOfPage\":{\"@id\":\"https:\/\/www.tsp.at\/en\/2012\/01\/30\/univ-prof-peter-horvath-wird-75\/#primaryimage\"},\"image\":{\"@id\":\"https:\/\/www.tsp.at\/en\/2012\/01\/30\/univ-prof-peter-horvath-wird-75\/#primaryimage\"},\"thumbnailUrl\":\"https:\/\/www.tsp.at\/wp-content\/uploads\/2025\/10\/216.jpg\",\"datePublished\":\"2012-01-30T10:56:00+00:00\",\"dateModified\":\"2025-10-21T12:58:57+00:00\",\"breadcrumb\":{\"@id\":\"https:\/\/www.tsp.at\/en\/2012\/01\/30\/univ-prof-peter-horvath-wird-75\/#breadcrumb\"},\"inLanguage\":\"en-US\",\"potentialAction\":[{\"@type\":\"ReadAction\",\"target\":[\"https:\/\/www.tsp.at\/en\/2012\/01\/30\/univ-prof-peter-horvath-wird-75\/\"]}]},{\"@type\":\"ImageObject\",\"inLanguage\":\"en-US\",\"@id\":\"https:\/\/www.tsp.at\/en\/2012\/01\/30\/univ-prof-peter-horvath-wird-75\/#primaryimage\",\"url\":\"https:\/\/www.tsp.at\/wp-content\/uploads\/2025\/10\/216.jpg\",\"contentUrl\":\"https:\/\/www.tsp.at\/wp-content\/uploads\/2025\/10\/216.jpg\",\"width\":2100,\"height\":1397},{\"@type\":\"BreadcrumbList\",\"@id\":\"https:\/\/www.tsp.at\/en\/2012\/01\/30\/univ-prof-peter-horvath-wird-75\/#breadcrumb\",\"itemListElement\":[{\"@type\":\"ListItem\",\"position\":1,\"name\":\"Startseite\",\"item\":\"https:\/\/www.tsp.at\/en\/\"},{\"@type\":\"ListItem\",\"position\":2,\"name\":\"Univ.Prof. P\u00e9ter Horv\u00e1th wird 75\"}]},{\"@type\":\"WebSite\",\"@id\":\"https:\/\/www.tsp.at\/en\/#website\",\"url\":\"https:\/\/www.tsp.at\/en\/\",\"name\":\"Temmel | Seywald - Corporate Communications\",\"description\":\"Kommunikation ist Beziehungsarbeit\",\"publisher\":{\"@id\":\"https:\/\/www.tsp.at\/en\/#organization\"},\"potentialAction\":[{\"@type\":\"SearchAction\",\"target\":{\"@type\":\"EntryPoint\",\"urlTemplate\":\"https:\/\/www.tsp.at\/en\/?s={search_term_string}\"},\"query-input\":{\"@type\":\"PropertyValueSpecification\",\"valueRequired\":true,\"valueName\":\"search_term_string\"}}],\"inLanguage\":\"en-US\"},{\"@type\":\"Organization\",\"@id\":\"https:\/\/www.tsp.at\/en\/#organization\",\"name\":\"Temmel, Seywald & Partner Communications GesmbH\",\"alternateName\":\"TSP\",\"url\":\"https:\/\/www.tsp.at\/en\/\",\"logo\":{\"@type\":\"ImageObject\",\"inLanguage\":\"en-US\",\"@id\":\"https:\/\/www.tsp.at\/en\/#\/schema\/logo\/image\/\",\"url\":\"https:\/\/www.tsp.at\/wp-content\/uploads\/2025\/10\/favicontsp.png\",\"contentUrl\":\"https:\/\/www.tsp.at\/wp-content\/uploads\/2025\/10\/favicontsp.png\",\"width\":125,\"height\":125,\"caption\":\"Temmel, Seywald & Partner Communications GesmbH\"},\"image\":{\"@id\":\"https:\/\/www.tsp.at\/en\/#\/schema\/logo\/image\/\"},\"sameAs\":[\"https:\/\/www.facebook.com\/TemmelSeywald\"]},{\"@type\":\"Person\",\"@id\":\"https:\/\/www.tsp.at\/en\/#\/schema\/person\/1ba5600c29da17b902b0925cea567f8a\",\"name\":\"TSP Redaktion\"}]}<\/script>\n<!-- \/ Yoast SEO plugin. -->","yoast_head_json":{"title":"Univ.Prof. P\u00e9ter Horv\u00e1th wird 75 - Temmel | Seywald - Corporate Communications","robots":{"index":"index","follow":"follow","max-snippet":"max-snippet:-1","max-image-preview":"max-image-preview:large","max-video-preview":"max-video-preview:-1"},"canonical":"https:\/\/www.tsp.at\/en\/2012\/01\/30\/univ-prof-peter-horvath-wird-75\/","og_locale":"en_US","og_type":"article","og_title":"Univ.Prof. P\u00e9ter Horv\u00e1th wird 75 - Temmel | Seywald - Corporate Communications","og_description":"Mitbegr\u00fcnder des Controllings mit gro\u00dfen Verdiensten 30.01.2012 Stuttgart \u2013 \u00a0Der (emeritierte) Universit\u00e4tsprofessor und Unternehmensberater P\u00e9ter Horv\u00e1th wird am 3. Februar 75 Jahre alt. Horv\u00e1th gilt als Mitbegr\u00fcnder des Controllings und genie\u00dft als Wissenschaftler national wie auch international hohe Anerkennung. Seine innovativen Konzepte und seine Praxisn\u00e4he haben den 1937 im ungarischen Sopron geborenen promovierten Wirtschaftsingenieur zu&hellip;","og_url":"https:\/\/www.tsp.at\/en\/2012\/01\/30\/univ-prof-peter-horvath-wird-75\/","og_site_name":"Temmel | Seywald - Corporate Communications","article_publisher":"https:\/\/www.facebook.com\/TemmelSeywald","article_published_time":"2012-01-30T10:56:00+00:00","article_modified_time":"2025-10-21T12:58:57+00:00","og_image":[{"width":2100,"height":1397,"url":"https:\/\/www.tsp.at\/wp-content\/uploads\/2025\/10\/216.jpg","type":"image\/jpeg"}],"author":"TSP Redaktion","twitter_card":"summary_large_image","twitter_misc":{"Written by":"TSP Redaktion","Est. reading time":"3 minutes"},"schema":{"@context":"https:\/\/schema.org","@graph":[{"@type":"Article","@id":"https:\/\/www.tsp.at\/en\/2012\/01\/30\/univ-prof-peter-horvath-wird-75\/#article","isPartOf":{"@id":"https:\/\/www.tsp.at\/en\/2012\/01\/30\/univ-prof-peter-horvath-wird-75\/"},"author":{"name":"TSP Redaktion","@id":"https:\/\/www.tsp.at\/en\/#\/schema\/person\/1ba5600c29da17b902b0925cea567f8a"},"headline":"Univ.Prof. P\u00e9ter Horv\u00e1th wird 75","datePublished":"2012-01-30T10:56:00+00:00","dateModified":"2025-10-21T12:58:57+00:00","mainEntityOfPage":{"@id":"https:\/\/www.tsp.at\/en\/2012\/01\/30\/univ-prof-peter-horvath-wird-75\/"},"wordCount":453,"publisher":{"@id":"https:\/\/www.tsp.at\/en\/#organization"},"image":{"@id":"https:\/\/www.tsp.at\/en\/2012\/01\/30\/univ-prof-peter-horvath-wird-75\/#primaryimage"},"thumbnailUrl":"https:\/\/www.tsp.at\/wp-content\/uploads\/2025\/10\/216.jpg","articleSection":["News"],"inLanguage":"en-US"},{"@type":"WebPage","@id":"https:\/\/www.tsp.at\/en\/2012\/01\/30\/univ-prof-peter-horvath-wird-75\/","url":"https:\/\/www.tsp.at\/en\/2012\/01\/30\/univ-prof-peter-horvath-wird-75\/","name":"Univ.Prof. P\u00e9ter Horv\u00e1th wird 75 - Temmel | Seywald - Corporate Communications","isPartOf":{"@id":"https:\/\/www.tsp.at\/en\/#website"},"primaryImageOfPage":{"@id":"https:\/\/www.tsp.at\/en\/2012\/01\/30\/univ-prof-peter-horvath-wird-75\/#primaryimage"},"image":{"@id":"https:\/\/www.tsp.at\/en\/2012\/01\/30\/univ-prof-peter-horvath-wird-75\/#primaryimage"},"thumbnailUrl":"https:\/\/www.tsp.at\/wp-content\/uploads\/2025\/10\/216.jpg","datePublished":"2012-01-30T10:56:00+00:00","dateModified":"2025-10-21T12:58:57+00:00","breadcrumb":{"@id":"https:\/\/www.tsp.at\/en\/2012\/01\/30\/univ-prof-peter-horvath-wird-75\/#breadcrumb"},"inLanguage":"en-US","potentialAction":[{"@type":"ReadAction","target":["https:\/\/www.tsp.at\/en\/2012\/01\/30\/univ-prof-peter-horvath-wird-75\/"]}]},{"@type":"ImageObject","inLanguage":"en-US","@id":"https:\/\/www.tsp.at\/en\/2012\/01\/30\/univ-prof-peter-horvath-wird-75\/#primaryimage","url":"https:\/\/www.tsp.at\/wp-content\/uploads\/2025\/10\/216.jpg","contentUrl":"https:\/\/www.tsp.at\/wp-content\/uploads\/2025\/10\/216.jpg","width":2100,"height":1397},{"@type":"BreadcrumbList","@id":"https:\/\/www.tsp.at\/en\/2012\/01\/30\/univ-prof-peter-horvath-wird-75\/#breadcrumb","itemListElement":[{"@type":"ListItem","position":1,"name":"Startseite","item":"https:\/\/www.tsp.at\/en\/"},{"@type":"ListItem","position":2,"name":"Univ.Prof. P\u00e9ter Horv\u00e1th wird 75"}]},{"@type":"WebSite","@id":"https:\/\/www.tsp.at\/en\/#website","url":"https:\/\/www.tsp.at\/en\/","name":"Temmel | Seywald - Corporate Communications","description":"Kommunikation ist Beziehungsarbeit","publisher":{"@id":"https:\/\/www.tsp.at\/en\/#organization"},"potentialAction":[{"@type":"SearchAction","target":{"@type":"EntryPoint","urlTemplate":"https:\/\/www.tsp.at\/en\/?s={search_term_string}"},"query-input":{"@type":"PropertyValueSpecification","valueRequired":true,"valueName":"search_term_string"}}],"inLanguage":"en-US"},{"@type":"Organization","@id":"https:\/\/www.tsp.at\/en\/#organization","name":"Temmel, Seywald & Partner Communications GesmbH","alternateName":"TSP","url":"https:\/\/www.tsp.at\/en\/","logo":{"@type":"ImageObject","inLanguage":"en-US","@id":"https:\/\/www.tsp.at\/en\/#\/schema\/logo\/image\/","url":"https:\/\/www.tsp.at\/wp-content\/uploads\/2025\/10\/favicontsp.png","contentUrl":"https:\/\/www.tsp.at\/wp-content\/uploads\/2025\/10\/favicontsp.png","width":125,"height":125,"caption":"Temmel, Seywald & Partner Communications GesmbH"},"image":{"@id":"https:\/\/www.tsp.at\/en\/#\/schema\/logo\/image\/"},"sameAs":["https:\/\/www.facebook.com\/TemmelSeywald"]},{"@type":"Person","@id":"https:\/\/www.tsp.at\/en\/#\/schema\/person\/1ba5600c29da17b902b0925cea567f8a","name":"TSP Redaktion"}]}},"_links":{"self":[{"href":"https:\/\/www.tsp.at\/en\/wp-json\/wp\/v2\/posts\/10716","targetHints":{"allow":["GET"]}}],"collection":[{"href":"https:\/\/www.tsp.at\/en\/wp-json\/wp\/v2\/posts"}],"about":[{"href":"https:\/\/www.tsp.at\/en\/wp-json\/wp\/v2\/types\/post"}],"author":[{"embeddable":true,"href":"https:\/\/www.tsp.at\/en\/wp-json\/wp\/v2\/users\/2"}],"replies":[{"embeddable":true,"href":"https:\/\/www.tsp.at\/en\/wp-json\/wp\/v2\/comments?post=10716"}],"version-history":[{"count":1,"href":"https:\/\/www.tsp.at\/en\/wp-json\/wp\/v2\/posts\/10716\/revisions"}],"predecessor-version":[{"id":11769,"href":"https:\/\/www.tsp.at\/en\/wp-json\/wp\/v2\/posts\/10716\/revisions\/11769"}],"wp:featuredmedia":[{"embeddable":true,"href":"https:\/\/www.tsp.at\/en\/wp-json\/wp\/v2\/media\/10715"}],"wp:attachment":[{"href":"https:\/\/www.tsp.at\/en\/wp-json\/wp\/v2\/media?parent=10716"}],"wp:term":[{"taxonomy":"category","embeddable":true,"href":"https:\/\/www.tsp.at\/en\/wp-json\/wp\/v2\/categories?post=10716"},{"taxonomy":"post_tag","embeddable":true,"href":"https:\/\/www.tsp.at\/en\/wp-json\/wp\/v2\/tags?post=10716"}],"curies":[{"name":"wp","href":"https:\/\/api.w.org\/{rel}","templated":true}]}}