{"id":10718,"date":"2012-01-28T13:14:00","date_gmt":"2012-01-28T12:14:00","guid":{"rendered":"https:\/\/staging.tsp.at\/2012\/01\/28\/social-media-als-unsichtbare-macht\/"},"modified":"2025-10-21T14:58:57","modified_gmt":"2025-10-21T12:58:57","slug":"social-media-als-unsichtbare-macht","status":"publish","type":"post","link":"https:\/\/www.tsp.at\/en\/2012\/01\/28\/social-media-als-unsichtbare-macht\/","title":{"rendered":"Social Media als unsichtbare Macht"},"content":{"rendered":"<article class=\"item\">\n<h2><strong>Chance f\u00fcr Nonprofit-Unternehmen &#8211; Gefahr der \u00dcberforderung<\/strong><\/h2>\n<p>28.01.2012<\/p>\n<\/p>\n<\/p>\n<\/p>\n<\/p>\n<\/p>\n<p>Berlin \u2013 Beim ersten Social-Media-Gipfel f\u00fcr Nonprofit-Kommunikation 2.0 der Nachrichtenagentur pressetext haben Experten in Berlin \u00fcber die Herausforderungen diskutiert, die NGOs und NPOs im Web 2.0 bew\u00e4ltigen m\u00fcssen. PR-Consulter Wilfried Seywald betonte in der Er\u00f6ffnung, soziale Netzwerke seien per se &#8220;nicht-gewinnorientiert&#8221;. Sie tragen dazu bei, Engagement sichtbar zu machen. Soziale Netzwerke bieten Raum f\u00fcr Teilhabe und politische Einmischung, ja eine neue &#8220;Qualit\u00e4t in der \u00f6ffentlichen Diskussion&#8221;, allerdings d\u00fcrften die Ressourcen nicht untersch\u00e4tzt werden, die daf\u00fcr n\u00f6tig sind.\n<\/p>\n<p class=\"FtxtP\"><strong><span class=\"FtxtBold\" style=\"margin-bottom: 10px;\">Top-Down-Strukturen abbauen<\/span><\/strong><\/p>\n<p class=\"FtxtP\">Seywald erinnerte daran, dass gute Beziehungen Sympathien bringen, aber gerade deshalb in einem hohen Ausma\u00df auch gepflegt werden m\u00fcssen. Nur so kann das Vertrauen aufgebaut werden, das eine Community zusammen h\u00e4lt. Mit einem weiteren Missverst\u00e4ndnis r\u00e4umte Seywald in seiner Er\u00f6ffnung auf: &#8220;Social Medias tragen wohl zur \u00f6ffentlichen Meinungsbildung bei, aber echte politische Einflussnahme passiert anderswo.&#8221; Soziale Netzwerke seien so gewissenma\u00dfen eine &#8220;unsichtbare Macht&#8221;.<\/p>\n<p class=\"FtxtP\">Der Blogger Markus Beckedahl von netzpolitik.org <a href=\"http:\/\/netzpolitik.org\/\" rel=\"external\" target=\"_blank\">http:\/\/netzpolitik.org<\/a> erl\u00e4uterte in seinem Beitrag anhand zahlreicher Beispiele, wie man mit geschickter Provokation im Internet enorme Reichweiten erzielen kann. NPOs m\u00fcssten als Medien agieren, um sich Geh\u00f6r zu verschaffen. Um die Vorteile der Netzwerke nutzen zu k\u00f6nnen, sollten sich NPOs zudem als Knotenpunkte begreifen und bestehende Top-Down-Strukturen abbauen. &#8220;Soziale Kan\u00e4le verlangen Transparenz. Dazu geh\u00f6rt generell eine offenere Kommunikationspolitik.&#8221;<\/p>\n<p class=\"FtxtP\">Auch f\u00fcr den Netzwerker Alexander Wolf <a href=\"http:\/\/dictyonomie.de\/\" rel=\"external\" target=\"_blank\">http:\/\/dictyonomie.de<\/a> ist die Social-Media-Revolution f\u00fcr nichtgewinnorientierte Organisationen eine Riesenchance. \u00dcber die neuen Kan\u00e4le k\u00f6nnen auch ohne gro\u00dfe Marketing-Budgets erfolgreiche Kampagnen gefahren werden. Allerdings besteht die Gefahr, dass die PR-Abteilungen, die oft nur aus einer Person bestehen, von der Kommunikationsflut \u00fcberfordert werden. &#8220;So kann Erfolg auch Organisationen umbringen&#8221;, erl\u00e4uterte Wolf.<\/p>\n<p class=\"FtxtP\"><strong><span class=\"FtxtBold\" style=\"margin-bottom: 10px;\">Kontrolle aus der Hand geben<\/span><\/strong><\/p>\n<p class=\"FtxtP\">F\u00fcr Wolfgang Ruber von Kornberger und Partner <a href=\"http:\/\/kornbergerpartner.com\/\" rel=\"external\" target=\"_blank\">http:\/\/kornbergerpartner.com<\/a> gelten in der Social-Media-Kommunikation f\u00fcr NPOs grunds\u00e4tzlich dieselben Bedingungen wie f\u00fcr profitorientierte Unternehmen. &#8220;Es m\u00fcssen die gleichen Anforderungen erf\u00fcllt werden, allerdings mit weniger Geld, sp\u00e4rlicheren Ressourcen und einer kleineren Zahl an Kommunikationsprofis. Dazu m\u00fcssen die Organisationsstrukturen flacher und offener sein. Die Verantwortlichen m\u00fcssen auch bereit sein, die Kontrolle ein St\u00fcck weit aus der Hand zu geben&#8221;, sagt Ruber im Gespr\u00e4ch mit pressetext.<\/p>\n<p class=\"FtxtP\">Die sozialen Medien dienen Non-Profit-Organisationen haupts\u00e4chlich, um den Kontakt zu den Menschen herzustellen, die ihre Anliegen unterst\u00fctzen. &#8220;Als klassischer Spendenkanal eignen sich die Netzwerke nicht. Es geht eher um das Kontaktekn\u00fcpfen zu neuen Zielgruppen. Im deutschsprachigen Raum haben Organisationen ja ein massives Problem mit der \u00dcberalterung ihrer Spender. \u00dcber soziale Medien lassen sich junge Menschen &#8211; das hei\u00dft in diesem Zusammenhang unter 50-J\u00e4hrige &#8211; ansprechen&#8221;, erkl\u00e4rte Florian N\u00f6ll von Spendino <a href=\"http:\/\/www.spenino.de\/\" rel=\"external\" target=\"_blank\">http:\/\/www.spenino.de<\/a><\/p>\n<p class=\"FtxtP\"><strong><span class=\"FtxtBold\" style=\"margin-bottom: 10px;\">Online-Pr\u00e4senz reicht nicht aus<\/span><\/strong><\/p>\n<p class=\"FtxtP\">Indirekt k\u00f6nnen sich aus neuen Kontakten sehr wohl neue Spender ergeben. Das ist laut den Experten aber ein langwieriger Prozess. Um die Kontakte zu pflegen, reicht es deshalb nicht aus, online Pr\u00e4senz zu zeigen. &#8220;Echtes Vertrauen entsteht vor allem durch pers\u00f6nliche Kommunikation. Das ist zwar aufwendig, aber unverzichtbar. Nur mit einem Mix aus wohlportionierter Online-Kommunikation und pers\u00f6nlichen Kontakten au\u00dferhalb des Internets k\u00f6nnen Non-Profit-Organisationen daher Erfolg haben&#8221;, unterstreicht Wolf.<\/p>\n<\/article>\n","protected":false},"excerpt":{"rendered":"<p>Chance f\u00fcr Nonprofit-Unternehmen &#8211; Gefahr der \u00dcberforderung 28.01.2012 Berlin \u2013 Beim ersten Social-Media-Gipfel f\u00fcr Nonprofit-Kommunikation 2.0 der Nachrichtenagentur pressetext haben Experten in Berlin \u00fcber die Herausforderungen diskutiert, die NGOs und NPOs im Web 2.0 bew\u00e4ltigen m\u00fcssen. PR-Consulter Wilfried Seywald betonte in der Er\u00f6ffnung, soziale Netzwerke seien per se &#8220;nicht-gewinnorientiert&#8221;. Sie tragen dazu bei, Engagement sichtbar&hellip;<\/p>\n","protected":false},"author":2,"featured_media":10717,"comment_status":"closed","ping_status":"closed","sticky":false,"template":"","format":"standard","meta":{"footnotes":""},"categories":[3],"tags":[],"class_list":["post-10718","post","type-post","status-publish","format-standard","has-post-thumbnail","hentry","category-news","category-3","description-off"],"yoast_head":"<!-- This site is optimized with the Yoast SEO plugin v26.3 - https:\/\/yoast.com\/wordpress\/plugins\/seo\/ -->\n<title>Social Media als unsichtbare Macht - Temmel | Seywald - Corporate Communications<\/title>\n<meta name=\"robots\" content=\"index, follow, max-snippet:-1, max-image-preview:large, max-video-preview:-1\" \/>\n<link rel=\"canonical\" href=\"https:\/\/www.tsp.at\/en\/2012\/01\/28\/social-media-als-unsichtbare-macht\/\" \/>\n<meta property=\"og:locale\" content=\"en_US\" \/>\n<meta property=\"og:type\" content=\"article\" \/>\n<meta property=\"og:title\" content=\"Social Media als unsichtbare Macht - Temmel | Seywald - Corporate Communications\" \/>\n<meta property=\"og:description\" content=\"Chance f\u00fcr Nonprofit-Unternehmen &#8211; Gefahr der \u00dcberforderung 28.01.2012 Berlin \u2013 Beim ersten Social-Media-Gipfel f\u00fcr Nonprofit-Kommunikation 2.0 der Nachrichtenagentur pressetext haben Experten in Berlin \u00fcber die Herausforderungen diskutiert, die NGOs und NPOs im Web 2.0 bew\u00e4ltigen m\u00fcssen. PR-Consulter Wilfried Seywald betonte in der Er\u00f6ffnung, soziale Netzwerke seien per se &#8220;nicht-gewinnorientiert&#8221;. Sie tragen dazu bei, Engagement sichtbar&hellip;\" \/>\n<meta property=\"og:url\" content=\"https:\/\/www.tsp.at\/en\/2012\/01\/28\/social-media-als-unsichtbare-macht\/\" \/>\n<meta property=\"og:site_name\" content=\"Temmel | Seywald - Corporate Communications\" \/>\n<meta property=\"article:publisher\" content=\"https:\/\/www.facebook.com\/TemmelSeywald\" \/>\n<meta property=\"article:published_time\" content=\"2012-01-28T12:14:00+00:00\" \/>\n<meta property=\"article:modified_time\" content=\"2025-10-21T12:58:57+00:00\" \/>\n<meta property=\"og:image\" content=\"https:\/\/www.tsp.at\/wp-content\/uploads\/2025\/10\/212.jpg\" \/>\n\t<meta property=\"og:image:width\" content=\"2560\" \/>\n\t<meta property=\"og:image:height\" content=\"1920\" \/>\n\t<meta property=\"og:image:type\" content=\"image\/jpeg\" \/>\n<meta name=\"author\" content=\"TSP Redaktion\" \/>\n<meta name=\"twitter:card\" content=\"summary_large_image\" \/>\n<meta name=\"twitter:label1\" content=\"Written by\" \/>\n\t<meta name=\"twitter:data1\" content=\"TSP Redaktion\" \/>\n\t<meta name=\"twitter:label2\" content=\"Est. reading time\" \/>\n\t<meta name=\"twitter:data2\" content=\"3 minutes\" \/>\n<script type=\"application\/ld+json\" class=\"yoast-schema-graph\">{\"@context\":\"https:\/\/schema.org\",\"@graph\":[{\"@type\":\"Article\",\"@id\":\"https:\/\/www.tsp.at\/en\/2012\/01\/28\/social-media-als-unsichtbare-macht\/#article\",\"isPartOf\":{\"@id\":\"https:\/\/www.tsp.at\/en\/2012\/01\/28\/social-media-als-unsichtbare-macht\/\"},\"author\":{\"name\":\"TSP Redaktion\",\"@id\":\"https:\/\/www.tsp.at\/en\/#\/schema\/person\/1ba5600c29da17b902b0925cea567f8a\"},\"headline\":\"Social Media als unsichtbare Macht\",\"datePublished\":\"2012-01-28T12:14:00+00:00\",\"dateModified\":\"2025-10-21T12:58:57+00:00\",\"mainEntityOfPage\":{\"@id\":\"https:\/\/www.tsp.at\/en\/2012\/01\/28\/social-media-als-unsichtbare-macht\/\"},\"wordCount\":552,\"publisher\":{\"@id\":\"https:\/\/www.tsp.at\/en\/#organization\"},\"image\":{\"@id\":\"https:\/\/www.tsp.at\/en\/2012\/01\/28\/social-media-als-unsichtbare-macht\/#primaryimage\"},\"thumbnailUrl\":\"https:\/\/www.tsp.at\/wp-content\/uploads\/2025\/10\/212.jpg\",\"articleSection\":[\"News\"],\"inLanguage\":\"en-US\"},{\"@type\":\"WebPage\",\"@id\":\"https:\/\/www.tsp.at\/en\/2012\/01\/28\/social-media-als-unsichtbare-macht\/\",\"url\":\"https:\/\/www.tsp.at\/en\/2012\/01\/28\/social-media-als-unsichtbare-macht\/\",\"name\":\"Social Media als unsichtbare Macht - Temmel | Seywald - Corporate Communications\",\"isPartOf\":{\"@id\":\"https:\/\/www.tsp.at\/en\/#website\"},\"primaryImageOfPage\":{\"@id\":\"https:\/\/www.tsp.at\/en\/2012\/01\/28\/social-media-als-unsichtbare-macht\/#primaryimage\"},\"image\":{\"@id\":\"https:\/\/www.tsp.at\/en\/2012\/01\/28\/social-media-als-unsichtbare-macht\/#primaryimage\"},\"thumbnailUrl\":\"https:\/\/www.tsp.at\/wp-content\/uploads\/2025\/10\/212.jpg\",\"datePublished\":\"2012-01-28T12:14:00+00:00\",\"dateModified\":\"2025-10-21T12:58:57+00:00\",\"breadcrumb\":{\"@id\":\"https:\/\/www.tsp.at\/en\/2012\/01\/28\/social-media-als-unsichtbare-macht\/#breadcrumb\"},\"inLanguage\":\"en-US\",\"potentialAction\":[{\"@type\":\"ReadAction\",\"target\":[\"https:\/\/www.tsp.at\/en\/2012\/01\/28\/social-media-als-unsichtbare-macht\/\"]}]},{\"@type\":\"ImageObject\",\"inLanguage\":\"en-US\",\"@id\":\"https:\/\/www.tsp.at\/en\/2012\/01\/28\/social-media-als-unsichtbare-macht\/#primaryimage\",\"url\":\"https:\/\/www.tsp.at\/wp-content\/uploads\/2025\/10\/212.jpg\",\"contentUrl\":\"https:\/\/www.tsp.at\/wp-content\/uploads\/2025\/10\/212.jpg\",\"width\":2560,\"height\":1920},{\"@type\":\"BreadcrumbList\",\"@id\":\"https:\/\/www.tsp.at\/en\/2012\/01\/28\/social-media-als-unsichtbare-macht\/#breadcrumb\",\"itemListElement\":[{\"@type\":\"ListItem\",\"position\":1,\"name\":\"Startseite\",\"item\":\"https:\/\/www.tsp.at\/en\/\"},{\"@type\":\"ListItem\",\"position\":2,\"name\":\"Social Media als unsichtbare Macht\"}]},{\"@type\":\"WebSite\",\"@id\":\"https:\/\/www.tsp.at\/en\/#website\",\"url\":\"https:\/\/www.tsp.at\/en\/\",\"name\":\"Temmel | Seywald - Corporate Communications\",\"description\":\"Kommunikation ist Beziehungsarbeit\",\"publisher\":{\"@id\":\"https:\/\/www.tsp.at\/en\/#organization\"},\"potentialAction\":[{\"@type\":\"SearchAction\",\"target\":{\"@type\":\"EntryPoint\",\"urlTemplate\":\"https:\/\/www.tsp.at\/en\/?s={search_term_string}\"},\"query-input\":{\"@type\":\"PropertyValueSpecification\",\"valueRequired\":true,\"valueName\":\"search_term_string\"}}],\"inLanguage\":\"en-US\"},{\"@type\":\"Organization\",\"@id\":\"https:\/\/www.tsp.at\/en\/#organization\",\"name\":\"Temmel, Seywald & Partner Communications GesmbH\",\"alternateName\":\"TSP\",\"url\":\"https:\/\/www.tsp.at\/en\/\",\"logo\":{\"@type\":\"ImageObject\",\"inLanguage\":\"en-US\",\"@id\":\"https:\/\/www.tsp.at\/en\/#\/schema\/logo\/image\/\",\"url\":\"https:\/\/www.tsp.at\/wp-content\/uploads\/2025\/10\/favicontsp.png\",\"contentUrl\":\"https:\/\/www.tsp.at\/wp-content\/uploads\/2025\/10\/favicontsp.png\",\"width\":125,\"height\":125,\"caption\":\"Temmel, Seywald & Partner Communications GesmbH\"},\"image\":{\"@id\":\"https:\/\/www.tsp.at\/en\/#\/schema\/logo\/image\/\"},\"sameAs\":[\"https:\/\/www.facebook.com\/TemmelSeywald\"]},{\"@type\":\"Person\",\"@id\":\"https:\/\/www.tsp.at\/en\/#\/schema\/person\/1ba5600c29da17b902b0925cea567f8a\",\"name\":\"TSP Redaktion\"}]}<\/script>\n<!-- \/ Yoast SEO plugin. -->","yoast_head_json":{"title":"Social Media als unsichtbare Macht - Temmel | Seywald - Corporate Communications","robots":{"index":"index","follow":"follow","max-snippet":"max-snippet:-1","max-image-preview":"max-image-preview:large","max-video-preview":"max-video-preview:-1"},"canonical":"https:\/\/www.tsp.at\/en\/2012\/01\/28\/social-media-als-unsichtbare-macht\/","og_locale":"en_US","og_type":"article","og_title":"Social Media als unsichtbare Macht - Temmel | Seywald - Corporate Communications","og_description":"Chance f\u00fcr Nonprofit-Unternehmen &#8211; Gefahr der \u00dcberforderung 28.01.2012 Berlin \u2013 Beim ersten Social-Media-Gipfel f\u00fcr Nonprofit-Kommunikation 2.0 der Nachrichtenagentur pressetext haben Experten in Berlin \u00fcber die Herausforderungen diskutiert, die NGOs und NPOs im Web 2.0 bew\u00e4ltigen m\u00fcssen. PR-Consulter Wilfried Seywald betonte in der Er\u00f6ffnung, soziale Netzwerke seien per se &#8220;nicht-gewinnorientiert&#8221;. Sie tragen dazu bei, Engagement sichtbar&hellip;","og_url":"https:\/\/www.tsp.at\/en\/2012\/01\/28\/social-media-als-unsichtbare-macht\/","og_site_name":"Temmel | Seywald - Corporate Communications","article_publisher":"https:\/\/www.facebook.com\/TemmelSeywald","article_published_time":"2012-01-28T12:14:00+00:00","article_modified_time":"2025-10-21T12:58:57+00:00","og_image":[{"width":2560,"height":1920,"url":"https:\/\/www.tsp.at\/wp-content\/uploads\/2025\/10\/212.jpg","type":"image\/jpeg"}],"author":"TSP Redaktion","twitter_card":"summary_large_image","twitter_misc":{"Written by":"TSP Redaktion","Est. reading time":"3 minutes"},"schema":{"@context":"https:\/\/schema.org","@graph":[{"@type":"Article","@id":"https:\/\/www.tsp.at\/en\/2012\/01\/28\/social-media-als-unsichtbare-macht\/#article","isPartOf":{"@id":"https:\/\/www.tsp.at\/en\/2012\/01\/28\/social-media-als-unsichtbare-macht\/"},"author":{"name":"TSP Redaktion","@id":"https:\/\/www.tsp.at\/en\/#\/schema\/person\/1ba5600c29da17b902b0925cea567f8a"},"headline":"Social Media als unsichtbare Macht","datePublished":"2012-01-28T12:14:00+00:00","dateModified":"2025-10-21T12:58:57+00:00","mainEntityOfPage":{"@id":"https:\/\/www.tsp.at\/en\/2012\/01\/28\/social-media-als-unsichtbare-macht\/"},"wordCount":552,"publisher":{"@id":"https:\/\/www.tsp.at\/en\/#organization"},"image":{"@id":"https:\/\/www.tsp.at\/en\/2012\/01\/28\/social-media-als-unsichtbare-macht\/#primaryimage"},"thumbnailUrl":"https:\/\/www.tsp.at\/wp-content\/uploads\/2025\/10\/212.jpg","articleSection":["News"],"inLanguage":"en-US"},{"@type":"WebPage","@id":"https:\/\/www.tsp.at\/en\/2012\/01\/28\/social-media-als-unsichtbare-macht\/","url":"https:\/\/www.tsp.at\/en\/2012\/01\/28\/social-media-als-unsichtbare-macht\/","name":"Social Media als unsichtbare Macht - Temmel | Seywald - Corporate Communications","isPartOf":{"@id":"https:\/\/www.tsp.at\/en\/#website"},"primaryImageOfPage":{"@id":"https:\/\/www.tsp.at\/en\/2012\/01\/28\/social-media-als-unsichtbare-macht\/#primaryimage"},"image":{"@id":"https:\/\/www.tsp.at\/en\/2012\/01\/28\/social-media-als-unsichtbare-macht\/#primaryimage"},"thumbnailUrl":"https:\/\/www.tsp.at\/wp-content\/uploads\/2025\/10\/212.jpg","datePublished":"2012-01-28T12:14:00+00:00","dateModified":"2025-10-21T12:58:57+00:00","breadcrumb":{"@id":"https:\/\/www.tsp.at\/en\/2012\/01\/28\/social-media-als-unsichtbare-macht\/#breadcrumb"},"inLanguage":"en-US","potentialAction":[{"@type":"ReadAction","target":["https:\/\/www.tsp.at\/en\/2012\/01\/28\/social-media-als-unsichtbare-macht\/"]}]},{"@type":"ImageObject","inLanguage":"en-US","@id":"https:\/\/www.tsp.at\/en\/2012\/01\/28\/social-media-als-unsichtbare-macht\/#primaryimage","url":"https:\/\/www.tsp.at\/wp-content\/uploads\/2025\/10\/212.jpg","contentUrl":"https:\/\/www.tsp.at\/wp-content\/uploads\/2025\/10\/212.jpg","width":2560,"height":1920},{"@type":"BreadcrumbList","@id":"https:\/\/www.tsp.at\/en\/2012\/01\/28\/social-media-als-unsichtbare-macht\/#breadcrumb","itemListElement":[{"@type":"ListItem","position":1,"name":"Startseite","item":"https:\/\/www.tsp.at\/en\/"},{"@type":"ListItem","position":2,"name":"Social Media als unsichtbare Macht"}]},{"@type":"WebSite","@id":"https:\/\/www.tsp.at\/en\/#website","url":"https:\/\/www.tsp.at\/en\/","name":"Temmel | Seywald - Corporate Communications","description":"Kommunikation ist Beziehungsarbeit","publisher":{"@id":"https:\/\/www.tsp.at\/en\/#organization"},"potentialAction":[{"@type":"SearchAction","target":{"@type":"EntryPoint","urlTemplate":"https:\/\/www.tsp.at\/en\/?s={search_term_string}"},"query-input":{"@type":"PropertyValueSpecification","valueRequired":true,"valueName":"search_term_string"}}],"inLanguage":"en-US"},{"@type":"Organization","@id":"https:\/\/www.tsp.at\/en\/#organization","name":"Temmel, Seywald & Partner Communications GesmbH","alternateName":"TSP","url":"https:\/\/www.tsp.at\/en\/","logo":{"@type":"ImageObject","inLanguage":"en-US","@id":"https:\/\/www.tsp.at\/en\/#\/schema\/logo\/image\/","url":"https:\/\/www.tsp.at\/wp-content\/uploads\/2025\/10\/favicontsp.png","contentUrl":"https:\/\/www.tsp.at\/wp-content\/uploads\/2025\/10\/favicontsp.png","width":125,"height":125,"caption":"Temmel, Seywald & Partner Communications GesmbH"},"image":{"@id":"https:\/\/www.tsp.at\/en\/#\/schema\/logo\/image\/"},"sameAs":["https:\/\/www.facebook.com\/TemmelSeywald"]},{"@type":"Person","@id":"https:\/\/www.tsp.at\/en\/#\/schema\/person\/1ba5600c29da17b902b0925cea567f8a","name":"TSP Redaktion"}]}},"_links":{"self":[{"href":"https:\/\/www.tsp.at\/en\/wp-json\/wp\/v2\/posts\/10718","targetHints":{"allow":["GET"]}}],"collection":[{"href":"https:\/\/www.tsp.at\/en\/wp-json\/wp\/v2\/posts"}],"about":[{"href":"https:\/\/www.tsp.at\/en\/wp-json\/wp\/v2\/types\/post"}],"author":[{"embeddable":true,"href":"https:\/\/www.tsp.at\/en\/wp-json\/wp\/v2\/users\/2"}],"replies":[{"embeddable":true,"href":"https:\/\/www.tsp.at\/en\/wp-json\/wp\/v2\/comments?post=10718"}],"version-history":[{"count":1,"href":"https:\/\/www.tsp.at\/en\/wp-json\/wp\/v2\/posts\/10718\/revisions"}],"predecessor-version":[{"id":11770,"href":"https:\/\/www.tsp.at\/en\/wp-json\/wp\/v2\/posts\/10718\/revisions\/11770"}],"wp:featuredmedia":[{"embeddable":true,"href":"https:\/\/www.tsp.at\/en\/wp-json\/wp\/v2\/media\/10717"}],"wp:attachment":[{"href":"https:\/\/www.tsp.at\/en\/wp-json\/wp\/v2\/media?parent=10718"}],"wp:term":[{"taxonomy":"category","embeddable":true,"href":"https:\/\/www.tsp.at\/en\/wp-json\/wp\/v2\/categories?post=10718"},{"taxonomy":"post_tag","embeddable":true,"href":"https:\/\/www.tsp.at\/en\/wp-json\/wp\/v2\/tags?post=10718"}],"curies":[{"name":"wp","href":"https:\/\/api.w.org\/{rel}","templated":true}]}}