{"id":10737,"date":"2011-08-26T20:45:00","date_gmt":"2011-08-26T18:45:00","guid":{"rendered":"https:\/\/staging.tsp.at\/2011\/08\/26\/social-media-convention-28-september-in-zuerich\/"},"modified":"2025-10-21T15:00:47","modified_gmt":"2025-10-21T13:00:47","slug":"social-media-convention-28-september-in-zuerich","status":"publish","type":"post","link":"https:\/\/www.tsp.at\/en\/2011\/08\/26\/social-media-convention-28-september-in-zuerich\/","title":{"rendered":"Social Media Convention 28. September in Z\u00fcrich"},"content":{"rendered":"<article class=\"item\">\n<h2><strong>Top-Referenten aus Business, Finanz und Industrie pr\u00e4sentieren neue Strategien<\/strong><\/h2>\n<p>26.08.2011<\/p>\n<\/p>\n<\/p>\n<\/p>\n<\/p>\n<\/p>\n<p>Z\u00fcrich \u2013 Unternehmenskommunikation in Zeiten von Web 2.0, die Chancen f\u00fcr die  Unternehmensorganisation, strategische Fragen rund um Markenf\u00fchrung,  Community und Reputation Management: Nach der erfolgreichen  Veranstaltung in Wien mit \u00fcber 200 Teilnehmern l\u00e4dt die  Nachrichtenagentur pressetext am 28. September zur 1. Social Media <span class=\"FtxtHl\">Convention<\/span>  in den Technopark Z\u00fcrich. Auf dem Treffen pr\u00e4sentieren Top-Experten  Trends und Erfolgsbeispiele aus der Welt von Facebook, Twitter &amp;  YouTube und geben praktische Tipps f\u00fcr die Umsetzung von Social Media  Projekten. <a href=\"http:\/\/www.pressetext.com\/convention-zuerich\" rel=\"external\" target=\"_blank\">http:\/\/www.pressetext.com\/<span class=\"FtxtHl\">convention<\/span>-zuerich<\/a> <\/p>\n<p class=\"FtxtP\">Die <span class=\"FtxtHl\">Convention<\/span> richtet sich  branchen\u00fcbergreifend an F\u00fchrungskr\u00e4fte, PR- und  Kommunkationsverantwortliche in Unternehmen und Organisationen, die mit  ihren Produkten und Dienstleistungen in Social Media Kan\u00e4le investieren  wollen. Auf der Veranstaltung erhalten sie den richtigen Fahrplan durch  das soziale Web. Die <span class=\"FtxtHl\">Convention<\/span> soll helfen,  Ziele zu definieren und individuelle Strategien zu entwickeln. Sie  liefert Antworten und gibt Anregungen. \u00dcber zehn Top-Referenten teilen  bei dem Event ihr Praxiswissen mit den Besuchern. <\/p>\n<p class=\"FtxtP\">&#8220;Klare Unternehmensziele im Social Web sind f\u00fcr die Erfolgsmessung eines Engagements entscheidend&#8221;, erl\u00e4utert <span class=\"FtxtHl\">Convention<\/span>-Organisatorin  Meral Akin-Hecke, &#8220;nur mit klar definierten Zielen k\u00f6nnen Budgets auch  argumentiert werden&#8221;. Egal ob man Kunden und Interessenten f\u00fcr den  Abverkauf von Produkten, die Produktentwicklung oder f\u00fcr neue  Service-Dienstleistungen gewinnen will, die <span class=\"FtxtHl\">Convention<\/span> soll Wege aufzeigen, wie das geht und wie Strukturen angepasst werden, damit Unternehmen mit einer Stimme sprechen k\u00f6nnen.<\/p>\n<p> <span class=\"FtxtBold\" style=\"margin-bottom: 10px\"><\/span><\/p>\n<\/article>\n","protected":false},"excerpt":{"rendered":"<p>Top-Referenten aus Business, Finanz und Industrie pr\u00e4sentieren neue Strategien 26.08.2011 Z\u00fcrich \u2013 Unternehmenskommunikation in Zeiten von Web 2.0, die Chancen f\u00fcr die Unternehmensorganisation, strategische Fragen rund um Markenf\u00fchrung, Community und Reputation Management: Nach der erfolgreichen Veranstaltung in Wien mit \u00fcber 200 Teilnehmern l\u00e4dt die Nachrichtenagentur pressetext am 28. September zur 1. Social Media Convention in&hellip;<\/p>\n","protected":false},"author":2,"featured_media":10736,"comment_status":"closed","ping_status":"closed","sticky":false,"template":"","format":"standard","meta":{"footnotes":""},"categories":[3],"tags":[],"class_list":["post-10737","post","type-post","status-publish","format-standard","has-post-thumbnail","hentry","category-news","category-3","description-off"],"yoast_head":"<!-- This site is optimized with the Yoast SEO plugin v26.3 - https:\/\/yoast.com\/wordpress\/plugins\/seo\/ -->\n<title>Social Media Convention 28. September in Z\u00fcrich - Temmel | Seywald - Corporate Communications<\/title>\n<meta name=\"robots\" content=\"index, follow, max-snippet:-1, max-image-preview:large, max-video-preview:-1\" \/>\n<link rel=\"canonical\" href=\"https:\/\/www.tsp.at\/en\/2011\/08\/26\/social-media-convention-28-september-in-zuerich\/\" \/>\n<meta property=\"og:locale\" content=\"en_US\" \/>\n<meta property=\"og:type\" content=\"article\" \/>\n<meta property=\"og:title\" content=\"Social Media Convention 28. September in Z\u00fcrich - Temmel | Seywald - Corporate Communications\" \/>\n<meta property=\"og:description\" content=\"Top-Referenten aus Business, Finanz und Industrie pr\u00e4sentieren neue Strategien 26.08.2011 Z\u00fcrich \u2013 Unternehmenskommunikation in Zeiten von Web 2.0, die Chancen f\u00fcr die Unternehmensorganisation, strategische Fragen rund um Markenf\u00fchrung, Community und Reputation Management: Nach der erfolgreichen Veranstaltung in Wien mit \u00fcber 200 Teilnehmern l\u00e4dt die Nachrichtenagentur pressetext am 28. September zur 1. Social Media Convention in&hellip;\" \/>\n<meta property=\"og:url\" content=\"https:\/\/www.tsp.at\/en\/2011\/08\/26\/social-media-convention-28-september-in-zuerich\/\" \/>\n<meta property=\"og:site_name\" content=\"Temmel | Seywald - Corporate Communications\" \/>\n<meta property=\"article:publisher\" content=\"https:\/\/www.facebook.com\/TemmelSeywald\" \/>\n<meta property=\"article:published_time\" content=\"2011-08-26T18:45:00+00:00\" \/>\n<meta property=\"article:modified_time\" content=\"2025-10-21T13:00:47+00:00\" \/>\n<meta property=\"og:image\" content=\"https:\/\/www.tsp.at\/wp-content\/uploads\/2025\/10\/193.jpg\" \/>\n\t<meta property=\"og:image:width\" content=\"300\" \/>\n\t<meta property=\"og:image:height\" content=\"250\" \/>\n\t<meta property=\"og:image:type\" content=\"image\/jpeg\" \/>\n<meta name=\"author\" content=\"TSP Redaktion\" \/>\n<meta name=\"twitter:card\" content=\"summary_large_image\" \/>\n<meta name=\"twitter:label1\" content=\"Written by\" \/>\n\t<meta name=\"twitter:data1\" content=\"TSP Redaktion\" \/>\n\t<meta name=\"twitter:label2\" content=\"Est. reading time\" \/>\n\t<meta name=\"twitter:data2\" content=\"2 minutes\" \/>\n<script type=\"application\/ld+json\" class=\"yoast-schema-graph\">{\"@context\":\"https:\/\/schema.org\",\"@graph\":[{\"@type\":\"Article\",\"@id\":\"https:\/\/www.tsp.at\/en\/2011\/08\/26\/social-media-convention-28-september-in-zuerich\/#article\",\"isPartOf\":{\"@id\":\"https:\/\/www.tsp.at\/en\/2011\/08\/26\/social-media-convention-28-september-in-zuerich\/\"},\"author\":{\"name\":\"TSP Redaktion\",\"@id\":\"https:\/\/www.tsp.at\/en\/#\/schema\/person\/1ba5600c29da17b902b0925cea567f8a\"},\"headline\":\"Social Media Convention 28. September in Z\u00fcrich\",\"datePublished\":\"2011-08-26T18:45:00+00:00\",\"dateModified\":\"2025-10-21T13:00:47+00:00\",\"mainEntityOfPage\":{\"@id\":\"https:\/\/www.tsp.at\/en\/2011\/08\/26\/social-media-convention-28-september-in-zuerich\/\"},\"wordCount\":242,\"publisher\":{\"@id\":\"https:\/\/www.tsp.at\/en\/#organization\"},\"image\":{\"@id\":\"https:\/\/www.tsp.at\/en\/2011\/08\/26\/social-media-convention-28-september-in-zuerich\/#primaryimage\"},\"thumbnailUrl\":\"https:\/\/www.tsp.at\/wp-content\/uploads\/2025\/10\/193.jpg\",\"articleSection\":[\"News\"],\"inLanguage\":\"en-US\"},{\"@type\":\"WebPage\",\"@id\":\"https:\/\/www.tsp.at\/en\/2011\/08\/26\/social-media-convention-28-september-in-zuerich\/\",\"url\":\"https:\/\/www.tsp.at\/en\/2011\/08\/26\/social-media-convention-28-september-in-zuerich\/\",\"name\":\"Social Media Convention 28. September in Z\u00fcrich - Temmel | Seywald - Corporate Communications\",\"isPartOf\":{\"@id\":\"https:\/\/www.tsp.at\/en\/#website\"},\"primaryImageOfPage\":{\"@id\":\"https:\/\/www.tsp.at\/en\/2011\/08\/26\/social-media-convention-28-september-in-zuerich\/#primaryimage\"},\"image\":{\"@id\":\"https:\/\/www.tsp.at\/en\/2011\/08\/26\/social-media-convention-28-september-in-zuerich\/#primaryimage\"},\"thumbnailUrl\":\"https:\/\/www.tsp.at\/wp-content\/uploads\/2025\/10\/193.jpg\",\"datePublished\":\"2011-08-26T18:45:00+00:00\",\"dateModified\":\"2025-10-21T13:00:47+00:00\",\"breadcrumb\":{\"@id\":\"https:\/\/www.tsp.at\/en\/2011\/08\/26\/social-media-convention-28-september-in-zuerich\/#breadcrumb\"},\"inLanguage\":\"en-US\",\"potentialAction\":[{\"@type\":\"ReadAction\",\"target\":[\"https:\/\/www.tsp.at\/en\/2011\/08\/26\/social-media-convention-28-september-in-zuerich\/\"]}]},{\"@type\":\"ImageObject\",\"inLanguage\":\"en-US\",\"@id\":\"https:\/\/www.tsp.at\/en\/2011\/08\/26\/social-media-convention-28-september-in-zuerich\/#primaryimage\",\"url\":\"https:\/\/www.tsp.at\/wp-content\/uploads\/2025\/10\/193.jpg\",\"contentUrl\":\"https:\/\/www.tsp.at\/wp-content\/uploads\/2025\/10\/193.jpg\",\"width\":300,\"height\":250},{\"@type\":\"BreadcrumbList\",\"@id\":\"https:\/\/www.tsp.at\/en\/2011\/08\/26\/social-media-convention-28-september-in-zuerich\/#breadcrumb\",\"itemListElement\":[{\"@type\":\"ListItem\",\"position\":1,\"name\":\"Startseite\",\"item\":\"https:\/\/www.tsp.at\/en\/\"},{\"@type\":\"ListItem\",\"position\":2,\"name\":\"Social Media Convention 28. September in Z\u00fcrich\"}]},{\"@type\":\"WebSite\",\"@id\":\"https:\/\/www.tsp.at\/en\/#website\",\"url\":\"https:\/\/www.tsp.at\/en\/\",\"name\":\"Temmel | Seywald - Corporate Communications\",\"description\":\"Kommunikation ist Beziehungsarbeit\",\"publisher\":{\"@id\":\"https:\/\/www.tsp.at\/en\/#organization\"},\"potentialAction\":[{\"@type\":\"SearchAction\",\"target\":{\"@type\":\"EntryPoint\",\"urlTemplate\":\"https:\/\/www.tsp.at\/en\/?s={search_term_string}\"},\"query-input\":{\"@type\":\"PropertyValueSpecification\",\"valueRequired\":true,\"valueName\":\"search_term_string\"}}],\"inLanguage\":\"en-US\"},{\"@type\":\"Organization\",\"@id\":\"https:\/\/www.tsp.at\/en\/#organization\",\"name\":\"Temmel, Seywald & Partner Communications GesmbH\",\"alternateName\":\"TSP\",\"url\":\"https:\/\/www.tsp.at\/en\/\",\"logo\":{\"@type\":\"ImageObject\",\"inLanguage\":\"en-US\",\"@id\":\"https:\/\/www.tsp.at\/en\/#\/schema\/logo\/image\/\",\"url\":\"https:\/\/www.tsp.at\/wp-content\/uploads\/2025\/10\/favicontsp.png\",\"contentUrl\":\"https:\/\/www.tsp.at\/wp-content\/uploads\/2025\/10\/favicontsp.png\",\"width\":125,\"height\":125,\"caption\":\"Temmel, Seywald & Partner Communications GesmbH\"},\"image\":{\"@id\":\"https:\/\/www.tsp.at\/en\/#\/schema\/logo\/image\/\"},\"sameAs\":[\"https:\/\/www.facebook.com\/TemmelSeywald\"]},{\"@type\":\"Person\",\"@id\":\"https:\/\/www.tsp.at\/en\/#\/schema\/person\/1ba5600c29da17b902b0925cea567f8a\",\"name\":\"TSP Redaktion\"}]}<\/script>\n<!-- \/ Yoast SEO plugin. -->","yoast_head_json":{"title":"Social Media Convention 28. September in Z\u00fcrich - Temmel | Seywald - Corporate Communications","robots":{"index":"index","follow":"follow","max-snippet":"max-snippet:-1","max-image-preview":"max-image-preview:large","max-video-preview":"max-video-preview:-1"},"canonical":"https:\/\/www.tsp.at\/en\/2011\/08\/26\/social-media-convention-28-september-in-zuerich\/","og_locale":"en_US","og_type":"article","og_title":"Social Media Convention 28. September in Z\u00fcrich - Temmel | Seywald - Corporate Communications","og_description":"Top-Referenten aus Business, Finanz und Industrie pr\u00e4sentieren neue Strategien 26.08.2011 Z\u00fcrich \u2013 Unternehmenskommunikation in Zeiten von Web 2.0, die Chancen f\u00fcr die Unternehmensorganisation, strategische Fragen rund um Markenf\u00fchrung, Community und Reputation Management: Nach der erfolgreichen Veranstaltung in Wien mit \u00fcber 200 Teilnehmern l\u00e4dt die Nachrichtenagentur pressetext am 28. September zur 1. Social Media Convention in&hellip;","og_url":"https:\/\/www.tsp.at\/en\/2011\/08\/26\/social-media-convention-28-september-in-zuerich\/","og_site_name":"Temmel | Seywald - Corporate Communications","article_publisher":"https:\/\/www.facebook.com\/TemmelSeywald","article_published_time":"2011-08-26T18:45:00+00:00","article_modified_time":"2025-10-21T13:00:47+00:00","og_image":[{"width":300,"height":250,"url":"https:\/\/www.tsp.at\/wp-content\/uploads\/2025\/10\/193.jpg","type":"image\/jpeg"}],"author":"TSP Redaktion","twitter_card":"summary_large_image","twitter_misc":{"Written by":"TSP Redaktion","Est. reading time":"2 minutes"},"schema":{"@context":"https:\/\/schema.org","@graph":[{"@type":"Article","@id":"https:\/\/www.tsp.at\/en\/2011\/08\/26\/social-media-convention-28-september-in-zuerich\/#article","isPartOf":{"@id":"https:\/\/www.tsp.at\/en\/2011\/08\/26\/social-media-convention-28-september-in-zuerich\/"},"author":{"name":"TSP Redaktion","@id":"https:\/\/www.tsp.at\/en\/#\/schema\/person\/1ba5600c29da17b902b0925cea567f8a"},"headline":"Social Media Convention 28. September in Z\u00fcrich","datePublished":"2011-08-26T18:45:00+00:00","dateModified":"2025-10-21T13:00:47+00:00","mainEntityOfPage":{"@id":"https:\/\/www.tsp.at\/en\/2011\/08\/26\/social-media-convention-28-september-in-zuerich\/"},"wordCount":242,"publisher":{"@id":"https:\/\/www.tsp.at\/en\/#organization"},"image":{"@id":"https:\/\/www.tsp.at\/en\/2011\/08\/26\/social-media-convention-28-september-in-zuerich\/#primaryimage"},"thumbnailUrl":"https:\/\/www.tsp.at\/wp-content\/uploads\/2025\/10\/193.jpg","articleSection":["News"],"inLanguage":"en-US"},{"@type":"WebPage","@id":"https:\/\/www.tsp.at\/en\/2011\/08\/26\/social-media-convention-28-september-in-zuerich\/","url":"https:\/\/www.tsp.at\/en\/2011\/08\/26\/social-media-convention-28-september-in-zuerich\/","name":"Social Media Convention 28. September in Z\u00fcrich - Temmel | Seywald - Corporate Communications","isPartOf":{"@id":"https:\/\/www.tsp.at\/en\/#website"},"primaryImageOfPage":{"@id":"https:\/\/www.tsp.at\/en\/2011\/08\/26\/social-media-convention-28-september-in-zuerich\/#primaryimage"},"image":{"@id":"https:\/\/www.tsp.at\/en\/2011\/08\/26\/social-media-convention-28-september-in-zuerich\/#primaryimage"},"thumbnailUrl":"https:\/\/www.tsp.at\/wp-content\/uploads\/2025\/10\/193.jpg","datePublished":"2011-08-26T18:45:00+00:00","dateModified":"2025-10-21T13:00:47+00:00","breadcrumb":{"@id":"https:\/\/www.tsp.at\/en\/2011\/08\/26\/social-media-convention-28-september-in-zuerich\/#breadcrumb"},"inLanguage":"en-US","potentialAction":[{"@type":"ReadAction","target":["https:\/\/www.tsp.at\/en\/2011\/08\/26\/social-media-convention-28-september-in-zuerich\/"]}]},{"@type":"ImageObject","inLanguage":"en-US","@id":"https:\/\/www.tsp.at\/en\/2011\/08\/26\/social-media-convention-28-september-in-zuerich\/#primaryimage","url":"https:\/\/www.tsp.at\/wp-content\/uploads\/2025\/10\/193.jpg","contentUrl":"https:\/\/www.tsp.at\/wp-content\/uploads\/2025\/10\/193.jpg","width":300,"height":250},{"@type":"BreadcrumbList","@id":"https:\/\/www.tsp.at\/en\/2011\/08\/26\/social-media-convention-28-september-in-zuerich\/#breadcrumb","itemListElement":[{"@type":"ListItem","position":1,"name":"Startseite","item":"https:\/\/www.tsp.at\/en\/"},{"@type":"ListItem","position":2,"name":"Social Media Convention 28. September in Z\u00fcrich"}]},{"@type":"WebSite","@id":"https:\/\/www.tsp.at\/en\/#website","url":"https:\/\/www.tsp.at\/en\/","name":"Temmel | Seywald - Corporate Communications","description":"Kommunikation ist Beziehungsarbeit","publisher":{"@id":"https:\/\/www.tsp.at\/en\/#organization"},"potentialAction":[{"@type":"SearchAction","target":{"@type":"EntryPoint","urlTemplate":"https:\/\/www.tsp.at\/en\/?s={search_term_string}"},"query-input":{"@type":"PropertyValueSpecification","valueRequired":true,"valueName":"search_term_string"}}],"inLanguage":"en-US"},{"@type":"Organization","@id":"https:\/\/www.tsp.at\/en\/#organization","name":"Temmel, Seywald & Partner Communications GesmbH","alternateName":"TSP","url":"https:\/\/www.tsp.at\/en\/","logo":{"@type":"ImageObject","inLanguage":"en-US","@id":"https:\/\/www.tsp.at\/en\/#\/schema\/logo\/image\/","url":"https:\/\/www.tsp.at\/wp-content\/uploads\/2025\/10\/favicontsp.png","contentUrl":"https:\/\/www.tsp.at\/wp-content\/uploads\/2025\/10\/favicontsp.png","width":125,"height":125,"caption":"Temmel, Seywald & Partner Communications GesmbH"},"image":{"@id":"https:\/\/www.tsp.at\/en\/#\/schema\/logo\/image\/"},"sameAs":["https:\/\/www.facebook.com\/TemmelSeywald"]},{"@type":"Person","@id":"https:\/\/www.tsp.at\/en\/#\/schema\/person\/1ba5600c29da17b902b0925cea567f8a","name":"TSP Redaktion"}]}},"_links":{"self":[{"href":"https:\/\/www.tsp.at\/en\/wp-json\/wp\/v2\/posts\/10737","targetHints":{"allow":["GET"]}}],"collection":[{"href":"https:\/\/www.tsp.at\/en\/wp-json\/wp\/v2\/posts"}],"about":[{"href":"https:\/\/www.tsp.at\/en\/wp-json\/wp\/v2\/types\/post"}],"author":[{"embeddable":true,"href":"https:\/\/www.tsp.at\/en\/wp-json\/wp\/v2\/users\/2"}],"replies":[{"embeddable":true,"href":"https:\/\/www.tsp.at\/en\/wp-json\/wp\/v2\/comments?post=10737"}],"version-history":[{"count":1,"href":"https:\/\/www.tsp.at\/en\/wp-json\/wp\/v2\/posts\/10737\/revisions"}],"predecessor-version":[{"id":11780,"href":"https:\/\/www.tsp.at\/en\/wp-json\/wp\/v2\/posts\/10737\/revisions\/11780"}],"wp:featuredmedia":[{"embeddable":true,"href":"https:\/\/www.tsp.at\/en\/wp-json\/wp\/v2\/media\/10736"}],"wp:attachment":[{"href":"https:\/\/www.tsp.at\/en\/wp-json\/wp\/v2\/media?parent=10737"}],"wp:term":[{"taxonomy":"category","embeddable":true,"href":"https:\/\/www.tsp.at\/en\/wp-json\/wp\/v2\/categories?post=10737"},{"taxonomy":"post_tag","embeddable":true,"href":"https:\/\/www.tsp.at\/en\/wp-json\/wp\/v2\/tags?post=10737"}],"curies":[{"name":"wp","href":"https:\/\/api.w.org\/{rel}","templated":true}]}}