{"id":10739,"date":"2011-08-06T20:43:00","date_gmt":"2011-08-06T18:43:00","guid":{"rendered":"https:\/\/staging.tsp.at\/2011\/08\/06\/ehlers-und-wunschel-auf-social-media-tour\/"},"modified":"2025-10-21T15:00:47","modified_gmt":"2025-10-21T13:00:47","slug":"ehlers-und-wunschel-auf-social-media-tour","status":"publish","type":"post","link":"https:\/\/www.tsp.at\/en\/2011\/08\/06\/ehlers-und-wunschel-auf-social-media-tour\/","title":{"rendered":"Ehlers und Wunschel auf Social Media Tour"},"content":{"rendered":"<article class=\"item\">\n<h2><strong>pressetext-Workshop<\/strong><\/h2>\n<p>06.08.2011<\/p>\n<\/p>\n<\/p>\n<\/p>\n<\/p>\n<\/p>\n<p>Berlin \u2013 Die Medienprofis Michael Ehlers und Alex Wunschel sind neue Top-Speaker  der erfolgreichen Workshop-Reihe &#8220;Social Media Praxis&#8221; der  Nachrichtenagentur pressetext. Auftakt der geplanten Herbsttour ist  Bregenz am 3. Oktober. Danach folgen 20 weitere St\u00e4dte in Deutschland,  \u00d6sterreich und der Schweiz. In den vergangenen zwei Jahren nahmen \u00fcber  1.500 Teilnehmer an den beliebten Workshops teil. <a href=\"http:\/\/www.pressetext.com\/workshops\/smp3\" rel=\"external\" target=\"_blank\">http:\/\/www.pressetext.com\/workshops\/smp3<\/a> <\/p>\n<p class=\"FtxtP\">Michael Ehlers ist Social Media Coach wie  Rhetoriktrainer und z\u00e4hlt zu den beliebtesten Referenten Deutschlands.  Er schult Pers\u00f6nlichkeiten des \u00f6ffentlichen Lebens, Politiker und  Gesch\u00e4ftsf\u00fchrer in neuen Kommunikationstechniken wie Social Media  Kan\u00e4len. Au\u00dferdem ist er Dozent der Boston Business School und des  Management Instituts St. Gallen, Fachautor und seit vielen Jahren  Mitglied der German Speakers Association (GSA) so wie Expert Member im  Club 55.<\/p>\n<p class=\"FtxtP\">Alex Wunschel ist Social-Media-Producer, Speaker und  Podcast-Pionier und seit l\u00e4ngerem gesch\u00e4ftsf\u00fchrender Vorstand des  Marketing-Club M\u00fcnchen e.V. Er ber\u00e4t gro\u00dfe Unternehmen, Medien und  Verlage bei der Integration neuer Kommunikationskan\u00e4le. Seit 2005  betreibt er den Marketing-Weblog Pimpyourbrain.de sowie die  Business-Podcasts &#8220;Blick \u00fcber den Tellerrand&#8221; und &#8220;Brouhaha&#8221; um  Social-Media-Aufreger in den digitalen Medien.<\/p>\n<p class=\"FtxtP\"><strong><span class=\"FtxtBold\" style=\"margin-bottom: 10px\"> Social Media Herbstprogramm<\/span><\/strong> <\/p>\n<p class=\"FtxtP\">Mit dem Workshop &#8220;Social Media Praxis III&#8221; geht  pressetext einen Schritt weiter als herk\u00f6mmliche Seminaranbieter. Ziel  ist es, den Seminarteilnehmern hochwertige Anregungen zu geben, und  gemeinsam mit ihnen Nutzen und Vorteile der Unternehmenskommunikation in  den boomenden sozialen Netzwerken herauszuarbeiten. Der Schwerpunkt:  Wie verkn\u00fcpft man klassische Medienarbeit mit Facebook &amp; Co.<\/p>\n<p class=\"FtxtP\">Nach dem Social Media Einstieg geht es jetzt um die  Formulierung der Strategie und darum, bei der Auswahl und  Ressourcenplanung Priorit\u00e4ten zu setzen. Der eint\u00e4gige Workshop zeigt  anhand von Beispielen, wie Community Magement in der Praxis  funktioniert. Wo und wann macht es Sinn, wo nicht? Wie wird eine Social  Media Strategie aufgebaut, in welchem organisatorischen Umfeld wird sie  realisiert? Welche Auswirkungen sind auf die Unternehmenskultur zu  erwarten.<\/p>\n<p class=\"FtxtP\">Michael Ehlers, Alex Wunschel, Wilfried <span class=\"FtxtHl\">Seywald<\/span>  und weitere Referenten vor Ort berichten aus ihrem unmittelbaren  Erfahrungsschatz. Sie liefern m\u00f6gliche Strategien und erfolgreiche  Praxisbeispiele, nicht nur f\u00fcr Consumer Brands, sondern auch f\u00fcr heikle  B2B-Umfelder wie Finanz, Pharma und Hochtechnologie oder auch Social  Media Szenarien f\u00fcr Kleinunternehmen.<\/p>\n<p class=\"FtxtP\">Der Workshop zeigt, wie Facebook, YouTube &amp; Co. f\u00fcr  die Unternehmensziele eingesetzt werden k\u00f6nnen, wie man seine Community  Pr\u00e4senz ausbaut und optimiert, welche Grunds\u00e4tze dabei beachtet werden  m\u00fcssen und wie man Fans und Followers nachhaltig an sein Unternehmen  bindet. \u00dcber 1.500 PR- und Marketingprofis haben an den ersten zwei  Workshop-Reihen in Deutschland, \u00d6sterreich und der Schweiz teilgenommen.<\/p>\n<p class=\"FtxtP\"><span class=\"FtxtBold\" style=\"margin-bottom: 10px\"> <strong>Termine:<\/strong><\/span> <\/p>\n<p class=\"FtxtP\">03.10. Bregenz <br \/> 04.10. Innsbruck <br \/> 05.10. Salzburg <br \/> 06.10. Linz <br \/> 07.10. Graz <\/p>\n<p class=\"FtxtP\">10.10. Hamburg <br \/> 11.10. D\u00fcsseldorf <br \/> 12.10. Frankfurt <br \/> 17.10. Berlin <br \/> 19.10. Stuttgart <br \/> 21.10. M\u00fcnchen <br \/> 07.11. Wien<\/p>\n<p class=\"FtxtP\">21.11. Freiburg <br \/> 22.11. Basel <br \/> 23.11. Bern <br \/> 24.11. Luzern <br \/> 25.11. St. Gallen <\/p>\n<p class=\"FtxtP\">Information und Anmeldung: <a href=\"http:\/\/www.pressetext.com\/workshops\/smp3\" rel=\"external\" target=\"_blank\">http:\/\/www.pressetext.com\/workshops\/smp3<\/a> <\/p>\n<\/p>\n<\/article>\n","protected":false},"excerpt":{"rendered":"<p>pressetext-Workshop 06.08.2011 Berlin \u2013 Die Medienprofis Michael Ehlers und Alex Wunschel sind neue Top-Speaker der erfolgreichen Workshop-Reihe &#8220;Social Media Praxis&#8221; der Nachrichtenagentur pressetext. Auftakt der geplanten Herbsttour ist Bregenz am 3. Oktober. Danach folgen 20 weitere St\u00e4dte in Deutschland, \u00d6sterreich und der Schweiz. In den vergangenen zwei Jahren nahmen \u00fcber 1.500 Teilnehmer an den beliebten&hellip;<\/p>\n","protected":false},"author":2,"featured_media":10738,"comment_status":"closed","ping_status":"closed","sticky":false,"template":"","format":"standard","meta":{"footnotes":""},"categories":[3],"tags":[],"class_list":["post-10739","post","type-post","status-publish","format-standard","has-post-thumbnail","hentry","category-news","category-3","description-off"],"yoast_head":"<!-- This site is optimized with the Yoast SEO plugin v26.3 - https:\/\/yoast.com\/wordpress\/plugins\/seo\/ -->\n<title>Ehlers und Wunschel auf Social Media Tour - Temmel | Seywald - Corporate Communications<\/title>\n<meta name=\"robots\" content=\"index, follow, max-snippet:-1, max-image-preview:large, max-video-preview:-1\" \/>\n<link rel=\"canonical\" href=\"https:\/\/www.tsp.at\/en\/2011\/08\/06\/ehlers-und-wunschel-auf-social-media-tour\/\" \/>\n<meta property=\"og:locale\" content=\"en_US\" \/>\n<meta property=\"og:type\" content=\"article\" \/>\n<meta property=\"og:title\" content=\"Ehlers und Wunschel auf Social Media Tour - Temmel | Seywald - Corporate Communications\" \/>\n<meta property=\"og:description\" content=\"pressetext-Workshop 06.08.2011 Berlin \u2013 Die Medienprofis Michael Ehlers und Alex Wunschel sind neue Top-Speaker der erfolgreichen Workshop-Reihe &#8220;Social Media Praxis&#8221; der Nachrichtenagentur pressetext. Auftakt der geplanten Herbsttour ist Bregenz am 3. Oktober. Danach folgen 20 weitere St\u00e4dte in Deutschland, \u00d6sterreich und der Schweiz. In den vergangenen zwei Jahren nahmen \u00fcber 1.500 Teilnehmer an den beliebten&hellip;\" \/>\n<meta property=\"og:url\" content=\"https:\/\/www.tsp.at\/en\/2011\/08\/06\/ehlers-und-wunschel-auf-social-media-tour\/\" \/>\n<meta property=\"og:site_name\" content=\"Temmel | Seywald - Corporate Communications\" \/>\n<meta property=\"article:publisher\" content=\"https:\/\/www.facebook.com\/TemmelSeywald\" \/>\n<meta property=\"article:published_time\" content=\"2011-08-06T18:43:00+00:00\" \/>\n<meta property=\"article:modified_time\" content=\"2025-10-21T13:00:47+00:00\" \/>\n<meta property=\"og:image\" content=\"https:\/\/www.tsp.at\/wp-content\/uploads\/2025\/10\/192.jpg\" \/>\n\t<meta property=\"og:image:width\" content=\"300\" \/>\n\t<meta property=\"og:image:height\" content=\"250\" \/>\n\t<meta property=\"og:image:type\" content=\"image\/jpeg\" \/>\n<meta name=\"author\" content=\"TSP Redaktion\" \/>\n<meta name=\"twitter:card\" content=\"summary_large_image\" \/>\n<meta name=\"twitter:label1\" content=\"Written by\" \/>\n\t<meta name=\"twitter:data1\" content=\"TSP Redaktion\" \/>\n\t<meta name=\"twitter:label2\" content=\"Est. reading time\" \/>\n\t<meta name=\"twitter:data2\" content=\"3 minutes\" \/>\n<script type=\"application\/ld+json\" class=\"yoast-schema-graph\">{\"@context\":\"https:\/\/schema.org\",\"@graph\":[{\"@type\":\"Article\",\"@id\":\"https:\/\/www.tsp.at\/en\/2011\/08\/06\/ehlers-und-wunschel-auf-social-media-tour\/#article\",\"isPartOf\":{\"@id\":\"https:\/\/www.tsp.at\/en\/2011\/08\/06\/ehlers-und-wunschel-auf-social-media-tour\/\"},\"author\":{\"name\":\"TSP Redaktion\",\"@id\":\"https:\/\/www.tsp.at\/en\/#\/schema\/person\/1ba5600c29da17b902b0925cea567f8a\"},\"headline\":\"Ehlers und Wunschel auf Social Media Tour\",\"datePublished\":\"2011-08-06T18:43:00+00:00\",\"dateModified\":\"2025-10-21T13:00:47+00:00\",\"mainEntityOfPage\":{\"@id\":\"https:\/\/www.tsp.at\/en\/2011\/08\/06\/ehlers-und-wunschel-auf-social-media-tour\/\"},\"wordCount\":457,\"publisher\":{\"@id\":\"https:\/\/www.tsp.at\/en\/#organization\"},\"image\":{\"@id\":\"https:\/\/www.tsp.at\/en\/2011\/08\/06\/ehlers-und-wunschel-auf-social-media-tour\/#primaryimage\"},\"thumbnailUrl\":\"https:\/\/www.tsp.at\/wp-content\/uploads\/2025\/10\/192.jpg\",\"articleSection\":[\"News\"],\"inLanguage\":\"en-US\"},{\"@type\":\"WebPage\",\"@id\":\"https:\/\/www.tsp.at\/en\/2011\/08\/06\/ehlers-und-wunschel-auf-social-media-tour\/\",\"url\":\"https:\/\/www.tsp.at\/en\/2011\/08\/06\/ehlers-und-wunschel-auf-social-media-tour\/\",\"name\":\"Ehlers und Wunschel auf Social Media Tour - Temmel | Seywald - Corporate Communications\",\"isPartOf\":{\"@id\":\"https:\/\/www.tsp.at\/en\/#website\"},\"primaryImageOfPage\":{\"@id\":\"https:\/\/www.tsp.at\/en\/2011\/08\/06\/ehlers-und-wunschel-auf-social-media-tour\/#primaryimage\"},\"image\":{\"@id\":\"https:\/\/www.tsp.at\/en\/2011\/08\/06\/ehlers-und-wunschel-auf-social-media-tour\/#primaryimage\"},\"thumbnailUrl\":\"https:\/\/www.tsp.at\/wp-content\/uploads\/2025\/10\/192.jpg\",\"datePublished\":\"2011-08-06T18:43:00+00:00\",\"dateModified\":\"2025-10-21T13:00:47+00:00\",\"breadcrumb\":{\"@id\":\"https:\/\/www.tsp.at\/en\/2011\/08\/06\/ehlers-und-wunschel-auf-social-media-tour\/#breadcrumb\"},\"inLanguage\":\"en-US\",\"potentialAction\":[{\"@type\":\"ReadAction\",\"target\":[\"https:\/\/www.tsp.at\/en\/2011\/08\/06\/ehlers-und-wunschel-auf-social-media-tour\/\"]}]},{\"@type\":\"ImageObject\",\"inLanguage\":\"en-US\",\"@id\":\"https:\/\/www.tsp.at\/en\/2011\/08\/06\/ehlers-und-wunschel-auf-social-media-tour\/#primaryimage\",\"url\":\"https:\/\/www.tsp.at\/wp-content\/uploads\/2025\/10\/192.jpg\",\"contentUrl\":\"https:\/\/www.tsp.at\/wp-content\/uploads\/2025\/10\/192.jpg\",\"width\":300,\"height\":250},{\"@type\":\"BreadcrumbList\",\"@id\":\"https:\/\/www.tsp.at\/en\/2011\/08\/06\/ehlers-und-wunschel-auf-social-media-tour\/#breadcrumb\",\"itemListElement\":[{\"@type\":\"ListItem\",\"position\":1,\"name\":\"Startseite\",\"item\":\"https:\/\/www.tsp.at\/en\/\"},{\"@type\":\"ListItem\",\"position\":2,\"name\":\"Ehlers und Wunschel auf Social Media Tour\"}]},{\"@type\":\"WebSite\",\"@id\":\"https:\/\/www.tsp.at\/en\/#website\",\"url\":\"https:\/\/www.tsp.at\/en\/\",\"name\":\"Temmel | Seywald - Corporate Communications\",\"description\":\"Kommunikation ist Beziehungsarbeit\",\"publisher\":{\"@id\":\"https:\/\/www.tsp.at\/en\/#organization\"},\"potentialAction\":[{\"@type\":\"SearchAction\",\"target\":{\"@type\":\"EntryPoint\",\"urlTemplate\":\"https:\/\/www.tsp.at\/en\/?s={search_term_string}\"},\"query-input\":{\"@type\":\"PropertyValueSpecification\",\"valueRequired\":true,\"valueName\":\"search_term_string\"}}],\"inLanguage\":\"en-US\"},{\"@type\":\"Organization\",\"@id\":\"https:\/\/www.tsp.at\/en\/#organization\",\"name\":\"Temmel, Seywald & Partner Communications GesmbH\",\"alternateName\":\"TSP\",\"url\":\"https:\/\/www.tsp.at\/en\/\",\"logo\":{\"@type\":\"ImageObject\",\"inLanguage\":\"en-US\",\"@id\":\"https:\/\/www.tsp.at\/en\/#\/schema\/logo\/image\/\",\"url\":\"https:\/\/www.tsp.at\/wp-content\/uploads\/2025\/10\/favicontsp.png\",\"contentUrl\":\"https:\/\/www.tsp.at\/wp-content\/uploads\/2025\/10\/favicontsp.png\",\"width\":125,\"height\":125,\"caption\":\"Temmel, Seywald & Partner Communications GesmbH\"},\"image\":{\"@id\":\"https:\/\/www.tsp.at\/en\/#\/schema\/logo\/image\/\"},\"sameAs\":[\"https:\/\/www.facebook.com\/TemmelSeywald\"]},{\"@type\":\"Person\",\"@id\":\"https:\/\/www.tsp.at\/en\/#\/schema\/person\/1ba5600c29da17b902b0925cea567f8a\",\"name\":\"TSP Redaktion\"}]}<\/script>\n<!-- \/ Yoast SEO plugin. -->","yoast_head_json":{"title":"Ehlers und Wunschel auf Social Media Tour - Temmel | Seywald - Corporate Communications","robots":{"index":"index","follow":"follow","max-snippet":"max-snippet:-1","max-image-preview":"max-image-preview:large","max-video-preview":"max-video-preview:-1"},"canonical":"https:\/\/www.tsp.at\/en\/2011\/08\/06\/ehlers-und-wunschel-auf-social-media-tour\/","og_locale":"en_US","og_type":"article","og_title":"Ehlers und Wunschel auf Social Media Tour - Temmel | Seywald - Corporate Communications","og_description":"pressetext-Workshop 06.08.2011 Berlin \u2013 Die Medienprofis Michael Ehlers und Alex Wunschel sind neue Top-Speaker der erfolgreichen Workshop-Reihe &#8220;Social Media Praxis&#8221; der Nachrichtenagentur pressetext. Auftakt der geplanten Herbsttour ist Bregenz am 3. Oktober. Danach folgen 20 weitere St\u00e4dte in Deutschland, \u00d6sterreich und der Schweiz. In den vergangenen zwei Jahren nahmen \u00fcber 1.500 Teilnehmer an den beliebten&hellip;","og_url":"https:\/\/www.tsp.at\/en\/2011\/08\/06\/ehlers-und-wunschel-auf-social-media-tour\/","og_site_name":"Temmel | Seywald - Corporate Communications","article_publisher":"https:\/\/www.facebook.com\/TemmelSeywald","article_published_time":"2011-08-06T18:43:00+00:00","article_modified_time":"2025-10-21T13:00:47+00:00","og_image":[{"width":300,"height":250,"url":"https:\/\/www.tsp.at\/wp-content\/uploads\/2025\/10\/192.jpg","type":"image\/jpeg"}],"author":"TSP Redaktion","twitter_card":"summary_large_image","twitter_misc":{"Written by":"TSP Redaktion","Est. reading time":"3 minutes"},"schema":{"@context":"https:\/\/schema.org","@graph":[{"@type":"Article","@id":"https:\/\/www.tsp.at\/en\/2011\/08\/06\/ehlers-und-wunschel-auf-social-media-tour\/#article","isPartOf":{"@id":"https:\/\/www.tsp.at\/en\/2011\/08\/06\/ehlers-und-wunschel-auf-social-media-tour\/"},"author":{"name":"TSP Redaktion","@id":"https:\/\/www.tsp.at\/en\/#\/schema\/person\/1ba5600c29da17b902b0925cea567f8a"},"headline":"Ehlers und Wunschel auf Social Media Tour","datePublished":"2011-08-06T18:43:00+00:00","dateModified":"2025-10-21T13:00:47+00:00","mainEntityOfPage":{"@id":"https:\/\/www.tsp.at\/en\/2011\/08\/06\/ehlers-und-wunschel-auf-social-media-tour\/"},"wordCount":457,"publisher":{"@id":"https:\/\/www.tsp.at\/en\/#organization"},"image":{"@id":"https:\/\/www.tsp.at\/en\/2011\/08\/06\/ehlers-und-wunschel-auf-social-media-tour\/#primaryimage"},"thumbnailUrl":"https:\/\/www.tsp.at\/wp-content\/uploads\/2025\/10\/192.jpg","articleSection":["News"],"inLanguage":"en-US"},{"@type":"WebPage","@id":"https:\/\/www.tsp.at\/en\/2011\/08\/06\/ehlers-und-wunschel-auf-social-media-tour\/","url":"https:\/\/www.tsp.at\/en\/2011\/08\/06\/ehlers-und-wunschel-auf-social-media-tour\/","name":"Ehlers und Wunschel auf Social Media Tour - Temmel | Seywald - Corporate Communications","isPartOf":{"@id":"https:\/\/www.tsp.at\/en\/#website"},"primaryImageOfPage":{"@id":"https:\/\/www.tsp.at\/en\/2011\/08\/06\/ehlers-und-wunschel-auf-social-media-tour\/#primaryimage"},"image":{"@id":"https:\/\/www.tsp.at\/en\/2011\/08\/06\/ehlers-und-wunschel-auf-social-media-tour\/#primaryimage"},"thumbnailUrl":"https:\/\/www.tsp.at\/wp-content\/uploads\/2025\/10\/192.jpg","datePublished":"2011-08-06T18:43:00+00:00","dateModified":"2025-10-21T13:00:47+00:00","breadcrumb":{"@id":"https:\/\/www.tsp.at\/en\/2011\/08\/06\/ehlers-und-wunschel-auf-social-media-tour\/#breadcrumb"},"inLanguage":"en-US","potentialAction":[{"@type":"ReadAction","target":["https:\/\/www.tsp.at\/en\/2011\/08\/06\/ehlers-und-wunschel-auf-social-media-tour\/"]}]},{"@type":"ImageObject","inLanguage":"en-US","@id":"https:\/\/www.tsp.at\/en\/2011\/08\/06\/ehlers-und-wunschel-auf-social-media-tour\/#primaryimage","url":"https:\/\/www.tsp.at\/wp-content\/uploads\/2025\/10\/192.jpg","contentUrl":"https:\/\/www.tsp.at\/wp-content\/uploads\/2025\/10\/192.jpg","width":300,"height":250},{"@type":"BreadcrumbList","@id":"https:\/\/www.tsp.at\/en\/2011\/08\/06\/ehlers-und-wunschel-auf-social-media-tour\/#breadcrumb","itemListElement":[{"@type":"ListItem","position":1,"name":"Startseite","item":"https:\/\/www.tsp.at\/en\/"},{"@type":"ListItem","position":2,"name":"Ehlers und Wunschel auf Social Media Tour"}]},{"@type":"WebSite","@id":"https:\/\/www.tsp.at\/en\/#website","url":"https:\/\/www.tsp.at\/en\/","name":"Temmel | Seywald - Corporate Communications","description":"Kommunikation ist Beziehungsarbeit","publisher":{"@id":"https:\/\/www.tsp.at\/en\/#organization"},"potentialAction":[{"@type":"SearchAction","target":{"@type":"EntryPoint","urlTemplate":"https:\/\/www.tsp.at\/en\/?s={search_term_string}"},"query-input":{"@type":"PropertyValueSpecification","valueRequired":true,"valueName":"search_term_string"}}],"inLanguage":"en-US"},{"@type":"Organization","@id":"https:\/\/www.tsp.at\/en\/#organization","name":"Temmel, Seywald & Partner Communications GesmbH","alternateName":"TSP","url":"https:\/\/www.tsp.at\/en\/","logo":{"@type":"ImageObject","inLanguage":"en-US","@id":"https:\/\/www.tsp.at\/en\/#\/schema\/logo\/image\/","url":"https:\/\/www.tsp.at\/wp-content\/uploads\/2025\/10\/favicontsp.png","contentUrl":"https:\/\/www.tsp.at\/wp-content\/uploads\/2025\/10\/favicontsp.png","width":125,"height":125,"caption":"Temmel, Seywald & Partner Communications GesmbH"},"image":{"@id":"https:\/\/www.tsp.at\/en\/#\/schema\/logo\/image\/"},"sameAs":["https:\/\/www.facebook.com\/TemmelSeywald"]},{"@type":"Person","@id":"https:\/\/www.tsp.at\/en\/#\/schema\/person\/1ba5600c29da17b902b0925cea567f8a","name":"TSP Redaktion"}]}},"_links":{"self":[{"href":"https:\/\/www.tsp.at\/en\/wp-json\/wp\/v2\/posts\/10739","targetHints":{"allow":["GET"]}}],"collection":[{"href":"https:\/\/www.tsp.at\/en\/wp-json\/wp\/v2\/posts"}],"about":[{"href":"https:\/\/www.tsp.at\/en\/wp-json\/wp\/v2\/types\/post"}],"author":[{"embeddable":true,"href":"https:\/\/www.tsp.at\/en\/wp-json\/wp\/v2\/users\/2"}],"replies":[{"embeddable":true,"href":"https:\/\/www.tsp.at\/en\/wp-json\/wp\/v2\/comments?post=10739"}],"version-history":[{"count":1,"href":"https:\/\/www.tsp.at\/en\/wp-json\/wp\/v2\/posts\/10739\/revisions"}],"predecessor-version":[{"id":11781,"href":"https:\/\/www.tsp.at\/en\/wp-json\/wp\/v2\/posts\/10739\/revisions\/11781"}],"wp:featuredmedia":[{"embeddable":true,"href":"https:\/\/www.tsp.at\/en\/wp-json\/wp\/v2\/media\/10738"}],"wp:attachment":[{"href":"https:\/\/www.tsp.at\/en\/wp-json\/wp\/v2\/media?parent=10739"}],"wp:term":[{"taxonomy":"category","embeddable":true,"href":"https:\/\/www.tsp.at\/en\/wp-json\/wp\/v2\/categories?post=10739"},{"taxonomy":"post_tag","embeddable":true,"href":"https:\/\/www.tsp.at\/en\/wp-json\/wp\/v2\/tags?post=10739"}],"curies":[{"name":"wp","href":"https:\/\/api.w.org\/{rel}","templated":true}]}}