{"id":10743,"date":"2011-07-08T18:51:00","date_gmt":"2011-07-08T16:51:00","guid":{"rendered":"https:\/\/staging.tsp.at\/2011\/07\/08\/aviso-das-war-die-social-media-convention-in-wien\/"},"modified":"2025-10-21T15:00:47","modified_gmt":"2025-10-21T13:00:47","slug":"aviso-das-war-die-social-media-convention-in-wien","status":"publish","type":"post","link":"https:\/\/www.tsp.at\/en\/2011\/07\/08\/aviso-das-war-die-social-media-convention-in-wien\/","title":{"rendered":"AVISO: Das war die Social Media Convention in Wien"},"content":{"rendered":"<article class=\"item\">\n<h2><strong>Neuauflage f\u00fcr 21. Juni 2012 geplant &#8211; Convention in Z\u00fcrich am 28. September<\/strong><\/h2>\n<p>08.07.2011<\/p>\n<\/p>\n<\/p>\n<\/p>\n<\/p>\n<\/p>\n<p>Wien \u2013 Am 30. Juni fand in Wien die Best of Social Media Convention 2011 statt, eine Veranstaltung der Nachrichtenagentur pressetext in Kooperation mit den Kommunikationsverb\u00e4nden DMV\u00d6 und PRVA. Die hochkar\u00e4tigen Referate zur Nutzung von Social Media Kan\u00e4len in der Unternehmenskommunikation liegen nun als Aufzeichnung on Demand vor <a href=\"http:\/\/pressetext.tv\/\" rel=\"external\" target=\"_blank\">http:\/\/pressetext.tv<\/a> . Veranstalter Wilfried <span class=\"FtxtHl\">Seywald<\/span>k\u00fcndigte an, dass die n\u00e4chste Convention am 28. September in Z\u00fcrich stattfindet. Wien sei am 21. Juni 2012 wieder Schauplatz der Social Media Convention.\n<\/p>\n<p class=\"FtxtP\">Spitzenreferenten in Wien waren Martin Oetting (trnd AG), Nico Lumma (Scholz &amp; Friends) und Christina Rittchen von der Stieglbrauerei in Salzburg. Diese und weitere Experten aus unterschiedlichen Branchen zeigten auf der Convention, wie sich die klassische PR-Arbeit zur vernetzten Kommunikation gewandelt hat und welche Chancen Social Media in der Kundenansprache bietet. 200 Teilnehmer folgten dem abwechslungsreichen Programm im Arcotel Wimberger, \u00fcber 700 weitere Interessierte schalteten sich via Live-Stream, Facebook und Twitter zu.<\/p>\n<p class=\"FtxtP\"><span class=\"FtxtBold\" style=\"margin-bottom: 10px;\">Kommunikation nicht l\u00e4nger Einbahnstra\u00dfe<\/span><\/p>\n<p class=\"FtxtP\">In der Begr\u00fc\u00dfung stellte Convention-Organisator Wilfried <span class=\"FtxtHl\">Seywald<\/span> fest, dass drei von vier Social Media Aktivit\u00e4ten scheitern, weil Kommunikationsverantwortliche oft grundlegende Dinge nicht beherzigen. Selbst Profis seien manchmal ratlos. <span class=\"FtxtHl\">Seywald<\/span> betonte, Kommunikation sei nicht l\u00e4nger eine Einbahnstra\u00dfe, die Lautsprecher h\u00e4tten ausgedient. Marketing-Verantwortliche m\u00fcssten umdenken. Statt &#8220;Verkaufen&#8221; geht es jetzt ums Sinn- und Nutzen-Stiften. Eine Community kann man nur dann aufbauen, wenn man ihr was gibt, was sie woanders nicht bekommt. Kommunikation funktioniere nur dann, wenn man die Zielgruppe versteht und die Sicht des Kunden einnimmt.<\/p>\n<p class=\"FtxtP\">Dar\u00fcber hinaus sei Social Media wie Flirtmarketing, erl\u00e4uterte <span class=\"FtxtHl\">Seywald<\/span>. Wenn Flirten keinen Spass macht, ist man in der falschen Branche. Dialog muss Freude machen, Dialog muss f\u00fcr das Gegen\u00fcber die Chance er\u00f6ffnen, mitzureden. Scheindialog und billige Spielchen werden bestraft. Dann lande man dort, wo heute die Politiker stehen. Niemand h\u00f6rt mehr zu, man wird als Unternehmen nicht mehr wahrgenommen, bestenfalls ignoriert. Das wichtigste in der Social-Media-Arbeit sei die Zieldefinition. Nur dabei zu sein ist zu wenig, ja sogar Geldverschwendung, warnte <span class=\"FtxtHl\">Seywald<\/span>. Schon bevor man den ersten Schritt setzt, sollte man sich die zentrale Frage stellen: &#8220;Was will ich eigentlich auf Facebook, Youtube oder Twitter. Und Was soll das Ergebnis sein?&#8221;<\/p>\n<p class=\"FtxtP\">Die Nachrichtenagentur pressetext hat \u00fcber die Veranstaltung in Text, Foto und Bewegtbild berichtet. Hier in der \u00dcbersicht alle Links:<\/p>\n<p class=\"FtxtP\"><span class=\"FtxtBold\" style=\"margin-bottom: 10px;\">pressetext (Text)<\/span><br \/> Social Media Awards: Kleine Ideen ganz gro\u00df<br \/> <a href=\"http:\/\/www.pressetext.com\/news\/20110630035\" rel=\"external\" target=\"_blank\">http:\/\/www.pressetext.com\/news\/20110630035<\/a><\/p>\n<p class=\"FtxtP\">Soziale Medien: User schie\u00dfen pl\u00f6tzlich zur\u00fcck<br \/> <a href=\"http:\/\/www.pressetext.com\/news\/20110630014\" rel=\"external\" target=\"_blank\">http:\/\/www.pressetext.com\/news\/20110630014<\/a><\/p>\n<p class=\"FtxtP\">Jedes Unternehmen braucht eine Facebook-Taktik<br \/> <a href=\"http:\/\/www.pressetext.com\/news\/20110627022\" rel=\"external\" target=\"_blank\">http:\/\/www.pressetext.com\/news\/20110627022<\/a><\/p>\n<p class=\"FtxtP\">Willkommen im Rattenk\u00e4fig: Social Media Convention 2011<br \/> <a href=\"http:\/\/www.pressetext.com\/news\/20110609010\" rel=\"external\" target=\"_blank\">http:\/\/www.pressetext.com\/news\/20110609010<\/a><\/p>\n<p class=\"FtxtP\"><span class=\"FtxtBold\" style=\"margin-bottom: 10px;\">Fotodienst (Fotos)<\/span><br \/> Im Rattenk\u00e4fig: Die Social Media Convention 2011 in Wien<br \/> <a href=\"http:\/\/www.fotodienst.at\/browse.mc?album_id=3484\" rel=\"external\" target=\"_blank\">http:\/\/www.fotodienst.at\/browse.mc?album_id=3484<\/a><\/p>\n<p class=\"FtxtP\">Verleihung &#8220;Best of Social Media Awards 2011&#8221; (und Podiumsdiskussion)<br \/> <a href=\"http:\/\/www.fotodienst.at\/browse.mc?album_id=3486\" rel=\"external\" target=\"_blank\">http:\/\/www.fotodienst.at\/browse.mc?album_id=3486<\/a><\/p>\n<p class=\"FtxtP\"><span class=\"FtxtBold\" style=\"margin-bottom: 10px;\">Videodienst (Videos)<\/span><br \/> Beitrag von der Convention<br \/> <a href=\"http:\/\/www.youtube.com\/watch?v=nw52R5nYbBg\" rel=\"external\" target=\"_blank\">http:\/\/www.youtube.com\/watch?v=nw52R5nYbBg<\/a><\/p>\n<p class=\"FtxtP\">pressetext.tv (Aufzeichnung)<br \/> Best of Social Media Convention 2011 <a href=\"http:\/\/pressetext.tv\/\" rel=\"external\" target=\"_blank\">http:\/\/pressetext.tv<\/a><\/p>\n<p class=\"FtxtP\">Alle Beitr\u00e4ge der Referent\/innen als Aufzeichnung<br \/> <a href=\"http:\/\/webcast.telekom.at\/pressetext_20110630\/\" rel=\"external\" target=\"_blank\">http:\/\/webcast.telekom.at\/pressetext_20110630\/<\/a><\/p>\n<p class=\"FtxtP\"><span class=\"FtxtBold\" style=\"margin-bottom: 10px;\">Facebook<\/span><br \/> Fotos und Berichte auf Facebook<br \/> <a href=\"http:\/\/facebook.com\/pressetext\" rel=\"external\" target=\"_blank\">http:\/\/facebook.com\/pressetext<\/a><\/p>\n<p class=\"FtxtP\"><span class=\"FtxtBold\" style=\"margin-bottom: 10px;\">Twitter<\/span><br \/> <a href=\"http:\/\/twitter.com\/\" rel=\"external\" target=\"_blank\">http:\/\/twitter.com\/<\/a> Hashtag: #some2011<br \/> oder <a href=\"http:\/\/keepstream.com\/kigo\/hashtag-some2011\" rel=\"external\" target=\"_blank\">http:\/\/keepstream.com\/kigo\/hashtag-some2011<\/a><\/p>\n<\/article>\n","protected":false},"excerpt":{"rendered":"<p>Neuauflage f\u00fcr 21. Juni 2012 geplant &#8211; Convention in Z\u00fcrich am 28. September 08.07.2011 Wien \u2013 Am 30. Juni fand in Wien die Best of Social Media Convention 2011 statt, eine Veranstaltung der Nachrichtenagentur pressetext in Kooperation mit den Kommunikationsverb\u00e4nden DMV\u00d6 und PRVA. Die hochkar\u00e4tigen Referate zur Nutzung von Social Media Kan\u00e4len in der Unternehmenskommunikation&hellip;<\/p>\n","protected":false},"author":2,"featured_media":10742,"comment_status":"closed","ping_status":"closed","sticky":false,"template":"","format":"standard","meta":{"footnotes":""},"categories":[3],"tags":[],"class_list":["post-10743","post","type-post","status-publish","format-standard","has-post-thumbnail","hentry","category-news","category-3","description-off"],"yoast_head":"<!-- This site is optimized with the Yoast SEO plugin v26.3 - https:\/\/yoast.com\/wordpress\/plugins\/seo\/ -->\n<title>AVISO: Das war die Social Media Convention in Wien - Temmel | Seywald - Corporate Communications<\/title>\n<meta name=\"robots\" content=\"index, follow, max-snippet:-1, max-image-preview:large, max-video-preview:-1\" \/>\n<link rel=\"canonical\" href=\"https:\/\/www.tsp.at\/en\/2011\/07\/08\/aviso-das-war-die-social-media-convention-in-wien\/\" \/>\n<meta property=\"og:locale\" content=\"en_US\" \/>\n<meta property=\"og:type\" content=\"article\" \/>\n<meta property=\"og:title\" content=\"AVISO: Das war die Social Media Convention in Wien - Temmel | Seywald - Corporate Communications\" \/>\n<meta property=\"og:description\" content=\"Neuauflage f\u00fcr 21. Juni 2012 geplant &#8211; Convention in Z\u00fcrich am 28. September 08.07.2011 Wien \u2013 Am 30. Juni fand in Wien die Best of Social Media Convention 2011 statt, eine Veranstaltung der Nachrichtenagentur pressetext in Kooperation mit den Kommunikationsverb\u00e4nden DMV\u00d6 und PRVA. Die hochkar\u00e4tigen Referate zur Nutzung von Social Media Kan\u00e4len in der Unternehmenskommunikation&hellip;\" \/>\n<meta property=\"og:url\" content=\"https:\/\/www.tsp.at\/en\/2011\/07\/08\/aviso-das-war-die-social-media-convention-in-wien\/\" \/>\n<meta property=\"og:site_name\" content=\"Temmel | Seywald - Corporate Communications\" \/>\n<meta property=\"article:publisher\" content=\"https:\/\/www.facebook.com\/TemmelSeywald\" \/>\n<meta property=\"article:published_time\" content=\"2011-07-08T16:51:00+00:00\" \/>\n<meta property=\"article:modified_time\" content=\"2025-10-21T13:00:47+00:00\" \/>\n<meta property=\"og:image\" content=\"https:\/\/www.tsp.at\/wp-content\/uploads\/2025\/10\/190.jpg\" \/>\n\t<meta property=\"og:image:width\" content=\"2100\" \/>\n\t<meta property=\"og:image:height\" content=\"1400\" \/>\n\t<meta property=\"og:image:type\" content=\"image\/jpeg\" \/>\n<meta name=\"author\" content=\"TSP Redaktion\" \/>\n<meta name=\"twitter:card\" content=\"summary_large_image\" \/>\n<meta name=\"twitter:label1\" content=\"Written by\" \/>\n\t<meta name=\"twitter:data1\" content=\"TSP Redaktion\" \/>\n\t<meta name=\"twitter:label2\" content=\"Est. reading time\" \/>\n\t<meta name=\"twitter:data2\" content=\"3 minutes\" \/>\n<script type=\"application\/ld+json\" class=\"yoast-schema-graph\">{\"@context\":\"https:\/\/schema.org\",\"@graph\":[{\"@type\":\"Article\",\"@id\":\"https:\/\/www.tsp.at\/en\/2011\/07\/08\/aviso-das-war-die-social-media-convention-in-wien\/#article\",\"isPartOf\":{\"@id\":\"https:\/\/www.tsp.at\/en\/2011\/07\/08\/aviso-das-war-die-social-media-convention-in-wien\/\"},\"author\":{\"name\":\"TSP Redaktion\",\"@id\":\"https:\/\/www.tsp.at\/en\/#\/schema\/person\/1ba5600c29da17b902b0925cea567f8a\"},\"headline\":\"AVISO: Das war die Social Media Convention in Wien\",\"datePublished\":\"2011-07-08T16:51:00+00:00\",\"dateModified\":\"2025-10-21T13:00:47+00:00\",\"mainEntityOfPage\":{\"@id\":\"https:\/\/www.tsp.at\/en\/2011\/07\/08\/aviso-das-war-die-social-media-convention-in-wien\/\"},\"wordCount\":545,\"publisher\":{\"@id\":\"https:\/\/www.tsp.at\/en\/#organization\"},\"image\":{\"@id\":\"https:\/\/www.tsp.at\/en\/2011\/07\/08\/aviso-das-war-die-social-media-convention-in-wien\/#primaryimage\"},\"thumbnailUrl\":\"https:\/\/www.tsp.at\/wp-content\/uploads\/2025\/10\/190.jpg\",\"articleSection\":[\"News\"],\"inLanguage\":\"en-US\"},{\"@type\":\"WebPage\",\"@id\":\"https:\/\/www.tsp.at\/en\/2011\/07\/08\/aviso-das-war-die-social-media-convention-in-wien\/\",\"url\":\"https:\/\/www.tsp.at\/en\/2011\/07\/08\/aviso-das-war-die-social-media-convention-in-wien\/\",\"name\":\"AVISO: Das war die Social Media Convention in Wien - Temmel | Seywald - Corporate Communications\",\"isPartOf\":{\"@id\":\"https:\/\/www.tsp.at\/en\/#website\"},\"primaryImageOfPage\":{\"@id\":\"https:\/\/www.tsp.at\/en\/2011\/07\/08\/aviso-das-war-die-social-media-convention-in-wien\/#primaryimage\"},\"image\":{\"@id\":\"https:\/\/www.tsp.at\/en\/2011\/07\/08\/aviso-das-war-die-social-media-convention-in-wien\/#primaryimage\"},\"thumbnailUrl\":\"https:\/\/www.tsp.at\/wp-content\/uploads\/2025\/10\/190.jpg\",\"datePublished\":\"2011-07-08T16:51:00+00:00\",\"dateModified\":\"2025-10-21T13:00:47+00:00\",\"breadcrumb\":{\"@id\":\"https:\/\/www.tsp.at\/en\/2011\/07\/08\/aviso-das-war-die-social-media-convention-in-wien\/#breadcrumb\"},\"inLanguage\":\"en-US\",\"potentialAction\":[{\"@type\":\"ReadAction\",\"target\":[\"https:\/\/www.tsp.at\/en\/2011\/07\/08\/aviso-das-war-die-social-media-convention-in-wien\/\"]}]},{\"@type\":\"ImageObject\",\"inLanguage\":\"en-US\",\"@id\":\"https:\/\/www.tsp.at\/en\/2011\/07\/08\/aviso-das-war-die-social-media-convention-in-wien\/#primaryimage\",\"url\":\"https:\/\/www.tsp.at\/wp-content\/uploads\/2025\/10\/190.jpg\",\"contentUrl\":\"https:\/\/www.tsp.at\/wp-content\/uploads\/2025\/10\/190.jpg\",\"width\":2100,\"height\":1400,\"caption\":\"(C) fotodienst.at \/Anna Rauchenberger - Wien, 30.06.2011 \u0096 Heute lud die Nachrichtenagentur pressetext zur ersten \u0082Best of\u0092-Social Media Convention in Wien ins Hotel Wimberger. Auf dem Business-Meeting pr\u00e4sentierten erfahrene Social Media Experten Trends und Erfolgsbeispiele aus der Welt von Facebook, Twitter &amp; Youtube und gaben praktische Tipps f\u00fcr die Umsetzung von Social Media Projekten. FOTO: Dr. Wilfried Seywald, GF pressetext\"},{\"@type\":\"BreadcrumbList\",\"@id\":\"https:\/\/www.tsp.at\/en\/2011\/07\/08\/aviso-das-war-die-social-media-convention-in-wien\/#breadcrumb\",\"itemListElement\":[{\"@type\":\"ListItem\",\"position\":1,\"name\":\"Startseite\",\"item\":\"https:\/\/www.tsp.at\/en\/\"},{\"@type\":\"ListItem\",\"position\":2,\"name\":\"AVISO: Das war die Social Media Convention in Wien\"}]},{\"@type\":\"WebSite\",\"@id\":\"https:\/\/www.tsp.at\/en\/#website\",\"url\":\"https:\/\/www.tsp.at\/en\/\",\"name\":\"Temmel | Seywald - Corporate Communications\",\"description\":\"Kommunikation ist Beziehungsarbeit\",\"publisher\":{\"@id\":\"https:\/\/www.tsp.at\/en\/#organization\"},\"potentialAction\":[{\"@type\":\"SearchAction\",\"target\":{\"@type\":\"EntryPoint\",\"urlTemplate\":\"https:\/\/www.tsp.at\/en\/?s={search_term_string}\"},\"query-input\":{\"@type\":\"PropertyValueSpecification\",\"valueRequired\":true,\"valueName\":\"search_term_string\"}}],\"inLanguage\":\"en-US\"},{\"@type\":\"Organization\",\"@id\":\"https:\/\/www.tsp.at\/en\/#organization\",\"name\":\"Temmel, Seywald & Partner Communications GesmbH\",\"alternateName\":\"TSP\",\"url\":\"https:\/\/www.tsp.at\/en\/\",\"logo\":{\"@type\":\"ImageObject\",\"inLanguage\":\"en-US\",\"@id\":\"https:\/\/www.tsp.at\/en\/#\/schema\/logo\/image\/\",\"url\":\"https:\/\/www.tsp.at\/wp-content\/uploads\/2025\/10\/favicontsp.png\",\"contentUrl\":\"https:\/\/www.tsp.at\/wp-content\/uploads\/2025\/10\/favicontsp.png\",\"width\":125,\"height\":125,\"caption\":\"Temmel, Seywald & Partner Communications GesmbH\"},\"image\":{\"@id\":\"https:\/\/www.tsp.at\/en\/#\/schema\/logo\/image\/\"},\"sameAs\":[\"https:\/\/www.facebook.com\/TemmelSeywald\"]},{\"@type\":\"Person\",\"@id\":\"https:\/\/www.tsp.at\/en\/#\/schema\/person\/1ba5600c29da17b902b0925cea567f8a\",\"name\":\"TSP Redaktion\"}]}<\/script>\n<!-- \/ Yoast SEO plugin. -->","yoast_head_json":{"title":"AVISO: Das war die Social Media Convention in Wien - Temmel | Seywald - Corporate Communications","robots":{"index":"index","follow":"follow","max-snippet":"max-snippet:-1","max-image-preview":"max-image-preview:large","max-video-preview":"max-video-preview:-1"},"canonical":"https:\/\/www.tsp.at\/en\/2011\/07\/08\/aviso-das-war-die-social-media-convention-in-wien\/","og_locale":"en_US","og_type":"article","og_title":"AVISO: Das war die Social Media Convention in Wien - Temmel | Seywald - Corporate Communications","og_description":"Neuauflage f\u00fcr 21. Juni 2012 geplant &#8211; Convention in Z\u00fcrich am 28. September 08.07.2011 Wien \u2013 Am 30. Juni fand in Wien die Best of Social Media Convention 2011 statt, eine Veranstaltung der Nachrichtenagentur pressetext in Kooperation mit den Kommunikationsverb\u00e4nden DMV\u00d6 und PRVA. Die hochkar\u00e4tigen Referate zur Nutzung von Social Media Kan\u00e4len in der Unternehmenskommunikation&hellip;","og_url":"https:\/\/www.tsp.at\/en\/2011\/07\/08\/aviso-das-war-die-social-media-convention-in-wien\/","og_site_name":"Temmel | Seywald - Corporate Communications","article_publisher":"https:\/\/www.facebook.com\/TemmelSeywald","article_published_time":"2011-07-08T16:51:00+00:00","article_modified_time":"2025-10-21T13:00:47+00:00","og_image":[{"width":2100,"height":1400,"url":"https:\/\/www.tsp.at\/wp-content\/uploads\/2025\/10\/190.jpg","type":"image\/jpeg"}],"author":"TSP Redaktion","twitter_card":"summary_large_image","twitter_misc":{"Written by":"TSP Redaktion","Est. reading time":"3 minutes"},"schema":{"@context":"https:\/\/schema.org","@graph":[{"@type":"Article","@id":"https:\/\/www.tsp.at\/en\/2011\/07\/08\/aviso-das-war-die-social-media-convention-in-wien\/#article","isPartOf":{"@id":"https:\/\/www.tsp.at\/en\/2011\/07\/08\/aviso-das-war-die-social-media-convention-in-wien\/"},"author":{"name":"TSP Redaktion","@id":"https:\/\/www.tsp.at\/en\/#\/schema\/person\/1ba5600c29da17b902b0925cea567f8a"},"headline":"AVISO: Das war die Social Media Convention in Wien","datePublished":"2011-07-08T16:51:00+00:00","dateModified":"2025-10-21T13:00:47+00:00","mainEntityOfPage":{"@id":"https:\/\/www.tsp.at\/en\/2011\/07\/08\/aviso-das-war-die-social-media-convention-in-wien\/"},"wordCount":545,"publisher":{"@id":"https:\/\/www.tsp.at\/en\/#organization"},"image":{"@id":"https:\/\/www.tsp.at\/en\/2011\/07\/08\/aviso-das-war-die-social-media-convention-in-wien\/#primaryimage"},"thumbnailUrl":"https:\/\/www.tsp.at\/wp-content\/uploads\/2025\/10\/190.jpg","articleSection":["News"],"inLanguage":"en-US"},{"@type":"WebPage","@id":"https:\/\/www.tsp.at\/en\/2011\/07\/08\/aviso-das-war-die-social-media-convention-in-wien\/","url":"https:\/\/www.tsp.at\/en\/2011\/07\/08\/aviso-das-war-die-social-media-convention-in-wien\/","name":"AVISO: Das war die Social Media Convention in Wien - Temmel | Seywald - Corporate Communications","isPartOf":{"@id":"https:\/\/www.tsp.at\/en\/#website"},"primaryImageOfPage":{"@id":"https:\/\/www.tsp.at\/en\/2011\/07\/08\/aviso-das-war-die-social-media-convention-in-wien\/#primaryimage"},"image":{"@id":"https:\/\/www.tsp.at\/en\/2011\/07\/08\/aviso-das-war-die-social-media-convention-in-wien\/#primaryimage"},"thumbnailUrl":"https:\/\/www.tsp.at\/wp-content\/uploads\/2025\/10\/190.jpg","datePublished":"2011-07-08T16:51:00+00:00","dateModified":"2025-10-21T13:00:47+00:00","breadcrumb":{"@id":"https:\/\/www.tsp.at\/en\/2011\/07\/08\/aviso-das-war-die-social-media-convention-in-wien\/#breadcrumb"},"inLanguage":"en-US","potentialAction":[{"@type":"ReadAction","target":["https:\/\/www.tsp.at\/en\/2011\/07\/08\/aviso-das-war-die-social-media-convention-in-wien\/"]}]},{"@type":"ImageObject","inLanguage":"en-US","@id":"https:\/\/www.tsp.at\/en\/2011\/07\/08\/aviso-das-war-die-social-media-convention-in-wien\/#primaryimage","url":"https:\/\/www.tsp.at\/wp-content\/uploads\/2025\/10\/190.jpg","contentUrl":"https:\/\/www.tsp.at\/wp-content\/uploads\/2025\/10\/190.jpg","width":2100,"height":1400,"caption":"(C) fotodienst.at \/Anna Rauchenberger - Wien, 30.06.2011 \u0096 Heute lud die Nachrichtenagentur pressetext zur ersten \u0082Best of\u0092-Social Media Convention in Wien ins Hotel Wimberger. Auf dem Business-Meeting pr\u00e4sentierten erfahrene Social Media Experten Trends und Erfolgsbeispiele aus der Welt von Facebook, Twitter &amp; Youtube und gaben praktische Tipps f\u00fcr die Umsetzung von Social Media Projekten. FOTO: Dr. Wilfried Seywald, GF pressetext"},{"@type":"BreadcrumbList","@id":"https:\/\/www.tsp.at\/en\/2011\/07\/08\/aviso-das-war-die-social-media-convention-in-wien\/#breadcrumb","itemListElement":[{"@type":"ListItem","position":1,"name":"Startseite","item":"https:\/\/www.tsp.at\/en\/"},{"@type":"ListItem","position":2,"name":"AVISO: Das war die Social Media Convention in Wien"}]},{"@type":"WebSite","@id":"https:\/\/www.tsp.at\/en\/#website","url":"https:\/\/www.tsp.at\/en\/","name":"Temmel | Seywald - Corporate Communications","description":"Kommunikation ist Beziehungsarbeit","publisher":{"@id":"https:\/\/www.tsp.at\/en\/#organization"},"potentialAction":[{"@type":"SearchAction","target":{"@type":"EntryPoint","urlTemplate":"https:\/\/www.tsp.at\/en\/?s={search_term_string}"},"query-input":{"@type":"PropertyValueSpecification","valueRequired":true,"valueName":"search_term_string"}}],"inLanguage":"en-US"},{"@type":"Organization","@id":"https:\/\/www.tsp.at\/en\/#organization","name":"Temmel, Seywald & Partner Communications GesmbH","alternateName":"TSP","url":"https:\/\/www.tsp.at\/en\/","logo":{"@type":"ImageObject","inLanguage":"en-US","@id":"https:\/\/www.tsp.at\/en\/#\/schema\/logo\/image\/","url":"https:\/\/www.tsp.at\/wp-content\/uploads\/2025\/10\/favicontsp.png","contentUrl":"https:\/\/www.tsp.at\/wp-content\/uploads\/2025\/10\/favicontsp.png","width":125,"height":125,"caption":"Temmel, Seywald & Partner Communications GesmbH"},"image":{"@id":"https:\/\/www.tsp.at\/en\/#\/schema\/logo\/image\/"},"sameAs":["https:\/\/www.facebook.com\/TemmelSeywald"]},{"@type":"Person","@id":"https:\/\/www.tsp.at\/en\/#\/schema\/person\/1ba5600c29da17b902b0925cea567f8a","name":"TSP Redaktion"}]}},"_links":{"self":[{"href":"https:\/\/www.tsp.at\/en\/wp-json\/wp\/v2\/posts\/10743","targetHints":{"allow":["GET"]}}],"collection":[{"href":"https:\/\/www.tsp.at\/en\/wp-json\/wp\/v2\/posts"}],"about":[{"href":"https:\/\/www.tsp.at\/en\/wp-json\/wp\/v2\/types\/post"}],"author":[{"embeddable":true,"href":"https:\/\/www.tsp.at\/en\/wp-json\/wp\/v2\/users\/2"}],"replies":[{"embeddable":true,"href":"https:\/\/www.tsp.at\/en\/wp-json\/wp\/v2\/comments?post=10743"}],"version-history":[{"count":1,"href":"https:\/\/www.tsp.at\/en\/wp-json\/wp\/v2\/posts\/10743\/revisions"}],"predecessor-version":[{"id":11783,"href":"https:\/\/www.tsp.at\/en\/wp-json\/wp\/v2\/posts\/10743\/revisions\/11783"}],"wp:featuredmedia":[{"embeddable":true,"href":"https:\/\/www.tsp.at\/en\/wp-json\/wp\/v2\/media\/10742"}],"wp:attachment":[{"href":"https:\/\/www.tsp.at\/en\/wp-json\/wp\/v2\/media?parent=10743"}],"wp:term":[{"taxonomy":"category","embeddable":true,"href":"https:\/\/www.tsp.at\/en\/wp-json\/wp\/v2\/categories?post=10743"},{"taxonomy":"post_tag","embeddable":true,"href":"https:\/\/www.tsp.at\/en\/wp-json\/wp\/v2\/tags?post=10743"}],"curies":[{"name":"wp","href":"https:\/\/api.w.org\/{rel}","templated":true}]}}