{"id":10749,"date":"2011-06-01T19:59:00","date_gmt":"2011-06-01T17:59:00","guid":{"rendered":"https:\/\/staging.tsp.at\/2011\/06\/01\/pressetext-adhoc-jetzt-auch-auf-thomson-reuters\/"},"modified":"2025-10-21T15:00:47","modified_gmt":"2025-10-21T13:00:47","slug":"pressetext-adhoc-jetzt-auch-auf-thomson-reuters","status":"publish","type":"post","link":"https:\/\/www.tsp.at\/en\/2011\/06\/01\/pressetext-adhoc-jetzt-auch-auf-thomson-reuters\/","title":{"rendered":"pressetext.adhoc jetzt auch auf Thomson Reuters"},"content":{"rendered":"<article class=\"item\">\n<h2><strong>Weiterer Verbreitungskanal neben Bloomberg und Dow Jones<\/strong><\/h2>\n<p>01.06.2011<\/p>\n<\/p>\n<\/p>\n<\/p>\n<\/p>\n<\/p>\n<p>Wien \u2013 Kapitalmarktmeldungen von b\u00f6rsennotierten Unternehmen werden von der  Nachrichtenagentur pressetext ab sofort auch an die Partneragentur  Thomson Reuters <a href=\"http:\/\/thomsonreuters.com\/\" rel=\"external\" target=\"_blank\">http:\/\/thomsonreuters.com<\/a>  ausgeliefert. Damit bietet pressetext seinen Adhoc-Kunden neben  Bloomberg und Dow Jones Newswires einen weiteren gro\u00dfen  Verbreitungskanal. &#8220;Mit der Anbindung an Thomson Reuters vergr\u00f6\u00dfert  pressetext die Reichweite im Meldungsversand f\u00fcr seine Kunden weit \u00fcber  die vorgeschriebenen gesetzlichen Bestimmungen hinaus&#8221;, sagt  pressetext-Gesch\u00e4ftsf\u00fchrer Dr. Franz <span class=\"FtxtHl\">Temmel<\/span>. <a href=\"http:\/\/adhoc.pressetext.com\/range\" rel=\"external\" target=\"_blank\">http:\/\/adhoc.pressetext.com\/range<\/a> <\/p>\n<p class=\"FtxtP\">pressetext ist als f\u00fchrendes Technologie-Unternehmen  seit 1997 Dienstleister f\u00fcr den Versand von Pressemitteilungen und  Multimedia-Content. Seit dem Jahr 2010 k\u00f6nnen b\u00f6rsennotierte Unternehmen  und Emittenten pressetext f\u00fcr ihre Publizit\u00e4tspflichten und  Kapitalmarktinformationen <a href=\"http:\/\/adhoc.pressetext.com\/\" rel=\"external\" target=\"_blank\">http:\/\/adhoc.pressetext.com<\/a>  nutzen. Der Versand ist kostenfrei, sofern der Kunde \u00fcber ein g\u00fcltiges  Aussenderkonto bei pressetext verf\u00fcgt (750,- Euro\/Jahr). &#8220;Mit pressetext  k\u00f6nnen Unternehmen auf ein Fullservice-Angebot zur\u00fcckgreifen, das den  Versand von Corporate News, Video- und Fotodienst, Live-Streaming sowie  Kapitalmarktmitteilungen umfasst&#8221;, erl\u00e4utert <span class=\"FtxtHl\">Temmel<\/span>.<\/p>\n<p class=\"FtxtP\">Mit seinem neuen Versandsystem <a href=\"http:\/\/adhoc.pressetext.com\/sendingdetails\" rel=\"external\" target=\"_blank\">http:\/\/adhoc.pressetext.com\/sendingdetails<\/a>  unterst\u00fctzt pressetext zudem die vollst\u00e4ndige Erfassung von  tabellarischen Daten anstelle herk\u00f6mmlicher tabellarischer  Zeichenketten. Dadurch k\u00f6nnen publizierende Medien Tabelleninhalte  korrekt weiterverarbeiten. &#8220;Weiters bietet pressetext Schnittstellen f\u00fcr  Unternehmens-Mailinglisten zum automatischen Mitversand der Meldungen  an diese Verteiler sowie zur Auslieferung der Nachrichten an die  Unternehmens-Website an. Eine zus\u00e4tzliche Eingabe der jeweiligen Meldung  f\u00fcr den Versand oder die Ver\u00f6ffentlichung auf der eigenen Homepage ist  damit nicht mehr erforderlich&#8221;, f\u00fcgt <span class=\"FtxtHl\">Temmel<\/span> hinzu.<\/p>\n<p class=\"FtxtP\"><span class=\"FtxtBold\" style=\"margin-bottom: 10px\">\u00dcber pressetext<\/span><br \/> Die pressetext Nachrichtenagentur GmbH mit Sitz in Wien und B\u00fcros in  Deutschland und der Schweiz ist reichweitenst\u00e4rkster  Nachrichtenverbreiter in der DACH-Region. Die Agentur beliefert t\u00e4glich  rund 100.000 Abonnenten direkt mit Nachrichten, Pressemitteilungen und  Adhoc-Meldungen, davon rund 20.000 Journalisten. Zus\u00e4tzlich erfolgt der  Versand \u00fcber das Satelliten-Nachrichten-Netz SID in die  Redaktionssysteme bei \u00fcber 250 deutschen Medien- und Verlagsh\u00e4usern, und  die Ver\u00f6ffentlichung \u00fcber Dow Jones Newswires auf \u00fcber 160.000  Finanzterminals im deutschsprachigen Raum. Redaktionsdienste,  Termindienst, Fotodienst und Videodienst (pressetext.tv) runden das  Serviceangebot ab, das von rund 2.500 Kunden laufend in Anspruch  genommen wird. <a href=\"http:\/\/services.pressetext.com\/\" rel=\"external\" target=\"_blank\">http:\/\/services.pressetext.com\/<\/a> <\/p>\n<\/p>\n<\/article>\n","protected":false},"excerpt":{"rendered":"<p>Weiterer Verbreitungskanal neben Bloomberg und Dow Jones 01.06.2011 Wien \u2013 Kapitalmarktmeldungen von b\u00f6rsennotierten Unternehmen werden von der Nachrichtenagentur pressetext ab sofort auch an die Partneragentur Thomson Reuters http:\/\/thomsonreuters.com ausgeliefert. Damit bietet pressetext seinen Adhoc-Kunden neben Bloomberg und Dow Jones Newswires einen weiteren gro\u00dfen Verbreitungskanal. &#8220;Mit der Anbindung an Thomson Reuters vergr\u00f6\u00dfert pressetext die Reichweite im&hellip;<\/p>\n","protected":false},"author":2,"featured_media":10748,"comment_status":"closed","ping_status":"closed","sticky":false,"template":"","format":"standard","meta":{"footnotes":""},"categories":[3],"tags":[],"class_list":["post-10749","post","type-post","status-publish","format-standard","has-post-thumbnail","hentry","category-news","category-3","description-off"],"yoast_head":"<!-- This site is optimized with the Yoast SEO plugin v26.3 - https:\/\/yoast.com\/wordpress\/plugins\/seo\/ -->\n<title>pressetext.adhoc jetzt auch auf Thomson Reuters - Temmel | Seywald - Corporate Communications<\/title>\n<meta name=\"robots\" content=\"index, follow, max-snippet:-1, max-image-preview:large, max-video-preview:-1\" \/>\n<link rel=\"canonical\" href=\"https:\/\/www.tsp.at\/en\/2011\/06\/01\/pressetext-adhoc-jetzt-auch-auf-thomson-reuters\/\" \/>\n<meta property=\"og:locale\" content=\"en_US\" \/>\n<meta property=\"og:type\" content=\"article\" \/>\n<meta property=\"og:title\" content=\"pressetext.adhoc jetzt auch auf Thomson Reuters - Temmel | Seywald - Corporate Communications\" \/>\n<meta property=\"og:description\" content=\"Weiterer Verbreitungskanal neben Bloomberg und Dow Jones 01.06.2011 Wien \u2013 Kapitalmarktmeldungen von b\u00f6rsennotierten Unternehmen werden von der Nachrichtenagentur pressetext ab sofort auch an die Partneragentur Thomson Reuters http:\/\/thomsonreuters.com ausgeliefert. Damit bietet pressetext seinen Adhoc-Kunden neben Bloomberg und Dow Jones Newswires einen weiteren gro\u00dfen Verbreitungskanal. &#8220;Mit der Anbindung an Thomson Reuters vergr\u00f6\u00dfert pressetext die Reichweite im&hellip;\" \/>\n<meta property=\"og:url\" content=\"https:\/\/www.tsp.at\/en\/2011\/06\/01\/pressetext-adhoc-jetzt-auch-auf-thomson-reuters\/\" \/>\n<meta property=\"og:site_name\" content=\"Temmel | Seywald - Corporate Communications\" \/>\n<meta property=\"article:publisher\" content=\"https:\/\/www.facebook.com\/TemmelSeywald\" \/>\n<meta property=\"article:published_time\" content=\"2011-06-01T17:59:00+00:00\" \/>\n<meta property=\"article:modified_time\" content=\"2025-10-21T13:00:47+00:00\" \/>\n<meta property=\"og:image\" content=\"https:\/\/www.tsp.at\/wp-content\/uploads\/2025\/10\/185.jpg\" \/>\n\t<meta property=\"og:image:width\" content=\"300\" \/>\n\t<meta property=\"og:image:height\" content=\"200\" \/>\n\t<meta property=\"og:image:type\" content=\"image\/jpeg\" \/>\n<meta name=\"author\" content=\"TSP Redaktion\" \/>\n<meta name=\"twitter:card\" content=\"summary_large_image\" \/>\n<meta name=\"twitter:label1\" content=\"Written by\" \/>\n\t<meta name=\"twitter:data1\" content=\"TSP Redaktion\" \/>\n\t<meta name=\"twitter:label2\" content=\"Est. reading time\" \/>\n\t<meta name=\"twitter:data2\" content=\"2 minutes\" \/>\n<script type=\"application\/ld+json\" class=\"yoast-schema-graph\">{\"@context\":\"https:\/\/schema.org\",\"@graph\":[{\"@type\":\"Article\",\"@id\":\"https:\/\/www.tsp.at\/en\/2011\/06\/01\/pressetext-adhoc-jetzt-auch-auf-thomson-reuters\/#article\",\"isPartOf\":{\"@id\":\"https:\/\/www.tsp.at\/en\/2011\/06\/01\/pressetext-adhoc-jetzt-auch-auf-thomson-reuters\/\"},\"author\":{\"name\":\"TSP Redaktion\",\"@id\":\"https:\/\/www.tsp.at\/en\/#\/schema\/person\/1ba5600c29da17b902b0925cea567f8a\"},\"headline\":\"pressetext.adhoc jetzt auch auf Thomson Reuters\",\"datePublished\":\"2011-06-01T17:59:00+00:00\",\"dateModified\":\"2025-10-21T13:00:47+00:00\",\"mainEntityOfPage\":{\"@id\":\"https:\/\/www.tsp.at\/en\/2011\/06\/01\/pressetext-adhoc-jetzt-auch-auf-thomson-reuters\/\"},\"wordCount\":356,\"publisher\":{\"@id\":\"https:\/\/www.tsp.at\/en\/#organization\"},\"image\":{\"@id\":\"https:\/\/www.tsp.at\/en\/2011\/06\/01\/pressetext-adhoc-jetzt-auch-auf-thomson-reuters\/#primaryimage\"},\"thumbnailUrl\":\"https:\/\/www.tsp.at\/wp-content\/uploads\/2025\/10\/185.jpg\",\"articleSection\":[\"News\"],\"inLanguage\":\"en-US\"},{\"@type\":\"WebPage\",\"@id\":\"https:\/\/www.tsp.at\/en\/2011\/06\/01\/pressetext-adhoc-jetzt-auch-auf-thomson-reuters\/\",\"url\":\"https:\/\/www.tsp.at\/en\/2011\/06\/01\/pressetext-adhoc-jetzt-auch-auf-thomson-reuters\/\",\"name\":\"pressetext.adhoc jetzt auch auf Thomson Reuters - Temmel | Seywald - Corporate Communications\",\"isPartOf\":{\"@id\":\"https:\/\/www.tsp.at\/en\/#website\"},\"primaryImageOfPage\":{\"@id\":\"https:\/\/www.tsp.at\/en\/2011\/06\/01\/pressetext-adhoc-jetzt-auch-auf-thomson-reuters\/#primaryimage\"},\"image\":{\"@id\":\"https:\/\/www.tsp.at\/en\/2011\/06\/01\/pressetext-adhoc-jetzt-auch-auf-thomson-reuters\/#primaryimage\"},\"thumbnailUrl\":\"https:\/\/www.tsp.at\/wp-content\/uploads\/2025\/10\/185.jpg\",\"datePublished\":\"2011-06-01T17:59:00+00:00\",\"dateModified\":\"2025-10-21T13:00:47+00:00\",\"breadcrumb\":{\"@id\":\"https:\/\/www.tsp.at\/en\/2011\/06\/01\/pressetext-adhoc-jetzt-auch-auf-thomson-reuters\/#breadcrumb\"},\"inLanguage\":\"en-US\",\"potentialAction\":[{\"@type\":\"ReadAction\",\"target\":[\"https:\/\/www.tsp.at\/en\/2011\/06\/01\/pressetext-adhoc-jetzt-auch-auf-thomson-reuters\/\"]}]},{\"@type\":\"ImageObject\",\"inLanguage\":\"en-US\",\"@id\":\"https:\/\/www.tsp.at\/en\/2011\/06\/01\/pressetext-adhoc-jetzt-auch-auf-thomson-reuters\/#primaryimage\",\"url\":\"https:\/\/www.tsp.at\/wp-content\/uploads\/2025\/10\/185.jpg\",\"contentUrl\":\"https:\/\/www.tsp.at\/wp-content\/uploads\/2025\/10\/185.jpg\",\"width\":300,\"height\":200,\"caption\":\"(C) fotodienst\/Anna Rauchenberger - Wien, am 18.09.2009 - FOTO: pressetext-Chef Dr. Franz Temmel\"},{\"@type\":\"BreadcrumbList\",\"@id\":\"https:\/\/www.tsp.at\/en\/2011\/06\/01\/pressetext-adhoc-jetzt-auch-auf-thomson-reuters\/#breadcrumb\",\"itemListElement\":[{\"@type\":\"ListItem\",\"position\":1,\"name\":\"Startseite\",\"item\":\"https:\/\/www.tsp.at\/en\/\"},{\"@type\":\"ListItem\",\"position\":2,\"name\":\"pressetext.adhoc jetzt auch auf Thomson Reuters\"}]},{\"@type\":\"WebSite\",\"@id\":\"https:\/\/www.tsp.at\/en\/#website\",\"url\":\"https:\/\/www.tsp.at\/en\/\",\"name\":\"Temmel | Seywald - Corporate Communications\",\"description\":\"Kommunikation ist Beziehungsarbeit\",\"publisher\":{\"@id\":\"https:\/\/www.tsp.at\/en\/#organization\"},\"potentialAction\":[{\"@type\":\"SearchAction\",\"target\":{\"@type\":\"EntryPoint\",\"urlTemplate\":\"https:\/\/www.tsp.at\/en\/?s={search_term_string}\"},\"query-input\":{\"@type\":\"PropertyValueSpecification\",\"valueRequired\":true,\"valueName\":\"search_term_string\"}}],\"inLanguage\":\"en-US\"},{\"@type\":\"Organization\",\"@id\":\"https:\/\/www.tsp.at\/en\/#organization\",\"name\":\"Temmel, Seywald & Partner Communications GesmbH\",\"alternateName\":\"TSP\",\"url\":\"https:\/\/www.tsp.at\/en\/\",\"logo\":{\"@type\":\"ImageObject\",\"inLanguage\":\"en-US\",\"@id\":\"https:\/\/www.tsp.at\/en\/#\/schema\/logo\/image\/\",\"url\":\"https:\/\/www.tsp.at\/wp-content\/uploads\/2025\/10\/favicontsp.png\",\"contentUrl\":\"https:\/\/www.tsp.at\/wp-content\/uploads\/2025\/10\/favicontsp.png\",\"width\":125,\"height\":125,\"caption\":\"Temmel, Seywald & Partner Communications GesmbH\"},\"image\":{\"@id\":\"https:\/\/www.tsp.at\/en\/#\/schema\/logo\/image\/\"},\"sameAs\":[\"https:\/\/www.facebook.com\/TemmelSeywald\"]},{\"@type\":\"Person\",\"@id\":\"https:\/\/www.tsp.at\/en\/#\/schema\/person\/1ba5600c29da17b902b0925cea567f8a\",\"name\":\"TSP Redaktion\"}]}<\/script>\n<!-- \/ Yoast SEO plugin. -->","yoast_head_json":{"title":"pressetext.adhoc jetzt auch auf Thomson Reuters - Temmel | Seywald - Corporate Communications","robots":{"index":"index","follow":"follow","max-snippet":"max-snippet:-1","max-image-preview":"max-image-preview:large","max-video-preview":"max-video-preview:-1"},"canonical":"https:\/\/www.tsp.at\/en\/2011\/06\/01\/pressetext-adhoc-jetzt-auch-auf-thomson-reuters\/","og_locale":"en_US","og_type":"article","og_title":"pressetext.adhoc jetzt auch auf Thomson Reuters - Temmel | Seywald - Corporate Communications","og_description":"Weiterer Verbreitungskanal neben Bloomberg und Dow Jones 01.06.2011 Wien \u2013 Kapitalmarktmeldungen von b\u00f6rsennotierten Unternehmen werden von der Nachrichtenagentur pressetext ab sofort auch an die Partneragentur Thomson Reuters http:\/\/thomsonreuters.com ausgeliefert. Damit bietet pressetext seinen Adhoc-Kunden neben Bloomberg und Dow Jones Newswires einen weiteren gro\u00dfen Verbreitungskanal. &#8220;Mit der Anbindung an Thomson Reuters vergr\u00f6\u00dfert pressetext die Reichweite im&hellip;","og_url":"https:\/\/www.tsp.at\/en\/2011\/06\/01\/pressetext-adhoc-jetzt-auch-auf-thomson-reuters\/","og_site_name":"Temmel | Seywald - Corporate Communications","article_publisher":"https:\/\/www.facebook.com\/TemmelSeywald","article_published_time":"2011-06-01T17:59:00+00:00","article_modified_time":"2025-10-21T13:00:47+00:00","og_image":[{"width":300,"height":200,"url":"https:\/\/www.tsp.at\/wp-content\/uploads\/2025\/10\/185.jpg","type":"image\/jpeg"}],"author":"TSP Redaktion","twitter_card":"summary_large_image","twitter_misc":{"Written by":"TSP Redaktion","Est. reading time":"2 minutes"},"schema":{"@context":"https:\/\/schema.org","@graph":[{"@type":"Article","@id":"https:\/\/www.tsp.at\/en\/2011\/06\/01\/pressetext-adhoc-jetzt-auch-auf-thomson-reuters\/#article","isPartOf":{"@id":"https:\/\/www.tsp.at\/en\/2011\/06\/01\/pressetext-adhoc-jetzt-auch-auf-thomson-reuters\/"},"author":{"name":"TSP Redaktion","@id":"https:\/\/www.tsp.at\/en\/#\/schema\/person\/1ba5600c29da17b902b0925cea567f8a"},"headline":"pressetext.adhoc jetzt auch auf Thomson Reuters","datePublished":"2011-06-01T17:59:00+00:00","dateModified":"2025-10-21T13:00:47+00:00","mainEntityOfPage":{"@id":"https:\/\/www.tsp.at\/en\/2011\/06\/01\/pressetext-adhoc-jetzt-auch-auf-thomson-reuters\/"},"wordCount":356,"publisher":{"@id":"https:\/\/www.tsp.at\/en\/#organization"},"image":{"@id":"https:\/\/www.tsp.at\/en\/2011\/06\/01\/pressetext-adhoc-jetzt-auch-auf-thomson-reuters\/#primaryimage"},"thumbnailUrl":"https:\/\/www.tsp.at\/wp-content\/uploads\/2025\/10\/185.jpg","articleSection":["News"],"inLanguage":"en-US"},{"@type":"WebPage","@id":"https:\/\/www.tsp.at\/en\/2011\/06\/01\/pressetext-adhoc-jetzt-auch-auf-thomson-reuters\/","url":"https:\/\/www.tsp.at\/en\/2011\/06\/01\/pressetext-adhoc-jetzt-auch-auf-thomson-reuters\/","name":"pressetext.adhoc jetzt auch auf Thomson Reuters - Temmel | Seywald - Corporate Communications","isPartOf":{"@id":"https:\/\/www.tsp.at\/en\/#website"},"primaryImageOfPage":{"@id":"https:\/\/www.tsp.at\/en\/2011\/06\/01\/pressetext-adhoc-jetzt-auch-auf-thomson-reuters\/#primaryimage"},"image":{"@id":"https:\/\/www.tsp.at\/en\/2011\/06\/01\/pressetext-adhoc-jetzt-auch-auf-thomson-reuters\/#primaryimage"},"thumbnailUrl":"https:\/\/www.tsp.at\/wp-content\/uploads\/2025\/10\/185.jpg","datePublished":"2011-06-01T17:59:00+00:00","dateModified":"2025-10-21T13:00:47+00:00","breadcrumb":{"@id":"https:\/\/www.tsp.at\/en\/2011\/06\/01\/pressetext-adhoc-jetzt-auch-auf-thomson-reuters\/#breadcrumb"},"inLanguage":"en-US","potentialAction":[{"@type":"ReadAction","target":["https:\/\/www.tsp.at\/en\/2011\/06\/01\/pressetext-adhoc-jetzt-auch-auf-thomson-reuters\/"]}]},{"@type":"ImageObject","inLanguage":"en-US","@id":"https:\/\/www.tsp.at\/en\/2011\/06\/01\/pressetext-adhoc-jetzt-auch-auf-thomson-reuters\/#primaryimage","url":"https:\/\/www.tsp.at\/wp-content\/uploads\/2025\/10\/185.jpg","contentUrl":"https:\/\/www.tsp.at\/wp-content\/uploads\/2025\/10\/185.jpg","width":300,"height":200,"caption":"(C) fotodienst\/Anna Rauchenberger - Wien, am 18.09.2009 - FOTO: pressetext-Chef Dr. Franz Temmel"},{"@type":"BreadcrumbList","@id":"https:\/\/www.tsp.at\/en\/2011\/06\/01\/pressetext-adhoc-jetzt-auch-auf-thomson-reuters\/#breadcrumb","itemListElement":[{"@type":"ListItem","position":1,"name":"Startseite","item":"https:\/\/www.tsp.at\/en\/"},{"@type":"ListItem","position":2,"name":"pressetext.adhoc jetzt auch auf Thomson Reuters"}]},{"@type":"WebSite","@id":"https:\/\/www.tsp.at\/en\/#website","url":"https:\/\/www.tsp.at\/en\/","name":"Temmel | Seywald - Corporate Communications","description":"Kommunikation ist Beziehungsarbeit","publisher":{"@id":"https:\/\/www.tsp.at\/en\/#organization"},"potentialAction":[{"@type":"SearchAction","target":{"@type":"EntryPoint","urlTemplate":"https:\/\/www.tsp.at\/en\/?s={search_term_string}"},"query-input":{"@type":"PropertyValueSpecification","valueRequired":true,"valueName":"search_term_string"}}],"inLanguage":"en-US"},{"@type":"Organization","@id":"https:\/\/www.tsp.at\/en\/#organization","name":"Temmel, Seywald & Partner Communications GesmbH","alternateName":"TSP","url":"https:\/\/www.tsp.at\/en\/","logo":{"@type":"ImageObject","inLanguage":"en-US","@id":"https:\/\/www.tsp.at\/en\/#\/schema\/logo\/image\/","url":"https:\/\/www.tsp.at\/wp-content\/uploads\/2025\/10\/favicontsp.png","contentUrl":"https:\/\/www.tsp.at\/wp-content\/uploads\/2025\/10\/favicontsp.png","width":125,"height":125,"caption":"Temmel, Seywald & Partner Communications GesmbH"},"image":{"@id":"https:\/\/www.tsp.at\/en\/#\/schema\/logo\/image\/"},"sameAs":["https:\/\/www.facebook.com\/TemmelSeywald"]},{"@type":"Person","@id":"https:\/\/www.tsp.at\/en\/#\/schema\/person\/1ba5600c29da17b902b0925cea567f8a","name":"TSP Redaktion"}]}},"_links":{"self":[{"href":"https:\/\/www.tsp.at\/en\/wp-json\/wp\/v2\/posts\/10749","targetHints":{"allow":["GET"]}}],"collection":[{"href":"https:\/\/www.tsp.at\/en\/wp-json\/wp\/v2\/posts"}],"about":[{"href":"https:\/\/www.tsp.at\/en\/wp-json\/wp\/v2\/types\/post"}],"author":[{"embeddable":true,"href":"https:\/\/www.tsp.at\/en\/wp-json\/wp\/v2\/users\/2"}],"replies":[{"embeddable":true,"href":"https:\/\/www.tsp.at\/en\/wp-json\/wp\/v2\/comments?post=10749"}],"version-history":[{"count":1,"href":"https:\/\/www.tsp.at\/en\/wp-json\/wp\/v2\/posts\/10749\/revisions"}],"predecessor-version":[{"id":11786,"href":"https:\/\/www.tsp.at\/en\/wp-json\/wp\/v2\/posts\/10749\/revisions\/11786"}],"wp:featuredmedia":[{"embeddable":true,"href":"https:\/\/www.tsp.at\/en\/wp-json\/wp\/v2\/media\/10748"}],"wp:attachment":[{"href":"https:\/\/www.tsp.at\/en\/wp-json\/wp\/v2\/media?parent=10749"}],"wp:term":[{"taxonomy":"category","embeddable":true,"href":"https:\/\/www.tsp.at\/en\/wp-json\/wp\/v2\/categories?post=10749"},{"taxonomy":"post_tag","embeddable":true,"href":"https:\/\/www.tsp.at\/en\/wp-json\/wp\/v2\/tags?post=10749"}],"curies":[{"name":"wp","href":"https:\/\/api.w.org\/{rel}","templated":true}]}}