{"id":10759,"date":"2011-02-08T11:55:00","date_gmt":"2011-02-08T10:55:00","guid":{"rendered":"https:\/\/staging.tsp.at\/2011\/02\/08\/pressetext-jetzt-am-ipad\/"},"modified":"2025-10-21T15:00:48","modified_gmt":"2025-10-21T13:00:48","slug":"pressetext-jetzt-am-ipad","status":"publish","type":"post","link":"https:\/\/www.tsp.at\/en\/2011\/02\/08\/pressetext-jetzt-am-ipad\/","title":{"rendered":"pressetext jetzt am iPad"},"content":{"rendered":"<article class=\"item\">\n<h2><strong>Temmel, Seywald &amp; Partner ber\u00e4t bei Implementierung<\/strong><\/h2>\n<p>08.02.2011<\/p>\n<\/p>\n<\/p>\n<\/p>\n<\/p>\n<\/p>\n<p>Wien \u2013 <span style=\"line-height: 140%\">pressetext-LeserInnen k\u00f6nnen die Meldungen der Nachrichtenagentur ab sofort auch am iPad und iPhone abrufen. Die Applikationen stehen kostenlos  zur Verf\u00fcgung und k\u00f6nnen \u00fcber den iTunes App Store heruntergeladen  werden <a href=\"http:\/\/www.itunes.com\/app\/pressetext\" target=\"_blank\">http:\/\/www.itunes.com\/app\/pressetext<\/a>.  Die News sind \u00fcbersichtlich nach Channels gegliedert, \u00fcber die Apps  sind aktuelle Nachrichten, Pressemitteilungen sowie Meldungen  b\u00f6rsennotierter Unternehmen st\u00e4ndig parat.  Bei der Realisierung und Implementierung der Applikationen waren die PR-Consultants von Temmel, Seywald &amp; Partner beteiligt.<br \/><\/span><\/p>\n<p><span style=\"line-height: 140%\"> Realisiert wurden die pressetext-Apps <a href=\"http:\/\/services.pressetext.com\/app\" target=\"_blank\">http:\/\/services.pressetext.com\/app<\/a> in Zusammenarbeit mit Living Interactive Labs, Spezialist f\u00fcr High-End Technologien <a href=\"http:\/\/www.living-ilabs.com\/\" target=\"_blank\">http:\/\/www.living-ilabs.com<\/a> und Webulos <a href=\"http:\/\/www.webulos.com\/\" target=\"_blank\">http:\/\/www.webulos.com<\/a>,  einem innovativen Entwicklerunternehmen im Bereich mobiler Anwendungen  f\u00fcr iOS- sowie Android-Endger\u00e4te. Besonderer Wert wurde bei der  Entwicklung auf die Social-Web-Verbindung gelegt. Via Twitter und  Facebook k\u00f6nnen Artikel mit einem Klick direkt aus der App  weiterempfohlen und mit Freunden geteilt werden. Die iPad-Version  unterst\u00fctzt dar\u00fcber hinaus sowohl die Darstellung im Hoch- als auch im  Querformat. <\/p>\n<p><strong>Neueste Suchtechnologien<\/strong> <\/p>\n<p>Ein wichtiger Bestandteil der pressetext-Apps ist die Suchfunktion.  &#8220;Als technologief\u00fchrende Nachrichtenagentur setzt pressetext auf  zukunftsweisende, intelligente Suchtechnologien, die bei der Eingabe von  Stichworten in den Suchergebnissen auch \u00e4hnliche Begriffe  miteinbeziehen und Vorschautexte liefern. Experten k\u00f6nnen zus\u00e4tzlich  eine umfangreiche Suchsyntax nutzen&#8221;, sagt pressetext-Gesch\u00e4ftsf\u00fchrer  Franz <strong><span style=\"color: #b40032\">Temmel<\/span><\/strong>. Das komplette News-Archiv ist frei zug\u00e4nglich und kann f\u00fcr Recherchen jederzeit verwendet werden.  <br \/><\/span><\/p>\n<\/article>\n","protected":false},"excerpt":{"rendered":"<p>Temmel, Seywald &amp; Partner ber\u00e4t bei Implementierung 08.02.2011 Wien \u2013 pressetext-LeserInnen k\u00f6nnen die Meldungen der Nachrichtenagentur ab sofort auch am iPad und iPhone abrufen. Die Applikationen stehen kostenlos zur Verf\u00fcgung und k\u00f6nnen \u00fcber den iTunes App Store heruntergeladen werden http:\/\/www.itunes.com\/app\/pressetext. Die News sind \u00fcbersichtlich nach Channels gegliedert, \u00fcber die Apps sind aktuelle Nachrichten, Pressemitteilungen sowie&hellip;<\/p>\n","protected":false},"author":2,"featured_media":10758,"comment_status":"closed","ping_status":"closed","sticky":false,"template":"","format":"standard","meta":{"footnotes":""},"categories":[3],"tags":[],"class_list":["post-10759","post","type-post","status-publish","format-standard","has-post-thumbnail","hentry","category-news","category-3","description-off"],"yoast_head":"<!-- This site is optimized with the Yoast SEO plugin v26.3 - https:\/\/yoast.com\/wordpress\/plugins\/seo\/ -->\n<title>pressetext jetzt am iPad - Temmel | Seywald - Corporate Communications<\/title>\n<meta name=\"robots\" content=\"index, follow, max-snippet:-1, max-image-preview:large, max-video-preview:-1\" \/>\n<link rel=\"canonical\" href=\"https:\/\/www.tsp.at\/en\/2011\/02\/08\/pressetext-jetzt-am-ipad\/\" \/>\n<meta property=\"og:locale\" content=\"en_US\" \/>\n<meta property=\"og:type\" content=\"article\" \/>\n<meta property=\"og:title\" content=\"pressetext jetzt am iPad - Temmel | Seywald - Corporate Communications\" \/>\n<meta property=\"og:description\" content=\"Temmel, Seywald &amp; Partner ber\u00e4t bei Implementierung 08.02.2011 Wien \u2013 pressetext-LeserInnen k\u00f6nnen die Meldungen der Nachrichtenagentur ab sofort auch am iPad und iPhone abrufen. Die Applikationen stehen kostenlos zur Verf\u00fcgung und k\u00f6nnen \u00fcber den iTunes App Store heruntergeladen werden http:\/\/www.itunes.com\/app\/pressetext. Die News sind \u00fcbersichtlich nach Channels gegliedert, \u00fcber die Apps sind aktuelle Nachrichten, Pressemitteilungen sowie&hellip;\" \/>\n<meta property=\"og:url\" content=\"https:\/\/www.tsp.at\/en\/2011\/02\/08\/pressetext-jetzt-am-ipad\/\" \/>\n<meta property=\"og:site_name\" content=\"Temmel | Seywald - Corporate Communications\" \/>\n<meta property=\"article:publisher\" content=\"https:\/\/www.facebook.com\/TemmelSeywald\" \/>\n<meta property=\"article:published_time\" content=\"2011-02-08T10:55:00+00:00\" \/>\n<meta property=\"article:modified_time\" content=\"2025-10-21T13:00:48+00:00\" \/>\n<meta property=\"og:image\" content=\"https:\/\/www.tsp.at\/wp-content\/uploads\/2025\/10\/180.jpg\" \/>\n\t<meta property=\"og:image:width\" content=\"300\" \/>\n\t<meta property=\"og:image:height\" content=\"228\" \/>\n\t<meta property=\"og:image:type\" content=\"image\/jpeg\" \/>\n<meta name=\"author\" content=\"TSP Redaktion\" \/>\n<meta name=\"twitter:card\" content=\"summary_large_image\" \/>\n<meta name=\"twitter:label1\" content=\"Written by\" \/>\n\t<meta name=\"twitter:data1\" content=\"TSP Redaktion\" \/>\n\t<meta name=\"twitter:label2\" content=\"Est. reading time\" \/>\n\t<meta name=\"twitter:data2\" content=\"2 minutes\" \/>\n<script type=\"application\/ld+json\" class=\"yoast-schema-graph\">{\"@context\":\"https:\/\/schema.org\",\"@graph\":[{\"@type\":\"Article\",\"@id\":\"https:\/\/www.tsp.at\/en\/2011\/02\/08\/pressetext-jetzt-am-ipad\/#article\",\"isPartOf\":{\"@id\":\"https:\/\/www.tsp.at\/en\/2011\/02\/08\/pressetext-jetzt-am-ipad\/\"},\"author\":{\"name\":\"TSP Redaktion\",\"@id\":\"https:\/\/www.tsp.at\/en\/#\/schema\/person\/1ba5600c29da17b902b0925cea567f8a\"},\"headline\":\"pressetext jetzt am iPad\",\"datePublished\":\"2011-02-08T10:55:00+00:00\",\"dateModified\":\"2025-10-21T13:00:48+00:00\",\"mainEntityOfPage\":{\"@id\":\"https:\/\/www.tsp.at\/en\/2011\/02\/08\/pressetext-jetzt-am-ipad\/\"},\"wordCount\":244,\"publisher\":{\"@id\":\"https:\/\/www.tsp.at\/en\/#organization\"},\"image\":{\"@id\":\"https:\/\/www.tsp.at\/en\/2011\/02\/08\/pressetext-jetzt-am-ipad\/#primaryimage\"},\"thumbnailUrl\":\"https:\/\/www.tsp.at\/wp-content\/uploads\/2025\/10\/180.jpg\",\"articleSection\":[\"News\"],\"inLanguage\":\"en-US\"},{\"@type\":\"WebPage\",\"@id\":\"https:\/\/www.tsp.at\/en\/2011\/02\/08\/pressetext-jetzt-am-ipad\/\",\"url\":\"https:\/\/www.tsp.at\/en\/2011\/02\/08\/pressetext-jetzt-am-ipad\/\",\"name\":\"pressetext jetzt am iPad - Temmel | Seywald - Corporate Communications\",\"isPartOf\":{\"@id\":\"https:\/\/www.tsp.at\/en\/#website\"},\"primaryImageOfPage\":{\"@id\":\"https:\/\/www.tsp.at\/en\/2011\/02\/08\/pressetext-jetzt-am-ipad\/#primaryimage\"},\"image\":{\"@id\":\"https:\/\/www.tsp.at\/en\/2011\/02\/08\/pressetext-jetzt-am-ipad\/#primaryimage\"},\"thumbnailUrl\":\"https:\/\/www.tsp.at\/wp-content\/uploads\/2025\/10\/180.jpg\",\"datePublished\":\"2011-02-08T10:55:00+00:00\",\"dateModified\":\"2025-10-21T13:00:48+00:00\",\"breadcrumb\":{\"@id\":\"https:\/\/www.tsp.at\/en\/2011\/02\/08\/pressetext-jetzt-am-ipad\/#breadcrumb\"},\"inLanguage\":\"en-US\",\"potentialAction\":[{\"@type\":\"ReadAction\",\"target\":[\"https:\/\/www.tsp.at\/en\/2011\/02\/08\/pressetext-jetzt-am-ipad\/\"]}]},{\"@type\":\"ImageObject\",\"inLanguage\":\"en-US\",\"@id\":\"https:\/\/www.tsp.at\/en\/2011\/02\/08\/pressetext-jetzt-am-ipad\/#primaryimage\",\"url\":\"https:\/\/www.tsp.at\/wp-content\/uploads\/2025\/10\/180.jpg\",\"contentUrl\":\"https:\/\/www.tsp.at\/wp-content\/uploads\/2025\/10\/180.jpg\",\"width\":300,\"height\":228},{\"@type\":\"BreadcrumbList\",\"@id\":\"https:\/\/www.tsp.at\/en\/2011\/02\/08\/pressetext-jetzt-am-ipad\/#breadcrumb\",\"itemListElement\":[{\"@type\":\"ListItem\",\"position\":1,\"name\":\"Startseite\",\"item\":\"https:\/\/www.tsp.at\/en\/\"},{\"@type\":\"ListItem\",\"position\":2,\"name\":\"pressetext jetzt am iPad\"}]},{\"@type\":\"WebSite\",\"@id\":\"https:\/\/www.tsp.at\/en\/#website\",\"url\":\"https:\/\/www.tsp.at\/en\/\",\"name\":\"Temmel | Seywald - Corporate Communications\",\"description\":\"Kommunikation ist Beziehungsarbeit\",\"publisher\":{\"@id\":\"https:\/\/www.tsp.at\/en\/#organization\"},\"potentialAction\":[{\"@type\":\"SearchAction\",\"target\":{\"@type\":\"EntryPoint\",\"urlTemplate\":\"https:\/\/www.tsp.at\/en\/?s={search_term_string}\"},\"query-input\":{\"@type\":\"PropertyValueSpecification\",\"valueRequired\":true,\"valueName\":\"search_term_string\"}}],\"inLanguage\":\"en-US\"},{\"@type\":\"Organization\",\"@id\":\"https:\/\/www.tsp.at\/en\/#organization\",\"name\":\"Temmel, Seywald & Partner Communications GesmbH\",\"alternateName\":\"TSP\",\"url\":\"https:\/\/www.tsp.at\/en\/\",\"logo\":{\"@type\":\"ImageObject\",\"inLanguage\":\"en-US\",\"@id\":\"https:\/\/www.tsp.at\/en\/#\/schema\/logo\/image\/\",\"url\":\"https:\/\/www.tsp.at\/wp-content\/uploads\/2025\/10\/favicontsp.png\",\"contentUrl\":\"https:\/\/www.tsp.at\/wp-content\/uploads\/2025\/10\/favicontsp.png\",\"width\":125,\"height\":125,\"caption\":\"Temmel, Seywald & Partner Communications GesmbH\"},\"image\":{\"@id\":\"https:\/\/www.tsp.at\/en\/#\/schema\/logo\/image\/\"},\"sameAs\":[\"https:\/\/www.facebook.com\/TemmelSeywald\"]},{\"@type\":\"Person\",\"@id\":\"https:\/\/www.tsp.at\/en\/#\/schema\/person\/1ba5600c29da17b902b0925cea567f8a\",\"name\":\"TSP Redaktion\"}]}<\/script>\n<!-- \/ Yoast SEO plugin. -->","yoast_head_json":{"title":"pressetext jetzt am iPad - Temmel | Seywald - Corporate Communications","robots":{"index":"index","follow":"follow","max-snippet":"max-snippet:-1","max-image-preview":"max-image-preview:large","max-video-preview":"max-video-preview:-1"},"canonical":"https:\/\/www.tsp.at\/en\/2011\/02\/08\/pressetext-jetzt-am-ipad\/","og_locale":"en_US","og_type":"article","og_title":"pressetext jetzt am iPad - Temmel | Seywald - Corporate Communications","og_description":"Temmel, Seywald &amp; Partner ber\u00e4t bei Implementierung 08.02.2011 Wien \u2013 pressetext-LeserInnen k\u00f6nnen die Meldungen der Nachrichtenagentur ab sofort auch am iPad und iPhone abrufen. Die Applikationen stehen kostenlos zur Verf\u00fcgung und k\u00f6nnen \u00fcber den iTunes App Store heruntergeladen werden http:\/\/www.itunes.com\/app\/pressetext. Die News sind \u00fcbersichtlich nach Channels gegliedert, \u00fcber die Apps sind aktuelle Nachrichten, Pressemitteilungen sowie&hellip;","og_url":"https:\/\/www.tsp.at\/en\/2011\/02\/08\/pressetext-jetzt-am-ipad\/","og_site_name":"Temmel | Seywald - Corporate Communications","article_publisher":"https:\/\/www.facebook.com\/TemmelSeywald","article_published_time":"2011-02-08T10:55:00+00:00","article_modified_time":"2025-10-21T13:00:48+00:00","og_image":[{"width":300,"height":228,"url":"https:\/\/www.tsp.at\/wp-content\/uploads\/2025\/10\/180.jpg","type":"image\/jpeg"}],"author":"TSP Redaktion","twitter_card":"summary_large_image","twitter_misc":{"Written by":"TSP Redaktion","Est. reading time":"2 minutes"},"schema":{"@context":"https:\/\/schema.org","@graph":[{"@type":"Article","@id":"https:\/\/www.tsp.at\/en\/2011\/02\/08\/pressetext-jetzt-am-ipad\/#article","isPartOf":{"@id":"https:\/\/www.tsp.at\/en\/2011\/02\/08\/pressetext-jetzt-am-ipad\/"},"author":{"name":"TSP Redaktion","@id":"https:\/\/www.tsp.at\/en\/#\/schema\/person\/1ba5600c29da17b902b0925cea567f8a"},"headline":"pressetext jetzt am iPad","datePublished":"2011-02-08T10:55:00+00:00","dateModified":"2025-10-21T13:00:48+00:00","mainEntityOfPage":{"@id":"https:\/\/www.tsp.at\/en\/2011\/02\/08\/pressetext-jetzt-am-ipad\/"},"wordCount":244,"publisher":{"@id":"https:\/\/www.tsp.at\/en\/#organization"},"image":{"@id":"https:\/\/www.tsp.at\/en\/2011\/02\/08\/pressetext-jetzt-am-ipad\/#primaryimage"},"thumbnailUrl":"https:\/\/www.tsp.at\/wp-content\/uploads\/2025\/10\/180.jpg","articleSection":["News"],"inLanguage":"en-US"},{"@type":"WebPage","@id":"https:\/\/www.tsp.at\/en\/2011\/02\/08\/pressetext-jetzt-am-ipad\/","url":"https:\/\/www.tsp.at\/en\/2011\/02\/08\/pressetext-jetzt-am-ipad\/","name":"pressetext jetzt am iPad - Temmel | Seywald - Corporate Communications","isPartOf":{"@id":"https:\/\/www.tsp.at\/en\/#website"},"primaryImageOfPage":{"@id":"https:\/\/www.tsp.at\/en\/2011\/02\/08\/pressetext-jetzt-am-ipad\/#primaryimage"},"image":{"@id":"https:\/\/www.tsp.at\/en\/2011\/02\/08\/pressetext-jetzt-am-ipad\/#primaryimage"},"thumbnailUrl":"https:\/\/www.tsp.at\/wp-content\/uploads\/2025\/10\/180.jpg","datePublished":"2011-02-08T10:55:00+00:00","dateModified":"2025-10-21T13:00:48+00:00","breadcrumb":{"@id":"https:\/\/www.tsp.at\/en\/2011\/02\/08\/pressetext-jetzt-am-ipad\/#breadcrumb"},"inLanguage":"en-US","potentialAction":[{"@type":"ReadAction","target":["https:\/\/www.tsp.at\/en\/2011\/02\/08\/pressetext-jetzt-am-ipad\/"]}]},{"@type":"ImageObject","inLanguage":"en-US","@id":"https:\/\/www.tsp.at\/en\/2011\/02\/08\/pressetext-jetzt-am-ipad\/#primaryimage","url":"https:\/\/www.tsp.at\/wp-content\/uploads\/2025\/10\/180.jpg","contentUrl":"https:\/\/www.tsp.at\/wp-content\/uploads\/2025\/10\/180.jpg","width":300,"height":228},{"@type":"BreadcrumbList","@id":"https:\/\/www.tsp.at\/en\/2011\/02\/08\/pressetext-jetzt-am-ipad\/#breadcrumb","itemListElement":[{"@type":"ListItem","position":1,"name":"Startseite","item":"https:\/\/www.tsp.at\/en\/"},{"@type":"ListItem","position":2,"name":"pressetext jetzt am iPad"}]},{"@type":"WebSite","@id":"https:\/\/www.tsp.at\/en\/#website","url":"https:\/\/www.tsp.at\/en\/","name":"Temmel | Seywald - Corporate Communications","description":"Kommunikation ist Beziehungsarbeit","publisher":{"@id":"https:\/\/www.tsp.at\/en\/#organization"},"potentialAction":[{"@type":"SearchAction","target":{"@type":"EntryPoint","urlTemplate":"https:\/\/www.tsp.at\/en\/?s={search_term_string}"},"query-input":{"@type":"PropertyValueSpecification","valueRequired":true,"valueName":"search_term_string"}}],"inLanguage":"en-US"},{"@type":"Organization","@id":"https:\/\/www.tsp.at\/en\/#organization","name":"Temmel, Seywald & Partner Communications GesmbH","alternateName":"TSP","url":"https:\/\/www.tsp.at\/en\/","logo":{"@type":"ImageObject","inLanguage":"en-US","@id":"https:\/\/www.tsp.at\/en\/#\/schema\/logo\/image\/","url":"https:\/\/www.tsp.at\/wp-content\/uploads\/2025\/10\/favicontsp.png","contentUrl":"https:\/\/www.tsp.at\/wp-content\/uploads\/2025\/10\/favicontsp.png","width":125,"height":125,"caption":"Temmel, Seywald & Partner Communications GesmbH"},"image":{"@id":"https:\/\/www.tsp.at\/en\/#\/schema\/logo\/image\/"},"sameAs":["https:\/\/www.facebook.com\/TemmelSeywald"]},{"@type":"Person","@id":"https:\/\/www.tsp.at\/en\/#\/schema\/person\/1ba5600c29da17b902b0925cea567f8a","name":"TSP Redaktion"}]}},"_links":{"self":[{"href":"https:\/\/www.tsp.at\/en\/wp-json\/wp\/v2\/posts\/10759","targetHints":{"allow":["GET"]}}],"collection":[{"href":"https:\/\/www.tsp.at\/en\/wp-json\/wp\/v2\/posts"}],"about":[{"href":"https:\/\/www.tsp.at\/en\/wp-json\/wp\/v2\/types\/post"}],"author":[{"embeddable":true,"href":"https:\/\/www.tsp.at\/en\/wp-json\/wp\/v2\/users\/2"}],"replies":[{"embeddable":true,"href":"https:\/\/www.tsp.at\/en\/wp-json\/wp\/v2\/comments?post=10759"}],"version-history":[{"count":1,"href":"https:\/\/www.tsp.at\/en\/wp-json\/wp\/v2\/posts\/10759\/revisions"}],"predecessor-version":[{"id":11791,"href":"https:\/\/www.tsp.at\/en\/wp-json\/wp\/v2\/posts\/10759\/revisions\/11791"}],"wp:featuredmedia":[{"embeddable":true,"href":"https:\/\/www.tsp.at\/en\/wp-json\/wp\/v2\/media\/10758"}],"wp:attachment":[{"href":"https:\/\/www.tsp.at\/en\/wp-json\/wp\/v2\/media?parent=10759"}],"wp:term":[{"taxonomy":"category","embeddable":true,"href":"https:\/\/www.tsp.at\/en\/wp-json\/wp\/v2\/categories?post=10759"},{"taxonomy":"post_tag","embeddable":true,"href":"https:\/\/www.tsp.at\/en\/wp-json\/wp\/v2\/tags?post=10759"}],"curies":[{"name":"wp","href":"https:\/\/api.w.org\/{rel}","templated":true}]}}