{"id":10761,"date":"2011-02-03T18:53:00","date_gmt":"2011-02-03T17:53:00","guid":{"rendered":"https:\/\/staging.tsp.at\/2011\/02\/03\/quester-investiert-in-fortbildung\/"},"modified":"2025-10-21T15:00:48","modified_gmt":"2025-10-21T13:00:48","slug":"quester-investiert-in-fortbildung","status":"publish","type":"post","link":"https:\/\/www.tsp.at\/en\/2011\/02\/03\/quester-investiert-in-fortbildung\/","title":{"rendered":"QUESTER investiert in Fortbildung"},"content":{"rendered":"<article class=\"item\">\n<h2><strong>Produkt-Know-how und Arbeitssicherheit im Mittelpunkt<\/strong><\/h2>\n<p>03.02.2011<\/p>\n<\/p>\n<\/p>\n<\/p>\n<\/p>\n<\/p>\n<p>Wien &#8211; Altlengbach \u2013 <span style=\"line-height: 140%\"><strong>\u00d6sterreichs Marktf\u00fchrer im  Baustoffhandel, QUESTER, geht in der Mitarbeiterfortbildung neue Wege.  Bei der Vermittlung von anwendbarem Wissen setzt das Unternehmen gezielt  auf professionelle Trainer\/innen und Teamgeist &#8211; auch um die Motivation  zu erh\u00f6hen. Die QUESTER Akademie, die Ende J\u00e4nner bereits zum sechsten  Mal stattfand, legte in diesem Jahr besonderes Augenmerk auf die  Bereiche Produkt-Know-how, Sicherheit und Gesundheit. <\/strong> <\/p>\n<p>F\u00fcr QUESTER-Chef Ulrich Paulmann ist die hauseigene Akademie nicht  nur f\u00fcr die Wissensvermittlung gut, sondern auch ein wichtiger Anreiz  zur Leistungssteigerung. &#8220;Zudem ist es eine einmalige Gelegenheit f\u00fcr  die Mitarbeiter zusammen zu treffen, sich kennenzulernen und zu  kommunizieren&#8221;, sagt Paulmann.  <\/p>\n<p><strong>Glaube und Vertrauen sind das A und O <\/strong> <\/p>\n<p>Wie wichtig ALLE Mitarbeiter f\u00fcr ein Unternehmen sind, betonte  QUESTER-Chef Paulmann auch in seiner Er\u00f6ffnungsrede. &#8220;Wer Vorbild ist,  wer begeistert ist und auch begeistern kann, bestimmt den  Unternehmenserfolg aktiv mit&#8221;, zeigte sich Paulmann \u00fcberzeugt. Das  schl\u00e4gt sich auch in den Zahlen nieder. QUESTER konnte seinen Umsatz  2010 gegen\u00fcber dem Vorjahr steigern. 2011 soll den Umsatz von 2010 noch  \u00fcbertreffen. &#8220;Wir sind auf dem richtigen Weg&#8221;, sagte Paulmann. &#8220;QUESTER  z\u00e4hlt inzwischen zu den wertvollen Unternehmen im Verbund der  Muttergesellschaft CRH.&#8221;  <\/p>\n<p><strong>Vom Lieferanten-Marktplatz zum Englisch-Crashkurs<\/strong> <\/p>\n<p>Die externen Trainer k\u00fcmmerten sich im Rahmen der Akademie um eine  breite Themenpalette von Motivation (&#8220;Die inneren Antreiber&#8221;) \u00fcber  &#8220;Schubladendenken&#8221; und Englisch-Telefonieren bis zur richtigen  Ern\u00e4hrung. Die QUESTER-eigenen Vortragenden brachten ihre Kollegen in  den Kernbereichen Trockenbau und Keramik auf den neuesten Stand und  deckten auch Schulungen im Bereich der Administration ab.  <\/p>\n<p>Einen besonderen Stellenwert hatten die Produktschulungen durch die  Lieferanten. Insgesamt 25 Zulieferer waren w\u00e4hrend der Fortbildungstage  vertreten; ein Beweis f\u00fcr die enge und vertrauensvolle Kooperation, die  QUESTER mit ihnen seit vielen Jahren pflegt. Sie gaben den  QUESTER-Verkaufsberatern Updates zu den spezifischen Produktneuheiten  und standen im Rahmen des &#8220;Marktplatzes&#8221; auch f\u00fcr Detailfragen zur  Verf\u00fcgung.  <\/p>\n<p><strong>Arbeitsunf\u00e4lle reduzieren und Gesundheit f\u00f6rdern<\/strong> <\/p>\n<p>Ein wichtiges Thema der Akademie ist Gesundheit &amp; Sicherheit. So  konnte die Anzahl der Arbeitsunf\u00e4lle im vergangenen Jahr 2010 durch  entsprechende Ma\u00dfnahmen von elf auf zwei reduziert werden. Damit diese  Zahl noch weiter reduziert wird, sind weitere Schulungen angesetzt, die  sich beispielsweise mit dem richtigen Heben und Tragen, dem Sichern von  Ladegut oder mit Brandschutzma\u00dfnahmen besch\u00e4ftigten.  <\/p>\n<p>Ein weiteres Anliegen im Rahmen der Gesundheit ist die richtige  Ern\u00e4hrung und Bewegung der Mitarbeiter. Dazu gab es in Altlengbach  eigene Kurse und sogar Beratungstermine (nach Vereinbarung und auf  freiwilliger Basis) mit Experten aus den Bereichen Bioimpedanz-Analyse,  Wirbels\u00e4ulenscreening und Stre\u00df- und Entspannungsanalyse &#8211; ein Angebot,  das gut angenommen wurde. Auch das im Vorjahr erstmals abgehaltene  Wahlfach Kampfsport fand 2011 wieder statt &#8211; mit gro\u00dfem Anklang.  <\/p>\n<p>Die Veranstaltung fand im Lengbachhof in Altlengbach unter der  bew\u00e4hrten Betreuung von Inhaber Johann B\u00f6swarth statt. Insgesamt wurden  ca. 200 Einzelveranstaltungen durchgef\u00fchrt. Organisator Walter  Seidenader zeigte sich mit der f\u00fcr den Baustoffhandel einzigartigen  Veranstaltung zufrieden: &#8220;Die Disziplin und der Enthusiasmus ist  beeindruckend &#8211; und der Auftakt ins neues Jahr gelungen.&#8221; <\/p>\n<p><strong>\u00dcber QUESTER<\/strong> <br \/>Der \u00f6sterreichische Baustoffh\u00e4ndler QUESTER <a href=\"http:\/\/www.quester.at\/\" target=\"_blank\">http:\/\/www.quester.at<\/a>  besteht seit 77 Jahren. Mit 22 eigenen Standorten in ganz \u00d6sterreich  ist das Unternehmen marktf\u00fchrend im Baustoff- und Fliesenhandel. Rund  600 Mitarbeiter erwirtschaften 242 Mio. Euro Umsatz. Seit 2005 ist  QUESTER Teil der international t\u00e4tigen und b\u00f6rsennotierten CRH-Gruppe  mit Sitz in Dublin. Sie z\u00e4hlt mit 3.700 Standorten in 35 L\u00e4ndern zu den  weltweiten Marktf\u00fchrern im Segment Baustoffe.  <\/p>\n<p>Bildmaterial unter <a href=\"http:\/\/www.fotodienst.at\/browse.mc?album_id=3362&amp;start=10\" target=\"_blank\">http:\/\/www.fotodienst.at\/browse.mc?album_id=3362&amp;start=10<\/a><\/span><\/p>\n<\/article>\n","protected":false},"excerpt":{"rendered":"<p>Produkt-Know-how und Arbeitssicherheit im Mittelpunkt 03.02.2011 Wien &#8211; Altlengbach \u2013 \u00d6sterreichs Marktf\u00fchrer im Baustoffhandel, QUESTER, geht in der Mitarbeiterfortbildung neue Wege. Bei der Vermittlung von anwendbarem Wissen setzt das Unternehmen gezielt auf professionelle Trainer\/innen und Teamgeist &#8211; auch um die Motivation zu erh\u00f6hen. Die QUESTER Akademie, die Ende J\u00e4nner bereits zum sechsten Mal stattfand, legte&hellip;<\/p>\n","protected":false},"author":2,"featured_media":10760,"comment_status":"closed","ping_status":"closed","sticky":false,"template":"","format":"standard","meta":{"footnotes":""},"categories":[3],"tags":[],"class_list":["post-10761","post","type-post","status-publish","format-standard","has-post-thumbnail","hentry","category-news","category-3","description-off"],"yoast_head":"<!-- This site is optimized with the Yoast SEO plugin v26.3 - https:\/\/yoast.com\/wordpress\/plugins\/seo\/ -->\n<title>QUESTER investiert in Fortbildung - Temmel | Seywald - Corporate Communications<\/title>\n<meta name=\"robots\" content=\"index, follow, max-snippet:-1, max-image-preview:large, max-video-preview:-1\" \/>\n<link rel=\"canonical\" href=\"https:\/\/www.tsp.at\/en\/2011\/02\/03\/quester-investiert-in-fortbildung\/\" \/>\n<meta property=\"og:locale\" content=\"en_US\" \/>\n<meta property=\"og:type\" content=\"article\" \/>\n<meta property=\"og:title\" content=\"QUESTER investiert in Fortbildung - Temmel | Seywald - Corporate Communications\" \/>\n<meta property=\"og:description\" content=\"Produkt-Know-how und Arbeitssicherheit im Mittelpunkt 03.02.2011 Wien &#8211; Altlengbach \u2013 \u00d6sterreichs Marktf\u00fchrer im Baustoffhandel, QUESTER, geht in der Mitarbeiterfortbildung neue Wege. Bei der Vermittlung von anwendbarem Wissen setzt das Unternehmen gezielt auf professionelle Trainer\/innen und Teamgeist &#8211; auch um die Motivation zu erh\u00f6hen. Die QUESTER Akademie, die Ende J\u00e4nner bereits zum sechsten Mal stattfand, legte&hellip;\" \/>\n<meta property=\"og:url\" content=\"https:\/\/www.tsp.at\/en\/2011\/02\/03\/quester-investiert-in-fortbildung\/\" \/>\n<meta property=\"og:site_name\" content=\"Temmel | Seywald - Corporate Communications\" \/>\n<meta property=\"article:publisher\" content=\"https:\/\/www.facebook.com\/TemmelSeywald\" \/>\n<meta property=\"article:published_time\" content=\"2011-02-03T17:53:00+00:00\" \/>\n<meta property=\"article:modified_time\" content=\"2025-10-21T13:00:48+00:00\" \/>\n<meta property=\"og:image\" content=\"https:\/\/www.tsp.at\/wp-content\/uploads\/2025\/10\/179.jpg\" \/>\n\t<meta property=\"og:image:width\" content=\"1500\" \/>\n\t<meta property=\"og:image:height\" content=\"1000\" \/>\n\t<meta property=\"og:image:type\" content=\"image\/jpeg\" \/>\n<meta name=\"author\" content=\"TSP Redaktion\" \/>\n<meta name=\"twitter:card\" content=\"summary_large_image\" \/>\n<meta name=\"twitter:label1\" content=\"Written by\" \/>\n\t<meta name=\"twitter:data1\" content=\"TSP Redaktion\" \/>\n\t<meta name=\"twitter:label2\" content=\"Est. reading time\" \/>\n\t<meta name=\"twitter:data2\" content=\"4 minutes\" \/>\n<script type=\"application\/ld+json\" class=\"yoast-schema-graph\">{\"@context\":\"https:\/\/schema.org\",\"@graph\":[{\"@type\":\"Article\",\"@id\":\"https:\/\/www.tsp.at\/en\/2011\/02\/03\/quester-investiert-in-fortbildung\/#article\",\"isPartOf\":{\"@id\":\"https:\/\/www.tsp.at\/en\/2011\/02\/03\/quester-investiert-in-fortbildung\/\"},\"author\":{\"name\":\"TSP Redaktion\",\"@id\":\"https:\/\/www.tsp.at\/en\/#\/schema\/person\/1ba5600c29da17b902b0925cea567f8a\"},\"headline\":\"QUESTER investiert in Fortbildung\",\"datePublished\":\"2011-02-03T17:53:00+00:00\",\"dateModified\":\"2025-10-21T13:00:48+00:00\",\"mainEntityOfPage\":{\"@id\":\"https:\/\/www.tsp.at\/en\/2011\/02\/03\/quester-investiert-in-fortbildung\/\"},\"wordCount\":584,\"publisher\":{\"@id\":\"https:\/\/www.tsp.at\/en\/#organization\"},\"image\":{\"@id\":\"https:\/\/www.tsp.at\/en\/2011\/02\/03\/quester-investiert-in-fortbildung\/#primaryimage\"},\"thumbnailUrl\":\"https:\/\/www.tsp.at\/wp-content\/uploads\/2025\/10\/179.jpg\",\"articleSection\":[\"News\"],\"inLanguage\":\"en-US\"},{\"@type\":\"WebPage\",\"@id\":\"https:\/\/www.tsp.at\/en\/2011\/02\/03\/quester-investiert-in-fortbildung\/\",\"url\":\"https:\/\/www.tsp.at\/en\/2011\/02\/03\/quester-investiert-in-fortbildung\/\",\"name\":\"QUESTER investiert in Fortbildung - Temmel | Seywald - Corporate Communications\",\"isPartOf\":{\"@id\":\"https:\/\/www.tsp.at\/en\/#website\"},\"primaryImageOfPage\":{\"@id\":\"https:\/\/www.tsp.at\/en\/2011\/02\/03\/quester-investiert-in-fortbildung\/#primaryimage\"},\"image\":{\"@id\":\"https:\/\/www.tsp.at\/en\/2011\/02\/03\/quester-investiert-in-fortbildung\/#primaryimage\"},\"thumbnailUrl\":\"https:\/\/www.tsp.at\/wp-content\/uploads\/2025\/10\/179.jpg\",\"datePublished\":\"2011-02-03T17:53:00+00:00\",\"dateModified\":\"2025-10-21T13:00:48+00:00\",\"breadcrumb\":{\"@id\":\"https:\/\/www.tsp.at\/en\/2011\/02\/03\/quester-investiert-in-fortbildung\/#breadcrumb\"},\"inLanguage\":\"en-US\",\"potentialAction\":[{\"@type\":\"ReadAction\",\"target\":[\"https:\/\/www.tsp.at\/en\/2011\/02\/03\/quester-investiert-in-fortbildung\/\"]}]},{\"@type\":\"ImageObject\",\"inLanguage\":\"en-US\",\"@id\":\"https:\/\/www.tsp.at\/en\/2011\/02\/03\/quester-investiert-in-fortbildung\/#primaryimage\",\"url\":\"https:\/\/www.tsp.at\/wp-content\/uploads\/2025\/10\/179.jpg\",\"contentUrl\":\"https:\/\/www.tsp.at\/wp-content\/uploads\/2025\/10\/179.jpg\",\"width\":1500,\"height\":1000,\"caption\":\"(C) fotodienst \/ Johannes Hloch Altlengbach, 25.01.2011. Bereits zum sechsten Mal findet die Quester-Akademie im Lengbacherhof statt. In einer spannenden Mischung aus Vortr\u00e4gen, Workshops und Produktschulungen k\u00f6nnen sich die Quester-Mitarbeiter weiterbilden und untereinander vernetzen.\"},{\"@type\":\"BreadcrumbList\",\"@id\":\"https:\/\/www.tsp.at\/en\/2011\/02\/03\/quester-investiert-in-fortbildung\/#breadcrumb\",\"itemListElement\":[{\"@type\":\"ListItem\",\"position\":1,\"name\":\"Startseite\",\"item\":\"https:\/\/www.tsp.at\/en\/\"},{\"@type\":\"ListItem\",\"position\":2,\"name\":\"QUESTER investiert in Fortbildung\"}]},{\"@type\":\"WebSite\",\"@id\":\"https:\/\/www.tsp.at\/en\/#website\",\"url\":\"https:\/\/www.tsp.at\/en\/\",\"name\":\"Temmel | Seywald - Corporate Communications\",\"description\":\"Kommunikation ist Beziehungsarbeit\",\"publisher\":{\"@id\":\"https:\/\/www.tsp.at\/en\/#organization\"},\"potentialAction\":[{\"@type\":\"SearchAction\",\"target\":{\"@type\":\"EntryPoint\",\"urlTemplate\":\"https:\/\/www.tsp.at\/en\/?s={search_term_string}\"},\"query-input\":{\"@type\":\"PropertyValueSpecification\",\"valueRequired\":true,\"valueName\":\"search_term_string\"}}],\"inLanguage\":\"en-US\"},{\"@type\":\"Organization\",\"@id\":\"https:\/\/www.tsp.at\/en\/#organization\",\"name\":\"Temmel, Seywald & Partner Communications GesmbH\",\"alternateName\":\"TSP\",\"url\":\"https:\/\/www.tsp.at\/en\/\",\"logo\":{\"@type\":\"ImageObject\",\"inLanguage\":\"en-US\",\"@id\":\"https:\/\/www.tsp.at\/en\/#\/schema\/logo\/image\/\",\"url\":\"https:\/\/www.tsp.at\/wp-content\/uploads\/2025\/10\/favicontsp.png\",\"contentUrl\":\"https:\/\/www.tsp.at\/wp-content\/uploads\/2025\/10\/favicontsp.png\",\"width\":125,\"height\":125,\"caption\":\"Temmel, Seywald & Partner Communications GesmbH\"},\"image\":{\"@id\":\"https:\/\/www.tsp.at\/en\/#\/schema\/logo\/image\/\"},\"sameAs\":[\"https:\/\/www.facebook.com\/TemmelSeywald\"]},{\"@type\":\"Person\",\"@id\":\"https:\/\/www.tsp.at\/en\/#\/schema\/person\/1ba5600c29da17b902b0925cea567f8a\",\"name\":\"TSP Redaktion\"}]}<\/script>\n<!-- \/ Yoast SEO plugin. -->","yoast_head_json":{"title":"QUESTER investiert in Fortbildung - Temmel | Seywald - Corporate Communications","robots":{"index":"index","follow":"follow","max-snippet":"max-snippet:-1","max-image-preview":"max-image-preview:large","max-video-preview":"max-video-preview:-1"},"canonical":"https:\/\/www.tsp.at\/en\/2011\/02\/03\/quester-investiert-in-fortbildung\/","og_locale":"en_US","og_type":"article","og_title":"QUESTER investiert in Fortbildung - Temmel | Seywald - Corporate Communications","og_description":"Produkt-Know-how und Arbeitssicherheit im Mittelpunkt 03.02.2011 Wien &#8211; Altlengbach \u2013 \u00d6sterreichs Marktf\u00fchrer im Baustoffhandel, QUESTER, geht in der Mitarbeiterfortbildung neue Wege. Bei der Vermittlung von anwendbarem Wissen setzt das Unternehmen gezielt auf professionelle Trainer\/innen und Teamgeist &#8211; auch um die Motivation zu erh\u00f6hen. Die QUESTER Akademie, die Ende J\u00e4nner bereits zum sechsten Mal stattfand, legte&hellip;","og_url":"https:\/\/www.tsp.at\/en\/2011\/02\/03\/quester-investiert-in-fortbildung\/","og_site_name":"Temmel | Seywald - Corporate Communications","article_publisher":"https:\/\/www.facebook.com\/TemmelSeywald","article_published_time":"2011-02-03T17:53:00+00:00","article_modified_time":"2025-10-21T13:00:48+00:00","og_image":[{"width":1500,"height":1000,"url":"https:\/\/www.tsp.at\/wp-content\/uploads\/2025\/10\/179.jpg","type":"image\/jpeg"}],"author":"TSP Redaktion","twitter_card":"summary_large_image","twitter_misc":{"Written by":"TSP Redaktion","Est. reading time":"4 minutes"},"schema":{"@context":"https:\/\/schema.org","@graph":[{"@type":"Article","@id":"https:\/\/www.tsp.at\/en\/2011\/02\/03\/quester-investiert-in-fortbildung\/#article","isPartOf":{"@id":"https:\/\/www.tsp.at\/en\/2011\/02\/03\/quester-investiert-in-fortbildung\/"},"author":{"name":"TSP Redaktion","@id":"https:\/\/www.tsp.at\/en\/#\/schema\/person\/1ba5600c29da17b902b0925cea567f8a"},"headline":"QUESTER investiert in Fortbildung","datePublished":"2011-02-03T17:53:00+00:00","dateModified":"2025-10-21T13:00:48+00:00","mainEntityOfPage":{"@id":"https:\/\/www.tsp.at\/en\/2011\/02\/03\/quester-investiert-in-fortbildung\/"},"wordCount":584,"publisher":{"@id":"https:\/\/www.tsp.at\/en\/#organization"},"image":{"@id":"https:\/\/www.tsp.at\/en\/2011\/02\/03\/quester-investiert-in-fortbildung\/#primaryimage"},"thumbnailUrl":"https:\/\/www.tsp.at\/wp-content\/uploads\/2025\/10\/179.jpg","articleSection":["News"],"inLanguage":"en-US"},{"@type":"WebPage","@id":"https:\/\/www.tsp.at\/en\/2011\/02\/03\/quester-investiert-in-fortbildung\/","url":"https:\/\/www.tsp.at\/en\/2011\/02\/03\/quester-investiert-in-fortbildung\/","name":"QUESTER investiert in Fortbildung - Temmel | Seywald - Corporate Communications","isPartOf":{"@id":"https:\/\/www.tsp.at\/en\/#website"},"primaryImageOfPage":{"@id":"https:\/\/www.tsp.at\/en\/2011\/02\/03\/quester-investiert-in-fortbildung\/#primaryimage"},"image":{"@id":"https:\/\/www.tsp.at\/en\/2011\/02\/03\/quester-investiert-in-fortbildung\/#primaryimage"},"thumbnailUrl":"https:\/\/www.tsp.at\/wp-content\/uploads\/2025\/10\/179.jpg","datePublished":"2011-02-03T17:53:00+00:00","dateModified":"2025-10-21T13:00:48+00:00","breadcrumb":{"@id":"https:\/\/www.tsp.at\/en\/2011\/02\/03\/quester-investiert-in-fortbildung\/#breadcrumb"},"inLanguage":"en-US","potentialAction":[{"@type":"ReadAction","target":["https:\/\/www.tsp.at\/en\/2011\/02\/03\/quester-investiert-in-fortbildung\/"]}]},{"@type":"ImageObject","inLanguage":"en-US","@id":"https:\/\/www.tsp.at\/en\/2011\/02\/03\/quester-investiert-in-fortbildung\/#primaryimage","url":"https:\/\/www.tsp.at\/wp-content\/uploads\/2025\/10\/179.jpg","contentUrl":"https:\/\/www.tsp.at\/wp-content\/uploads\/2025\/10\/179.jpg","width":1500,"height":1000,"caption":"(C) fotodienst \/ Johannes Hloch Altlengbach, 25.01.2011. Bereits zum sechsten Mal findet die Quester-Akademie im Lengbacherhof statt. In einer spannenden Mischung aus Vortr\u00e4gen, Workshops und Produktschulungen k\u00f6nnen sich die Quester-Mitarbeiter weiterbilden und untereinander vernetzen."},{"@type":"BreadcrumbList","@id":"https:\/\/www.tsp.at\/en\/2011\/02\/03\/quester-investiert-in-fortbildung\/#breadcrumb","itemListElement":[{"@type":"ListItem","position":1,"name":"Startseite","item":"https:\/\/www.tsp.at\/en\/"},{"@type":"ListItem","position":2,"name":"QUESTER investiert in Fortbildung"}]},{"@type":"WebSite","@id":"https:\/\/www.tsp.at\/en\/#website","url":"https:\/\/www.tsp.at\/en\/","name":"Temmel | Seywald - Corporate Communications","description":"Kommunikation ist Beziehungsarbeit","publisher":{"@id":"https:\/\/www.tsp.at\/en\/#organization"},"potentialAction":[{"@type":"SearchAction","target":{"@type":"EntryPoint","urlTemplate":"https:\/\/www.tsp.at\/en\/?s={search_term_string}"},"query-input":{"@type":"PropertyValueSpecification","valueRequired":true,"valueName":"search_term_string"}}],"inLanguage":"en-US"},{"@type":"Organization","@id":"https:\/\/www.tsp.at\/en\/#organization","name":"Temmel, Seywald & Partner Communications GesmbH","alternateName":"TSP","url":"https:\/\/www.tsp.at\/en\/","logo":{"@type":"ImageObject","inLanguage":"en-US","@id":"https:\/\/www.tsp.at\/en\/#\/schema\/logo\/image\/","url":"https:\/\/www.tsp.at\/wp-content\/uploads\/2025\/10\/favicontsp.png","contentUrl":"https:\/\/www.tsp.at\/wp-content\/uploads\/2025\/10\/favicontsp.png","width":125,"height":125,"caption":"Temmel, Seywald & Partner Communications GesmbH"},"image":{"@id":"https:\/\/www.tsp.at\/en\/#\/schema\/logo\/image\/"},"sameAs":["https:\/\/www.facebook.com\/TemmelSeywald"]},{"@type":"Person","@id":"https:\/\/www.tsp.at\/en\/#\/schema\/person\/1ba5600c29da17b902b0925cea567f8a","name":"TSP Redaktion"}]}},"_links":{"self":[{"href":"https:\/\/www.tsp.at\/en\/wp-json\/wp\/v2\/posts\/10761","targetHints":{"allow":["GET"]}}],"collection":[{"href":"https:\/\/www.tsp.at\/en\/wp-json\/wp\/v2\/posts"}],"about":[{"href":"https:\/\/www.tsp.at\/en\/wp-json\/wp\/v2\/types\/post"}],"author":[{"embeddable":true,"href":"https:\/\/www.tsp.at\/en\/wp-json\/wp\/v2\/users\/2"}],"replies":[{"embeddable":true,"href":"https:\/\/www.tsp.at\/en\/wp-json\/wp\/v2\/comments?post=10761"}],"version-history":[{"count":1,"href":"https:\/\/www.tsp.at\/en\/wp-json\/wp\/v2\/posts\/10761\/revisions"}],"predecessor-version":[{"id":11792,"href":"https:\/\/www.tsp.at\/en\/wp-json\/wp\/v2\/posts\/10761\/revisions\/11792"}],"wp:featuredmedia":[{"embeddable":true,"href":"https:\/\/www.tsp.at\/en\/wp-json\/wp\/v2\/media\/10760"}],"wp:attachment":[{"href":"https:\/\/www.tsp.at\/en\/wp-json\/wp\/v2\/media?parent=10761"}],"wp:term":[{"taxonomy":"category","embeddable":true,"href":"https:\/\/www.tsp.at\/en\/wp-json\/wp\/v2\/categories?post=10761"},{"taxonomy":"post_tag","embeddable":true,"href":"https:\/\/www.tsp.at\/en\/wp-json\/wp\/v2\/tags?post=10761"}],"curies":[{"name":"wp","href":"https:\/\/api.w.org\/{rel}","templated":true}]}}