{"id":10928,"date":"2009-12-15T20:19:00","date_gmt":"2009-12-15T19:19:00","guid":{"rendered":"https:\/\/staging.tsp.at\/2009\/12\/15\/istanbul-europaeische-kulturhauptstadt-2010\/"},"modified":"2025-10-21T15:00:51","modified_gmt":"2025-10-21T13:00:51","slug":"istanbul-europaeische-kulturhauptstadt-2010","status":"publish","type":"post","link":"https:\/\/www.tsp.at\/en\/2009\/12\/15\/istanbul-europaeische-kulturhauptstadt-2010\/","title":{"rendered":"Istanbul Europ\u00e4ische Kulturhauptstadt 2010"},"content":{"rendered":"<article class=\"item\">\n<h2><strong>Letzte Vorbereitungen laufen auf Hochtouren<\/strong><\/h2>\n<p>15.12.2009<\/p>\n<\/p>\n<\/p>\n<\/p>\n<\/p>\n<\/p>\n<p>Wien\/Istanbul \u2013 Laut Sekib Aydagic, PR-Chef f\u00fcr &#8220;Istanbul 2010&#8221;, laufen die letzten Vorbereitungen zum Kulturhauptstadtjahr auf Hochtouren. Mehr als 50 Prozent des Budgets von 400 Millionen Euro wird die T\u00fcrkei bis 2010 in Baulichkeiten und Infrastruktur investiert haben, der Rest geht in Projekte bildender Kunst, Musik, Literatur und Tanz. Mehrere hundert Kulturprojekte sollen zus\u00e4tzliche Besucher in die Stadt locken, die bereits heute \u00fcber sieben Mio. Touristen im Jahr z\u00e4hlt.<\/p>\n<p>Leitmotiv des Kulturjahrs in Istanbul sind die vier Elemente Erde, Luft, Wasser und Feuer. Das Winterprogramm bis 20. M\u00e4rz dreht sich um die Erde. Hier will die Stadt mit ihrem kulturellen Reichtum, Design-Ausstellungen, moderner \u00f6stlicher Musik und den Sch\u00e4tzen des Osmanischen Reichs locken. Die Luft als Symbol f\u00fcr den spirituellen Reichtum der Stadt soll das Fr\u00fchjahr bestimmen. \u201e\u00dcber hunderte Jahre haben die Religionen nebeneinander existiert und friedlich und frei ihre Gottesdienste praktiziert\u201c, erkl\u00e4rt das Organisationskomitee.<\/p>\n<p>Der Sommer steht dann im Zeichen des Wassers &#8211; um die Funktion Istanbuls als Br\u00fccke zwischen Asien und Europa. Die Hauptausstellung \u201eEuropa am Bosporus\u201c wird K\u00fcnstlern aus ganz Europa Gelegenheit geben, sich entlang der Meerenge auf Fl\u00f6\u00dfen und Stegen zu pr\u00e4sentieren. Das Feuer als kraftvolles Mittel der Ver\u00e4nderung wird die letzte Phase des Kulturjahres in Istanbul bestimmen. Es steht f\u00fcr die Zukunft und Modernisierung der Stadt und ihrer Bewohner. Als Wirtschafts- und Kulturmetropole eines Landes, das Mitglied der EU werden m\u00f6chte, ist Istanbul ja das Schaufenster der T\u00fcrkei in den Westen.<\/p>\n<p>Die PR-Consulter Temmel, Seywald &amp; Partner, seit 2007 Berater des t\u00fcrkischen Ministeriums f\u00fcr Kultur und Fremdenverkehr in \u00d6sterreich, Tschechien, Slowakei und Ungarn, haben aus Anlass des Kulturhauptstadtjahrs ein eigenes PR-Kompetenzfeld f\u00fcr die T\u00fcrkei gestartet. In Zusammenarbeit mit Kommunikationspartnern in der t\u00fcrkischen Metropole werden Kunden mit den Gepflogenheiten des t\u00fcrkischen Wirtschaftsraums vertraut gemacht.<\/p>\n<p><strong>Informationen:<\/strong> Istanbul 2010 European Capital of Culture; Telefon aus dem Ausland: 0090\/212\/377 02 00; T\u00fcrkische Botschaft Wien, Informationsabteilung f\u00fcr Kultur und Fremdenverkehr, Tel: +43-1-5122129, office@turkinfo.at<!--[if gte mso 9]><xml>  <o:DocumentProperties>   <o:Template>Normal.dotm<\/o:Template>   <o:Revision>0<\/o:Revision>   <o:TotalTime>0<\/o:TotalTime>   <o:Pages>1<\/o:Pages>   <o:Words>230<\/o:Words>   <o:Characters>1313<\/o:Characters>   <o:Company>TSP<\/o:Company>   <o:Lines>10<\/o:Lines>   <o:Paragraphs>2<\/o:Paragraphs>   <o:CharactersWithSpaces>1612<\/o:CharactersWithSpaces>   <o:Version>12.0<\/o:Version>  <\/o:DocumentProperties>  <o:OfficeDocumentSettings>   <o:AllowPNG\/>  <\/o:OfficeDocumentSettings> <\/xml><![endif]--><!--[if gte mso 9]><xml>  <w:WordDocument>   <w:Zoom>0<\/w:Zoom>   <w:TrackMoves>false<\/w:TrackMoves>   <w:TrackFormatting\/>   <w:HyphenationZone>21<\/w:HyphenationZone>   <w:PunctuationKerning\/>   <w:DrawingGridHorizontalSpacing>18 pt<\/w:DrawingGridHorizontalSpacing>   <w:DrawingGridVerticalSpacing>18 pt<\/w:DrawingGridVerticalSpacing>   <w:DisplayHorizontalDrawingGridEvery>0<\/w:DisplayHorizontalDrawingGridEvery>   <w:DisplayVerticalDrawingGridEvery>0<\/w:DisplayVerticalDrawingGridEvery>   <w:ValidateAgainstSchemas\/>   <w:SaveIfXMLInvalid>false<\/w:SaveIfXMLInvalid>   <w:IgnoreMixedContent>false<\/w:IgnoreMixedContent>   <w:AlwaysShowPlaceholderText>false<\/w:AlwaysShowPlaceholderText>   <w:Compatibility>    <w:BreakWrappedTables\/>    <w:DontGrowAutofit\/>    <w:DontAutofitConstrainedTables\/>    <w:DontVertAlignInTxbx\/>   <\/w:Compatibility>  <\/w:WordDocument> <\/xml><![endif]--><!--[if gte mso 9]><xml>  <w:LatentStyles DefLockedState=\"false\" LatentStyleCount=\"276\">  <\/w:LatentStyles> <\/xml><![endif]--> <!--  \/* Font Definitions *\/ @font-face \t{font-family:Verdana; \tpanose-1:2 11 6 4 3 5 4 4 2 4; \tmso-font-charset:0; \tmso-generic-font-family:auto; \tmso-font-pitch:variable; \tmso-font-signature:3 0 0 0 1 0;} @font-face \t{font-family:Cambria; \tpanose-1:2 4 5 3 5 4 6 3 2 4; \tmso-font-charset:0; \tmso-generic-font-family:auto; \tmso-font-pitch:variable; \tmso-font-signature:3 0 0 0 1 0;}  \/* Style Definitions *\/ p.MsoNormal, li.MsoNormal, div.MsoNormal \t{mso-style-parent:\"\"; \tmargin:0cm; \tmargin-bottom:.0001pt; \tmso-pagination:widow-orphan; \tfont-size:12.0pt; \tfont-family:\"Times New Roman\"; \tmso-ascii-font-family:Cambria; \tmso-ascii-theme-font:minor-latin; \tmso-fareast-font-family:Cambria; \tmso-fareast-theme-font:minor-latin; \tmso-hansi-font-family:Cambria; \tmso-hansi-theme-font:minor-latin; \tmso-bidi-font-family:\"Times New Roman\"; \tmso-bidi-theme-font:minor-bidi; \tmso-fareast-language:EN-US;} h2 \t{mso-style-link:\"\u00dcberschrift 2 Zeichen\"; \tmso-style-next:Standard; \tmargin-top:10.0pt; \tmargin-right:0cm; \tmargin-bottom:0cm; \tmargin-left:0cm; \tmargin-bottom:.0001pt; \tmso-pagination:widow-orphan lines-together; \tpage-break-after:avoid; \tmso-outline-level:2; \tfont-size:13.0pt; \tfont-family:\"Times New Roman\"; \tmso-ascii-font-family:Calibri; \tmso-ascii-theme-font:major-latin; \tmso-fareast-font-family:\"Times New Roman\"; \tmso-fareast-theme-font:major-fareast; \tmso-hansi-font-family:Calibri; \tmso-hansi-theme-font:major-latin; \tmso-bidi-font-family:\"Times New Roman\"; \tmso-bidi-theme-font:major-bidi; \tcolor:#4F81BD; \tmso-fareast-language:EN-US; \tmso-bidi-font-weight:bold;} span.berschrift2Zeichen \t{mso-style-name:\"\u00dcberschrift 2 Zeichen\"; \tmso-style-locked:yes; \tmso-style-link:\"\u00dcberschrift 2\"; \tmso-ansi-font-size:13.0pt; \tmso-bidi-font-size:13.0pt; \tfont-family:Calibri; \tmso-ascii-font-family:Calibri; \tmso-ascii-theme-font:major-latin; \tmso-fareast-font-family:\"Times New Roman\"; \tmso-fareast-theme-font:major-fareast; \tmso-hansi-font-family:Calibri; \tmso-hansi-theme-font:major-latin; \tmso-bidi-font-family:\"Times New Roman\"; \tmso-bidi-theme-font:major-bidi; \tcolor:#4F81BD; \tfont-weight:bold;} @page Section1 \t{size:612.0pt 792.0pt; \tmargin:70.85pt 70.85pt 2.0cm 70.85pt; \tmso-header-margin:36.0pt; \tmso-footer-margin:36.0pt; \tmso-paper-source:0;} div.Section1 \t{page:Section1;} --> <!--[if gte mso 10]> \n\n<style>  \/* Style Definitions *\/ table.MsoNormalTable \t{mso-style-name:\"Normale Tabelle\"; \tmso-tstyle-rowband-size:0; \tmso-tstyle-colband-size:0; \tmso-style-noshow:yes; \tmso-style-parent:\"\"; \tmso-padding-alt:0cm 5.4pt 0cm 5.4pt; \tmso-para-margin:0cm; \tmso-para-margin-bottom:.0001pt; \tmso-pagination:widow-orphan; \tfont-size:10.0pt; \tfont-family:\"Times New Roman\"; \tmso-ascii-font-family:Cambria; \tmso-ascii-theme-font:minor-latin; \tmso-hansi-font-family:Cambria; \tmso-hansi-theme-font:minor-latin; \tmso-fareast-language:EN-US;} <\/style>\n\n <![endif]--> <!--StartFragment--><\/p>\n<\/article>\n","protected":false},"excerpt":{"rendered":"<p>Letzte Vorbereitungen laufen auf Hochtouren 15.12.2009 Wien\/Istanbul \u2013 Laut Sekib Aydagic, PR-Chef f\u00fcr &#8220;Istanbul 2010&#8221;, laufen die letzten Vorbereitungen zum Kulturhauptstadtjahr auf Hochtouren. Mehr als 50 Prozent des Budgets von 400 Millionen Euro wird die T\u00fcrkei bis 2010 in Baulichkeiten und Infrastruktur investiert haben, der Rest geht in Projekte bildender Kunst, Musik, Literatur und Tanz.&hellip;<\/p>\n","protected":false},"author":2,"featured_media":10927,"comment_status":"closed","ping_status":"closed","sticky":false,"template":"","format":"standard","meta":{"footnotes":""},"categories":[3],"tags":[],"class_list":["post-10928","post","type-post","status-publish","format-standard","has-post-thumbnail","hentry","category-news","category-3","description-off"],"yoast_head":"<!-- This site is optimized with the Yoast SEO plugin v26.3 - https:\/\/yoast.com\/wordpress\/plugins\/seo\/ -->\n<title>Istanbul Europ\u00e4ische Kulturhauptstadt 2010 - Temmel | Seywald - Corporate Communications<\/title>\n<meta name=\"robots\" content=\"index, follow, max-snippet:-1, max-image-preview:large, max-video-preview:-1\" \/>\n<link rel=\"canonical\" href=\"https:\/\/www.tsp.at\/en\/2009\/12\/15\/istanbul-europaeische-kulturhauptstadt-2010\/\" \/>\n<meta property=\"og:locale\" content=\"en_US\" \/>\n<meta property=\"og:type\" content=\"article\" \/>\n<meta property=\"og:title\" content=\"Istanbul Europ\u00e4ische Kulturhauptstadt 2010 - Temmel | Seywald - Corporate Communications\" \/>\n<meta property=\"og:description\" content=\"Letzte Vorbereitungen laufen auf Hochtouren 15.12.2009 Wien\/Istanbul \u2013 Laut Sekib Aydagic, PR-Chef f\u00fcr &#8220;Istanbul 2010&#8221;, laufen die letzten Vorbereitungen zum Kulturhauptstadtjahr auf Hochtouren. Mehr als 50 Prozent des Budgets von 400 Millionen Euro wird die T\u00fcrkei bis 2010 in Baulichkeiten und Infrastruktur investiert haben, der Rest geht in Projekte bildender Kunst, Musik, Literatur und Tanz.&hellip;\" \/>\n<meta property=\"og:url\" content=\"https:\/\/www.tsp.at\/en\/2009\/12\/15\/istanbul-europaeische-kulturhauptstadt-2010\/\" \/>\n<meta property=\"og:site_name\" content=\"Temmel | Seywald - Corporate Communications\" \/>\n<meta property=\"article:publisher\" content=\"https:\/\/www.facebook.com\/TemmelSeywald\" \/>\n<meta property=\"article:published_time\" content=\"2009-12-15T19:19:00+00:00\" \/>\n<meta property=\"article:modified_time\" content=\"2025-10-21T13:00:51+00:00\" \/>\n<meta property=\"og:image\" content=\"https:\/\/www.tsp.at\/wp-content\/uploads\/2025\/10\/139.jpg\" \/>\n\t<meta property=\"og:image:width\" content=\"1000\" \/>\n\t<meta property=\"og:image:height\" content=\"750\" \/>\n\t<meta property=\"og:image:type\" content=\"image\/jpeg\" \/>\n<meta name=\"author\" content=\"TSP Redaktion\" \/>\n<meta name=\"twitter:card\" content=\"summary_large_image\" \/>\n<meta name=\"twitter:label1\" content=\"Written by\" \/>\n\t<meta name=\"twitter:data1\" content=\"TSP Redaktion\" \/>\n\t<meta name=\"twitter:label2\" content=\"Est. reading time\" \/>\n\t<meta name=\"twitter:data2\" content=\"2 minutes\" \/>\n<script type=\"application\/ld+json\" class=\"yoast-schema-graph\">{\"@context\":\"https:\/\/schema.org\",\"@graph\":[{\"@type\":\"Article\",\"@id\":\"https:\/\/www.tsp.at\/en\/2009\/12\/15\/istanbul-europaeische-kulturhauptstadt-2010\/#article\",\"isPartOf\":{\"@id\":\"https:\/\/www.tsp.at\/en\/2009\/12\/15\/istanbul-europaeische-kulturhauptstadt-2010\/\"},\"author\":{\"name\":\"TSP Redaktion\",\"@id\":\"https:\/\/www.tsp.at\/en\/#\/schema\/person\/1ba5600c29da17b902b0925cea567f8a\"},\"headline\":\"Istanbul Europ\u00e4ische Kulturhauptstadt 2010\",\"datePublished\":\"2009-12-15T19:19:00+00:00\",\"dateModified\":\"2025-10-21T13:00:51+00:00\",\"mainEntityOfPage\":{\"@id\":\"https:\/\/www.tsp.at\/en\/2009\/12\/15\/istanbul-europaeische-kulturhauptstadt-2010\/\"},\"wordCount\":339,\"publisher\":{\"@id\":\"https:\/\/www.tsp.at\/en\/#organization\"},\"image\":{\"@id\":\"https:\/\/www.tsp.at\/en\/2009\/12\/15\/istanbul-europaeische-kulturhauptstadt-2010\/#primaryimage\"},\"thumbnailUrl\":\"https:\/\/www.tsp.at\/wp-content\/uploads\/2025\/10\/139.jpg\",\"articleSection\":[\"News\"],\"inLanguage\":\"en-US\"},{\"@type\":\"WebPage\",\"@id\":\"https:\/\/www.tsp.at\/en\/2009\/12\/15\/istanbul-europaeische-kulturhauptstadt-2010\/\",\"url\":\"https:\/\/www.tsp.at\/en\/2009\/12\/15\/istanbul-europaeische-kulturhauptstadt-2010\/\",\"name\":\"Istanbul Europ\u00e4ische Kulturhauptstadt 2010 - Temmel | Seywald - Corporate Communications\",\"isPartOf\":{\"@id\":\"https:\/\/www.tsp.at\/en\/#website\"},\"primaryImageOfPage\":{\"@id\":\"https:\/\/www.tsp.at\/en\/2009\/12\/15\/istanbul-europaeische-kulturhauptstadt-2010\/#primaryimage\"},\"image\":{\"@id\":\"https:\/\/www.tsp.at\/en\/2009\/12\/15\/istanbul-europaeische-kulturhauptstadt-2010\/#primaryimage\"},\"thumbnailUrl\":\"https:\/\/www.tsp.at\/wp-content\/uploads\/2025\/10\/139.jpg\",\"datePublished\":\"2009-12-15T19:19:00+00:00\",\"dateModified\":\"2025-10-21T13:00:51+00:00\",\"breadcrumb\":{\"@id\":\"https:\/\/www.tsp.at\/en\/2009\/12\/15\/istanbul-europaeische-kulturhauptstadt-2010\/#breadcrumb\"},\"inLanguage\":\"en-US\",\"potentialAction\":[{\"@type\":\"ReadAction\",\"target\":[\"https:\/\/www.tsp.at\/en\/2009\/12\/15\/istanbul-europaeische-kulturhauptstadt-2010\/\"]}]},{\"@type\":\"ImageObject\",\"inLanguage\":\"en-US\",\"@id\":\"https:\/\/www.tsp.at\/en\/2009\/12\/15\/istanbul-europaeische-kulturhauptstadt-2010\/#primaryimage\",\"url\":\"https:\/\/www.tsp.at\/wp-content\/uploads\/2025\/10\/139.jpg\",\"contentUrl\":\"https:\/\/www.tsp.at\/wp-content\/uploads\/2025\/10\/139.jpg\",\"width\":1000,\"height\":750},{\"@type\":\"BreadcrumbList\",\"@id\":\"https:\/\/www.tsp.at\/en\/2009\/12\/15\/istanbul-europaeische-kulturhauptstadt-2010\/#breadcrumb\",\"itemListElement\":[{\"@type\":\"ListItem\",\"position\":1,\"name\":\"Startseite\",\"item\":\"https:\/\/www.tsp.at\/en\/\"},{\"@type\":\"ListItem\",\"position\":2,\"name\":\"Istanbul Europ\u00e4ische Kulturhauptstadt 2010\"}]},{\"@type\":\"WebSite\",\"@id\":\"https:\/\/www.tsp.at\/en\/#website\",\"url\":\"https:\/\/www.tsp.at\/en\/\",\"name\":\"Temmel | Seywald - Corporate Communications\",\"description\":\"Kommunikation ist Beziehungsarbeit\",\"publisher\":{\"@id\":\"https:\/\/www.tsp.at\/en\/#organization\"},\"potentialAction\":[{\"@type\":\"SearchAction\",\"target\":{\"@type\":\"EntryPoint\",\"urlTemplate\":\"https:\/\/www.tsp.at\/en\/?s={search_term_string}\"},\"query-input\":{\"@type\":\"PropertyValueSpecification\",\"valueRequired\":true,\"valueName\":\"search_term_string\"}}],\"inLanguage\":\"en-US\"},{\"@type\":\"Organization\",\"@id\":\"https:\/\/www.tsp.at\/en\/#organization\",\"name\":\"Temmel, Seywald & Partner Communications GesmbH\",\"alternateName\":\"TSP\",\"url\":\"https:\/\/www.tsp.at\/en\/\",\"logo\":{\"@type\":\"ImageObject\",\"inLanguage\":\"en-US\",\"@id\":\"https:\/\/www.tsp.at\/en\/#\/schema\/logo\/image\/\",\"url\":\"https:\/\/www.tsp.at\/wp-content\/uploads\/2025\/10\/favicontsp.png\",\"contentUrl\":\"https:\/\/www.tsp.at\/wp-content\/uploads\/2025\/10\/favicontsp.png\",\"width\":125,\"height\":125,\"caption\":\"Temmel, Seywald & Partner Communications GesmbH\"},\"image\":{\"@id\":\"https:\/\/www.tsp.at\/en\/#\/schema\/logo\/image\/\"},\"sameAs\":[\"https:\/\/www.facebook.com\/TemmelSeywald\"]},{\"@type\":\"Person\",\"@id\":\"https:\/\/www.tsp.at\/en\/#\/schema\/person\/1ba5600c29da17b902b0925cea567f8a\",\"name\":\"TSP Redaktion\"}]}<\/script>\n<!-- \/ Yoast SEO plugin. -->","yoast_head_json":{"title":"Istanbul Europ\u00e4ische Kulturhauptstadt 2010 - Temmel | Seywald - Corporate Communications","robots":{"index":"index","follow":"follow","max-snippet":"max-snippet:-1","max-image-preview":"max-image-preview:large","max-video-preview":"max-video-preview:-1"},"canonical":"https:\/\/www.tsp.at\/en\/2009\/12\/15\/istanbul-europaeische-kulturhauptstadt-2010\/","og_locale":"en_US","og_type":"article","og_title":"Istanbul Europ\u00e4ische Kulturhauptstadt 2010 - Temmel | Seywald - Corporate Communications","og_description":"Letzte Vorbereitungen laufen auf Hochtouren 15.12.2009 Wien\/Istanbul \u2013 Laut Sekib Aydagic, PR-Chef f\u00fcr &#8220;Istanbul 2010&#8221;, laufen die letzten Vorbereitungen zum Kulturhauptstadtjahr auf Hochtouren. Mehr als 50 Prozent des Budgets von 400 Millionen Euro wird die T\u00fcrkei bis 2010 in Baulichkeiten und Infrastruktur investiert haben, der Rest geht in Projekte bildender Kunst, Musik, Literatur und Tanz.&hellip;","og_url":"https:\/\/www.tsp.at\/en\/2009\/12\/15\/istanbul-europaeische-kulturhauptstadt-2010\/","og_site_name":"Temmel | Seywald - Corporate Communications","article_publisher":"https:\/\/www.facebook.com\/TemmelSeywald","article_published_time":"2009-12-15T19:19:00+00:00","article_modified_time":"2025-10-21T13:00:51+00:00","og_image":[{"width":1000,"height":750,"url":"https:\/\/www.tsp.at\/wp-content\/uploads\/2025\/10\/139.jpg","type":"image\/jpeg"}],"author":"TSP Redaktion","twitter_card":"summary_large_image","twitter_misc":{"Written by":"TSP Redaktion","Est. reading time":"2 minutes"},"schema":{"@context":"https:\/\/schema.org","@graph":[{"@type":"Article","@id":"https:\/\/www.tsp.at\/en\/2009\/12\/15\/istanbul-europaeische-kulturhauptstadt-2010\/#article","isPartOf":{"@id":"https:\/\/www.tsp.at\/en\/2009\/12\/15\/istanbul-europaeische-kulturhauptstadt-2010\/"},"author":{"name":"TSP Redaktion","@id":"https:\/\/www.tsp.at\/en\/#\/schema\/person\/1ba5600c29da17b902b0925cea567f8a"},"headline":"Istanbul Europ\u00e4ische Kulturhauptstadt 2010","datePublished":"2009-12-15T19:19:00+00:00","dateModified":"2025-10-21T13:00:51+00:00","mainEntityOfPage":{"@id":"https:\/\/www.tsp.at\/en\/2009\/12\/15\/istanbul-europaeische-kulturhauptstadt-2010\/"},"wordCount":339,"publisher":{"@id":"https:\/\/www.tsp.at\/en\/#organization"},"image":{"@id":"https:\/\/www.tsp.at\/en\/2009\/12\/15\/istanbul-europaeische-kulturhauptstadt-2010\/#primaryimage"},"thumbnailUrl":"https:\/\/www.tsp.at\/wp-content\/uploads\/2025\/10\/139.jpg","articleSection":["News"],"inLanguage":"en-US"},{"@type":"WebPage","@id":"https:\/\/www.tsp.at\/en\/2009\/12\/15\/istanbul-europaeische-kulturhauptstadt-2010\/","url":"https:\/\/www.tsp.at\/en\/2009\/12\/15\/istanbul-europaeische-kulturhauptstadt-2010\/","name":"Istanbul Europ\u00e4ische Kulturhauptstadt 2010 - Temmel | Seywald - Corporate Communications","isPartOf":{"@id":"https:\/\/www.tsp.at\/en\/#website"},"primaryImageOfPage":{"@id":"https:\/\/www.tsp.at\/en\/2009\/12\/15\/istanbul-europaeische-kulturhauptstadt-2010\/#primaryimage"},"image":{"@id":"https:\/\/www.tsp.at\/en\/2009\/12\/15\/istanbul-europaeische-kulturhauptstadt-2010\/#primaryimage"},"thumbnailUrl":"https:\/\/www.tsp.at\/wp-content\/uploads\/2025\/10\/139.jpg","datePublished":"2009-12-15T19:19:00+00:00","dateModified":"2025-10-21T13:00:51+00:00","breadcrumb":{"@id":"https:\/\/www.tsp.at\/en\/2009\/12\/15\/istanbul-europaeische-kulturhauptstadt-2010\/#breadcrumb"},"inLanguage":"en-US","potentialAction":[{"@type":"ReadAction","target":["https:\/\/www.tsp.at\/en\/2009\/12\/15\/istanbul-europaeische-kulturhauptstadt-2010\/"]}]},{"@type":"ImageObject","inLanguage":"en-US","@id":"https:\/\/www.tsp.at\/en\/2009\/12\/15\/istanbul-europaeische-kulturhauptstadt-2010\/#primaryimage","url":"https:\/\/www.tsp.at\/wp-content\/uploads\/2025\/10\/139.jpg","contentUrl":"https:\/\/www.tsp.at\/wp-content\/uploads\/2025\/10\/139.jpg","width":1000,"height":750},{"@type":"BreadcrumbList","@id":"https:\/\/www.tsp.at\/en\/2009\/12\/15\/istanbul-europaeische-kulturhauptstadt-2010\/#breadcrumb","itemListElement":[{"@type":"ListItem","position":1,"name":"Startseite","item":"https:\/\/www.tsp.at\/en\/"},{"@type":"ListItem","position":2,"name":"Istanbul Europ\u00e4ische Kulturhauptstadt 2010"}]},{"@type":"WebSite","@id":"https:\/\/www.tsp.at\/en\/#website","url":"https:\/\/www.tsp.at\/en\/","name":"Temmel | Seywald - Corporate Communications","description":"Kommunikation ist Beziehungsarbeit","publisher":{"@id":"https:\/\/www.tsp.at\/en\/#organization"},"potentialAction":[{"@type":"SearchAction","target":{"@type":"EntryPoint","urlTemplate":"https:\/\/www.tsp.at\/en\/?s={search_term_string}"},"query-input":{"@type":"PropertyValueSpecification","valueRequired":true,"valueName":"search_term_string"}}],"inLanguage":"en-US"},{"@type":"Organization","@id":"https:\/\/www.tsp.at\/en\/#organization","name":"Temmel, Seywald & Partner Communications GesmbH","alternateName":"TSP","url":"https:\/\/www.tsp.at\/en\/","logo":{"@type":"ImageObject","inLanguage":"en-US","@id":"https:\/\/www.tsp.at\/en\/#\/schema\/logo\/image\/","url":"https:\/\/www.tsp.at\/wp-content\/uploads\/2025\/10\/favicontsp.png","contentUrl":"https:\/\/www.tsp.at\/wp-content\/uploads\/2025\/10\/favicontsp.png","width":125,"height":125,"caption":"Temmel, Seywald & Partner Communications GesmbH"},"image":{"@id":"https:\/\/www.tsp.at\/en\/#\/schema\/logo\/image\/"},"sameAs":["https:\/\/www.facebook.com\/TemmelSeywald"]},{"@type":"Person","@id":"https:\/\/www.tsp.at\/en\/#\/schema\/person\/1ba5600c29da17b902b0925cea567f8a","name":"TSP Redaktion"}]}},"_links":{"self":[{"href":"https:\/\/www.tsp.at\/en\/wp-json\/wp\/v2\/posts\/10928","targetHints":{"allow":["GET"]}}],"collection":[{"href":"https:\/\/www.tsp.at\/en\/wp-json\/wp\/v2\/posts"}],"about":[{"href":"https:\/\/www.tsp.at\/en\/wp-json\/wp\/v2\/types\/post"}],"author":[{"embeddable":true,"href":"https:\/\/www.tsp.at\/en\/wp-json\/wp\/v2\/users\/2"}],"replies":[{"embeddable":true,"href":"https:\/\/www.tsp.at\/en\/wp-json\/wp\/v2\/comments?post=10928"}],"version-history":[{"count":1,"href":"https:\/\/www.tsp.at\/en\/wp-json\/wp\/v2\/posts\/10928\/revisions"}],"predecessor-version":[{"id":11816,"href":"https:\/\/www.tsp.at\/en\/wp-json\/wp\/v2\/posts\/10928\/revisions\/11816"}],"wp:featuredmedia":[{"embeddable":true,"href":"https:\/\/www.tsp.at\/en\/wp-json\/wp\/v2\/media\/10927"}],"wp:attachment":[{"href":"https:\/\/www.tsp.at\/en\/wp-json\/wp\/v2\/media?parent=10928"}],"wp:term":[{"taxonomy":"category","embeddable":true,"href":"https:\/\/www.tsp.at\/en\/wp-json\/wp\/v2\/categories?post=10928"},{"taxonomy":"post_tag","embeddable":true,"href":"https:\/\/www.tsp.at\/en\/wp-json\/wp\/v2\/tags?post=10928"}],"curies":[{"name":"wp","href":"https:\/\/api.w.org\/{rel}","templated":true}]}}