{"id":10931,"date":"2009-09-28T18:09:00","date_gmt":"2009-09-28T16:09:00","guid":{"rendered":"https:\/\/staging.tsp.at\/2009\/09\/28\/allianz-fuer-starke-regionen-zum-pr-staatspreis-eingereicht\/"},"modified":"2025-10-21T15:00:51","modified_gmt":"2025-10-21T13:00:51","slug":"allianz-fuer-starke-regionen-zum-pr-staatspreis-eingereicht","status":"publish","type":"post","link":"https:\/\/www.tsp.at\/en\/2009\/09\/28\/allianz-fuer-starke-regionen-zum-pr-staatspreis-eingereicht\/","title":{"rendered":"Allianz f\u00fcr Starke Regionen zum PR-Staatspreis eingereicht"},"content":{"rendered":"<article class=\"item\">\n<h2><strong>Beispiel f\u00fcr erfolgreiches Public Private Partnership Projekt<\/strong><\/h2>\n<p>28.09.2009<\/p>\n<\/p>\n<\/p>\n<\/p>\n<\/p>\n<\/p>\n<p>Wien \u2013 Die Allianz f\u00fcr Starke Regionen hat ihr Erfolsprojekt zum Staatspreis f\u00fcr Public Relations 2009 eingereicht. Unter dem Titel \u201eGenuss braucht Qualit\u00e4t, Qualit\u00e4t braucht Herkunft\u201c haben sich heimische Spitzenunternehmen in der landwirtschaftlichen Zulieferindustrie (Landtechnik), in der Verarbeitung (Fleisch, Milch, Brauereien) und im Lebensmittelhandel im Jahr 2005 zusammen getan, um die GENUSS REGION \u00d6STERREICH von AMA und Lebensministerium zu unterst\u00fctzen. Nach f\u00fcnf Jahren wurde heuer Bilanz gezogen.<\/p>\n<p>Die in der Allianz versammelten Unternehmen haben mit ihrem Engagement \u201eStarke Marken \u2013 Starke Regionen\u201c dazu beigetragen, Genussregionen und Genussprodukte vom Bodensee bis zum Neusiedler See ins \u00f6ffentliche Bewusstsein, in die Handelsregale und zum Konsumenten zu bringen. \u201eZu den herausragenden Leistungen des Projekts geh\u00f6rte es, das komplexe Thema Lebensmittelwertsch\u00f6pfungskette anschaulich zu machen und dabei den Beitrag der Bauern und Produzenten in den Regionen \u00d6sterreichs hervorzuheben\u201c, erl\u00e4utert die Allianz in ihrer Einreichung.<\/p>\n<p>Zahlreiche unabh\u00e4ngige Studien belegen, dass die \u00f6ffentliche Wertsch\u00e4tzung von\u00a0 Qualit\u00e4t und Herkunft bei Lebensmitteln in den vergangenen Jahren massiv zugenommen hat. Die Genussregion-Kampagne, aber auch die aktive Unterst\u00fctzung der wichtigsten \u00f6sterreichischen Lebensmittelhandelsketten (SPAR, BILLA, HOFER, ADEG und Zielpunkt) im Rahmen der Allianz f\u00fcr starke Regionen haben dazu beigetragen, das Bewusstsein f\u00fcr die Qualit\u00e4t regionaler Lebensmittel zu sch\u00e4rfen. Die GENUSS REGION \u00d6STERREICH ist inzwischen in der \u00d6ffentlichkeit als Marke und Idee fest verankert, das Thema Genuss beim Verbraucher angekommen.<!--[if gte mso 9]><xml>  <o:DocumentProperties>   <o:Template>Normal.dotm<\/o:Template>   <o:Revision>0<\/o:Revision>   <o:TotalTime>0<\/o:TotalTime>   <o:Pages>1<\/o:Pages>   <o:Words>315<\/o:Words>   <o:Characters>1801<\/o:Characters>   <o:Company>TSP<\/o:Company>   <o:Lines>15<\/o:Lines>   <o:Paragraphs>3<\/o:Paragraphs>   <o:CharactersWithSpaces>2211<\/o:CharactersWithSpaces>   <o:Version>12.0<\/o:Version>  <\/o:DocumentProperties>  <o:OfficeDocumentSettings>   <o:AllowPNG\/>  <\/o:OfficeDocumentSettings> <\/xml><![endif]--><!--[if gte mso 9]><xml>  <w:WordDocument>   <w:Zoom>0<\/w:Zoom>   <w:TrackMoves>false<\/w:TrackMoves>   <w:TrackFormatting\/>   <w:HyphenationZone>21<\/w:HyphenationZone>   <w:PunctuationKerning\/>   <w:DrawingGridHorizontalSpacing>18 pt<\/w:DrawingGridHorizontalSpacing>   <w:DrawingGridVerticalSpacing>18 pt<\/w:DrawingGridVerticalSpacing>   <w:DisplayHorizontalDrawingGridEvery>0<\/w:DisplayHorizontalDrawingGridEvery>   <w:DisplayVerticalDrawingGridEvery>0<\/w:DisplayVerticalDrawingGridEvery>   <w:ValidateAgainstSchemas\/>   <w:SaveIfXMLInvalid>false<\/w:SaveIfXMLInvalid>   <w:IgnoreMixedContent>false<\/w:IgnoreMixedContent>   <w:AlwaysShowPlaceholderText>false<\/w:AlwaysShowPlaceholderText>   <w:Compatibility>    <w:BreakWrappedTables\/>    <w:DontGrowAutofit\/>    <w:DontAutofitConstrainedTables\/>    <w:DontVertAlignInTxbx\/>   <\/w:Compatibility>  <\/w:WordDocument> <\/xml><![endif]--><!--[if gte mso 9]><xml>  <w:LatentStyles DefLockedState=\"false\" LatentStyleCount=\"276\">  <\/w:LatentStyles> <\/xml><![endif]--> <!--  \/* Font Definitions *\/ @font-face \t{font-family:Arial; \tpanose-1:2 11 6 4 2 2 2 2 2 4; \tmso-font-charset:0; \tmso-generic-font-family:auto; \tmso-font-pitch:variable; \tmso-font-signature:3 0 0 0 1 0;} @font-face \t{font-family:Verdana; \tpanose-1:2 11 6 4 3 5 4 4 2 4; \tmso-font-charset:0; \tmso-generic-font-family:auto; \tmso-font-pitch:variable; \tmso-font-signature:3 0 0 0 1 0;}  \/* Style Definitions *\/ p.MsoNormal, li.MsoNormal, div.MsoNormal \t{mso-style-parent:\"\"; \tmargin:0cm; \tmargin-bottom:.0001pt; \tmso-pagination:widow-orphan; \tfont-size:12.0pt; \tfont-family:\"Times New Roman\"; \tmso-fareast-font-family:\"Times New Roman\"; \tmso-bidi-font-family:\"Times New Roman\";} a:link, span.MsoHyperlink \t{color:blue; \ttext-decoration:underline; \ttext-underline:single;} a:visited, span.MsoHyperlinkFollowed \t{mso-style-noshow:yes; \tcolor:purple; \ttext-decoration:underline; \ttext-underline:single;} @page Section1 \t{size:612.0pt 792.0pt; \tmargin:70.85pt 70.85pt 2.0cm 70.85pt; \tmso-header-margin:36.0pt; \tmso-footer-margin:36.0pt; \tmso-paper-source:0;} div.Section1 \t{page:Section1;} --> <!--[if gte mso 10]> \n\n<style>  \/* Style Definitions *\/ table.MsoNormalTable \t{mso-style-name:\"Normale Tabelle\"; \tmso-tstyle-rowband-size:0; \tmso-tstyle-colband-size:0; \tmso-style-noshow:yes; \tmso-style-parent:\"\"; \tmso-padding-alt:0cm 5.4pt 0cm 5.4pt; \tmso-para-margin:0cm; \tmso-para-margin-bottom:.0001pt; \tmso-pagination:widow-orphan; \tfont-size:10.0pt; \tfont-family:\"Times New Roman\";} <\/style>\n\n <![endif]--> <!--StartFragment--><!--EndFragment--> <\/p>\n<\/article>\n","protected":false},"excerpt":{"rendered":"<p>Beispiel f\u00fcr erfolgreiches Public Private Partnership Projekt 28.09.2009 Wien \u2013 Die Allianz f\u00fcr Starke Regionen hat ihr Erfolsprojekt zum Staatspreis f\u00fcr Public Relations 2009 eingereicht. Unter dem Titel \u201eGenuss braucht Qualit\u00e4t, Qualit\u00e4t braucht Herkunft\u201c haben sich heimische Spitzenunternehmen in der landwirtschaftlichen Zulieferindustrie (Landtechnik), in der Verarbeitung (Fleisch, Milch, Brauereien) und im Lebensmittelhandel im Jahr 2005&hellip;<\/p>\n","protected":false},"author":2,"featured_media":0,"comment_status":"closed","ping_status":"closed","sticky":false,"template":"","format":"standard","meta":{"footnotes":""},"categories":[3],"tags":[],"class_list":["post-10931","post","type-post","status-publish","format-standard","hentry","category-news","category-3","description-off"],"yoast_head":"<!-- This site is optimized with the Yoast SEO plugin v26.3 - https:\/\/yoast.com\/wordpress\/plugins\/seo\/ -->\n<title>Allianz f\u00fcr Starke Regionen zum PR-Staatspreis eingereicht - Temmel | Seywald - Corporate Communications<\/title>\n<meta name=\"robots\" content=\"index, follow, max-snippet:-1, max-image-preview:large, max-video-preview:-1\" \/>\n<link rel=\"canonical\" href=\"https:\/\/www.tsp.at\/en\/2009\/09\/28\/allianz-fuer-starke-regionen-zum-pr-staatspreis-eingereicht\/\" \/>\n<meta property=\"og:locale\" content=\"en_US\" \/>\n<meta property=\"og:type\" content=\"article\" \/>\n<meta property=\"og:title\" content=\"Allianz f\u00fcr Starke Regionen zum PR-Staatspreis eingereicht - Temmel | Seywald - Corporate Communications\" \/>\n<meta property=\"og:description\" content=\"Beispiel f\u00fcr erfolgreiches Public Private Partnership Projekt 28.09.2009 Wien \u2013 Die Allianz f\u00fcr Starke Regionen hat ihr Erfolsprojekt zum Staatspreis f\u00fcr Public Relations 2009 eingereicht. Unter dem Titel \u201eGenuss braucht Qualit\u00e4t, Qualit\u00e4t braucht Herkunft\u201c haben sich heimische Spitzenunternehmen in der landwirtschaftlichen Zulieferindustrie (Landtechnik), in der Verarbeitung (Fleisch, Milch, Brauereien) und im Lebensmittelhandel im Jahr 2005&hellip;\" \/>\n<meta property=\"og:url\" content=\"https:\/\/www.tsp.at\/en\/2009\/09\/28\/allianz-fuer-starke-regionen-zum-pr-staatspreis-eingereicht\/\" \/>\n<meta property=\"og:site_name\" content=\"Temmel | Seywald - Corporate Communications\" \/>\n<meta property=\"article:publisher\" content=\"https:\/\/www.facebook.com\/TemmelSeywald\" \/>\n<meta property=\"article:published_time\" content=\"2009-09-28T16:09:00+00:00\" \/>\n<meta property=\"article:modified_time\" content=\"2025-10-21T13:00:51+00:00\" \/>\n<meta name=\"author\" content=\"TSP Redaktion\" \/>\n<meta name=\"twitter:card\" content=\"summary_large_image\" \/>\n<meta name=\"twitter:label1\" content=\"Written by\" \/>\n\t<meta name=\"twitter:data1\" content=\"TSP Redaktion\" \/>\n\t<meta name=\"twitter:label2\" content=\"Est. reading time\" \/>\n\t<meta name=\"twitter:data2\" content=\"2 minutes\" \/>\n<script type=\"application\/ld+json\" class=\"yoast-schema-graph\">{\"@context\":\"https:\/\/schema.org\",\"@graph\":[{\"@type\":\"Article\",\"@id\":\"https:\/\/www.tsp.at\/en\/2009\/09\/28\/allianz-fuer-starke-regionen-zum-pr-staatspreis-eingereicht\/#article\",\"isPartOf\":{\"@id\":\"https:\/\/www.tsp.at\/en\/2009\/09\/28\/allianz-fuer-starke-regionen-zum-pr-staatspreis-eingereicht\/\"},\"author\":{\"name\":\"TSP Redaktion\",\"@id\":\"https:\/\/www.tsp.at\/en\/#\/schema\/person\/1ba5600c29da17b902b0925cea567f8a\"},\"headline\":\"Allianz f\u00fcr Starke Regionen zum PR-Staatspreis eingereicht\",\"datePublished\":\"2009-09-28T16:09:00+00:00\",\"dateModified\":\"2025-10-21T13:00:51+00:00\",\"mainEntityOfPage\":{\"@id\":\"https:\/\/www.tsp.at\/en\/2009\/09\/28\/allianz-fuer-starke-regionen-zum-pr-staatspreis-eingereicht\/\"},\"wordCount\":245,\"publisher\":{\"@id\":\"https:\/\/www.tsp.at\/en\/#organization\"},\"articleSection\":[\"News\"],\"inLanguage\":\"en-US\"},{\"@type\":\"WebPage\",\"@id\":\"https:\/\/www.tsp.at\/en\/2009\/09\/28\/allianz-fuer-starke-regionen-zum-pr-staatspreis-eingereicht\/\",\"url\":\"https:\/\/www.tsp.at\/en\/2009\/09\/28\/allianz-fuer-starke-regionen-zum-pr-staatspreis-eingereicht\/\",\"name\":\"Allianz f\u00fcr Starke Regionen zum PR-Staatspreis eingereicht - Temmel | Seywald - Corporate Communications\",\"isPartOf\":{\"@id\":\"https:\/\/www.tsp.at\/en\/#website\"},\"datePublished\":\"2009-09-28T16:09:00+00:00\",\"dateModified\":\"2025-10-21T13:00:51+00:00\",\"breadcrumb\":{\"@id\":\"https:\/\/www.tsp.at\/en\/2009\/09\/28\/allianz-fuer-starke-regionen-zum-pr-staatspreis-eingereicht\/#breadcrumb\"},\"inLanguage\":\"en-US\",\"potentialAction\":[{\"@type\":\"ReadAction\",\"target\":[\"https:\/\/www.tsp.at\/en\/2009\/09\/28\/allianz-fuer-starke-regionen-zum-pr-staatspreis-eingereicht\/\"]}]},{\"@type\":\"BreadcrumbList\",\"@id\":\"https:\/\/www.tsp.at\/en\/2009\/09\/28\/allianz-fuer-starke-regionen-zum-pr-staatspreis-eingereicht\/#breadcrumb\",\"itemListElement\":[{\"@type\":\"ListItem\",\"position\":1,\"name\":\"Startseite\",\"item\":\"https:\/\/www.tsp.at\/en\/\"},{\"@type\":\"ListItem\",\"position\":2,\"name\":\"Allianz f\u00fcr Starke Regionen zum PR-Staatspreis eingereicht\"}]},{\"@type\":\"WebSite\",\"@id\":\"https:\/\/www.tsp.at\/en\/#website\",\"url\":\"https:\/\/www.tsp.at\/en\/\",\"name\":\"Temmel | Seywald - Corporate Communications\",\"description\":\"Kommunikation ist Beziehungsarbeit\",\"publisher\":{\"@id\":\"https:\/\/www.tsp.at\/en\/#organization\"},\"potentialAction\":[{\"@type\":\"SearchAction\",\"target\":{\"@type\":\"EntryPoint\",\"urlTemplate\":\"https:\/\/www.tsp.at\/en\/?s={search_term_string}\"},\"query-input\":{\"@type\":\"PropertyValueSpecification\",\"valueRequired\":true,\"valueName\":\"search_term_string\"}}],\"inLanguage\":\"en-US\"},{\"@type\":\"Organization\",\"@id\":\"https:\/\/www.tsp.at\/en\/#organization\",\"name\":\"Temmel, Seywald & Partner Communications GesmbH\",\"alternateName\":\"TSP\",\"url\":\"https:\/\/www.tsp.at\/en\/\",\"logo\":{\"@type\":\"ImageObject\",\"inLanguage\":\"en-US\",\"@id\":\"https:\/\/www.tsp.at\/en\/#\/schema\/logo\/image\/\",\"url\":\"https:\/\/www.tsp.at\/wp-content\/uploads\/2025\/10\/favicontsp.png\",\"contentUrl\":\"https:\/\/www.tsp.at\/wp-content\/uploads\/2025\/10\/favicontsp.png\",\"width\":125,\"height\":125,\"caption\":\"Temmel, Seywald & Partner Communications GesmbH\"},\"image\":{\"@id\":\"https:\/\/www.tsp.at\/en\/#\/schema\/logo\/image\/\"},\"sameAs\":[\"https:\/\/www.facebook.com\/TemmelSeywald\"]},{\"@type\":\"Person\",\"@id\":\"https:\/\/www.tsp.at\/en\/#\/schema\/person\/1ba5600c29da17b902b0925cea567f8a\",\"name\":\"TSP Redaktion\"}]}<\/script>\n<!-- \/ Yoast SEO plugin. -->","yoast_head_json":{"title":"Allianz f\u00fcr Starke Regionen zum PR-Staatspreis eingereicht - Temmel | Seywald - Corporate Communications","robots":{"index":"index","follow":"follow","max-snippet":"max-snippet:-1","max-image-preview":"max-image-preview:large","max-video-preview":"max-video-preview:-1"},"canonical":"https:\/\/www.tsp.at\/en\/2009\/09\/28\/allianz-fuer-starke-regionen-zum-pr-staatspreis-eingereicht\/","og_locale":"en_US","og_type":"article","og_title":"Allianz f\u00fcr Starke Regionen zum PR-Staatspreis eingereicht - Temmel | Seywald - Corporate Communications","og_description":"Beispiel f\u00fcr erfolgreiches Public Private Partnership Projekt 28.09.2009 Wien \u2013 Die Allianz f\u00fcr Starke Regionen hat ihr Erfolsprojekt zum Staatspreis f\u00fcr Public Relations 2009 eingereicht. Unter dem Titel \u201eGenuss braucht Qualit\u00e4t, Qualit\u00e4t braucht Herkunft\u201c haben sich heimische Spitzenunternehmen in der landwirtschaftlichen Zulieferindustrie (Landtechnik), in der Verarbeitung (Fleisch, Milch, Brauereien) und im Lebensmittelhandel im Jahr 2005&hellip;","og_url":"https:\/\/www.tsp.at\/en\/2009\/09\/28\/allianz-fuer-starke-regionen-zum-pr-staatspreis-eingereicht\/","og_site_name":"Temmel | Seywald - Corporate Communications","article_publisher":"https:\/\/www.facebook.com\/TemmelSeywald","article_published_time":"2009-09-28T16:09:00+00:00","article_modified_time":"2025-10-21T13:00:51+00:00","author":"TSP Redaktion","twitter_card":"summary_large_image","twitter_misc":{"Written by":"TSP Redaktion","Est. reading time":"2 minutes"},"schema":{"@context":"https:\/\/schema.org","@graph":[{"@type":"Article","@id":"https:\/\/www.tsp.at\/en\/2009\/09\/28\/allianz-fuer-starke-regionen-zum-pr-staatspreis-eingereicht\/#article","isPartOf":{"@id":"https:\/\/www.tsp.at\/en\/2009\/09\/28\/allianz-fuer-starke-regionen-zum-pr-staatspreis-eingereicht\/"},"author":{"name":"TSP Redaktion","@id":"https:\/\/www.tsp.at\/en\/#\/schema\/person\/1ba5600c29da17b902b0925cea567f8a"},"headline":"Allianz f\u00fcr Starke Regionen zum PR-Staatspreis eingereicht","datePublished":"2009-09-28T16:09:00+00:00","dateModified":"2025-10-21T13:00:51+00:00","mainEntityOfPage":{"@id":"https:\/\/www.tsp.at\/en\/2009\/09\/28\/allianz-fuer-starke-regionen-zum-pr-staatspreis-eingereicht\/"},"wordCount":245,"publisher":{"@id":"https:\/\/www.tsp.at\/en\/#organization"},"articleSection":["News"],"inLanguage":"en-US"},{"@type":"WebPage","@id":"https:\/\/www.tsp.at\/en\/2009\/09\/28\/allianz-fuer-starke-regionen-zum-pr-staatspreis-eingereicht\/","url":"https:\/\/www.tsp.at\/en\/2009\/09\/28\/allianz-fuer-starke-regionen-zum-pr-staatspreis-eingereicht\/","name":"Allianz f\u00fcr Starke Regionen zum PR-Staatspreis eingereicht - Temmel | Seywald - Corporate Communications","isPartOf":{"@id":"https:\/\/www.tsp.at\/en\/#website"},"datePublished":"2009-09-28T16:09:00+00:00","dateModified":"2025-10-21T13:00:51+00:00","breadcrumb":{"@id":"https:\/\/www.tsp.at\/en\/2009\/09\/28\/allianz-fuer-starke-regionen-zum-pr-staatspreis-eingereicht\/#breadcrumb"},"inLanguage":"en-US","potentialAction":[{"@type":"ReadAction","target":["https:\/\/www.tsp.at\/en\/2009\/09\/28\/allianz-fuer-starke-regionen-zum-pr-staatspreis-eingereicht\/"]}]},{"@type":"BreadcrumbList","@id":"https:\/\/www.tsp.at\/en\/2009\/09\/28\/allianz-fuer-starke-regionen-zum-pr-staatspreis-eingereicht\/#breadcrumb","itemListElement":[{"@type":"ListItem","position":1,"name":"Startseite","item":"https:\/\/www.tsp.at\/en\/"},{"@type":"ListItem","position":2,"name":"Allianz f\u00fcr Starke Regionen zum PR-Staatspreis eingereicht"}]},{"@type":"WebSite","@id":"https:\/\/www.tsp.at\/en\/#website","url":"https:\/\/www.tsp.at\/en\/","name":"Temmel | Seywald - Corporate Communications","description":"Kommunikation ist Beziehungsarbeit","publisher":{"@id":"https:\/\/www.tsp.at\/en\/#organization"},"potentialAction":[{"@type":"SearchAction","target":{"@type":"EntryPoint","urlTemplate":"https:\/\/www.tsp.at\/en\/?s={search_term_string}"},"query-input":{"@type":"PropertyValueSpecification","valueRequired":true,"valueName":"search_term_string"}}],"inLanguage":"en-US"},{"@type":"Organization","@id":"https:\/\/www.tsp.at\/en\/#organization","name":"Temmel, Seywald & Partner Communications GesmbH","alternateName":"TSP","url":"https:\/\/www.tsp.at\/en\/","logo":{"@type":"ImageObject","inLanguage":"en-US","@id":"https:\/\/www.tsp.at\/en\/#\/schema\/logo\/image\/","url":"https:\/\/www.tsp.at\/wp-content\/uploads\/2025\/10\/favicontsp.png","contentUrl":"https:\/\/www.tsp.at\/wp-content\/uploads\/2025\/10\/favicontsp.png","width":125,"height":125,"caption":"Temmel, Seywald & Partner Communications GesmbH"},"image":{"@id":"https:\/\/www.tsp.at\/en\/#\/schema\/logo\/image\/"},"sameAs":["https:\/\/www.facebook.com\/TemmelSeywald"]},{"@type":"Person","@id":"https:\/\/www.tsp.at\/en\/#\/schema\/person\/1ba5600c29da17b902b0925cea567f8a","name":"TSP Redaktion"}]}},"_links":{"self":[{"href":"https:\/\/www.tsp.at\/en\/wp-json\/wp\/v2\/posts\/10931","targetHints":{"allow":["GET"]}}],"collection":[{"href":"https:\/\/www.tsp.at\/en\/wp-json\/wp\/v2\/posts"}],"about":[{"href":"https:\/\/www.tsp.at\/en\/wp-json\/wp\/v2\/types\/post"}],"author":[{"embeddable":true,"href":"https:\/\/www.tsp.at\/en\/wp-json\/wp\/v2\/users\/2"}],"replies":[{"embeddable":true,"href":"https:\/\/www.tsp.at\/en\/wp-json\/wp\/v2\/comments?post=10931"}],"version-history":[{"count":1,"href":"https:\/\/www.tsp.at\/en\/wp-json\/wp\/v2\/posts\/10931\/revisions"}],"predecessor-version":[{"id":11818,"href":"https:\/\/www.tsp.at\/en\/wp-json\/wp\/v2\/posts\/10931\/revisions\/11818"}],"wp:attachment":[{"href":"https:\/\/www.tsp.at\/en\/wp-json\/wp\/v2\/media?parent=10931"}],"wp:term":[{"taxonomy":"category","embeddable":true,"href":"https:\/\/www.tsp.at\/en\/wp-json\/wp\/v2\/categories?post=10931"},{"taxonomy":"post_tag","embeddable":true,"href":"https:\/\/www.tsp.at\/en\/wp-json\/wp\/v2\/tags?post=10931"}],"curies":[{"name":"wp","href":"https:\/\/api.w.org\/{rel}","templated":true}]}}