{"id":10947,"date":"2009-01-22T15:35:00","date_gmt":"2009-01-22T14:35:00","guid":{"rendered":"https:\/\/staging.tsp.at\/2009\/01\/22\/fulminanter-auftakt-der-genuss-region-ins-5-jahr\/"},"modified":"2025-10-21T15:00:52","modified_gmt":"2025-10-21T13:00:52","slug":"fulminanter-auftakt-der-genuss-region-ins-5-jahr","status":"publish","type":"post","link":"https:\/\/www.tsp.at\/en\/2009\/01\/22\/fulminanter-auftakt-der-genuss-region-ins-5-jahr\/","title":{"rendered":"Fulminanter Auftakt der Genuss Region ins 5. Jahr"},"content":{"rendered":"<article class=\"item\">\n<h2><strong>Landwirtschaftsminister Niki Berlakovich sieht enormen Trend<\/strong><\/h2>\n<p>22.01.2009<\/p>\n<\/p>\n<\/p>\n<\/p>\n<\/p>\n<\/p>\n<p>Salzburg, Heffterhof \u2013 Mit Hochstimmung ist die Genuss Region \u00d6sterreich auf ihrer Bundestagung in Salzburg ins f\u00fcnfte Jahr gestartet. Landwirtschaftsminister Niki Berlakovich sprach vor Vertretern aus \u00fcber 100 Genussregionen \u00d6sterreichs von einem enormen Trend, den die Genuss Region \u00d6sterreich ausgel\u00f6st habe. Er werde alles daran setzen, die Vorreiterrolle \u00d6sterreichs als Genussland weiter auszubauen und eine &#8220;starke Verbindung&#8221; zum Tourismus suchen. &#8220;Ein Gro\u00dfteil unserer G\u00e4ste kommt ja gerade wegen unserer Speisen und Getr\u00e4nke nach \u00d6sterreich.&#8221;<\/p>\n<p>Berlakovic k\u00fcndigte in Salzburg an, dass die von seinem Vorg\u00e4nger Josef Pr\u00f6ll initiierte Zusammenarbeit der Genuss Region mit Tourismus, Gastronomie und Handel weiter ausgebaut wird. Er sprach von einer &#8220;gro\u00dfartigen Initiative&#8221; und einem gewaltigen Kapital, das in der Genuss Region schlummere. Das Interesse der Konsumenten an regionalen Produkten sei immens, der Verbraucher wolle aber auch wissen, wer was produziert. Sein Besuch auf der &#8220;Gr\u00fcnen Woche&#8221; in Berlin habe ihm best\u00e4tigt, dass \u00d6sterreich hier auf dem richtigen Weg sei.<\/p>\n<p>Der Marketingvorstand der Agrarmarkt Austria, Stephan Mikinovic, best\u00e4tigte auf der Bundestagung den aktuellen Trend zu regionalen Produkten. Die Genuss Region \u00d6sterreich stehe musterg\u00fcltig f\u00fcr diesen Trend und habe ihn auch mit initiiert, so Mikinovic. &#8220;Reinheit und Nat\u00fcrlichkeit ist das Ziel der Genussregionen&#8221;. Gefragt sei wieder das &#8220;Schnitzel mit Stammbaum&#8221;.<\/p>\n<p>Die Bundestagung im Salzburger Heffterhof war vor allem der Verankerung der Genuss Region \u00d6sterreich in Tourismus und Gastronomie gewidmet. Den rund 150 Vertretern aus ganz \u00d6sterreich wurden dabei die M\u00f6glichkeiten professioneller Hilfestellung aufgezeigt. In den Workshops hatten die Teilnehmer die M\u00f6glichkeit, ins Detail zu gehen und sich bei den anwesenden Beratern und Experten zu informieren.<\/p>\n<p>Organisiert wurde die Veranstaltung diesmal von der im Vorjahr gegr\u00fcndeten GenussRegionen Marketing GmbH, die eine erste Zwischenbilanz zog und weitere Akzente f\u00fcr 2009 angek\u00fcndigt hat. So wird es neben eigenen Genusswochen und einer Vielfalt von Genuss Region Festlichkeiten und Veranstaltungen quer durch \u00d6sterreich auch einige neue Auszeichnungen geben. Geplant ist unter anderem die Vergabe eines gro\u00dfen Tourismuspreises und die Auszeichnung &#8220;GenussWirt des Jahres&#8221;. <\/p>\n<\/p>\n<\/article>\n","protected":false},"excerpt":{"rendered":"<p>Landwirtschaftsminister Niki Berlakovich sieht enormen Trend 22.01.2009 Salzburg, Heffterhof \u2013 Mit Hochstimmung ist die Genuss Region \u00d6sterreich auf ihrer Bundestagung in Salzburg ins f\u00fcnfte Jahr gestartet. Landwirtschaftsminister Niki Berlakovich sprach vor Vertretern aus \u00fcber 100 Genussregionen \u00d6sterreichs von einem enormen Trend, den die Genuss Region \u00d6sterreich ausgel\u00f6st habe. Er werde alles daran setzen, die Vorreiterrolle&hellip;<\/p>\n","protected":false},"author":2,"featured_media":10946,"comment_status":"closed","ping_status":"closed","sticky":false,"template":"","format":"standard","meta":{"footnotes":""},"categories":[3],"tags":[],"class_list":["post-10947","post","type-post","status-publish","format-standard","has-post-thumbnail","hentry","category-news","category-3","description-off"],"yoast_head":"<!-- This site is optimized with the Yoast SEO plugin v26.3 - https:\/\/yoast.com\/wordpress\/plugins\/seo\/ -->\n<title>Fulminanter Auftakt der Genuss Region ins 5. Jahr - Temmel | Seywald - Corporate Communications<\/title>\n<meta name=\"robots\" content=\"index, follow, max-snippet:-1, max-image-preview:large, max-video-preview:-1\" \/>\n<link rel=\"canonical\" href=\"https:\/\/www.tsp.at\/en\/2009\/01\/22\/fulminanter-auftakt-der-genuss-region-ins-5-jahr\/\" \/>\n<meta property=\"og:locale\" content=\"en_US\" \/>\n<meta property=\"og:type\" content=\"article\" \/>\n<meta property=\"og:title\" content=\"Fulminanter Auftakt der Genuss Region ins 5. Jahr - Temmel | Seywald - Corporate Communications\" \/>\n<meta property=\"og:description\" content=\"Landwirtschaftsminister Niki Berlakovich sieht enormen Trend 22.01.2009 Salzburg, Heffterhof \u2013 Mit Hochstimmung ist die Genuss Region \u00d6sterreich auf ihrer Bundestagung in Salzburg ins f\u00fcnfte Jahr gestartet. Landwirtschaftsminister Niki Berlakovich sprach vor Vertretern aus \u00fcber 100 Genussregionen \u00d6sterreichs von einem enormen Trend, den die Genuss Region \u00d6sterreich ausgel\u00f6st habe. Er werde alles daran setzen, die Vorreiterrolle&hellip;\" \/>\n<meta property=\"og:url\" content=\"https:\/\/www.tsp.at\/en\/2009\/01\/22\/fulminanter-auftakt-der-genuss-region-ins-5-jahr\/\" \/>\n<meta property=\"og:site_name\" content=\"Temmel | Seywald - Corporate Communications\" \/>\n<meta property=\"article:publisher\" content=\"https:\/\/www.facebook.com\/TemmelSeywald\" \/>\n<meta property=\"article:published_time\" content=\"2009-01-22T14:35:00+00:00\" \/>\n<meta property=\"article:modified_time\" content=\"2025-10-21T13:00:52+00:00\" \/>\n<meta property=\"og:image\" content=\"https:\/\/www.tsp.at\/wp-content\/uploads\/2025\/10\/124.jpg\" \/>\n\t<meta property=\"og:image:width\" content=\"2100\" \/>\n\t<meta property=\"og:image:height\" content=\"1400\" \/>\n\t<meta property=\"og:image:type\" content=\"image\/jpeg\" \/>\n<meta name=\"author\" content=\"TSP Redaktion\" \/>\n<meta name=\"twitter:card\" content=\"summary_large_image\" \/>\n<meta name=\"twitter:label1\" content=\"Written by\" \/>\n\t<meta name=\"twitter:data1\" content=\"TSP Redaktion\" \/>\n\t<meta name=\"twitter:label2\" content=\"Est. reading time\" \/>\n\t<meta name=\"twitter:data2\" content=\"3 minutes\" \/>\n<script type=\"application\/ld+json\" class=\"yoast-schema-graph\">{\"@context\":\"https:\/\/schema.org\",\"@graph\":[{\"@type\":\"Article\",\"@id\":\"https:\/\/www.tsp.at\/en\/2009\/01\/22\/fulminanter-auftakt-der-genuss-region-ins-5-jahr\/#article\",\"isPartOf\":{\"@id\":\"https:\/\/www.tsp.at\/en\/2009\/01\/22\/fulminanter-auftakt-der-genuss-region-ins-5-jahr\/\"},\"author\":{\"name\":\"TSP Redaktion\",\"@id\":\"https:\/\/www.tsp.at\/en\/#\/schema\/person\/1ba5600c29da17b902b0925cea567f8a\"},\"headline\":\"Fulminanter Auftakt der Genuss Region ins 5. Jahr\",\"datePublished\":\"2009-01-22T14:35:00+00:00\",\"dateModified\":\"2025-10-21T13:00:52+00:00\",\"mainEntityOfPage\":{\"@id\":\"https:\/\/www.tsp.at\/en\/2009\/01\/22\/fulminanter-auftakt-der-genuss-region-ins-5-jahr\/\"},\"wordCount\":349,\"publisher\":{\"@id\":\"https:\/\/www.tsp.at\/en\/#organization\"},\"image\":{\"@id\":\"https:\/\/www.tsp.at\/en\/2009\/01\/22\/fulminanter-auftakt-der-genuss-region-ins-5-jahr\/#primaryimage\"},\"thumbnailUrl\":\"https:\/\/www.tsp.at\/wp-content\/uploads\/2025\/10\/124.jpg\",\"articleSection\":[\"News\"],\"inLanguage\":\"en-US\"},{\"@type\":\"WebPage\",\"@id\":\"https:\/\/www.tsp.at\/en\/2009\/01\/22\/fulminanter-auftakt-der-genuss-region-ins-5-jahr\/\",\"url\":\"https:\/\/www.tsp.at\/en\/2009\/01\/22\/fulminanter-auftakt-der-genuss-region-ins-5-jahr\/\",\"name\":\"Fulminanter Auftakt der Genuss Region ins 5. Jahr - Temmel | Seywald - Corporate Communications\",\"isPartOf\":{\"@id\":\"https:\/\/www.tsp.at\/en\/#website\"},\"primaryImageOfPage\":{\"@id\":\"https:\/\/www.tsp.at\/en\/2009\/01\/22\/fulminanter-auftakt-der-genuss-region-ins-5-jahr\/#primaryimage\"},\"image\":{\"@id\":\"https:\/\/www.tsp.at\/en\/2009\/01\/22\/fulminanter-auftakt-der-genuss-region-ins-5-jahr\/#primaryimage\"},\"thumbnailUrl\":\"https:\/\/www.tsp.at\/wp-content\/uploads\/2025\/10\/124.jpg\",\"datePublished\":\"2009-01-22T14:35:00+00:00\",\"dateModified\":\"2025-10-21T13:00:52+00:00\",\"breadcrumb\":{\"@id\":\"https:\/\/www.tsp.at\/en\/2009\/01\/22\/fulminanter-auftakt-der-genuss-region-ins-5-jahr\/#breadcrumb\"},\"inLanguage\":\"en-US\",\"potentialAction\":[{\"@type\":\"ReadAction\",\"target\":[\"https:\/\/www.tsp.at\/en\/2009\/01\/22\/fulminanter-auftakt-der-genuss-region-ins-5-jahr\/\"]}]},{\"@type\":\"ImageObject\",\"inLanguage\":\"en-US\",\"@id\":\"https:\/\/www.tsp.at\/en\/2009\/01\/22\/fulminanter-auftakt-der-genuss-region-ins-5-jahr\/#primaryimage\",\"url\":\"https:\/\/www.tsp.at\/wp-content\/uploads\/2025\/10\/124.jpg\",\"contentUrl\":\"https:\/\/www.tsp.at\/wp-content\/uploads\/2025\/10\/124.jpg\",\"width\":2100,\"height\":1400,\"caption\":\"Di Niki Berlakovich,\"},{\"@type\":\"BreadcrumbList\",\"@id\":\"https:\/\/www.tsp.at\/en\/2009\/01\/22\/fulminanter-auftakt-der-genuss-region-ins-5-jahr\/#breadcrumb\",\"itemListElement\":[{\"@type\":\"ListItem\",\"position\":1,\"name\":\"Startseite\",\"item\":\"https:\/\/www.tsp.at\/en\/\"},{\"@type\":\"ListItem\",\"position\":2,\"name\":\"Fulminanter Auftakt der Genuss Region ins 5. Jahr\"}]},{\"@type\":\"WebSite\",\"@id\":\"https:\/\/www.tsp.at\/en\/#website\",\"url\":\"https:\/\/www.tsp.at\/en\/\",\"name\":\"Temmel | Seywald - Corporate Communications\",\"description\":\"Kommunikation ist Beziehungsarbeit\",\"publisher\":{\"@id\":\"https:\/\/www.tsp.at\/en\/#organization\"},\"potentialAction\":[{\"@type\":\"SearchAction\",\"target\":{\"@type\":\"EntryPoint\",\"urlTemplate\":\"https:\/\/www.tsp.at\/en\/?s={search_term_string}\"},\"query-input\":{\"@type\":\"PropertyValueSpecification\",\"valueRequired\":true,\"valueName\":\"search_term_string\"}}],\"inLanguage\":\"en-US\"},{\"@type\":\"Organization\",\"@id\":\"https:\/\/www.tsp.at\/en\/#organization\",\"name\":\"Temmel, Seywald & Partner Communications GesmbH\",\"alternateName\":\"TSP\",\"url\":\"https:\/\/www.tsp.at\/en\/\",\"logo\":{\"@type\":\"ImageObject\",\"inLanguage\":\"en-US\",\"@id\":\"https:\/\/www.tsp.at\/en\/#\/schema\/logo\/image\/\",\"url\":\"https:\/\/www.tsp.at\/wp-content\/uploads\/2025\/10\/favicontsp.png\",\"contentUrl\":\"https:\/\/www.tsp.at\/wp-content\/uploads\/2025\/10\/favicontsp.png\",\"width\":125,\"height\":125,\"caption\":\"Temmel, Seywald & Partner Communications GesmbH\"},\"image\":{\"@id\":\"https:\/\/www.tsp.at\/en\/#\/schema\/logo\/image\/\"},\"sameAs\":[\"https:\/\/www.facebook.com\/TemmelSeywald\"]},{\"@type\":\"Person\",\"@id\":\"https:\/\/www.tsp.at\/en\/#\/schema\/person\/1ba5600c29da17b902b0925cea567f8a\",\"name\":\"TSP Redaktion\"}]}<\/script>\n<!-- \/ Yoast SEO plugin. -->","yoast_head_json":{"title":"Fulminanter Auftakt der Genuss Region ins 5. Jahr - Temmel | Seywald - Corporate Communications","robots":{"index":"index","follow":"follow","max-snippet":"max-snippet:-1","max-image-preview":"max-image-preview:large","max-video-preview":"max-video-preview:-1"},"canonical":"https:\/\/www.tsp.at\/en\/2009\/01\/22\/fulminanter-auftakt-der-genuss-region-ins-5-jahr\/","og_locale":"en_US","og_type":"article","og_title":"Fulminanter Auftakt der Genuss Region ins 5. Jahr - Temmel | Seywald - Corporate Communications","og_description":"Landwirtschaftsminister Niki Berlakovich sieht enormen Trend 22.01.2009 Salzburg, Heffterhof \u2013 Mit Hochstimmung ist die Genuss Region \u00d6sterreich auf ihrer Bundestagung in Salzburg ins f\u00fcnfte Jahr gestartet. Landwirtschaftsminister Niki Berlakovich sprach vor Vertretern aus \u00fcber 100 Genussregionen \u00d6sterreichs von einem enormen Trend, den die Genuss Region \u00d6sterreich ausgel\u00f6st habe. Er werde alles daran setzen, die Vorreiterrolle&hellip;","og_url":"https:\/\/www.tsp.at\/en\/2009\/01\/22\/fulminanter-auftakt-der-genuss-region-ins-5-jahr\/","og_site_name":"Temmel | Seywald - Corporate Communications","article_publisher":"https:\/\/www.facebook.com\/TemmelSeywald","article_published_time":"2009-01-22T14:35:00+00:00","article_modified_time":"2025-10-21T13:00:52+00:00","og_image":[{"width":2100,"height":1400,"url":"https:\/\/www.tsp.at\/wp-content\/uploads\/2025\/10\/124.jpg","type":"image\/jpeg"}],"author":"TSP Redaktion","twitter_card":"summary_large_image","twitter_misc":{"Written by":"TSP Redaktion","Est. reading time":"3 minutes"},"schema":{"@context":"https:\/\/schema.org","@graph":[{"@type":"Article","@id":"https:\/\/www.tsp.at\/en\/2009\/01\/22\/fulminanter-auftakt-der-genuss-region-ins-5-jahr\/#article","isPartOf":{"@id":"https:\/\/www.tsp.at\/en\/2009\/01\/22\/fulminanter-auftakt-der-genuss-region-ins-5-jahr\/"},"author":{"name":"TSP Redaktion","@id":"https:\/\/www.tsp.at\/en\/#\/schema\/person\/1ba5600c29da17b902b0925cea567f8a"},"headline":"Fulminanter Auftakt der Genuss Region ins 5. Jahr","datePublished":"2009-01-22T14:35:00+00:00","dateModified":"2025-10-21T13:00:52+00:00","mainEntityOfPage":{"@id":"https:\/\/www.tsp.at\/en\/2009\/01\/22\/fulminanter-auftakt-der-genuss-region-ins-5-jahr\/"},"wordCount":349,"publisher":{"@id":"https:\/\/www.tsp.at\/en\/#organization"},"image":{"@id":"https:\/\/www.tsp.at\/en\/2009\/01\/22\/fulminanter-auftakt-der-genuss-region-ins-5-jahr\/#primaryimage"},"thumbnailUrl":"https:\/\/www.tsp.at\/wp-content\/uploads\/2025\/10\/124.jpg","articleSection":["News"],"inLanguage":"en-US"},{"@type":"WebPage","@id":"https:\/\/www.tsp.at\/en\/2009\/01\/22\/fulminanter-auftakt-der-genuss-region-ins-5-jahr\/","url":"https:\/\/www.tsp.at\/en\/2009\/01\/22\/fulminanter-auftakt-der-genuss-region-ins-5-jahr\/","name":"Fulminanter Auftakt der Genuss Region ins 5. Jahr - Temmel | Seywald - Corporate Communications","isPartOf":{"@id":"https:\/\/www.tsp.at\/en\/#website"},"primaryImageOfPage":{"@id":"https:\/\/www.tsp.at\/en\/2009\/01\/22\/fulminanter-auftakt-der-genuss-region-ins-5-jahr\/#primaryimage"},"image":{"@id":"https:\/\/www.tsp.at\/en\/2009\/01\/22\/fulminanter-auftakt-der-genuss-region-ins-5-jahr\/#primaryimage"},"thumbnailUrl":"https:\/\/www.tsp.at\/wp-content\/uploads\/2025\/10\/124.jpg","datePublished":"2009-01-22T14:35:00+00:00","dateModified":"2025-10-21T13:00:52+00:00","breadcrumb":{"@id":"https:\/\/www.tsp.at\/en\/2009\/01\/22\/fulminanter-auftakt-der-genuss-region-ins-5-jahr\/#breadcrumb"},"inLanguage":"en-US","potentialAction":[{"@type":"ReadAction","target":["https:\/\/www.tsp.at\/en\/2009\/01\/22\/fulminanter-auftakt-der-genuss-region-ins-5-jahr\/"]}]},{"@type":"ImageObject","inLanguage":"en-US","@id":"https:\/\/www.tsp.at\/en\/2009\/01\/22\/fulminanter-auftakt-der-genuss-region-ins-5-jahr\/#primaryimage","url":"https:\/\/www.tsp.at\/wp-content\/uploads\/2025\/10\/124.jpg","contentUrl":"https:\/\/www.tsp.at\/wp-content\/uploads\/2025\/10\/124.jpg","width":2100,"height":1400,"caption":"Di Niki Berlakovich,"},{"@type":"BreadcrumbList","@id":"https:\/\/www.tsp.at\/en\/2009\/01\/22\/fulminanter-auftakt-der-genuss-region-ins-5-jahr\/#breadcrumb","itemListElement":[{"@type":"ListItem","position":1,"name":"Startseite","item":"https:\/\/www.tsp.at\/en\/"},{"@type":"ListItem","position":2,"name":"Fulminanter Auftakt der Genuss Region ins 5. Jahr"}]},{"@type":"WebSite","@id":"https:\/\/www.tsp.at\/en\/#website","url":"https:\/\/www.tsp.at\/en\/","name":"Temmel | Seywald - Corporate Communications","description":"Kommunikation ist Beziehungsarbeit","publisher":{"@id":"https:\/\/www.tsp.at\/en\/#organization"},"potentialAction":[{"@type":"SearchAction","target":{"@type":"EntryPoint","urlTemplate":"https:\/\/www.tsp.at\/en\/?s={search_term_string}"},"query-input":{"@type":"PropertyValueSpecification","valueRequired":true,"valueName":"search_term_string"}}],"inLanguage":"en-US"},{"@type":"Organization","@id":"https:\/\/www.tsp.at\/en\/#organization","name":"Temmel, Seywald & Partner Communications GesmbH","alternateName":"TSP","url":"https:\/\/www.tsp.at\/en\/","logo":{"@type":"ImageObject","inLanguage":"en-US","@id":"https:\/\/www.tsp.at\/en\/#\/schema\/logo\/image\/","url":"https:\/\/www.tsp.at\/wp-content\/uploads\/2025\/10\/favicontsp.png","contentUrl":"https:\/\/www.tsp.at\/wp-content\/uploads\/2025\/10\/favicontsp.png","width":125,"height":125,"caption":"Temmel, Seywald & Partner Communications GesmbH"},"image":{"@id":"https:\/\/www.tsp.at\/en\/#\/schema\/logo\/image\/"},"sameAs":["https:\/\/www.facebook.com\/TemmelSeywald"]},{"@type":"Person","@id":"https:\/\/www.tsp.at\/en\/#\/schema\/person\/1ba5600c29da17b902b0925cea567f8a","name":"TSP Redaktion"}]}},"_links":{"self":[{"href":"https:\/\/www.tsp.at\/en\/wp-json\/wp\/v2\/posts\/10947","targetHints":{"allow":["GET"]}}],"collection":[{"href":"https:\/\/www.tsp.at\/en\/wp-json\/wp\/v2\/posts"}],"about":[{"href":"https:\/\/www.tsp.at\/en\/wp-json\/wp\/v2\/types\/post"}],"author":[{"embeddable":true,"href":"https:\/\/www.tsp.at\/en\/wp-json\/wp\/v2\/users\/2"}],"replies":[{"embeddable":true,"href":"https:\/\/www.tsp.at\/en\/wp-json\/wp\/v2\/comments?post=10947"}],"version-history":[{"count":1,"href":"https:\/\/www.tsp.at\/en\/wp-json\/wp\/v2\/posts\/10947\/revisions"}],"predecessor-version":[{"id":11826,"href":"https:\/\/www.tsp.at\/en\/wp-json\/wp\/v2\/posts\/10947\/revisions\/11826"}],"wp:featuredmedia":[{"embeddable":true,"href":"https:\/\/www.tsp.at\/en\/wp-json\/wp\/v2\/media\/10946"}],"wp:attachment":[{"href":"https:\/\/www.tsp.at\/en\/wp-json\/wp\/v2\/media?parent=10947"}],"wp:term":[{"taxonomy":"category","embeddable":true,"href":"https:\/\/www.tsp.at\/en\/wp-json\/wp\/v2\/categories?post=10947"},{"taxonomy":"post_tag","embeddable":true,"href":"https:\/\/www.tsp.at\/en\/wp-json\/wp\/v2\/tags?post=10947"}],"curies":[{"name":"wp","href":"https:\/\/api.w.org\/{rel}","templated":true}]}}