{"id":10961,"date":"2008-09-08T11:51:00","date_gmt":"2008-09-08T09:51:00","guid":{"rendered":"https:\/\/staging.tsp.at\/2008\/09\/08\/friends-of-steyr-aus-der-taufe-gehoben\/"},"modified":"2025-10-21T15:00:53","modified_gmt":"2025-10-21T13:00:53","slug":"friends-of-steyr-aus-der-taufe-gehoben","status":"publish","type":"post","link":"https:\/\/www.tsp.at\/en\/2008\/09\/08\/friends-of-steyr-aus-der-taufe-gehoben\/","title":{"rendered":"Friends of Steyr aus der Taufe gehoben"},"content":{"rendered":"<article class=\"item\">\n<h2><strong>Traktorenbauer aus St. Valentin umwirbt Landwirte und Kommunen<\/strong><\/h2>\n<p>08.09.2008<\/p>\n<\/p>\n<\/p>\n<\/p>\n<\/p>\n<\/p>\n<p> Wels \u2013 Der Traktorenhersteller STEYR hat auf der Welser Messe eine neue Kommunikationsplattform aus der Taufe gehoben. Die &#8220;Friends of Steyr&#8221; sollen zuk\u00fcnftig in den Genuss besonderer Leistungen und Verg\u00fcnstigungen kommen. <a href=\"http:\/\/www.steyrfan.at\" target=\"_blank\">http:\/\/www.steyrfan.at<\/a>  Ober\u00f6sterreichs Agrarlandesrat Josef Stockinger sagte zur Begr\u00fc\u00dfung vor \u00fcber 140 G\u00e4sten aus Politik und Wirtschaft, er verbinde mit STEYR sein halbes Leben. Sein wei\u00dfer Hochzeitstraktor laufe noch heute &#8220;wie geschmiert&#8221;.<\/p>\n<p>Auf dem ersten &#8220;Friends of Steyr&#8221;-Event beim Wirt am Berg pr\u00e4sentierte der Europa-Chef von Case IH &amp; Steyr, Ing. Andreas Klauser, und der Vertriebschef f\u00fcr \u00d6sterreich, Schweiz und Slowenien, DI Rudolf Hinterberger die kommenden Vorhaben des Traktorenherstellers. Neben einer deutlichen Steigerung der Produktionszahlen (rund 35%) strebt Steyr auch eine deutliche Erh\u00f6hung der Pr\u00e4senz in allen europ\u00e4ischen M\u00e4rkten an.<\/p>\n<p>Zudem will der Traktorenbauer aus St. Valentin seine Partnerschaft mit Landwirten und Kommunen weiter vertiefen. Steyr unterst\u00fctzt daher als Gr\u00fcndungsmitglied der Allianz f\u00fcr starke Regionen <a href=\"http:\/\/www.starke-marken.at\" target=\"_blank\">http:\/\/www.starke-marken.at<\/a>  auch tatkr\u00e4ftig die GENUSS REGION \u00d6STERREICH und hilft dadurch den Absatz regionaler Produkte sowohl national als auch international zu f\u00f6rdern.<\/p>\n<p>Agrarlandesrat Josef Stockinger betonte in seiner Rede den Patriotismus, der besonders bei Lebensmitteln gest\u00e4rkt werden muss. &#8220;Regionalit\u00e4t bedeutet nicht nur ein Plus an Qualit\u00e4t, sondern schafft gerade im l\u00e4ndlichen Raum langfristige Arbeitspl\u00e4tze. Auch den immer st\u00e4rker werdenden Umweltbelastungen durch lange Transportwege wird so entgegen gesteuert&#8221;, erl\u00e4uterte Stockinger. Die Initiative GENUSS REGION \u00d6STERREICH brauche starke Partner in der Wirtschaft. Mit der Allianz f\u00fcr starke Regionen setzen Steyr und andere Partner ein deutliches Signal f\u00fcr die heimische Landwirtschaft. &#8220;Daf\u00fcr danke ich Herrn Ing. Klauser und seinem Team.&#8221;<\/p>\n<p><strong>Verantwortung als Nummer 1 in \u00d6sterreich<\/strong><\/p>\n<p>Steyr-Europachef Klauser brachte das Anliegen von Steyr als Nummer 1 Traktor in \u00d6sterreich auf den Punkt. &#8220;Wir sind uns der Verantwortung als \u00d6sterreichs f\u00fchrender Traktorhersteller bewusst. Die heimische Landwirtschaft garantiert, dass unsere Bev\u00f6lkerung mit den besten Lebensmitteln versorgt werden kann. So bleibt die \u00f6sterreichische Kulturlandschaft einzigartig und unverwechselbar. Als Traktorhersteller sind wir deshalb bem\u00fcht, mit modernster Technik effizientes und Umwelt schonendes Arbeiten zu erm\u00f6glichen.&#8221; <a href=\"http:\/\/www.steyr-traktoren.com\" target=\"_blank\">http:\/\/www.steyr-traktoren.com<\/a> <\/p>\n<\/p>\n<\/article>\n","protected":false},"excerpt":{"rendered":"<p>Traktorenbauer aus St. Valentin umwirbt Landwirte und Kommunen 08.09.2008 Wels \u2013 Der Traktorenhersteller STEYR hat auf der Welser Messe eine neue Kommunikationsplattform aus der Taufe gehoben. Die &#8220;Friends of Steyr&#8221; sollen zuk\u00fcnftig in den Genuss besonderer Leistungen und Verg\u00fcnstigungen kommen. http:\/\/www.steyrfan.at Ober\u00f6sterreichs Agrarlandesrat Josef Stockinger sagte zur Begr\u00fc\u00dfung vor \u00fcber 140 G\u00e4sten aus Politik und&hellip;<\/p>\n","protected":false},"author":2,"featured_media":10960,"comment_status":"closed","ping_status":"closed","sticky":false,"template":"","format":"standard","meta":{"footnotes":""},"categories":[3],"tags":[],"class_list":["post-10961","post","type-post","status-publish","format-standard","has-post-thumbnail","hentry","category-news","category-3","description-off"],"yoast_head":"<!-- This site is optimized with the Yoast SEO plugin v26.3 - https:\/\/yoast.com\/wordpress\/plugins\/seo\/ -->\n<title>Friends of Steyr aus der Taufe gehoben - Temmel | Seywald - Corporate Communications<\/title>\n<meta name=\"robots\" content=\"index, follow, max-snippet:-1, max-image-preview:large, max-video-preview:-1\" \/>\n<link rel=\"canonical\" href=\"https:\/\/www.tsp.at\/en\/2008\/09\/08\/friends-of-steyr-aus-der-taufe-gehoben\/\" \/>\n<meta property=\"og:locale\" content=\"en_US\" \/>\n<meta property=\"og:type\" content=\"article\" \/>\n<meta property=\"og:title\" content=\"Friends of Steyr aus der Taufe gehoben - Temmel | Seywald - Corporate Communications\" \/>\n<meta property=\"og:description\" content=\"Traktorenbauer aus St. Valentin umwirbt Landwirte und Kommunen 08.09.2008 Wels \u2013 Der Traktorenhersteller STEYR hat auf der Welser Messe eine neue Kommunikationsplattform aus der Taufe gehoben. Die &#8220;Friends of Steyr&#8221; sollen zuk\u00fcnftig in den Genuss besonderer Leistungen und Verg\u00fcnstigungen kommen. http:\/\/www.steyrfan.at Ober\u00f6sterreichs Agrarlandesrat Josef Stockinger sagte zur Begr\u00fc\u00dfung vor \u00fcber 140 G\u00e4sten aus Politik und&hellip;\" \/>\n<meta property=\"og:url\" content=\"https:\/\/www.tsp.at\/en\/2008\/09\/08\/friends-of-steyr-aus-der-taufe-gehoben\/\" \/>\n<meta property=\"og:site_name\" content=\"Temmel | Seywald - Corporate Communications\" \/>\n<meta property=\"article:publisher\" content=\"https:\/\/www.facebook.com\/TemmelSeywald\" \/>\n<meta property=\"article:published_time\" content=\"2008-09-08T09:51:00+00:00\" \/>\n<meta property=\"article:modified_time\" content=\"2025-10-21T13:00:53+00:00\" \/>\n<meta property=\"og:image\" content=\"https:\/\/www.tsp.at\/wp-content\/uploads\/2025\/10\/112.jpg\" \/>\n\t<meta property=\"og:image:width\" content=\"1771\" \/>\n\t<meta property=\"og:image:height\" content=\"1180\" \/>\n\t<meta property=\"og:image:type\" content=\"image\/jpeg\" \/>\n<meta name=\"author\" content=\"TSP Redaktion\" \/>\n<meta name=\"twitter:card\" content=\"summary_large_image\" \/>\n<meta name=\"twitter:label1\" content=\"Written by\" \/>\n\t<meta name=\"twitter:data1\" content=\"TSP Redaktion\" \/>\n\t<meta name=\"twitter:label2\" content=\"Est. reading time\" \/>\n\t<meta name=\"twitter:data2\" content=\"3 minutes\" \/>\n<script type=\"application\/ld+json\" class=\"yoast-schema-graph\">{\"@context\":\"https:\/\/schema.org\",\"@graph\":[{\"@type\":\"Article\",\"@id\":\"https:\/\/www.tsp.at\/en\/2008\/09\/08\/friends-of-steyr-aus-der-taufe-gehoben\/#article\",\"isPartOf\":{\"@id\":\"https:\/\/www.tsp.at\/en\/2008\/09\/08\/friends-of-steyr-aus-der-taufe-gehoben\/\"},\"author\":{\"name\":\"TSP Redaktion\",\"@id\":\"https:\/\/www.tsp.at\/en\/#\/schema\/person\/1ba5600c29da17b902b0925cea567f8a\"},\"headline\":\"Friends of Steyr aus der Taufe gehoben\",\"datePublished\":\"2008-09-08T09:51:00+00:00\",\"dateModified\":\"2025-10-21T13:00:53+00:00\",\"mainEntityOfPage\":{\"@id\":\"https:\/\/www.tsp.at\/en\/2008\/09\/08\/friends-of-steyr-aus-der-taufe-gehoben\/\"},\"wordCount\":373,\"publisher\":{\"@id\":\"https:\/\/www.tsp.at\/en\/#organization\"},\"image\":{\"@id\":\"https:\/\/www.tsp.at\/en\/2008\/09\/08\/friends-of-steyr-aus-der-taufe-gehoben\/#primaryimage\"},\"thumbnailUrl\":\"https:\/\/www.tsp.at\/wp-content\/uploads\/2025\/10\/112.jpg\",\"articleSection\":[\"News\"],\"inLanguage\":\"en-US\"},{\"@type\":\"WebPage\",\"@id\":\"https:\/\/www.tsp.at\/en\/2008\/09\/08\/friends-of-steyr-aus-der-taufe-gehoben\/\",\"url\":\"https:\/\/www.tsp.at\/en\/2008\/09\/08\/friends-of-steyr-aus-der-taufe-gehoben\/\",\"name\":\"Friends of Steyr aus der Taufe gehoben - Temmel | Seywald - Corporate Communications\",\"isPartOf\":{\"@id\":\"https:\/\/www.tsp.at\/en\/#website\"},\"primaryImageOfPage\":{\"@id\":\"https:\/\/www.tsp.at\/en\/2008\/09\/08\/friends-of-steyr-aus-der-taufe-gehoben\/#primaryimage\"},\"image\":{\"@id\":\"https:\/\/www.tsp.at\/en\/2008\/09\/08\/friends-of-steyr-aus-der-taufe-gehoben\/#primaryimage\"},\"thumbnailUrl\":\"https:\/\/www.tsp.at\/wp-content\/uploads\/2025\/10\/112.jpg\",\"datePublished\":\"2008-09-08T09:51:00+00:00\",\"dateModified\":\"2025-10-21T13:00:53+00:00\",\"breadcrumb\":{\"@id\":\"https:\/\/www.tsp.at\/en\/2008\/09\/08\/friends-of-steyr-aus-der-taufe-gehoben\/#breadcrumb\"},\"inLanguage\":\"en-US\",\"potentialAction\":[{\"@type\":\"ReadAction\",\"target\":[\"https:\/\/www.tsp.at\/en\/2008\/09\/08\/friends-of-steyr-aus-der-taufe-gehoben\/\"]}]},{\"@type\":\"ImageObject\",\"inLanguage\":\"en-US\",\"@id\":\"https:\/\/www.tsp.at\/en\/2008\/09\/08\/friends-of-steyr-aus-der-taufe-gehoben\/#primaryimage\",\"url\":\"https:\/\/www.tsp.at\/wp-content\/uploads\/2025\/10\/112.jpg\",\"contentUrl\":\"https:\/\/www.tsp.at\/wp-content\/uploads\/2025\/10\/112.jpg\",\"width\":1771,\"height\":1180,\"caption\":\"Wels 2008-09-03 Auszeichnung der neuen Genussregionen- Foto: www.iManufaktur.at\"},{\"@type\":\"BreadcrumbList\",\"@id\":\"https:\/\/www.tsp.at\/en\/2008\/09\/08\/friends-of-steyr-aus-der-taufe-gehoben\/#breadcrumb\",\"itemListElement\":[{\"@type\":\"ListItem\",\"position\":1,\"name\":\"Startseite\",\"item\":\"https:\/\/www.tsp.at\/en\/\"},{\"@type\":\"ListItem\",\"position\":2,\"name\":\"Friends of Steyr aus der Taufe gehoben\"}]},{\"@type\":\"WebSite\",\"@id\":\"https:\/\/www.tsp.at\/en\/#website\",\"url\":\"https:\/\/www.tsp.at\/en\/\",\"name\":\"Temmel | Seywald - Corporate Communications\",\"description\":\"Kommunikation ist Beziehungsarbeit\",\"publisher\":{\"@id\":\"https:\/\/www.tsp.at\/en\/#organization\"},\"potentialAction\":[{\"@type\":\"SearchAction\",\"target\":{\"@type\":\"EntryPoint\",\"urlTemplate\":\"https:\/\/www.tsp.at\/en\/?s={search_term_string}\"},\"query-input\":{\"@type\":\"PropertyValueSpecification\",\"valueRequired\":true,\"valueName\":\"search_term_string\"}}],\"inLanguage\":\"en-US\"},{\"@type\":\"Organization\",\"@id\":\"https:\/\/www.tsp.at\/en\/#organization\",\"name\":\"Temmel, Seywald & Partner Communications GesmbH\",\"alternateName\":\"TSP\",\"url\":\"https:\/\/www.tsp.at\/en\/\",\"logo\":{\"@type\":\"ImageObject\",\"inLanguage\":\"en-US\",\"@id\":\"https:\/\/www.tsp.at\/en\/#\/schema\/logo\/image\/\",\"url\":\"https:\/\/www.tsp.at\/wp-content\/uploads\/2025\/10\/favicontsp.png\",\"contentUrl\":\"https:\/\/www.tsp.at\/wp-content\/uploads\/2025\/10\/favicontsp.png\",\"width\":125,\"height\":125,\"caption\":\"Temmel, Seywald & Partner Communications GesmbH\"},\"image\":{\"@id\":\"https:\/\/www.tsp.at\/en\/#\/schema\/logo\/image\/\"},\"sameAs\":[\"https:\/\/www.facebook.com\/TemmelSeywald\"]},{\"@type\":\"Person\",\"@id\":\"https:\/\/www.tsp.at\/en\/#\/schema\/person\/1ba5600c29da17b902b0925cea567f8a\",\"name\":\"TSP Redaktion\"}]}<\/script>\n<!-- \/ Yoast SEO plugin. -->","yoast_head_json":{"title":"Friends of Steyr aus der Taufe gehoben - Temmel | Seywald - Corporate Communications","robots":{"index":"index","follow":"follow","max-snippet":"max-snippet:-1","max-image-preview":"max-image-preview:large","max-video-preview":"max-video-preview:-1"},"canonical":"https:\/\/www.tsp.at\/en\/2008\/09\/08\/friends-of-steyr-aus-der-taufe-gehoben\/","og_locale":"en_US","og_type":"article","og_title":"Friends of Steyr aus der Taufe gehoben - Temmel | Seywald - Corporate Communications","og_description":"Traktorenbauer aus St. Valentin umwirbt Landwirte und Kommunen 08.09.2008 Wels \u2013 Der Traktorenhersteller STEYR hat auf der Welser Messe eine neue Kommunikationsplattform aus der Taufe gehoben. Die &#8220;Friends of Steyr&#8221; sollen zuk\u00fcnftig in den Genuss besonderer Leistungen und Verg\u00fcnstigungen kommen. http:\/\/www.steyrfan.at Ober\u00f6sterreichs Agrarlandesrat Josef Stockinger sagte zur Begr\u00fc\u00dfung vor \u00fcber 140 G\u00e4sten aus Politik und&hellip;","og_url":"https:\/\/www.tsp.at\/en\/2008\/09\/08\/friends-of-steyr-aus-der-taufe-gehoben\/","og_site_name":"Temmel | Seywald - Corporate Communications","article_publisher":"https:\/\/www.facebook.com\/TemmelSeywald","article_published_time":"2008-09-08T09:51:00+00:00","article_modified_time":"2025-10-21T13:00:53+00:00","og_image":[{"width":1771,"height":1180,"url":"https:\/\/www.tsp.at\/wp-content\/uploads\/2025\/10\/112.jpg","type":"image\/jpeg"}],"author":"TSP Redaktion","twitter_card":"summary_large_image","twitter_misc":{"Written by":"TSP Redaktion","Est. reading time":"3 minutes"},"schema":{"@context":"https:\/\/schema.org","@graph":[{"@type":"Article","@id":"https:\/\/www.tsp.at\/en\/2008\/09\/08\/friends-of-steyr-aus-der-taufe-gehoben\/#article","isPartOf":{"@id":"https:\/\/www.tsp.at\/en\/2008\/09\/08\/friends-of-steyr-aus-der-taufe-gehoben\/"},"author":{"name":"TSP Redaktion","@id":"https:\/\/www.tsp.at\/en\/#\/schema\/person\/1ba5600c29da17b902b0925cea567f8a"},"headline":"Friends of Steyr aus der Taufe gehoben","datePublished":"2008-09-08T09:51:00+00:00","dateModified":"2025-10-21T13:00:53+00:00","mainEntityOfPage":{"@id":"https:\/\/www.tsp.at\/en\/2008\/09\/08\/friends-of-steyr-aus-der-taufe-gehoben\/"},"wordCount":373,"publisher":{"@id":"https:\/\/www.tsp.at\/en\/#organization"},"image":{"@id":"https:\/\/www.tsp.at\/en\/2008\/09\/08\/friends-of-steyr-aus-der-taufe-gehoben\/#primaryimage"},"thumbnailUrl":"https:\/\/www.tsp.at\/wp-content\/uploads\/2025\/10\/112.jpg","articleSection":["News"],"inLanguage":"en-US"},{"@type":"WebPage","@id":"https:\/\/www.tsp.at\/en\/2008\/09\/08\/friends-of-steyr-aus-der-taufe-gehoben\/","url":"https:\/\/www.tsp.at\/en\/2008\/09\/08\/friends-of-steyr-aus-der-taufe-gehoben\/","name":"Friends of Steyr aus der Taufe gehoben - Temmel | Seywald - Corporate Communications","isPartOf":{"@id":"https:\/\/www.tsp.at\/en\/#website"},"primaryImageOfPage":{"@id":"https:\/\/www.tsp.at\/en\/2008\/09\/08\/friends-of-steyr-aus-der-taufe-gehoben\/#primaryimage"},"image":{"@id":"https:\/\/www.tsp.at\/en\/2008\/09\/08\/friends-of-steyr-aus-der-taufe-gehoben\/#primaryimage"},"thumbnailUrl":"https:\/\/www.tsp.at\/wp-content\/uploads\/2025\/10\/112.jpg","datePublished":"2008-09-08T09:51:00+00:00","dateModified":"2025-10-21T13:00:53+00:00","breadcrumb":{"@id":"https:\/\/www.tsp.at\/en\/2008\/09\/08\/friends-of-steyr-aus-der-taufe-gehoben\/#breadcrumb"},"inLanguage":"en-US","potentialAction":[{"@type":"ReadAction","target":["https:\/\/www.tsp.at\/en\/2008\/09\/08\/friends-of-steyr-aus-der-taufe-gehoben\/"]}]},{"@type":"ImageObject","inLanguage":"en-US","@id":"https:\/\/www.tsp.at\/en\/2008\/09\/08\/friends-of-steyr-aus-der-taufe-gehoben\/#primaryimage","url":"https:\/\/www.tsp.at\/wp-content\/uploads\/2025\/10\/112.jpg","contentUrl":"https:\/\/www.tsp.at\/wp-content\/uploads\/2025\/10\/112.jpg","width":1771,"height":1180,"caption":"Wels 2008-09-03 Auszeichnung der neuen Genussregionen- Foto: www.iManufaktur.at"},{"@type":"BreadcrumbList","@id":"https:\/\/www.tsp.at\/en\/2008\/09\/08\/friends-of-steyr-aus-der-taufe-gehoben\/#breadcrumb","itemListElement":[{"@type":"ListItem","position":1,"name":"Startseite","item":"https:\/\/www.tsp.at\/en\/"},{"@type":"ListItem","position":2,"name":"Friends of Steyr aus der Taufe gehoben"}]},{"@type":"WebSite","@id":"https:\/\/www.tsp.at\/en\/#website","url":"https:\/\/www.tsp.at\/en\/","name":"Temmel | Seywald - Corporate Communications","description":"Kommunikation ist Beziehungsarbeit","publisher":{"@id":"https:\/\/www.tsp.at\/en\/#organization"},"potentialAction":[{"@type":"SearchAction","target":{"@type":"EntryPoint","urlTemplate":"https:\/\/www.tsp.at\/en\/?s={search_term_string}"},"query-input":{"@type":"PropertyValueSpecification","valueRequired":true,"valueName":"search_term_string"}}],"inLanguage":"en-US"},{"@type":"Organization","@id":"https:\/\/www.tsp.at\/en\/#organization","name":"Temmel, Seywald & Partner Communications GesmbH","alternateName":"TSP","url":"https:\/\/www.tsp.at\/en\/","logo":{"@type":"ImageObject","inLanguage":"en-US","@id":"https:\/\/www.tsp.at\/en\/#\/schema\/logo\/image\/","url":"https:\/\/www.tsp.at\/wp-content\/uploads\/2025\/10\/favicontsp.png","contentUrl":"https:\/\/www.tsp.at\/wp-content\/uploads\/2025\/10\/favicontsp.png","width":125,"height":125,"caption":"Temmel, Seywald & Partner Communications GesmbH"},"image":{"@id":"https:\/\/www.tsp.at\/en\/#\/schema\/logo\/image\/"},"sameAs":["https:\/\/www.facebook.com\/TemmelSeywald"]},{"@type":"Person","@id":"https:\/\/www.tsp.at\/en\/#\/schema\/person\/1ba5600c29da17b902b0925cea567f8a","name":"TSP Redaktion"}]}},"_links":{"self":[{"href":"https:\/\/www.tsp.at\/en\/wp-json\/wp\/v2\/posts\/10961","targetHints":{"allow":["GET"]}}],"collection":[{"href":"https:\/\/www.tsp.at\/en\/wp-json\/wp\/v2\/posts"}],"about":[{"href":"https:\/\/www.tsp.at\/en\/wp-json\/wp\/v2\/types\/post"}],"author":[{"embeddable":true,"href":"https:\/\/www.tsp.at\/en\/wp-json\/wp\/v2\/users\/2"}],"replies":[{"embeddable":true,"href":"https:\/\/www.tsp.at\/en\/wp-json\/wp\/v2\/comments?post=10961"}],"version-history":[{"count":1,"href":"https:\/\/www.tsp.at\/en\/wp-json\/wp\/v2\/posts\/10961\/revisions"}],"predecessor-version":[{"id":11833,"href":"https:\/\/www.tsp.at\/en\/wp-json\/wp\/v2\/posts\/10961\/revisions\/11833"}],"wp:featuredmedia":[{"embeddable":true,"href":"https:\/\/www.tsp.at\/en\/wp-json\/wp\/v2\/media\/10960"}],"wp:attachment":[{"href":"https:\/\/www.tsp.at\/en\/wp-json\/wp\/v2\/media?parent=10961"}],"wp:term":[{"taxonomy":"category","embeddable":true,"href":"https:\/\/www.tsp.at\/en\/wp-json\/wp\/v2\/categories?post=10961"},{"taxonomy":"post_tag","embeddable":true,"href":"https:\/\/www.tsp.at\/en\/wp-json\/wp\/v2\/tags?post=10961"}],"curies":[{"name":"wp","href":"https:\/\/api.w.org\/{rel}","templated":true}]}}