{"id":10970,"date":"2008-06-05T16:43:00","date_gmt":"2008-06-05T14:43:00","guid":{"rendered":"https:\/\/staging.tsp.at\/2008\/06\/05\/steyr-traktoren-jetzt-mit-eigener-fanseite\/"},"modified":"2025-10-21T15:00:53","modified_gmt":"2025-10-21T13:00:53","slug":"steyr-traktoren-jetzt-mit-eigener-fanseite","status":"publish","type":"post","link":"https:\/\/www.tsp.at\/en\/2008\/06\/05\/steyr-traktoren-jetzt-mit-eigener-fanseite\/","title":{"rendered":"STEYR Traktoren jetzt mit eigener Fanseite"},"content":{"rendered":"<article class=\"item\">\n<h2><strong>\u00d6sterreichs Kultmarke erfreut sich wachsender Anh\u00e4ngerschaft<\/strong><\/h2>\n<p>05.06.2008<\/p>\n<\/p>\n<\/p>\n<\/p>\n<\/p>\n<\/p>\n<p>St. Valentin \u2013 &#8220;Den Diesel im Blut&#8221; haben Traktorfahrer der Marke STEYR, berichtet der Volksmund, und der t\u00e4uscht sich selten. Seit mehr als 60 Jahren erfreuen die Ackerschlepper aus der Traktorenschmiede St. Valentin nun das Herz der Agrarier, und die Anh\u00e4ngerschaft w\u00e4chst und w\u00e4chst. Aus diesem Grund haben Freunde der \u00f6sterreichischen Kultmarke nun eine eigene Webseite aus dem Netz gestampft, die von der Fangemeinde begeistert aufgenommen wird. <a href=\"http:\/\/www.steyrfan.com\" target=\"_blank\">http:\/\/www.steyrfan.com<\/a> <\/p>\n<p><strong>Traktor mit Tradition und Geschichte<\/strong><\/p>\n<p>Kern der Webseite ist ein mit vielen Fotos dokumentierter Abriss der STEYR Traktor-Geschichte, angefangen von den legend\u00e4ren 15ern bis hin zu den modernen umweltfreundlichen CVT- und Profi-Modellen mit Cockpit und Freisichtkabine. Dar\u00fcber hinaus erz\u00e4hlen Landwirte, STEYR-Liebhaber und Sammler in sehr pers\u00f6nlichen Anekdoten \u00fcber ihre vielf\u00e4ltige und tiefe Verbundenheit mit dem STEYR-Traktor.<\/p>\n<p><strong>Ein Magazin f\u00fcr richtige Steyrfans<\/strong><\/p>\n<p>Im laufend aktualisierten STEYR-Magazin liefert die Steyrfan-Redaktion Beitr\u00e4ge aus der Welt der STEYR-Traktoren. Hier werden echte Steyrfans ebenso vorgestellt wie Betriebsreportagen &#8220;ab Hof&#8221; geliefert, Storys \u00fcber Oldtimer, Sammler, Genie\u00dfer und Bauern aus Leidenschaft: Kurzum aktuelle Geschichten, die das Steyrherz erfreuen &#8211; mit der M\u00f6glichkeit, auch selbst Beitr\u00e4ge zu liefern.<\/p>\n<p><strong>Fanpostecke als Tummelplatz f\u00fcr Traktoristen<\/strong><\/p>\n<p>Mehr als 550.000 Traktoren sind in den vergangenen 60 Jahren aus den Werkshallen von St. Valentin in die Welt geliefert worden, und es scheint als ob sie nicht umzubringen sind. Die Zahl der Oldtimer-Traktoren allein in \u00d6sterreich wird auf 30.000 bis 50.000 gesch\u00e4tzt, hinzu kommen noch einmal so viel in den Nachbarl\u00e4ndern &#8211; und die sind nach wie vor im Einsatz &#8211; neben den gro\u00dfen rot-wei\u00dfen &#8220;Br\u00fcdern&#8221;.<\/p>\n<p>&#8220;Die Schar der Oldtimersammler und Liebhaber \u00e4lterer Steyr-Modelle ist gro\u00df und braucht eine Heimat&#8221;, erl\u00e4utert der Vizepr\u00e4sident von Case IH Europe, Ing. Andreas Klauser, der sich die Pflege der Marke STEYR auf die Fahnen geschrieben hat. &#8220;F\u00fcr uns sind diese Steyrfans Botschafter der Traditionsmarke STEYR. Auch wenn sie vielleicht nicht an den Kauf eines neuen Traktors denken, so ebnen sie doch mit ihrer Leidenschaft die \u00c4cker und Wiesen f\u00fcr unsere Hightech-Modelle.&#8221; Rund 13.000 Traktoren sollen allein 2008 vom Werksband laufen.<\/p>\n<p>Ein Bild von der Leidenschaft bekommt man auch auf der Fanpost-Ecke der Webseite. Hier hinterlassen Steyr-Freunde ihre &#8220;Footprints&#8221; mit Fotos und Informationen \u00fcber ihre Arbeit mit den rot-wei\u00dfen Traktoren, aus \u00d6sterreich ebenso wie aus der Schweiz, Deutschland und weiteren L\u00e4ndern. Besonders spektakul\u00e4re Fotos zeigen Traktoren in Extremsituationen im Gel\u00e4nde, im Forst oder im Schnee.<\/p>\n<p><strong>Traktorb\u00f6rse f\u00fcr Ersatzteile<\/strong><\/p>\n<p>Die Entwickler der Webseite haben an alles gedacht. Eine eigene Traktor B\u00f6rse soll den Usern die M\u00f6glichkeit bieten, Suchanfragen abzusetzen oder auch Angebote zu ver\u00f6ffentlichen &#8211; v\u00f6llig kostenfrei. Dar\u00fcber hinaus gibt es eine umfangreiche Vorschau auf kommende Traktorevents und eine lange Linkliste zu befreundeten Webseiten &#8211; z.B. f\u00fcr Fanclubs und Vereine, Museen und Sammlungen, Links zu weiteren Landmaschinen B\u00f6rsen, aber auch Tipps zu B\u00fcchern, CDs und Filmausschnitten, Medienberichte und vieles mehr.<\/p>\n<p><strong>Aus dem Familienalbum<\/strong><\/p>\n<p>&#8220;Die Steyrfans sind mittlerweile eine gro\u00dfe Familie, daher haben wir auch eine eigene Bild-Dokumentation &#8211; das Familienalbum &#8211; angelegt. So zeichnen wir die Geschichte der Marke im Alltagsleben nach&#8221;, erkl\u00e4rt Klauser, der die Europa-Zentrale von Case IH nach St. Valentin gebracht hat. &#8220;Steyr z\u00e4hlt zu den bedeutendsten und traditionsreichsten Marken \u00d6sterreichs. Es gibt wohl keinen Bauernhof, der nicht irgendwann mit einem Steyr gearbeitet hat.&#8221;<\/p>\n<p>Die Webseite ist f\u00fcr User-Beitr\u00e4ge, Angebote und Suchanfragen frei und offen zug\u00e4nglich. <a href=\"http:\/\/www.steyrfan.at\" target=\"_blank\">http:\/\/www.steyrfan.at<\/a> <br \/>Initiatoren: \u00d6sterreichischer Agrarverlag, \u00d6sterreichische Bauernzeitung und CNH \u00d6sterreich <a href=\"http:\/\/www.steyr-traktoren.at\" target=\"_blank\">http:\/\/www.steyr-traktoren.at<\/a> <br \/>Koordination, Steyrfan-Club und Redaktion: Temmel, Seywald &amp; Partner, Wien. <a href=\"..\/..\/\" target=\"_blank\">http:\/\/www.tsp.at<\/a> <\/p>\n<\/p>\n<\/article>\n","protected":false},"excerpt":{"rendered":"<p>\u00d6sterreichs Kultmarke erfreut sich wachsender Anh\u00e4ngerschaft 05.06.2008 St. Valentin \u2013 &#8220;Den Diesel im Blut&#8221; haben Traktorfahrer der Marke STEYR, berichtet der Volksmund, und der t\u00e4uscht sich selten. Seit mehr als 60 Jahren erfreuen die Ackerschlepper aus der Traktorenschmiede St. Valentin nun das Herz der Agrarier, und die Anh\u00e4ngerschaft w\u00e4chst und w\u00e4chst. Aus diesem Grund haben&hellip;<\/p>\n","protected":false},"author":2,"featured_media":10969,"comment_status":"closed","ping_status":"closed","sticky":false,"template":"","format":"standard","meta":{"footnotes":""},"categories":[3],"tags":[],"class_list":["post-10970","post","type-post","status-publish","format-standard","has-post-thumbnail","hentry","category-news","category-3","description-off"],"yoast_head":"<!-- This site is optimized with the Yoast SEO plugin v26.3 - https:\/\/yoast.com\/wordpress\/plugins\/seo\/ -->\n<title>STEYR Traktoren jetzt mit eigener Fanseite - Temmel | Seywald - Corporate Communications<\/title>\n<meta name=\"robots\" content=\"index, follow, max-snippet:-1, max-image-preview:large, max-video-preview:-1\" \/>\n<link rel=\"canonical\" href=\"https:\/\/www.tsp.at\/en\/2008\/06\/05\/steyr-traktoren-jetzt-mit-eigener-fanseite\/\" \/>\n<meta property=\"og:locale\" content=\"en_US\" \/>\n<meta property=\"og:type\" content=\"article\" \/>\n<meta property=\"og:title\" content=\"STEYR Traktoren jetzt mit eigener Fanseite - Temmel | Seywald - Corporate Communications\" \/>\n<meta property=\"og:description\" content=\"\u00d6sterreichs Kultmarke erfreut sich wachsender Anh\u00e4ngerschaft 05.06.2008 St. Valentin \u2013 &#8220;Den Diesel im Blut&#8221; haben Traktorfahrer der Marke STEYR, berichtet der Volksmund, und der t\u00e4uscht sich selten. Seit mehr als 60 Jahren erfreuen die Ackerschlepper aus der Traktorenschmiede St. Valentin nun das Herz der Agrarier, und die Anh\u00e4ngerschaft w\u00e4chst und w\u00e4chst. Aus diesem Grund haben&hellip;\" \/>\n<meta property=\"og:url\" content=\"https:\/\/www.tsp.at\/en\/2008\/06\/05\/steyr-traktoren-jetzt-mit-eigener-fanseite\/\" \/>\n<meta property=\"og:site_name\" content=\"Temmel | Seywald - Corporate Communications\" \/>\n<meta property=\"article:publisher\" content=\"https:\/\/www.facebook.com\/TemmelSeywald\" \/>\n<meta property=\"article:published_time\" content=\"2008-06-05T14:43:00+00:00\" \/>\n<meta property=\"article:modified_time\" content=\"2025-10-21T13:00:53+00:00\" \/>\n<meta property=\"og:image\" content=\"https:\/\/www.tsp.at\/wp-content\/uploads\/2025\/10\/106.jpg\" \/>\n\t<meta property=\"og:image:width\" content=\"906\" \/>\n\t<meta property=\"og:image:height\" content=\"810\" \/>\n\t<meta property=\"og:image:type\" content=\"image\/jpeg\" \/>\n<meta name=\"author\" content=\"TSP Redaktion\" \/>\n<meta name=\"twitter:card\" content=\"summary_large_image\" \/>\n<meta name=\"twitter:label1\" content=\"Written by\" \/>\n\t<meta name=\"twitter:data1\" content=\"TSP Redaktion\" \/>\n\t<meta name=\"twitter:label2\" content=\"Est. reading time\" \/>\n\t<meta name=\"twitter:data2\" content=\"4 minutes\" \/>\n<script type=\"application\/ld+json\" class=\"yoast-schema-graph\">{\"@context\":\"https:\/\/schema.org\",\"@graph\":[{\"@type\":\"Article\",\"@id\":\"https:\/\/www.tsp.at\/en\/2008\/06\/05\/steyr-traktoren-jetzt-mit-eigener-fanseite\/#article\",\"isPartOf\":{\"@id\":\"https:\/\/www.tsp.at\/en\/2008\/06\/05\/steyr-traktoren-jetzt-mit-eigener-fanseite\/\"},\"author\":{\"name\":\"TSP Redaktion\",\"@id\":\"https:\/\/www.tsp.at\/en\/#\/schema\/person\/1ba5600c29da17b902b0925cea567f8a\"},\"headline\":\"STEYR Traktoren jetzt mit eigener Fanseite\",\"datePublished\":\"2008-06-05T14:43:00+00:00\",\"dateModified\":\"2025-10-21T13:00:53+00:00\",\"mainEntityOfPage\":{\"@id\":\"https:\/\/www.tsp.at\/en\/2008\/06\/05\/steyr-traktoren-jetzt-mit-eigener-fanseite\/\"},\"wordCount\":619,\"publisher\":{\"@id\":\"https:\/\/www.tsp.at\/en\/#organization\"},\"image\":{\"@id\":\"https:\/\/www.tsp.at\/en\/2008\/06\/05\/steyr-traktoren-jetzt-mit-eigener-fanseite\/#primaryimage\"},\"thumbnailUrl\":\"https:\/\/www.tsp.at\/wp-content\/uploads\/2025\/10\/106.jpg\",\"articleSection\":[\"News\"],\"inLanguage\":\"en-US\"},{\"@type\":\"WebPage\",\"@id\":\"https:\/\/www.tsp.at\/en\/2008\/06\/05\/steyr-traktoren-jetzt-mit-eigener-fanseite\/\",\"url\":\"https:\/\/www.tsp.at\/en\/2008\/06\/05\/steyr-traktoren-jetzt-mit-eigener-fanseite\/\",\"name\":\"STEYR Traktoren jetzt mit eigener Fanseite - Temmel | Seywald - Corporate Communications\",\"isPartOf\":{\"@id\":\"https:\/\/www.tsp.at\/en\/#website\"},\"primaryImageOfPage\":{\"@id\":\"https:\/\/www.tsp.at\/en\/2008\/06\/05\/steyr-traktoren-jetzt-mit-eigener-fanseite\/#primaryimage\"},\"image\":{\"@id\":\"https:\/\/www.tsp.at\/en\/2008\/06\/05\/steyr-traktoren-jetzt-mit-eigener-fanseite\/#primaryimage\"},\"thumbnailUrl\":\"https:\/\/www.tsp.at\/wp-content\/uploads\/2025\/10\/106.jpg\",\"datePublished\":\"2008-06-05T14:43:00+00:00\",\"dateModified\":\"2025-10-21T13:00:53+00:00\",\"breadcrumb\":{\"@id\":\"https:\/\/www.tsp.at\/en\/2008\/06\/05\/steyr-traktoren-jetzt-mit-eigener-fanseite\/#breadcrumb\"},\"inLanguage\":\"en-US\",\"potentialAction\":[{\"@type\":\"ReadAction\",\"target\":[\"https:\/\/www.tsp.at\/en\/2008\/06\/05\/steyr-traktoren-jetzt-mit-eigener-fanseite\/\"]}]},{\"@type\":\"ImageObject\",\"inLanguage\":\"en-US\",\"@id\":\"https:\/\/www.tsp.at\/en\/2008\/06\/05\/steyr-traktoren-jetzt-mit-eigener-fanseite\/#primaryimage\",\"url\":\"https:\/\/www.tsp.at\/wp-content\/uploads\/2025\/10\/106.jpg\",\"contentUrl\":\"https:\/\/www.tsp.at\/wp-content\/uploads\/2025\/10\/106.jpg\",\"width\":906,\"height\":810},{\"@type\":\"BreadcrumbList\",\"@id\":\"https:\/\/www.tsp.at\/en\/2008\/06\/05\/steyr-traktoren-jetzt-mit-eigener-fanseite\/#breadcrumb\",\"itemListElement\":[{\"@type\":\"ListItem\",\"position\":1,\"name\":\"Startseite\",\"item\":\"https:\/\/www.tsp.at\/en\/\"},{\"@type\":\"ListItem\",\"position\":2,\"name\":\"STEYR Traktoren jetzt mit eigener Fanseite\"}]},{\"@type\":\"WebSite\",\"@id\":\"https:\/\/www.tsp.at\/en\/#website\",\"url\":\"https:\/\/www.tsp.at\/en\/\",\"name\":\"Temmel | Seywald - Corporate Communications\",\"description\":\"Kommunikation ist Beziehungsarbeit\",\"publisher\":{\"@id\":\"https:\/\/www.tsp.at\/en\/#organization\"},\"potentialAction\":[{\"@type\":\"SearchAction\",\"target\":{\"@type\":\"EntryPoint\",\"urlTemplate\":\"https:\/\/www.tsp.at\/en\/?s={search_term_string}\"},\"query-input\":{\"@type\":\"PropertyValueSpecification\",\"valueRequired\":true,\"valueName\":\"search_term_string\"}}],\"inLanguage\":\"en-US\"},{\"@type\":\"Organization\",\"@id\":\"https:\/\/www.tsp.at\/en\/#organization\",\"name\":\"Temmel, Seywald & Partner Communications GesmbH\",\"alternateName\":\"TSP\",\"url\":\"https:\/\/www.tsp.at\/en\/\",\"logo\":{\"@type\":\"ImageObject\",\"inLanguage\":\"en-US\",\"@id\":\"https:\/\/www.tsp.at\/en\/#\/schema\/logo\/image\/\",\"url\":\"https:\/\/www.tsp.at\/wp-content\/uploads\/2025\/10\/favicontsp.png\",\"contentUrl\":\"https:\/\/www.tsp.at\/wp-content\/uploads\/2025\/10\/favicontsp.png\",\"width\":125,\"height\":125,\"caption\":\"Temmel, Seywald & Partner Communications GesmbH\"},\"image\":{\"@id\":\"https:\/\/www.tsp.at\/en\/#\/schema\/logo\/image\/\"},\"sameAs\":[\"https:\/\/www.facebook.com\/TemmelSeywald\"]},{\"@type\":\"Person\",\"@id\":\"https:\/\/www.tsp.at\/en\/#\/schema\/person\/1ba5600c29da17b902b0925cea567f8a\",\"name\":\"TSP Redaktion\"}]}<\/script>\n<!-- \/ Yoast SEO plugin. -->","yoast_head_json":{"title":"STEYR Traktoren jetzt mit eigener Fanseite - Temmel | Seywald - Corporate Communications","robots":{"index":"index","follow":"follow","max-snippet":"max-snippet:-1","max-image-preview":"max-image-preview:large","max-video-preview":"max-video-preview:-1"},"canonical":"https:\/\/www.tsp.at\/en\/2008\/06\/05\/steyr-traktoren-jetzt-mit-eigener-fanseite\/","og_locale":"en_US","og_type":"article","og_title":"STEYR Traktoren jetzt mit eigener Fanseite - Temmel | Seywald - Corporate Communications","og_description":"\u00d6sterreichs Kultmarke erfreut sich wachsender Anh\u00e4ngerschaft 05.06.2008 St. Valentin \u2013 &#8220;Den Diesel im Blut&#8221; haben Traktorfahrer der Marke STEYR, berichtet der Volksmund, und der t\u00e4uscht sich selten. Seit mehr als 60 Jahren erfreuen die Ackerschlepper aus der Traktorenschmiede St. Valentin nun das Herz der Agrarier, und die Anh\u00e4ngerschaft w\u00e4chst und w\u00e4chst. Aus diesem Grund haben&hellip;","og_url":"https:\/\/www.tsp.at\/en\/2008\/06\/05\/steyr-traktoren-jetzt-mit-eigener-fanseite\/","og_site_name":"Temmel | Seywald - Corporate Communications","article_publisher":"https:\/\/www.facebook.com\/TemmelSeywald","article_published_time":"2008-06-05T14:43:00+00:00","article_modified_time":"2025-10-21T13:00:53+00:00","og_image":[{"width":906,"height":810,"url":"https:\/\/www.tsp.at\/wp-content\/uploads\/2025\/10\/106.jpg","type":"image\/jpeg"}],"author":"TSP Redaktion","twitter_card":"summary_large_image","twitter_misc":{"Written by":"TSP Redaktion","Est. reading time":"4 minutes"},"schema":{"@context":"https:\/\/schema.org","@graph":[{"@type":"Article","@id":"https:\/\/www.tsp.at\/en\/2008\/06\/05\/steyr-traktoren-jetzt-mit-eigener-fanseite\/#article","isPartOf":{"@id":"https:\/\/www.tsp.at\/en\/2008\/06\/05\/steyr-traktoren-jetzt-mit-eigener-fanseite\/"},"author":{"name":"TSP Redaktion","@id":"https:\/\/www.tsp.at\/en\/#\/schema\/person\/1ba5600c29da17b902b0925cea567f8a"},"headline":"STEYR Traktoren jetzt mit eigener Fanseite","datePublished":"2008-06-05T14:43:00+00:00","dateModified":"2025-10-21T13:00:53+00:00","mainEntityOfPage":{"@id":"https:\/\/www.tsp.at\/en\/2008\/06\/05\/steyr-traktoren-jetzt-mit-eigener-fanseite\/"},"wordCount":619,"publisher":{"@id":"https:\/\/www.tsp.at\/en\/#organization"},"image":{"@id":"https:\/\/www.tsp.at\/en\/2008\/06\/05\/steyr-traktoren-jetzt-mit-eigener-fanseite\/#primaryimage"},"thumbnailUrl":"https:\/\/www.tsp.at\/wp-content\/uploads\/2025\/10\/106.jpg","articleSection":["News"],"inLanguage":"en-US"},{"@type":"WebPage","@id":"https:\/\/www.tsp.at\/en\/2008\/06\/05\/steyr-traktoren-jetzt-mit-eigener-fanseite\/","url":"https:\/\/www.tsp.at\/en\/2008\/06\/05\/steyr-traktoren-jetzt-mit-eigener-fanseite\/","name":"STEYR Traktoren jetzt mit eigener Fanseite - Temmel | Seywald - Corporate Communications","isPartOf":{"@id":"https:\/\/www.tsp.at\/en\/#website"},"primaryImageOfPage":{"@id":"https:\/\/www.tsp.at\/en\/2008\/06\/05\/steyr-traktoren-jetzt-mit-eigener-fanseite\/#primaryimage"},"image":{"@id":"https:\/\/www.tsp.at\/en\/2008\/06\/05\/steyr-traktoren-jetzt-mit-eigener-fanseite\/#primaryimage"},"thumbnailUrl":"https:\/\/www.tsp.at\/wp-content\/uploads\/2025\/10\/106.jpg","datePublished":"2008-06-05T14:43:00+00:00","dateModified":"2025-10-21T13:00:53+00:00","breadcrumb":{"@id":"https:\/\/www.tsp.at\/en\/2008\/06\/05\/steyr-traktoren-jetzt-mit-eigener-fanseite\/#breadcrumb"},"inLanguage":"en-US","potentialAction":[{"@type":"ReadAction","target":["https:\/\/www.tsp.at\/en\/2008\/06\/05\/steyr-traktoren-jetzt-mit-eigener-fanseite\/"]}]},{"@type":"ImageObject","inLanguage":"en-US","@id":"https:\/\/www.tsp.at\/en\/2008\/06\/05\/steyr-traktoren-jetzt-mit-eigener-fanseite\/#primaryimage","url":"https:\/\/www.tsp.at\/wp-content\/uploads\/2025\/10\/106.jpg","contentUrl":"https:\/\/www.tsp.at\/wp-content\/uploads\/2025\/10\/106.jpg","width":906,"height":810},{"@type":"BreadcrumbList","@id":"https:\/\/www.tsp.at\/en\/2008\/06\/05\/steyr-traktoren-jetzt-mit-eigener-fanseite\/#breadcrumb","itemListElement":[{"@type":"ListItem","position":1,"name":"Startseite","item":"https:\/\/www.tsp.at\/en\/"},{"@type":"ListItem","position":2,"name":"STEYR Traktoren jetzt mit eigener Fanseite"}]},{"@type":"WebSite","@id":"https:\/\/www.tsp.at\/en\/#website","url":"https:\/\/www.tsp.at\/en\/","name":"Temmel | Seywald - Corporate Communications","description":"Kommunikation ist Beziehungsarbeit","publisher":{"@id":"https:\/\/www.tsp.at\/en\/#organization"},"potentialAction":[{"@type":"SearchAction","target":{"@type":"EntryPoint","urlTemplate":"https:\/\/www.tsp.at\/en\/?s={search_term_string}"},"query-input":{"@type":"PropertyValueSpecification","valueRequired":true,"valueName":"search_term_string"}}],"inLanguage":"en-US"},{"@type":"Organization","@id":"https:\/\/www.tsp.at\/en\/#organization","name":"Temmel, Seywald & Partner Communications GesmbH","alternateName":"TSP","url":"https:\/\/www.tsp.at\/en\/","logo":{"@type":"ImageObject","inLanguage":"en-US","@id":"https:\/\/www.tsp.at\/en\/#\/schema\/logo\/image\/","url":"https:\/\/www.tsp.at\/wp-content\/uploads\/2025\/10\/favicontsp.png","contentUrl":"https:\/\/www.tsp.at\/wp-content\/uploads\/2025\/10\/favicontsp.png","width":125,"height":125,"caption":"Temmel, Seywald & Partner Communications GesmbH"},"image":{"@id":"https:\/\/www.tsp.at\/en\/#\/schema\/logo\/image\/"},"sameAs":["https:\/\/www.facebook.com\/TemmelSeywald"]},{"@type":"Person","@id":"https:\/\/www.tsp.at\/en\/#\/schema\/person\/1ba5600c29da17b902b0925cea567f8a","name":"TSP Redaktion"}]}},"_links":{"self":[{"href":"https:\/\/www.tsp.at\/en\/wp-json\/wp\/v2\/posts\/10970","targetHints":{"allow":["GET"]}}],"collection":[{"href":"https:\/\/www.tsp.at\/en\/wp-json\/wp\/v2\/posts"}],"about":[{"href":"https:\/\/www.tsp.at\/en\/wp-json\/wp\/v2\/types\/post"}],"author":[{"embeddable":true,"href":"https:\/\/www.tsp.at\/en\/wp-json\/wp\/v2\/users\/2"}],"replies":[{"embeddable":true,"href":"https:\/\/www.tsp.at\/en\/wp-json\/wp\/v2\/comments?post=10970"}],"version-history":[{"count":1,"href":"https:\/\/www.tsp.at\/en\/wp-json\/wp\/v2\/posts\/10970\/revisions"}],"predecessor-version":[{"id":11838,"href":"https:\/\/www.tsp.at\/en\/wp-json\/wp\/v2\/posts\/10970\/revisions\/11838"}],"wp:featuredmedia":[{"embeddable":true,"href":"https:\/\/www.tsp.at\/en\/wp-json\/wp\/v2\/media\/10969"}],"wp:attachment":[{"href":"https:\/\/www.tsp.at\/en\/wp-json\/wp\/v2\/media?parent=10970"}],"wp:term":[{"taxonomy":"category","embeddable":true,"href":"https:\/\/www.tsp.at\/en\/wp-json\/wp\/v2\/categories?post=10970"},{"taxonomy":"post_tag","embeddable":true,"href":"https:\/\/www.tsp.at\/en\/wp-json\/wp\/v2\/tags?post=10970"}],"curies":[{"name":"wp","href":"https:\/\/api.w.org\/{rel}","templated":true}]}}