{"id":10998,"date":"2007-01-29T10:12:00","date_gmt":"2007-01-29T09:12:00","guid":{"rendered":"https:\/\/staging.tsp.at\/2007\/01\/29\/genuss-region-opening-in-salzburg\/"},"modified":"2025-10-21T15:00:55","modified_gmt":"2025-10-21T13:00:55","slug":"genuss-region-opening-in-salzburg","status":"publish","type":"post","link":"https:\/\/www.tsp.at\/en\/2007\/01\/29\/genuss-region-opening-in-salzburg\/","title":{"rendered":"Genuss Region Opening in Salzburg"},"content":{"rendered":"<article class=\"item\">\n<h2><strong>Weitere 25 GENUSS REGIONEN werden 2007 ausgezeichnet<\/strong><\/h2>\n<p>29.01.2007<\/p>\n<\/p>\n<\/p>\n<\/p>\n<\/p>\n<\/p>\n<p>Salzburg \u2013 <strong>Die Initiatoren der GENUSS REGION \u00d6STERREICH, das Lebensministerium und die Agrarmarkt Austria (AMA), haben Vertreter der Genuss Regionen \u00d6sterreichs zu einer Informationsveranstaltung in den Salzburger Heffterhof geladen. Weitere 25 Genuss Regionen sollen 2007 ausgezeichnet werden.<\/strong><\/p>\n<p>Zufrieden zogen die Organisatoren vor den insgesamt rund 90 G\u00e4sten Bilanz \u00fcber die vergangenen zwei Jahre und warfen einen optimistischen Blick auf die kommende Saison. Neben den Projektverantwortlichen referierten auch Partner der GENUSS REGION \u00fcber die M\u00f6glichkeiten von Kooperationen, unter anderem die \u201eAllianz f\u00fcr starke Regionen&#8221;.<\/p>\n<p>\u201eDie Marke GENUSS REGION \u00d6STERREICH ist auf dem richtigen Weg&#8221;, erkl\u00e4rte Mag. Stephan Hintenaus, GENUSS REGION-Koordinator des Lebensministeriums, \u201esie hat einen sehr hohen Stellenwert und findet in der Bev\u00f6lkerung immense Zustimmung.&#8221; Hintenaus betonte, dass die Hauptverantwortung f\u00fcr die erfolgreiche Vermarktung der Initiative GENUSS REGION \u00d6STERREICH bei den Regionen selbst liegt: \u201eDas Ministerium und die AMA liefern die Grundlagen der Kampagne. Es liegt an den Regionen, die erfolgreich geschaffene Marke in z\u00e4hlbare Erfolge umzum\u00fcnzen.&#8221;<\/p>\n<p><strong>25 neue Genuss Regionen<\/strong><\/p>\n<p>2007 w\u00e4chst die Zahl der pr\u00e4mierten Regionen von derzeit 60 auf rund 85 an. \u201eMit der Auszeichnung der neuen Regionen sind die Aufnahmekapazit\u00e4ten des Projektes beendet&#8221;, informierte Mag. Sabine Fl\u00f6cklm\u00fcller von der AMA, Vertreter der nominierten und bereits ausgezeichneten Genuss Regionen. \u201eDie rund 85 Regionen bilden ein fl\u00e4chendeckendes Genuss Region-Netz \u00fcber ganz \u00d6sterreich und spiegeln die kulinarische Vielfalt unseres Landes wider.&#8221;<\/p>\n<p><strong>Genuss Region auf Tourismus-Messe<\/strong><\/p>\n<p>Wie im Vorjahr wird die GENUSS REGION auch heuer wieder auf der \u201eInternationalen Tourismus B\u00f6rse (ITB)&#8221; in Berlin, der gr\u00f6\u00dften Tourismusmesse der Welt (7. bis 11. M\u00e4rz 2007) zu Gast sein. Unter dem Titel \u201eBest of Austria&#8221; stehen die Produkte der GENUSS REGIONEN \u00d6STERREICH im Mittelpunkt des Auftritts der \u00d6sterreich Werbung. Rund 80.000 Fach- und 70.000 Messebesucher sollen von den kulinarischen Vorz\u00fcgen \u00d6sterreichs \u00fcberzeugt werden. Der Auftritt soll dazu beitragen, G\u00e4ste f\u00fcr die Alpenrepublik zu begeistern.<\/p>\n<p><strong>Die Allianz &#8211; ein starker Partner<\/strong><\/p>\n<p>Auch die \u201eAllianz f\u00fcr starke Regionen&#8221; pr\u00e4sentierte sich vor den Vertretern der Genussregionen. Dr. Wilfried Seywald und Manuel Latzko (Temmel, Seywald &amp; Partner &#8211; Koordinatoren der Allianz) informierten die Anwesenden \u00fcber die Arbeit, Ziele und Aufgaben der Allianz und ihrer Partner und best\u00e4rkten die Regional-Koordinatoren einmal mehr darin, den eingeschlagenen Weg weiter zu beschreiten. Besonders wichtig sei es, eine ausreichende Anzahl an Herstellern und Produzenten zu gewinnen, um die Verf\u00fcgbarkeit der Genuss Region Produkte im Lebensmittelhandel zu erh\u00f6hen.<\/p>\n<p>Als weitere Referenten fungierten Mag. Franz Schifflhuber (BMLFUW), Elisabeth Riederer (AMA), Reinhard A. Lechner (K\u00e4sestra\u00dfe Bregenzerwald), Mag. Wolfgang Mayer (MPC), Mag. Willy Lehmann (Willy Lehman Markenagentur), Christian Bayer (Beste \u00d6sterreichische Gastlichkeit), DI Christian Jochum (Agrar Projekt Verein) und Doris Rosenegger (Messe Wels).<\/p>\n<p><strong>Die Allianz f\u00fcr starke Regionen<\/strong><\/p>\n<p>Die \u201eAllianz f\u00fcr starke Regionen&#8221;, die zur Unterst\u00fctzung der Kampagne \u201eGENUSS REGION \u00d6STERREICH&#8221; von AMA und Lebensministerium im Fr\u00fchjahr 2005 gegr\u00fcndet wurde, tritt f\u00fcr die F\u00f6rderung von Qualit\u00e4tsprodukten aus \u00d6sterreich ein. Durch den Zusammenschluss von Partnern auf verschiedenen Ebenen der Lebensmittelerzeugung, von der Produktion bis hin zum Verkauf, sollen h\u00f6chste Lebensmittelstandards f\u00fcr regionale Produkte erreicht werden.<\/p>\n<p>Mit der Unterst\u00fctzung tatkr\u00e4ftiger Partner aus dem Lebensmitteleinzelhandel wie ADEG, BILLA, SPAR, Hofer und Zielpunkt, sowie den Lebensmittelverarbeitern Berger und Radatz hat die \u201eAllianz f\u00fcr starke Regionen&#8221; ihre Aktivit\u00e4ten 2006 intensiviert und ausgeweitet. Neben den Partnern aus dem Lebensmittelhandel wird die Allianz auch von den Landmaschinenherstellern CNH Steyr und P\u00f6ttinger unterst\u00fctzt. Homepage: <a href=\"http:\/\/www.starke-regionen.at\" target=\"_blank\">www.starke-regionen.at<\/a><\/p>\n<p><strong>F\u00fcr weitere Informationen:<\/strong><br \/>Manuel Latzko<br \/>Temmel, Seywald &amp; Partner Communications GesmbH<br \/>Josefst\u00e4dter Stra\u00dfe 44, A-1080 Wien<br \/>E-Mail: latzko@tsp.at, Tel. 01\/4024851-172<\/p>\n<\/p>\n<\/article>\n","protected":false},"excerpt":{"rendered":"<p>Weitere 25 GENUSS REGIONEN werden 2007 ausgezeichnet 29.01.2007 Salzburg \u2013 Die Initiatoren der GENUSS REGION \u00d6STERREICH, das Lebensministerium und die Agrarmarkt Austria (AMA), haben Vertreter der Genuss Regionen \u00d6sterreichs zu einer Informationsveranstaltung in den Salzburger Heffterhof geladen. Weitere 25 Genuss Regionen sollen 2007 ausgezeichnet werden. Zufrieden zogen die Organisatoren vor den insgesamt rund 90 G\u00e4sten&hellip;<\/p>\n","protected":false},"author":2,"featured_media":0,"comment_status":"closed","ping_status":"closed","sticky":false,"template":"","format":"standard","meta":{"footnotes":""},"categories":[3],"tags":[],"class_list":["post-10998","post","type-post","status-publish","format-standard","hentry","category-news","category-3","description-off"],"yoast_head":"<!-- This site is optimized with the Yoast SEO plugin v26.3 - https:\/\/yoast.com\/wordpress\/plugins\/seo\/ -->\n<title>Genuss Region Opening in Salzburg - Temmel | Seywald - Corporate Communications<\/title>\n<meta name=\"robots\" content=\"index, follow, max-snippet:-1, max-image-preview:large, max-video-preview:-1\" \/>\n<link rel=\"canonical\" href=\"https:\/\/www.tsp.at\/en\/2007\/01\/29\/genuss-region-opening-in-salzburg\/\" \/>\n<meta property=\"og:locale\" content=\"en_US\" \/>\n<meta property=\"og:type\" content=\"article\" \/>\n<meta property=\"og:title\" content=\"Genuss Region Opening in Salzburg - Temmel | Seywald - Corporate Communications\" \/>\n<meta property=\"og:description\" content=\"Weitere 25 GENUSS REGIONEN werden 2007 ausgezeichnet 29.01.2007 Salzburg \u2013 Die Initiatoren der GENUSS REGION \u00d6STERREICH, das Lebensministerium und die Agrarmarkt Austria (AMA), haben Vertreter der Genuss Regionen \u00d6sterreichs zu einer Informationsveranstaltung in den Salzburger Heffterhof geladen. Weitere 25 Genuss Regionen sollen 2007 ausgezeichnet werden. Zufrieden zogen die Organisatoren vor den insgesamt rund 90 G\u00e4sten&hellip;\" \/>\n<meta property=\"og:url\" content=\"https:\/\/www.tsp.at\/en\/2007\/01\/29\/genuss-region-opening-in-salzburg\/\" \/>\n<meta property=\"og:site_name\" content=\"Temmel | Seywald - Corporate Communications\" \/>\n<meta property=\"article:publisher\" content=\"https:\/\/www.facebook.com\/TemmelSeywald\" \/>\n<meta property=\"article:published_time\" content=\"2007-01-29T09:12:00+00:00\" \/>\n<meta property=\"article:modified_time\" content=\"2025-10-21T13:00:55+00:00\" \/>\n<meta name=\"author\" content=\"TSP Redaktion\" \/>\n<meta name=\"twitter:card\" content=\"summary_large_image\" \/>\n<meta name=\"twitter:label1\" content=\"Written by\" \/>\n\t<meta name=\"twitter:data1\" content=\"TSP Redaktion\" \/>\n\t<meta name=\"twitter:label2\" content=\"Est. reading time\" \/>\n\t<meta name=\"twitter:data2\" content=\"4 minutes\" \/>\n<script type=\"application\/ld+json\" class=\"yoast-schema-graph\">{\"@context\":\"https:\/\/schema.org\",\"@graph\":[{\"@type\":\"Article\",\"@id\":\"https:\/\/www.tsp.at\/en\/2007\/01\/29\/genuss-region-opening-in-salzburg\/#article\",\"isPartOf\":{\"@id\":\"https:\/\/www.tsp.at\/en\/2007\/01\/29\/genuss-region-opening-in-salzburg\/\"},\"author\":{\"name\":\"TSP Redaktion\",\"@id\":\"https:\/\/www.tsp.at\/en\/#\/schema\/person\/1ba5600c29da17b902b0925cea567f8a\"},\"headline\":\"Genuss Region Opening in Salzburg\",\"datePublished\":\"2007-01-29T09:12:00+00:00\",\"dateModified\":\"2025-10-21T13:00:55+00:00\",\"mainEntityOfPage\":{\"@id\":\"https:\/\/www.tsp.at\/en\/2007\/01\/29\/genuss-region-opening-in-salzburg\/\"},\"wordCount\":601,\"publisher\":{\"@id\":\"https:\/\/www.tsp.at\/en\/#organization\"},\"articleSection\":[\"News\"],\"inLanguage\":\"en-US\"},{\"@type\":\"WebPage\",\"@id\":\"https:\/\/www.tsp.at\/en\/2007\/01\/29\/genuss-region-opening-in-salzburg\/\",\"url\":\"https:\/\/www.tsp.at\/en\/2007\/01\/29\/genuss-region-opening-in-salzburg\/\",\"name\":\"Genuss Region Opening in Salzburg - Temmel | Seywald - Corporate Communications\",\"isPartOf\":{\"@id\":\"https:\/\/www.tsp.at\/en\/#website\"},\"datePublished\":\"2007-01-29T09:12:00+00:00\",\"dateModified\":\"2025-10-21T13:00:55+00:00\",\"breadcrumb\":{\"@id\":\"https:\/\/www.tsp.at\/en\/2007\/01\/29\/genuss-region-opening-in-salzburg\/#breadcrumb\"},\"inLanguage\":\"en-US\",\"potentialAction\":[{\"@type\":\"ReadAction\",\"target\":[\"https:\/\/www.tsp.at\/en\/2007\/01\/29\/genuss-region-opening-in-salzburg\/\"]}]},{\"@type\":\"BreadcrumbList\",\"@id\":\"https:\/\/www.tsp.at\/en\/2007\/01\/29\/genuss-region-opening-in-salzburg\/#breadcrumb\",\"itemListElement\":[{\"@type\":\"ListItem\",\"position\":1,\"name\":\"Startseite\",\"item\":\"https:\/\/www.tsp.at\/en\/\"},{\"@type\":\"ListItem\",\"position\":2,\"name\":\"Genuss Region Opening in Salzburg\"}]},{\"@type\":\"WebSite\",\"@id\":\"https:\/\/www.tsp.at\/en\/#website\",\"url\":\"https:\/\/www.tsp.at\/en\/\",\"name\":\"Temmel | Seywald - Corporate Communications\",\"description\":\"Kommunikation ist Beziehungsarbeit\",\"publisher\":{\"@id\":\"https:\/\/www.tsp.at\/en\/#organization\"},\"potentialAction\":[{\"@type\":\"SearchAction\",\"target\":{\"@type\":\"EntryPoint\",\"urlTemplate\":\"https:\/\/www.tsp.at\/en\/?s={search_term_string}\"},\"query-input\":{\"@type\":\"PropertyValueSpecification\",\"valueRequired\":true,\"valueName\":\"search_term_string\"}}],\"inLanguage\":\"en-US\"},{\"@type\":\"Organization\",\"@id\":\"https:\/\/www.tsp.at\/en\/#organization\",\"name\":\"Temmel, Seywald & Partner Communications GesmbH\",\"alternateName\":\"TSP\",\"url\":\"https:\/\/www.tsp.at\/en\/\",\"logo\":{\"@type\":\"ImageObject\",\"inLanguage\":\"en-US\",\"@id\":\"https:\/\/www.tsp.at\/en\/#\/schema\/logo\/image\/\",\"url\":\"https:\/\/www.tsp.at\/wp-content\/uploads\/2025\/10\/favicontsp.png\",\"contentUrl\":\"https:\/\/www.tsp.at\/wp-content\/uploads\/2025\/10\/favicontsp.png\",\"width\":125,\"height\":125,\"caption\":\"Temmel, Seywald & Partner Communications GesmbH\"},\"image\":{\"@id\":\"https:\/\/www.tsp.at\/en\/#\/schema\/logo\/image\/\"},\"sameAs\":[\"https:\/\/www.facebook.com\/TemmelSeywald\"]},{\"@type\":\"Person\",\"@id\":\"https:\/\/www.tsp.at\/en\/#\/schema\/person\/1ba5600c29da17b902b0925cea567f8a\",\"name\":\"TSP Redaktion\"}]}<\/script>\n<!-- \/ Yoast SEO plugin. -->","yoast_head_json":{"title":"Genuss Region Opening in Salzburg - Temmel | Seywald - Corporate Communications","robots":{"index":"index","follow":"follow","max-snippet":"max-snippet:-1","max-image-preview":"max-image-preview:large","max-video-preview":"max-video-preview:-1"},"canonical":"https:\/\/www.tsp.at\/en\/2007\/01\/29\/genuss-region-opening-in-salzburg\/","og_locale":"en_US","og_type":"article","og_title":"Genuss Region Opening in Salzburg - Temmel | Seywald - Corporate Communications","og_description":"Weitere 25 GENUSS REGIONEN werden 2007 ausgezeichnet 29.01.2007 Salzburg \u2013 Die Initiatoren der GENUSS REGION \u00d6STERREICH, das Lebensministerium und die Agrarmarkt Austria (AMA), haben Vertreter der Genuss Regionen \u00d6sterreichs zu einer Informationsveranstaltung in den Salzburger Heffterhof geladen. Weitere 25 Genuss Regionen sollen 2007 ausgezeichnet werden. Zufrieden zogen die Organisatoren vor den insgesamt rund 90 G\u00e4sten&hellip;","og_url":"https:\/\/www.tsp.at\/en\/2007\/01\/29\/genuss-region-opening-in-salzburg\/","og_site_name":"Temmel | Seywald - Corporate Communications","article_publisher":"https:\/\/www.facebook.com\/TemmelSeywald","article_published_time":"2007-01-29T09:12:00+00:00","article_modified_time":"2025-10-21T13:00:55+00:00","author":"TSP Redaktion","twitter_card":"summary_large_image","twitter_misc":{"Written by":"TSP Redaktion","Est. reading time":"4 minutes"},"schema":{"@context":"https:\/\/schema.org","@graph":[{"@type":"Article","@id":"https:\/\/www.tsp.at\/en\/2007\/01\/29\/genuss-region-opening-in-salzburg\/#article","isPartOf":{"@id":"https:\/\/www.tsp.at\/en\/2007\/01\/29\/genuss-region-opening-in-salzburg\/"},"author":{"name":"TSP Redaktion","@id":"https:\/\/www.tsp.at\/en\/#\/schema\/person\/1ba5600c29da17b902b0925cea567f8a"},"headline":"Genuss Region Opening in Salzburg","datePublished":"2007-01-29T09:12:00+00:00","dateModified":"2025-10-21T13:00:55+00:00","mainEntityOfPage":{"@id":"https:\/\/www.tsp.at\/en\/2007\/01\/29\/genuss-region-opening-in-salzburg\/"},"wordCount":601,"publisher":{"@id":"https:\/\/www.tsp.at\/en\/#organization"},"articleSection":["News"],"inLanguage":"en-US"},{"@type":"WebPage","@id":"https:\/\/www.tsp.at\/en\/2007\/01\/29\/genuss-region-opening-in-salzburg\/","url":"https:\/\/www.tsp.at\/en\/2007\/01\/29\/genuss-region-opening-in-salzburg\/","name":"Genuss Region Opening in Salzburg - Temmel | Seywald - Corporate Communications","isPartOf":{"@id":"https:\/\/www.tsp.at\/en\/#website"},"datePublished":"2007-01-29T09:12:00+00:00","dateModified":"2025-10-21T13:00:55+00:00","breadcrumb":{"@id":"https:\/\/www.tsp.at\/en\/2007\/01\/29\/genuss-region-opening-in-salzburg\/#breadcrumb"},"inLanguage":"en-US","potentialAction":[{"@type":"ReadAction","target":["https:\/\/www.tsp.at\/en\/2007\/01\/29\/genuss-region-opening-in-salzburg\/"]}]},{"@type":"BreadcrumbList","@id":"https:\/\/www.tsp.at\/en\/2007\/01\/29\/genuss-region-opening-in-salzburg\/#breadcrumb","itemListElement":[{"@type":"ListItem","position":1,"name":"Startseite","item":"https:\/\/www.tsp.at\/en\/"},{"@type":"ListItem","position":2,"name":"Genuss Region Opening in Salzburg"}]},{"@type":"WebSite","@id":"https:\/\/www.tsp.at\/en\/#website","url":"https:\/\/www.tsp.at\/en\/","name":"Temmel | Seywald - Corporate Communications","description":"Kommunikation ist Beziehungsarbeit","publisher":{"@id":"https:\/\/www.tsp.at\/en\/#organization"},"potentialAction":[{"@type":"SearchAction","target":{"@type":"EntryPoint","urlTemplate":"https:\/\/www.tsp.at\/en\/?s={search_term_string}"},"query-input":{"@type":"PropertyValueSpecification","valueRequired":true,"valueName":"search_term_string"}}],"inLanguage":"en-US"},{"@type":"Organization","@id":"https:\/\/www.tsp.at\/en\/#organization","name":"Temmel, Seywald & Partner Communications GesmbH","alternateName":"TSP","url":"https:\/\/www.tsp.at\/en\/","logo":{"@type":"ImageObject","inLanguage":"en-US","@id":"https:\/\/www.tsp.at\/en\/#\/schema\/logo\/image\/","url":"https:\/\/www.tsp.at\/wp-content\/uploads\/2025\/10\/favicontsp.png","contentUrl":"https:\/\/www.tsp.at\/wp-content\/uploads\/2025\/10\/favicontsp.png","width":125,"height":125,"caption":"Temmel, Seywald & Partner Communications GesmbH"},"image":{"@id":"https:\/\/www.tsp.at\/en\/#\/schema\/logo\/image\/"},"sameAs":["https:\/\/www.facebook.com\/TemmelSeywald"]},{"@type":"Person","@id":"https:\/\/www.tsp.at\/en\/#\/schema\/person\/1ba5600c29da17b902b0925cea567f8a","name":"TSP Redaktion"}]}},"_links":{"self":[{"href":"https:\/\/www.tsp.at\/en\/wp-json\/wp\/v2\/posts\/10998","targetHints":{"allow":["GET"]}}],"collection":[{"href":"https:\/\/www.tsp.at\/en\/wp-json\/wp\/v2\/posts"}],"about":[{"href":"https:\/\/www.tsp.at\/en\/wp-json\/wp\/v2\/types\/post"}],"author":[{"embeddable":true,"href":"https:\/\/www.tsp.at\/en\/wp-json\/wp\/v2\/users\/2"}],"replies":[{"embeddable":true,"href":"https:\/\/www.tsp.at\/en\/wp-json\/wp\/v2\/comments?post=10998"}],"version-history":[{"count":1,"href":"https:\/\/www.tsp.at\/en\/wp-json\/wp\/v2\/posts\/10998\/revisions"}],"predecessor-version":[{"id":11855,"href":"https:\/\/www.tsp.at\/en\/wp-json\/wp\/v2\/posts\/10998\/revisions\/11855"}],"wp:attachment":[{"href":"https:\/\/www.tsp.at\/en\/wp-json\/wp\/v2\/media?parent=10998"}],"wp:term":[{"taxonomy":"category","embeddable":true,"href":"https:\/\/www.tsp.at\/en\/wp-json\/wp\/v2\/categories?post=10998"},{"taxonomy":"post_tag","embeddable":true,"href":"https:\/\/www.tsp.at\/en\/wp-json\/wp\/v2\/tags?post=10998"}],"curies":[{"name":"wp","href":"https:\/\/api.w.org\/{rel}","templated":true}]}}