{"id":11008,"date":"2006-08-23T10:50:00","date_gmt":"2006-08-23T08:50:00","guid":{"rendered":"https:\/\/staging.tsp.at\/2006\/08\/23\/allianz-fuer-starke-regionen-waechst-weiter\/"},"modified":"2025-10-21T15:00:56","modified_gmt":"2025-10-21T13:00:56","slug":"allianz-fuer-starke-regionen-waechst-weiter","status":"publish","type":"post","link":"https:\/\/www.tsp.at\/en\/2006\/08\/23\/allianz-fuer-starke-regionen-waechst-weiter\/","title":{"rendered":"Allianz f\u00fcr starke Regionen w\u00e4chst weiter"},"content":{"rendered":"<article class=\"item\">\n<h2><strong>Raiffeisen Lagerhaus und ADEG neue Mitglieder<\/strong><\/h2>\n<p>23.08.2006<\/p>\n<\/p>\n<\/p>\n<\/p>\n<\/p>\n<\/p>\n<p>Wien \u2013 Das Raiffeisen Lagerhaus und die Lebensmittelhandelskette ADEG sind neue Mitglieder der &#8220;Allianz f\u00fcr starke Regionen&#8221;. Damit wird die GENUSS REGION \u00d6STERREICH, eine Initiative von Landwirtschaftsminister Josef Pr\u00f6ll zur F\u00f6rderung von Qualit\u00e4t und Regionalit\u00e4t \u00f6sterreichischer Erzeugnisse, bereits von elf ma\u00dfgeblichen Unternehmen aus der Land- und Lebensmittelwirtschaft unterst\u00fctzt. Neben Lagerhaus und ADEG sind die Handelsketten BILLA, Hofer, SPAR und Zielpunkt, die Fleischerzeuger Berger und Radatz, die Landmaschinenhersteller CNH Steyr und P\u00f6ttinger sowie die Brau Union \u00d6sterreich mit im Bund.<\/p>\n<p> &#8220;Mit unserem Engagement in der Allianz wollen wir die Qualit\u00e4t der heimischen Landwirtschaft st\u00e4rken&#8221;, nennt Generaldirektor Mag. Klaus Buchleitner, Vorstandsvorsizender der Raiffeisen Ware Austria (RWA), die Beweggr\u00fcnde f\u00fcr die Mitgliedschaft. Dkfm. Andreas Poschner, Vorstand der ADEG \u00d6sterreich AG, will &#8220;die Regionen nachhaltig festigen, indem wir die hohe Qualit\u00e4t heimischer Lebensmittelprodukte ins Bewusstsein der Konsumenten rufen&#8221;. Bundesminister Josef Pr\u00f6ll begr\u00fc\u00dft die neuen Allianzmitglieder: &#8220;Wir brauchen starke Partner in der Wirtschaft, damit die GENUSS REGION \u00d6STERREICH f\u00fcr alle Beteiligten ein Erfolg wird.&#8221; Bis Jahresende werden insgesamt 60 Regionen \u00d6sterreichs mit der AMA-Marke GENUSS REGION \u00d6STERREICH ausgezeichnet.<\/p>\n<p> Die &#8220;Allianz f\u00fcr starke Regionen&#8221; wurde von den PR-Consultern Temmel, Seywald &amp; Partner zur Unterst\u00fctzung der Initiative GENUSS REGION \u00d6STERREICH gegr\u00fcndet. Sie tritt f\u00fcr die konsquente F\u00f6rderung von regional zuordenbaren Qualit\u00e4tsprodukten aus \u00d6sterreich ein. Durch den Zusammenschluss von Partnern auf verschiedenen Ebenen der Lebensmittelerzeugung, von der Produktion bis hin zum Verkauf, sollen h\u00f6chste Lebensmittelstandards f\u00fcr regionale Produkte erreicht werden. Weitere Informationen: <a href=\"http:\/\/www.starke-regionen.at\" target=\"_blank\">http:\/\/www.starke-regionen.at<\/a>  <\/p>\n<\/article>\n","protected":false},"excerpt":{"rendered":"<p>Raiffeisen Lagerhaus und ADEG neue Mitglieder 23.08.2006 Wien \u2013 Das Raiffeisen Lagerhaus und die Lebensmittelhandelskette ADEG sind neue Mitglieder der &#8220;Allianz f\u00fcr starke Regionen&#8221;. Damit wird die GENUSS REGION \u00d6STERREICH, eine Initiative von Landwirtschaftsminister Josef Pr\u00f6ll zur F\u00f6rderung von Qualit\u00e4t und Regionalit\u00e4t \u00f6sterreichischer Erzeugnisse, bereits von elf ma\u00dfgeblichen Unternehmen aus der Land- und Lebensmittelwirtschaft unterst\u00fctzt.&hellip;<\/p>\n","protected":false},"author":2,"featured_media":0,"comment_status":"closed","ping_status":"closed","sticky":false,"template":"","format":"standard","meta":{"footnotes":""},"categories":[3],"tags":[],"class_list":["post-11008","post","type-post","status-publish","format-standard","hentry","category-news","category-3","description-off"],"yoast_head":"<!-- This site is optimized with the Yoast SEO plugin v26.3 - https:\/\/yoast.com\/wordpress\/plugins\/seo\/ -->\n<title>Allianz f\u00fcr starke Regionen w\u00e4chst weiter - Temmel | Seywald - Corporate Communications<\/title>\n<meta name=\"robots\" content=\"index, follow, max-snippet:-1, max-image-preview:large, max-video-preview:-1\" \/>\n<link rel=\"canonical\" href=\"https:\/\/www.tsp.at\/en\/2006\/08\/23\/allianz-fuer-starke-regionen-waechst-weiter\/\" \/>\n<meta property=\"og:locale\" content=\"en_US\" \/>\n<meta property=\"og:type\" content=\"article\" \/>\n<meta property=\"og:title\" content=\"Allianz f\u00fcr starke Regionen w\u00e4chst weiter - Temmel | Seywald - Corporate Communications\" \/>\n<meta property=\"og:description\" content=\"Raiffeisen Lagerhaus und ADEG neue Mitglieder 23.08.2006 Wien \u2013 Das Raiffeisen Lagerhaus und die Lebensmittelhandelskette ADEG sind neue Mitglieder der &#8220;Allianz f\u00fcr starke Regionen&#8221;. Damit wird die GENUSS REGION \u00d6STERREICH, eine Initiative von Landwirtschaftsminister Josef Pr\u00f6ll zur F\u00f6rderung von Qualit\u00e4t und Regionalit\u00e4t \u00f6sterreichischer Erzeugnisse, bereits von elf ma\u00dfgeblichen Unternehmen aus der Land- und Lebensmittelwirtschaft unterst\u00fctzt.&hellip;\" \/>\n<meta property=\"og:url\" content=\"https:\/\/www.tsp.at\/en\/2006\/08\/23\/allianz-fuer-starke-regionen-waechst-weiter\/\" \/>\n<meta property=\"og:site_name\" content=\"Temmel | Seywald - Corporate Communications\" \/>\n<meta property=\"article:publisher\" content=\"https:\/\/www.facebook.com\/TemmelSeywald\" \/>\n<meta property=\"article:published_time\" content=\"2006-08-23T08:50:00+00:00\" \/>\n<meta property=\"article:modified_time\" content=\"2025-10-21T13:00:56+00:00\" \/>\n<meta name=\"author\" content=\"TSP Redaktion\" \/>\n<meta name=\"twitter:card\" content=\"summary_large_image\" \/>\n<meta name=\"twitter:label1\" content=\"Written by\" \/>\n\t<meta name=\"twitter:data1\" content=\"TSP Redaktion\" \/>\n\t<meta name=\"twitter:label2\" content=\"Est. reading time\" \/>\n\t<meta name=\"twitter:data2\" content=\"2 minutes\" \/>\n<script type=\"application\/ld+json\" class=\"yoast-schema-graph\">{\"@context\":\"https:\/\/schema.org\",\"@graph\":[{\"@type\":\"Article\",\"@id\":\"https:\/\/www.tsp.at\/en\/2006\/08\/23\/allianz-fuer-starke-regionen-waechst-weiter\/#article\",\"isPartOf\":{\"@id\":\"https:\/\/www.tsp.at\/en\/2006\/08\/23\/allianz-fuer-starke-regionen-waechst-weiter\/\"},\"author\":{\"name\":\"TSP Redaktion\",\"@id\":\"https:\/\/www.tsp.at\/en\/#\/schema\/person\/1ba5600c29da17b902b0925cea567f8a\"},\"headline\":\"Allianz f\u00fcr starke Regionen w\u00e4chst weiter\",\"datePublished\":\"2006-08-23T08:50:00+00:00\",\"dateModified\":\"2025-10-21T13:00:56+00:00\",\"mainEntityOfPage\":{\"@id\":\"https:\/\/www.tsp.at\/en\/2006\/08\/23\/allianz-fuer-starke-regionen-waechst-weiter\/\"},\"wordCount\":274,\"publisher\":{\"@id\":\"https:\/\/www.tsp.at\/en\/#organization\"},\"articleSection\":[\"News\"],\"inLanguage\":\"en-US\"},{\"@type\":\"WebPage\",\"@id\":\"https:\/\/www.tsp.at\/en\/2006\/08\/23\/allianz-fuer-starke-regionen-waechst-weiter\/\",\"url\":\"https:\/\/www.tsp.at\/en\/2006\/08\/23\/allianz-fuer-starke-regionen-waechst-weiter\/\",\"name\":\"Allianz f\u00fcr starke Regionen w\u00e4chst weiter - Temmel | Seywald - Corporate Communications\",\"isPartOf\":{\"@id\":\"https:\/\/www.tsp.at\/en\/#website\"},\"datePublished\":\"2006-08-23T08:50:00+00:00\",\"dateModified\":\"2025-10-21T13:00:56+00:00\",\"breadcrumb\":{\"@id\":\"https:\/\/www.tsp.at\/en\/2006\/08\/23\/allianz-fuer-starke-regionen-waechst-weiter\/#breadcrumb\"},\"inLanguage\":\"en-US\",\"potentialAction\":[{\"@type\":\"ReadAction\",\"target\":[\"https:\/\/www.tsp.at\/en\/2006\/08\/23\/allianz-fuer-starke-regionen-waechst-weiter\/\"]}]},{\"@type\":\"BreadcrumbList\",\"@id\":\"https:\/\/www.tsp.at\/en\/2006\/08\/23\/allianz-fuer-starke-regionen-waechst-weiter\/#breadcrumb\",\"itemListElement\":[{\"@type\":\"ListItem\",\"position\":1,\"name\":\"Startseite\",\"item\":\"https:\/\/www.tsp.at\/en\/\"},{\"@type\":\"ListItem\",\"position\":2,\"name\":\"Allianz f\u00fcr starke Regionen w\u00e4chst weiter\"}]},{\"@type\":\"WebSite\",\"@id\":\"https:\/\/www.tsp.at\/en\/#website\",\"url\":\"https:\/\/www.tsp.at\/en\/\",\"name\":\"Temmel | Seywald - Corporate Communications\",\"description\":\"Kommunikation ist Beziehungsarbeit\",\"publisher\":{\"@id\":\"https:\/\/www.tsp.at\/en\/#organization\"},\"potentialAction\":[{\"@type\":\"SearchAction\",\"target\":{\"@type\":\"EntryPoint\",\"urlTemplate\":\"https:\/\/www.tsp.at\/en\/?s={search_term_string}\"},\"query-input\":{\"@type\":\"PropertyValueSpecification\",\"valueRequired\":true,\"valueName\":\"search_term_string\"}}],\"inLanguage\":\"en-US\"},{\"@type\":\"Organization\",\"@id\":\"https:\/\/www.tsp.at\/en\/#organization\",\"name\":\"Temmel, Seywald & Partner Communications GesmbH\",\"alternateName\":\"TSP\",\"url\":\"https:\/\/www.tsp.at\/en\/\",\"logo\":{\"@type\":\"ImageObject\",\"inLanguage\":\"en-US\",\"@id\":\"https:\/\/www.tsp.at\/en\/#\/schema\/logo\/image\/\",\"url\":\"https:\/\/www.tsp.at\/wp-content\/uploads\/2025\/10\/favicontsp.png\",\"contentUrl\":\"https:\/\/www.tsp.at\/wp-content\/uploads\/2025\/10\/favicontsp.png\",\"width\":125,\"height\":125,\"caption\":\"Temmel, Seywald & Partner Communications GesmbH\"},\"image\":{\"@id\":\"https:\/\/www.tsp.at\/en\/#\/schema\/logo\/image\/\"},\"sameAs\":[\"https:\/\/www.facebook.com\/TemmelSeywald\"]},{\"@type\":\"Person\",\"@id\":\"https:\/\/www.tsp.at\/en\/#\/schema\/person\/1ba5600c29da17b902b0925cea567f8a\",\"name\":\"TSP Redaktion\"}]}<\/script>\n<!-- \/ Yoast SEO plugin. -->","yoast_head_json":{"title":"Allianz f\u00fcr starke Regionen w\u00e4chst weiter - Temmel | Seywald - Corporate Communications","robots":{"index":"index","follow":"follow","max-snippet":"max-snippet:-1","max-image-preview":"max-image-preview:large","max-video-preview":"max-video-preview:-1"},"canonical":"https:\/\/www.tsp.at\/en\/2006\/08\/23\/allianz-fuer-starke-regionen-waechst-weiter\/","og_locale":"en_US","og_type":"article","og_title":"Allianz f\u00fcr starke Regionen w\u00e4chst weiter - Temmel | Seywald - Corporate Communications","og_description":"Raiffeisen Lagerhaus und ADEG neue Mitglieder 23.08.2006 Wien \u2013 Das Raiffeisen Lagerhaus und die Lebensmittelhandelskette ADEG sind neue Mitglieder der &#8220;Allianz f\u00fcr starke Regionen&#8221;. Damit wird die GENUSS REGION \u00d6STERREICH, eine Initiative von Landwirtschaftsminister Josef Pr\u00f6ll zur F\u00f6rderung von Qualit\u00e4t und Regionalit\u00e4t \u00f6sterreichischer Erzeugnisse, bereits von elf ma\u00dfgeblichen Unternehmen aus der Land- und Lebensmittelwirtschaft unterst\u00fctzt.&hellip;","og_url":"https:\/\/www.tsp.at\/en\/2006\/08\/23\/allianz-fuer-starke-regionen-waechst-weiter\/","og_site_name":"Temmel | Seywald - Corporate Communications","article_publisher":"https:\/\/www.facebook.com\/TemmelSeywald","article_published_time":"2006-08-23T08:50:00+00:00","article_modified_time":"2025-10-21T13:00:56+00:00","author":"TSP Redaktion","twitter_card":"summary_large_image","twitter_misc":{"Written by":"TSP Redaktion","Est. reading time":"2 minutes"},"schema":{"@context":"https:\/\/schema.org","@graph":[{"@type":"Article","@id":"https:\/\/www.tsp.at\/en\/2006\/08\/23\/allianz-fuer-starke-regionen-waechst-weiter\/#article","isPartOf":{"@id":"https:\/\/www.tsp.at\/en\/2006\/08\/23\/allianz-fuer-starke-regionen-waechst-weiter\/"},"author":{"name":"TSP Redaktion","@id":"https:\/\/www.tsp.at\/en\/#\/schema\/person\/1ba5600c29da17b902b0925cea567f8a"},"headline":"Allianz f\u00fcr starke Regionen w\u00e4chst weiter","datePublished":"2006-08-23T08:50:00+00:00","dateModified":"2025-10-21T13:00:56+00:00","mainEntityOfPage":{"@id":"https:\/\/www.tsp.at\/en\/2006\/08\/23\/allianz-fuer-starke-regionen-waechst-weiter\/"},"wordCount":274,"publisher":{"@id":"https:\/\/www.tsp.at\/en\/#organization"},"articleSection":["News"],"inLanguage":"en-US"},{"@type":"WebPage","@id":"https:\/\/www.tsp.at\/en\/2006\/08\/23\/allianz-fuer-starke-regionen-waechst-weiter\/","url":"https:\/\/www.tsp.at\/en\/2006\/08\/23\/allianz-fuer-starke-regionen-waechst-weiter\/","name":"Allianz f\u00fcr starke Regionen w\u00e4chst weiter - Temmel | Seywald - Corporate Communications","isPartOf":{"@id":"https:\/\/www.tsp.at\/en\/#website"},"datePublished":"2006-08-23T08:50:00+00:00","dateModified":"2025-10-21T13:00:56+00:00","breadcrumb":{"@id":"https:\/\/www.tsp.at\/en\/2006\/08\/23\/allianz-fuer-starke-regionen-waechst-weiter\/#breadcrumb"},"inLanguage":"en-US","potentialAction":[{"@type":"ReadAction","target":["https:\/\/www.tsp.at\/en\/2006\/08\/23\/allianz-fuer-starke-regionen-waechst-weiter\/"]}]},{"@type":"BreadcrumbList","@id":"https:\/\/www.tsp.at\/en\/2006\/08\/23\/allianz-fuer-starke-regionen-waechst-weiter\/#breadcrumb","itemListElement":[{"@type":"ListItem","position":1,"name":"Startseite","item":"https:\/\/www.tsp.at\/en\/"},{"@type":"ListItem","position":2,"name":"Allianz f\u00fcr starke Regionen w\u00e4chst weiter"}]},{"@type":"WebSite","@id":"https:\/\/www.tsp.at\/en\/#website","url":"https:\/\/www.tsp.at\/en\/","name":"Temmel | Seywald - Corporate Communications","description":"Kommunikation ist Beziehungsarbeit","publisher":{"@id":"https:\/\/www.tsp.at\/en\/#organization"},"potentialAction":[{"@type":"SearchAction","target":{"@type":"EntryPoint","urlTemplate":"https:\/\/www.tsp.at\/en\/?s={search_term_string}"},"query-input":{"@type":"PropertyValueSpecification","valueRequired":true,"valueName":"search_term_string"}}],"inLanguage":"en-US"},{"@type":"Organization","@id":"https:\/\/www.tsp.at\/en\/#organization","name":"Temmel, Seywald & Partner Communications GesmbH","alternateName":"TSP","url":"https:\/\/www.tsp.at\/en\/","logo":{"@type":"ImageObject","inLanguage":"en-US","@id":"https:\/\/www.tsp.at\/en\/#\/schema\/logo\/image\/","url":"https:\/\/www.tsp.at\/wp-content\/uploads\/2025\/10\/favicontsp.png","contentUrl":"https:\/\/www.tsp.at\/wp-content\/uploads\/2025\/10\/favicontsp.png","width":125,"height":125,"caption":"Temmel, Seywald & Partner Communications GesmbH"},"image":{"@id":"https:\/\/www.tsp.at\/en\/#\/schema\/logo\/image\/"},"sameAs":["https:\/\/www.facebook.com\/TemmelSeywald"]},{"@type":"Person","@id":"https:\/\/www.tsp.at\/en\/#\/schema\/person\/1ba5600c29da17b902b0925cea567f8a","name":"TSP Redaktion"}]}},"_links":{"self":[{"href":"https:\/\/www.tsp.at\/en\/wp-json\/wp\/v2\/posts\/11008","targetHints":{"allow":["GET"]}}],"collection":[{"href":"https:\/\/www.tsp.at\/en\/wp-json\/wp\/v2\/posts"}],"about":[{"href":"https:\/\/www.tsp.at\/en\/wp-json\/wp\/v2\/types\/post"}],"author":[{"embeddable":true,"href":"https:\/\/www.tsp.at\/en\/wp-json\/wp\/v2\/users\/2"}],"replies":[{"embeddable":true,"href":"https:\/\/www.tsp.at\/en\/wp-json\/wp\/v2\/comments?post=11008"}],"version-history":[{"count":1,"href":"https:\/\/www.tsp.at\/en\/wp-json\/wp\/v2\/posts\/11008\/revisions"}],"predecessor-version":[{"id":11861,"href":"https:\/\/www.tsp.at\/en\/wp-json\/wp\/v2\/posts\/11008\/revisions\/11861"}],"wp:attachment":[{"href":"https:\/\/www.tsp.at\/en\/wp-json\/wp\/v2\/media?parent=11008"}],"wp:term":[{"taxonomy":"category","embeddable":true,"href":"https:\/\/www.tsp.at\/en\/wp-json\/wp\/v2\/categories?post=11008"},{"taxonomy":"post_tag","embeddable":true,"href":"https:\/\/www.tsp.at\/en\/wp-json\/wp\/v2\/tags?post=11008"}],"curies":[{"name":"wp","href":"https:\/\/api.w.org\/{rel}","templated":true}]}}