{"id":11020,"date":"2005-11-23T07:40:00","date_gmt":"2005-11-23T06:40:00","guid":{"rendered":"https:\/\/staging.tsp.at\/2005\/11\/23\/pressetext-wieder-in-gruenderhand\/"},"modified":"2025-10-21T15:00:57","modified_gmt":"2025-10-21T13:00:57","slug":"pressetext-wieder-in-gruenderhand","status":"publish","type":"post","link":"https:\/\/www.tsp.at\/en\/2005\/11\/23\/pressetext-wieder-in-gruenderhand\/","title":{"rendered":"Pressetext wieder in Gr\u00fcnderhand"},"content":{"rendered":"<article class=\"item\">\n<h2><strong>Umsatzverdoppelung mit Expansion in Deutschland geplant<\/strong><\/h2>\n<p>23.11.2005<\/p>\n<\/p>\n<\/p>\n<\/p>\n<\/p>\n<\/p>\n<p>Wien\/London \u2013 Nach f\u00fcnfj\u00e4hrigem Engagement bei der internet-basierten Nachrichtenagentur pressetext zieht sich die britisch-amerikanische Investmentfirma Botts &amp; Company [url=http:\/\/www.bottscompany.com]http:\/\/www.bottscompany.com[\/url] aus dem Unternehmen zur\u00fcck. Schon im Vorjahr hat der Startup-Spezialist Oliver Schmalholz seine Anteile ver\u00e4u\u00dfert, nachdem er seine Gesch\u00e4fte in die USA verlagert hat. Damit ist die in Wien ans\u00e4ssige Nachrichtenagentur wieder in der Hand der Gr\u00fcnder Franz Temmel und Wilfried Seywald. <\/p>\n<p>&#8220;Es hat sich seit l\u00e4ngerem abgezeichnet, dass Botts &amp; Company aussteigen wird. Bereits im Jahr 2002 hat der Fonds alle Investments in Deutschland ver\u00e4u\u00dfert und sein B\u00fcro in M\u00fcnchen geschlossen. Das Engagement bei pressetext passte nicht mehr ins Portfolio des Investors&#8221;, erl\u00e4utert pressetext-Gesch\u00e4ftsf\u00fchrer Dr. Franz Temmel.<\/p>\n<p>&#8220;Die Firmengr\u00fcnder haben sich f\u00fcr den R\u00fcckkauf der insgesamt \u00fcber 45 % Gesellschafteranteile entschieden, nachdem pressetext heute mehr denn je ein fixer Bestandteil im Nachrichtenbereich ist. F\u00fcr uns gilt, die von Kunden und Abonnenten in pressetext gesetzten Erwartungen zu erf\u00fcllen&#8221;, sagt Temmel. Die Kontrolle \u00fcber das Unternehmen werde dazu gen\u00fctzt, die Expansion in Europa weiter fortzusetzen.<\/p>\n<p>Inhaltlich wird pressetext 2006 die Nachrichtenqualit\u00e4t durch die Forcierung der Text-Bild-Schiene steigern. Mit dem 2005 neu entwickelten Fotodienst verf\u00fcgt die Agentur \u00fcber einen Service, der die ideale Erg\u00e4nzung zu den Textnachrichten darstellt. Bei den Kunden kommt dieser Dienst so gut an, dass bereits im Jahr Eins der &#8220;Breakeven&#8221; geschafft wurde. Das f\u00fchrt k\u00fcnftig noch n\u00e4her zum Kunden, dessen Themen in der Redaktion eine st\u00e4rkere Ber\u00fccksichtigung erfahren werden als es in der Vergangenheit der Fall war.<\/p>\n<p>Neben den neuen inhaltlichen Schwerpunkten wird pressetext die Expansion in Deutschland vorantreiben. Um den deutschen Markt effizient zu bedienen, werden 2006 in mindestens 10 Bundesl\u00e4ndern Verkaufsb\u00fcros eingerichtet. Mit dieser Ma\u00dfnahme soll der Gesamtumsatz von pressetext im n\u00e4chsten Jahr verdoppelt werden und die Marke &#8220;pressetext&#8221; auch in Deutschland zu einem Fixpunkt in der Medienlandschaft avancieren.<\/p>\n<p><strong>\u00dcber pressetext<\/strong><br \/> Die pressetext Nachrichtenagentur mit Sitz in Wien und B\u00fcros in Z\u00fcrich, Wiesbaden, M\u00fcnchen und Bonn ist der reichweitenst\u00e4rkste Presseverteiler in der D\/A\/CH-Region. Der Online-Dienst hat sich als wichtiges B2B-Premiummedium f\u00fcr Journalisten und Meinungsbildner positioniert. Die Nachrichten aus den Zukunftsbranchen werden &#8211; auch \u00fcber zahlreiche Partnersites &#8211; von insgesamt mehr als 350.000 Unique Users gelesen. Etwa 1.000 Unternehmen und Institutionen nutzen den Verteiler regelm\u00e4\u00dfig f\u00fcr Presseaussendungen und Online-Marketing Aktivit\u00e4ten. <\/p>\n<\/p>\n<\/article>\n","protected":false},"excerpt":{"rendered":"<p>Umsatzverdoppelung mit Expansion in Deutschland geplant 23.11.2005 Wien\/London \u2013 Nach f\u00fcnfj\u00e4hrigem Engagement bei der internet-basierten Nachrichtenagentur pressetext zieht sich die britisch-amerikanische Investmentfirma Botts &amp; Company [url=http:\/\/www.bottscompany.com]http:\/\/www.bottscompany.com[\/url] aus dem Unternehmen zur\u00fcck. Schon im Vorjahr hat der Startup-Spezialist Oliver Schmalholz seine Anteile ver\u00e4u\u00dfert, nachdem er seine Gesch\u00e4fte in die USA verlagert hat. Damit ist die in Wien&hellip;<\/p>\n","protected":false},"author":2,"featured_media":0,"comment_status":"closed","ping_status":"closed","sticky":false,"template":"","format":"standard","meta":{"footnotes":""},"categories":[3],"tags":[],"class_list":["post-11020","post","type-post","status-publish","format-standard","hentry","category-news","category-3","description-off"],"yoast_head":"<!-- This site is optimized with the Yoast SEO plugin v26.3 - https:\/\/yoast.com\/wordpress\/plugins\/seo\/ -->\n<title>Pressetext wieder in Gr\u00fcnderhand - Temmel | Seywald - Corporate Communications<\/title>\n<meta name=\"robots\" content=\"index, follow, max-snippet:-1, max-image-preview:large, max-video-preview:-1\" \/>\n<link rel=\"canonical\" href=\"https:\/\/www.tsp.at\/en\/2005\/11\/23\/pressetext-wieder-in-gruenderhand\/\" \/>\n<meta property=\"og:locale\" content=\"en_US\" \/>\n<meta property=\"og:type\" content=\"article\" \/>\n<meta property=\"og:title\" content=\"Pressetext wieder in Gr\u00fcnderhand - Temmel | Seywald - Corporate Communications\" \/>\n<meta property=\"og:description\" content=\"Umsatzverdoppelung mit Expansion in Deutschland geplant 23.11.2005 Wien\/London \u2013 Nach f\u00fcnfj\u00e4hrigem Engagement bei der internet-basierten Nachrichtenagentur pressetext zieht sich die britisch-amerikanische Investmentfirma Botts &amp; Company [url=http:\/\/www.bottscompany.com]http:\/\/www.bottscompany.com[\/url] aus dem Unternehmen zur\u00fcck. Schon im Vorjahr hat der Startup-Spezialist Oliver Schmalholz seine Anteile ver\u00e4u\u00dfert, nachdem er seine Gesch\u00e4fte in die USA verlagert hat. Damit ist die in Wien&hellip;\" \/>\n<meta property=\"og:url\" content=\"https:\/\/www.tsp.at\/en\/2005\/11\/23\/pressetext-wieder-in-gruenderhand\/\" \/>\n<meta property=\"og:site_name\" content=\"Temmel | Seywald - Corporate Communications\" \/>\n<meta property=\"article:publisher\" content=\"https:\/\/www.facebook.com\/TemmelSeywald\" \/>\n<meta property=\"article:published_time\" content=\"2005-11-23T06:40:00+00:00\" \/>\n<meta property=\"article:modified_time\" content=\"2025-10-21T13:00:57+00:00\" \/>\n<meta name=\"author\" content=\"TSP Redaktion\" \/>\n<meta name=\"twitter:card\" content=\"summary_large_image\" \/>\n<meta name=\"twitter:label1\" content=\"Written by\" \/>\n\t<meta name=\"twitter:data1\" content=\"TSP Redaktion\" \/>\n\t<meta name=\"twitter:label2\" content=\"Est. reading time\" \/>\n\t<meta name=\"twitter:data2\" content=\"3 minutes\" \/>\n<script type=\"application\/ld+json\" class=\"yoast-schema-graph\">{\"@context\":\"https:\/\/schema.org\",\"@graph\":[{\"@type\":\"Article\",\"@id\":\"https:\/\/www.tsp.at\/en\/2005\/11\/23\/pressetext-wieder-in-gruenderhand\/#article\",\"isPartOf\":{\"@id\":\"https:\/\/www.tsp.at\/en\/2005\/11\/23\/pressetext-wieder-in-gruenderhand\/\"},\"author\":{\"name\":\"TSP Redaktion\",\"@id\":\"https:\/\/www.tsp.at\/en\/#\/schema\/person\/1ba5600c29da17b902b0925cea567f8a\"},\"headline\":\"Pressetext wieder in Gr\u00fcnderhand\",\"datePublished\":\"2005-11-23T06:40:00+00:00\",\"dateModified\":\"2025-10-21T13:00:57+00:00\",\"mainEntityOfPage\":{\"@id\":\"https:\/\/www.tsp.at\/en\/2005\/11\/23\/pressetext-wieder-in-gruenderhand\/\"},\"wordCount\":418,\"publisher\":{\"@id\":\"https:\/\/www.tsp.at\/en\/#organization\"},\"articleSection\":[\"News\"],\"inLanguage\":\"en-US\"},{\"@type\":\"WebPage\",\"@id\":\"https:\/\/www.tsp.at\/en\/2005\/11\/23\/pressetext-wieder-in-gruenderhand\/\",\"url\":\"https:\/\/www.tsp.at\/en\/2005\/11\/23\/pressetext-wieder-in-gruenderhand\/\",\"name\":\"Pressetext wieder in Gr\u00fcnderhand - Temmel | Seywald - Corporate Communications\",\"isPartOf\":{\"@id\":\"https:\/\/www.tsp.at\/en\/#website\"},\"datePublished\":\"2005-11-23T06:40:00+00:00\",\"dateModified\":\"2025-10-21T13:00:57+00:00\",\"breadcrumb\":{\"@id\":\"https:\/\/www.tsp.at\/en\/2005\/11\/23\/pressetext-wieder-in-gruenderhand\/#breadcrumb\"},\"inLanguage\":\"en-US\",\"potentialAction\":[{\"@type\":\"ReadAction\",\"target\":[\"https:\/\/www.tsp.at\/en\/2005\/11\/23\/pressetext-wieder-in-gruenderhand\/\"]}]},{\"@type\":\"BreadcrumbList\",\"@id\":\"https:\/\/www.tsp.at\/en\/2005\/11\/23\/pressetext-wieder-in-gruenderhand\/#breadcrumb\",\"itemListElement\":[{\"@type\":\"ListItem\",\"position\":1,\"name\":\"Startseite\",\"item\":\"https:\/\/www.tsp.at\/en\/\"},{\"@type\":\"ListItem\",\"position\":2,\"name\":\"Pressetext wieder in Gr\u00fcnderhand\"}]},{\"@type\":\"WebSite\",\"@id\":\"https:\/\/www.tsp.at\/en\/#website\",\"url\":\"https:\/\/www.tsp.at\/en\/\",\"name\":\"Temmel | Seywald - Corporate Communications\",\"description\":\"Kommunikation ist Beziehungsarbeit\",\"publisher\":{\"@id\":\"https:\/\/www.tsp.at\/en\/#organization\"},\"potentialAction\":[{\"@type\":\"SearchAction\",\"target\":{\"@type\":\"EntryPoint\",\"urlTemplate\":\"https:\/\/www.tsp.at\/en\/?s={search_term_string}\"},\"query-input\":{\"@type\":\"PropertyValueSpecification\",\"valueRequired\":true,\"valueName\":\"search_term_string\"}}],\"inLanguage\":\"en-US\"},{\"@type\":\"Organization\",\"@id\":\"https:\/\/www.tsp.at\/en\/#organization\",\"name\":\"Temmel, Seywald & Partner Communications GesmbH\",\"alternateName\":\"TSP\",\"url\":\"https:\/\/www.tsp.at\/en\/\",\"logo\":{\"@type\":\"ImageObject\",\"inLanguage\":\"en-US\",\"@id\":\"https:\/\/www.tsp.at\/en\/#\/schema\/logo\/image\/\",\"url\":\"https:\/\/www.tsp.at\/wp-content\/uploads\/2025\/10\/favicontsp.png\",\"contentUrl\":\"https:\/\/www.tsp.at\/wp-content\/uploads\/2025\/10\/favicontsp.png\",\"width\":125,\"height\":125,\"caption\":\"Temmel, Seywald & Partner Communications GesmbH\"},\"image\":{\"@id\":\"https:\/\/www.tsp.at\/en\/#\/schema\/logo\/image\/\"},\"sameAs\":[\"https:\/\/www.facebook.com\/TemmelSeywald\"]},{\"@type\":\"Person\",\"@id\":\"https:\/\/www.tsp.at\/en\/#\/schema\/person\/1ba5600c29da17b902b0925cea567f8a\",\"name\":\"TSP Redaktion\"}]}<\/script>\n<!-- \/ Yoast SEO plugin. -->","yoast_head_json":{"title":"Pressetext wieder in Gr\u00fcnderhand - Temmel | Seywald - Corporate Communications","robots":{"index":"index","follow":"follow","max-snippet":"max-snippet:-1","max-image-preview":"max-image-preview:large","max-video-preview":"max-video-preview:-1"},"canonical":"https:\/\/www.tsp.at\/en\/2005\/11\/23\/pressetext-wieder-in-gruenderhand\/","og_locale":"en_US","og_type":"article","og_title":"Pressetext wieder in Gr\u00fcnderhand - Temmel | Seywald - Corporate Communications","og_description":"Umsatzverdoppelung mit Expansion in Deutschland geplant 23.11.2005 Wien\/London \u2013 Nach f\u00fcnfj\u00e4hrigem Engagement bei der internet-basierten Nachrichtenagentur pressetext zieht sich die britisch-amerikanische Investmentfirma Botts &amp; Company [url=http:\/\/www.bottscompany.com]http:\/\/www.bottscompany.com[\/url] aus dem Unternehmen zur\u00fcck. Schon im Vorjahr hat der Startup-Spezialist Oliver Schmalholz seine Anteile ver\u00e4u\u00dfert, nachdem er seine Gesch\u00e4fte in die USA verlagert hat. Damit ist die in Wien&hellip;","og_url":"https:\/\/www.tsp.at\/en\/2005\/11\/23\/pressetext-wieder-in-gruenderhand\/","og_site_name":"Temmel | Seywald - Corporate Communications","article_publisher":"https:\/\/www.facebook.com\/TemmelSeywald","article_published_time":"2005-11-23T06:40:00+00:00","article_modified_time":"2025-10-21T13:00:57+00:00","author":"TSP Redaktion","twitter_card":"summary_large_image","twitter_misc":{"Written by":"TSP Redaktion","Est. reading time":"3 minutes"},"schema":{"@context":"https:\/\/schema.org","@graph":[{"@type":"Article","@id":"https:\/\/www.tsp.at\/en\/2005\/11\/23\/pressetext-wieder-in-gruenderhand\/#article","isPartOf":{"@id":"https:\/\/www.tsp.at\/en\/2005\/11\/23\/pressetext-wieder-in-gruenderhand\/"},"author":{"name":"TSP Redaktion","@id":"https:\/\/www.tsp.at\/en\/#\/schema\/person\/1ba5600c29da17b902b0925cea567f8a"},"headline":"Pressetext wieder in Gr\u00fcnderhand","datePublished":"2005-11-23T06:40:00+00:00","dateModified":"2025-10-21T13:00:57+00:00","mainEntityOfPage":{"@id":"https:\/\/www.tsp.at\/en\/2005\/11\/23\/pressetext-wieder-in-gruenderhand\/"},"wordCount":418,"publisher":{"@id":"https:\/\/www.tsp.at\/en\/#organization"},"articleSection":["News"],"inLanguage":"en-US"},{"@type":"WebPage","@id":"https:\/\/www.tsp.at\/en\/2005\/11\/23\/pressetext-wieder-in-gruenderhand\/","url":"https:\/\/www.tsp.at\/en\/2005\/11\/23\/pressetext-wieder-in-gruenderhand\/","name":"Pressetext wieder in Gr\u00fcnderhand - Temmel | Seywald - Corporate Communications","isPartOf":{"@id":"https:\/\/www.tsp.at\/en\/#website"},"datePublished":"2005-11-23T06:40:00+00:00","dateModified":"2025-10-21T13:00:57+00:00","breadcrumb":{"@id":"https:\/\/www.tsp.at\/en\/2005\/11\/23\/pressetext-wieder-in-gruenderhand\/#breadcrumb"},"inLanguage":"en-US","potentialAction":[{"@type":"ReadAction","target":["https:\/\/www.tsp.at\/en\/2005\/11\/23\/pressetext-wieder-in-gruenderhand\/"]}]},{"@type":"BreadcrumbList","@id":"https:\/\/www.tsp.at\/en\/2005\/11\/23\/pressetext-wieder-in-gruenderhand\/#breadcrumb","itemListElement":[{"@type":"ListItem","position":1,"name":"Startseite","item":"https:\/\/www.tsp.at\/en\/"},{"@type":"ListItem","position":2,"name":"Pressetext wieder in Gr\u00fcnderhand"}]},{"@type":"WebSite","@id":"https:\/\/www.tsp.at\/en\/#website","url":"https:\/\/www.tsp.at\/en\/","name":"Temmel | Seywald - Corporate Communications","description":"Kommunikation ist Beziehungsarbeit","publisher":{"@id":"https:\/\/www.tsp.at\/en\/#organization"},"potentialAction":[{"@type":"SearchAction","target":{"@type":"EntryPoint","urlTemplate":"https:\/\/www.tsp.at\/en\/?s={search_term_string}"},"query-input":{"@type":"PropertyValueSpecification","valueRequired":true,"valueName":"search_term_string"}}],"inLanguage":"en-US"},{"@type":"Organization","@id":"https:\/\/www.tsp.at\/en\/#organization","name":"Temmel, Seywald & Partner Communications GesmbH","alternateName":"TSP","url":"https:\/\/www.tsp.at\/en\/","logo":{"@type":"ImageObject","inLanguage":"en-US","@id":"https:\/\/www.tsp.at\/en\/#\/schema\/logo\/image\/","url":"https:\/\/www.tsp.at\/wp-content\/uploads\/2025\/10\/favicontsp.png","contentUrl":"https:\/\/www.tsp.at\/wp-content\/uploads\/2025\/10\/favicontsp.png","width":125,"height":125,"caption":"Temmel, Seywald & Partner Communications GesmbH"},"image":{"@id":"https:\/\/www.tsp.at\/en\/#\/schema\/logo\/image\/"},"sameAs":["https:\/\/www.facebook.com\/TemmelSeywald"]},{"@type":"Person","@id":"https:\/\/www.tsp.at\/en\/#\/schema\/person\/1ba5600c29da17b902b0925cea567f8a","name":"TSP Redaktion"}]}},"_links":{"self":[{"href":"https:\/\/www.tsp.at\/en\/wp-json\/wp\/v2\/posts\/11020","targetHints":{"allow":["GET"]}}],"collection":[{"href":"https:\/\/www.tsp.at\/en\/wp-json\/wp\/v2\/posts"}],"about":[{"href":"https:\/\/www.tsp.at\/en\/wp-json\/wp\/v2\/types\/post"}],"author":[{"embeddable":true,"href":"https:\/\/www.tsp.at\/en\/wp-json\/wp\/v2\/users\/2"}],"replies":[{"embeddable":true,"href":"https:\/\/www.tsp.at\/en\/wp-json\/wp\/v2\/comments?post=11020"}],"version-history":[{"count":1,"href":"https:\/\/www.tsp.at\/en\/wp-json\/wp\/v2\/posts\/11020\/revisions"}],"predecessor-version":[{"id":11869,"href":"https:\/\/www.tsp.at\/en\/wp-json\/wp\/v2\/posts\/11020\/revisions\/11869"}],"wp:attachment":[{"href":"https:\/\/www.tsp.at\/en\/wp-json\/wp\/v2\/media?parent=11020"}],"wp:term":[{"taxonomy":"category","embeddable":true,"href":"https:\/\/www.tsp.at\/en\/wp-json\/wp\/v2\/categories?post=11020"},{"taxonomy":"post_tag","embeddable":true,"href":"https:\/\/www.tsp.at\/en\/wp-json\/wp\/v2\/tags?post=11020"}],"curies":[{"name":"wp","href":"https:\/\/api.w.org\/{rel}","templated":true}]}}