{"id":11032,"date":"2025-03-18T11:52:00","date_gmt":"2025-03-18T10:52:00","guid":{"rendered":"https:\/\/staging.tsp.at\/2025\/03\/18\/fresach-2025-widmet-sich-dem-wahnsinn-der-neuen-weltordnung-3\/"},"modified":"2025-10-21T14:52:11","modified_gmt":"2025-10-21T12:52:11","slug":"fresach-2025-widmet-sich-dem-wahnsinn-der-neuen-weltordnung-3","status":"publish","type":"post","link":"https:\/\/www.tsp.at\/en\/2025\/03\/18\/fresach-2025-widmet-sich-dem-wahnsinn-der-neuen-weltordnung-3\/","title":{"rendered":"Fresach 2025 widmet sich dem Wahnsinn der neuen &#8220;Weltordnung&#8221;"},"content":{"rendered":"<article class=\"item\">\n<h2><strong>Er\u00f6ffnung mit Cathrin Kahlweit \u2013 Europa im Umbruch \u2013 Strategien f\u00fcr die Sicherheit<\/strong><\/h2>\n<p>18.03.2025<\/p>\n<\/p>\n<\/p>\n<\/p>\n<\/p>\n<\/p>\n<p>Klagenfurt \u2013 <strong>\u00dcber Europa und die neue Weltunordnung diskutieren anerkannte ExpertInnen aus Literatur, Wissenschaft und Wirtschaft bei den 11. Europ\u00e4ischen Toleranzgespr\u00e4chen, die heuer vom 1. bis 7. Juni in Villach und Fresach stattfinden. Aktualit\u00e4t gewinnen die Gespr\u00e4che vor allem nach dem dramatischen Umbruch, der seit dem Amtsantritt des neuen US-Pr\u00e4sidenten sichtbar wird, und den noch gar nicht absehbaren Folgen f\u00fcr die internationalen Beziehungen. <\/strong><a href=\"http:\/\/www.fresach.org\" target=\"_blank\">www.fresach.org<\/a> <\/p>\n<p>Das Tagungsprogramm wurde am Dienstag in Klagenfurt vorgestellt und listet bekannte Vortragende auf. So konnte die langj\u00e4hrige Korrespondentin der S\u00fcddeutschen Zeitung, Cathrin Kahlweit, f\u00fcr die Er\u00f6ffnungsrede gewonnen werden, mit am Podium sitzen unter anderem die K\u00e4rntner Schriftstellerin Lydia Mischkulnig, die deutschen Demokratieforscher Veith Selk, Ursula Birsl und Cornelia Koppetsch oder auch der streitbare Chef der IG AutorInnen Autoren, Gerhard Ruiss. Tickets k\u00f6nnen schon jetzt geordert werden, die Eintrittspreise bleiben unver\u00e4ndert.\n<\/p>\n<p><strong>Wege aus der Lethargie<\/strong> <\/p>\n<p>&#8220;Die multiplen Krisen der letzten Jahre haben die Politik in Europa, den Optimismus und Zukunftsglauben gel\u00e4hmt&#8221;, analysierte Kuratoriumspr\u00e4sident <strong>Hannes Swoboda<\/strong> bei der Programmvorstellung in Klagenfurt. Und nat\u00fcrlich sei es ist nicht leicht, f\u00fcr diese vielen Krisen Auswege zu finden. &#8220;Aber der Westen, besser die demokratisch gesinnten Kr\u00e4fte, sollten nicht verzweifeln. Jetzt geht es darum, trotz der schlechten Nachrichtenlage in der Welt positive Strategien zu entwickeln und Antworten zu finden, damit die Hoffnung und Zuversicht in die Zukunft zur\u00fcckkehrt.&#8221;\n<\/p>\n<p>Der K\u00e4rntner Landeshauptmann <strong>Peter Kaiser<\/strong> warnte im selben Kontext vor dem gef\u00e4hrlichen Verlust an Vertrauen in die Institutionen unserer Demokratie. Gerade jetzt m\u00fcssten wir uns umso mehr auf die Werte besinnen, die unsere Gesellschaften zusammenhalten: Toleranz, Demokratie und die unbedingte Achtung der Menschenrechte. Superintendent <strong>Manfred Sauer<\/strong> verwies auf jene Menschen, die sich nicht mehr verstanden f\u00fchlen und appellierte an die Politik, Wege aus der Negativspirale zu gehen und positive Erz\u00e4hlungen zu liefern.\n<\/p>\n<p>F\u00fcr die Stadt Villach betonte B\u00fcrgermeister <strong>G\u00fcnther Albel<\/strong>, dass es f\u00fcr ein Klima des Vertrauens und gedeihlichen Zusammenlebens unbedingt Offenheit, Bereitschaft zum Kompromiss und zum Verst\u00e4ndnis der jeweils anderen Position braucht. Freie und offene Debatten seien eine Grundvoraussetzung f\u00fcr Demokratie und Sicherheit, entscheidend ist dabei der Respekt f\u00fcr andere Meinungen und die Bereitschaft, nach Wahrheit zu suchen. Den Glauben und die Hoffnung auf eine bessere Zukunft d\u00fcrfe man niemals aufgeben.\n<\/p>\n<p><strong>Vom politischen Aufruhr zur globalen Neuordnung<\/strong> <\/p>\n<p>Politik-Experten fordern Europa dazu auf, den globalen Geltungsanspruch seiner Werte und Normen einzuschr\u00e4nken und sich stattdessen auf das eigene Territorium zu konzentrieren. Das hei\u00dft nicht, den moralischen Anspruch und die entsprechenden Werte aufzugeben, sondern im Sinne einer m\u00f6glichen Verst\u00e4ndigung auch mit L\u00e4ndern, die diese Anspr\u00fcche nicht teilen oder diese Werte grob verletzen, zu sprechen. Wir m\u00fcssen also Wege finden, die verst\u00e4ndliche Emp\u00f6rung \u00fcber grobe Verst\u00f6\u00dfe gegen V\u00f6lkerrecht und Menschenrechte zu \u00fcberwinden und der neuen Realit\u00e4t ins Auge blicken.\n<\/p>\n<p>Eine solche Neuordnung ist wohl auch die Voraussetzung f\u00fcr die Neuordnung der Migrationsbewegungen und der Klimapolitik. Beide setzen ein Minimum an globaler Zusammenarbeit voraus \u2013 wie dies auch f\u00fcr die effektive Bek\u00e4mpfung zuk\u00fcnftiger Umweltkrisen und Pandemien n\u00f6tig ist. Diese Kooperation verhindert nicht einen fruchtbaren und friedlichen Wettbewerb zwischen den gro\u00dfen M\u00e4chten, sondern erm\u00f6glicht gemeinsame L\u00f6sungen. Nicht die St\u00f6rung oder sogar die Zerst\u00f6rung der anderen Seite darf das Ziel sein, sondern Vorteile f\u00fcr alle durch bessere L\u00f6sungen.\n<\/p>\n<p><strong>Wahnsinn als Weckruf<\/strong> <\/p>\n<p>Die aktuellen, vielfach negativ empfundenen Entwicklungen in Politik und Wirtschaft sind ein Weckruf f\u00fcr alle besonnenen Kr\u00e4fte, ad\u00e4quat zu reagieren. Die Organisation des Denk.Raum.Fresach will dazu beitragen, die Nachrichtenlage besser zu verstehen und einordnen zu k\u00f6nnen \u2013 gemeinsam mit spannenden Denkern, so unter anderem mit dem Philosophen Wolfram Eilenberger beim <strong>Ethikforum am 4. Juni<\/strong> oder den Theologen Claudia Paganini, Peter Allmaier und Jaron Engelmayer beim <strong>Europaforum am 5. Juni<\/strong>. Das<strong> Wirtschaftsform am 6. Juni <\/strong>wird nicht nur dem C(r)ash-Kurs der neuen US-Administration mit Trump 2.0 gewidmet sein, sondern auch m\u00f6glichen Strategien f\u00fcr die l\u00e4ndliche Entwicklung in Europa.\n<\/p>\n<p><strong>Aufbruch zu Pfingsten<\/strong> <\/p>\n<p>Die 11. Europ\u00e4ischen Toleranzgespr\u00e4che finden in der Pfingstwoche statt und beginnen mit dem Literaturforum am 1. Juni in Fresach. Weitere Highlights sind das Jugend- und Ethikforum am 4. Juni, das Europaforum und die Verleihung des Europ\u00e4ischen Toleranzpreises in Fresach am 5. Juni sowie das Wirtschaftsforum und der Poetry Slam am 6. Juni. Den Abschluss macht ein Toleranzfr\u00fchst\u00fcck am Samstag, den 7. Juni. Zum Thema WahnSinn gibt es auch eine Sonderausstellung im Evangelischen Museum. Die #ETG25 werden von Stadt Villach, Land K\u00e4rnten, Evangelischer Kirche, Kunstministerium und weiteren Organisationen unterst\u00fctzt.\n<\/p>\n<p><strong>Spendenkonto:<\/strong> K\u00e4rntner Sparkasse: IBAN: AT81 2070 6046 0027 0492\n<\/p>\n<p><strong>Weitere Informationen:<\/strong> Denk.Raum.Fresach, <a href=\"http:\/\/www.fresach.org\" target=\"_blank\">www.fresach.org<\/a> <\/p>\n<p><strong>Pressekontakt:<\/strong> Dr. Wilfried Seywald, E-Mail: presse@fresach.org, Tel.: 0699 1 811 4006<\/p>\n<\/article>\n","protected":false},"excerpt":{"rendered":"<p>Er\u00f6ffnung mit Cathrin Kahlweit \u2013 Europa im Umbruch \u2013 Strategien f\u00fcr die Sicherheit 18.03.2025 Klagenfurt \u2013 \u00dcber Europa und die neue Weltunordnung diskutieren anerkannte ExpertInnen aus Literatur, Wissenschaft und Wirtschaft bei den 11. Europ\u00e4ischen Toleranzgespr\u00e4chen, die heuer vom 1. bis 7. Juni in Villach und Fresach stattfinden. Aktualit\u00e4t gewinnen die Gespr\u00e4che vor allem nach dem&hellip;<\/p>\n","protected":false},"author":2,"featured_media":11031,"comment_status":"closed","ping_status":"closed","sticky":false,"template":"","format":"standard","meta":{"footnotes":""},"categories":[3],"tags":[],"class_list":["post-11032","post","type-post","status-publish","format-standard","has-post-thumbnail","hentry","category-news","category-3","description-off"],"yoast_head":"<!-- This site is optimized with the Yoast SEO plugin v26.3 - https:\/\/yoast.com\/wordpress\/plugins\/seo\/ -->\n<title>Fresach 2025 widmet sich dem Wahnsinn der neuen &quot;Weltordnung&quot; - Temmel | Seywald - Corporate Communications<\/title>\n<meta name=\"robots\" content=\"index, follow, max-snippet:-1, max-image-preview:large, max-video-preview:-1\" \/>\n<link rel=\"canonical\" href=\"https:\/\/www.tsp.at\/en\/2025\/03\/18\/fresach-2025-widmet-sich-dem-wahnsinn-der-neuen-weltordnung-3\/\" \/>\n<meta property=\"og:locale\" content=\"en_US\" \/>\n<meta property=\"og:type\" content=\"article\" \/>\n<meta property=\"og:title\" content=\"Fresach 2025 widmet sich dem Wahnsinn der neuen &quot;Weltordnung&quot; - Temmel | Seywald - Corporate Communications\" \/>\n<meta property=\"og:description\" content=\"Er\u00f6ffnung mit Cathrin Kahlweit \u2013 Europa im Umbruch \u2013 Strategien f\u00fcr die Sicherheit 18.03.2025 Klagenfurt \u2013 \u00dcber Europa und die neue Weltunordnung diskutieren anerkannte ExpertInnen aus Literatur, Wissenschaft und Wirtschaft bei den 11. Europ\u00e4ischen Toleranzgespr\u00e4chen, die heuer vom 1. bis 7. Juni in Villach und Fresach stattfinden. Aktualit\u00e4t gewinnen die Gespr\u00e4che vor allem nach dem&hellip;\" \/>\n<meta property=\"og:url\" content=\"https:\/\/www.tsp.at\/en\/2025\/03\/18\/fresach-2025-widmet-sich-dem-wahnsinn-der-neuen-weltordnung-3\/\" \/>\n<meta property=\"og:site_name\" content=\"Temmel | Seywald - Corporate Communications\" \/>\n<meta property=\"article:publisher\" content=\"https:\/\/www.facebook.com\/TemmelSeywald\" \/>\n<meta property=\"article:published_time\" content=\"2025-03-18T10:52:00+00:00\" \/>\n<meta property=\"article:modified_time\" content=\"2025-10-21T12:52:11+00:00\" \/>\n<meta property=\"og:image\" content=\"https:\/\/www.tsp.at\/wp-content\/uploads\/2025\/10\/AI2P9562-2-1024x717.jpg\" \/>\n\t<meta property=\"og:image:width\" content=\"1024\" \/>\n\t<meta property=\"og:image:height\" content=\"717\" \/>\n\t<meta property=\"og:image:type\" content=\"image\/jpeg\" \/>\n<meta name=\"author\" content=\"TSP Redaktion\" \/>\n<meta name=\"twitter:card\" content=\"summary_large_image\" \/>\n<meta name=\"twitter:label1\" content=\"Written by\" \/>\n\t<meta name=\"twitter:data1\" content=\"TSP Redaktion\" \/>\n\t<meta name=\"twitter:label2\" content=\"Est. reading time\" \/>\n\t<meta name=\"twitter:data2\" content=\"5 minutes\" \/>\n<script type=\"application\/ld+json\" class=\"yoast-schema-graph\">{\"@context\":\"https:\/\/schema.org\",\"@graph\":[{\"@type\":\"Article\",\"@id\":\"https:\/\/www.tsp.at\/en\/2025\/03\/18\/fresach-2025-widmet-sich-dem-wahnsinn-der-neuen-weltordnung-3\/#article\",\"isPartOf\":{\"@id\":\"https:\/\/www.tsp.at\/en\/2025\/03\/18\/fresach-2025-widmet-sich-dem-wahnsinn-der-neuen-weltordnung-3\/\"},\"author\":{\"name\":\"TSP Redaktion\",\"@id\":\"https:\/\/www.tsp.at\/en\/#\/schema\/person\/1ba5600c29da17b902b0925cea567f8a\"},\"headline\":\"Fresach 2025 widmet sich dem Wahnsinn der neuen &#8220;Weltordnung&#8221;\",\"datePublished\":\"2025-03-18T10:52:00+00:00\",\"dateModified\":\"2025-10-21T12:52:11+00:00\",\"mainEntityOfPage\":{\"@id\":\"https:\/\/www.tsp.at\/en\/2025\/03\/18\/fresach-2025-widmet-sich-dem-wahnsinn-der-neuen-weltordnung-3\/\"},\"wordCount\":814,\"publisher\":{\"@id\":\"https:\/\/www.tsp.at\/en\/#organization\"},\"image\":{\"@id\":\"https:\/\/www.tsp.at\/en\/2025\/03\/18\/fresach-2025-widmet-sich-dem-wahnsinn-der-neuen-weltordnung-3\/#primaryimage\"},\"thumbnailUrl\":\"https:\/\/www.tsp.at\/wp-content\/uploads\/2025\/10\/AI2P9562-2.jpg\",\"articleSection\":[\"News\"],\"inLanguage\":\"en-US\"},{\"@type\":\"WebPage\",\"@id\":\"https:\/\/www.tsp.at\/en\/2025\/03\/18\/fresach-2025-widmet-sich-dem-wahnsinn-der-neuen-weltordnung-3\/\",\"url\":\"https:\/\/www.tsp.at\/en\/2025\/03\/18\/fresach-2025-widmet-sich-dem-wahnsinn-der-neuen-weltordnung-3\/\",\"name\":\"Fresach 2025 widmet sich dem Wahnsinn der neuen \\\"Weltordnung\\\" - Temmel | Seywald - Corporate Communications\",\"isPartOf\":{\"@id\":\"https:\/\/www.tsp.at\/en\/#website\"},\"primaryImageOfPage\":{\"@id\":\"https:\/\/www.tsp.at\/en\/2025\/03\/18\/fresach-2025-widmet-sich-dem-wahnsinn-der-neuen-weltordnung-3\/#primaryimage\"},\"image\":{\"@id\":\"https:\/\/www.tsp.at\/en\/2025\/03\/18\/fresach-2025-widmet-sich-dem-wahnsinn-der-neuen-weltordnung-3\/#primaryimage\"},\"thumbnailUrl\":\"https:\/\/www.tsp.at\/wp-content\/uploads\/2025\/10\/AI2P9562-2.jpg\",\"datePublished\":\"2025-03-18T10:52:00+00:00\",\"dateModified\":\"2025-10-21T12:52:11+00:00\",\"breadcrumb\":{\"@id\":\"https:\/\/www.tsp.at\/en\/2025\/03\/18\/fresach-2025-widmet-sich-dem-wahnsinn-der-neuen-weltordnung-3\/#breadcrumb\"},\"inLanguage\":\"en-US\",\"potentialAction\":[{\"@type\":\"ReadAction\",\"target\":[\"https:\/\/www.tsp.at\/en\/2025\/03\/18\/fresach-2025-widmet-sich-dem-wahnsinn-der-neuen-weltordnung-3\/\"]}]},{\"@type\":\"ImageObject\",\"inLanguage\":\"en-US\",\"@id\":\"https:\/\/www.tsp.at\/en\/2025\/03\/18\/fresach-2025-widmet-sich-dem-wahnsinn-der-neuen-weltordnung-3\/#primaryimage\",\"url\":\"https:\/\/www.tsp.at\/wp-content\/uploads\/2025\/10\/AI2P9562-2.jpg\",\"contentUrl\":\"https:\/\/www.tsp.at\/wp-content\/uploads\/2025\/10\/AI2P9562-2.jpg\",\"width\":2387,\"height\":1671},{\"@type\":\"BreadcrumbList\",\"@id\":\"https:\/\/www.tsp.at\/en\/2025\/03\/18\/fresach-2025-widmet-sich-dem-wahnsinn-der-neuen-weltordnung-3\/#breadcrumb\",\"itemListElement\":[{\"@type\":\"ListItem\",\"position\":1,\"name\":\"Startseite\",\"item\":\"https:\/\/www.tsp.at\/en\/\"},{\"@type\":\"ListItem\",\"position\":2,\"name\":\"Fresach 2025 widmet sich dem Wahnsinn der neuen &#8222;Weltordnung&#8220;\"}]},{\"@type\":\"WebSite\",\"@id\":\"https:\/\/www.tsp.at\/en\/#website\",\"url\":\"https:\/\/www.tsp.at\/en\/\",\"name\":\"Temmel | Seywald - Corporate Communications\",\"description\":\"Kommunikation ist Beziehungsarbeit\",\"publisher\":{\"@id\":\"https:\/\/www.tsp.at\/en\/#organization\"},\"potentialAction\":[{\"@type\":\"SearchAction\",\"target\":{\"@type\":\"EntryPoint\",\"urlTemplate\":\"https:\/\/www.tsp.at\/en\/?s={search_term_string}\"},\"query-input\":{\"@type\":\"PropertyValueSpecification\",\"valueRequired\":true,\"valueName\":\"search_term_string\"}}],\"inLanguage\":\"en-US\"},{\"@type\":\"Organization\",\"@id\":\"https:\/\/www.tsp.at\/en\/#organization\",\"name\":\"Temmel, Seywald & Partner Communications GesmbH\",\"alternateName\":\"TSP\",\"url\":\"https:\/\/www.tsp.at\/en\/\",\"logo\":{\"@type\":\"ImageObject\",\"inLanguage\":\"en-US\",\"@id\":\"https:\/\/www.tsp.at\/en\/#\/schema\/logo\/image\/\",\"url\":\"https:\/\/www.tsp.at\/wp-content\/uploads\/2025\/10\/favicontsp.png\",\"contentUrl\":\"https:\/\/www.tsp.at\/wp-content\/uploads\/2025\/10\/favicontsp.png\",\"width\":125,\"height\":125,\"caption\":\"Temmel, Seywald & Partner Communications GesmbH\"},\"image\":{\"@id\":\"https:\/\/www.tsp.at\/en\/#\/schema\/logo\/image\/\"},\"sameAs\":[\"https:\/\/www.facebook.com\/TemmelSeywald\"]},{\"@type\":\"Person\",\"@id\":\"https:\/\/www.tsp.at\/en\/#\/schema\/person\/1ba5600c29da17b902b0925cea567f8a\",\"name\":\"TSP Redaktion\"}]}<\/script>\n<!-- \/ Yoast SEO plugin. -->","yoast_head_json":{"title":"Fresach 2025 widmet sich dem Wahnsinn der neuen \"Weltordnung\" - Temmel | Seywald - Corporate Communications","robots":{"index":"index","follow":"follow","max-snippet":"max-snippet:-1","max-image-preview":"max-image-preview:large","max-video-preview":"max-video-preview:-1"},"canonical":"https:\/\/www.tsp.at\/en\/2025\/03\/18\/fresach-2025-widmet-sich-dem-wahnsinn-der-neuen-weltordnung-3\/","og_locale":"en_US","og_type":"article","og_title":"Fresach 2025 widmet sich dem Wahnsinn der neuen \"Weltordnung\" - Temmel | Seywald - Corporate Communications","og_description":"Er\u00f6ffnung mit Cathrin Kahlweit \u2013 Europa im Umbruch \u2013 Strategien f\u00fcr die Sicherheit 18.03.2025 Klagenfurt \u2013 \u00dcber Europa und die neue Weltunordnung diskutieren anerkannte ExpertInnen aus Literatur, Wissenschaft und Wirtschaft bei den 11. Europ\u00e4ischen Toleranzgespr\u00e4chen, die heuer vom 1. bis 7. Juni in Villach und Fresach stattfinden. Aktualit\u00e4t gewinnen die Gespr\u00e4che vor allem nach dem&hellip;","og_url":"https:\/\/www.tsp.at\/en\/2025\/03\/18\/fresach-2025-widmet-sich-dem-wahnsinn-der-neuen-weltordnung-3\/","og_site_name":"Temmel | Seywald - Corporate Communications","article_publisher":"https:\/\/www.facebook.com\/TemmelSeywald","article_published_time":"2025-03-18T10:52:00+00:00","article_modified_time":"2025-10-21T12:52:11+00:00","og_image":[{"width":1024,"height":717,"url":"https:\/\/www.tsp.at\/wp-content\/uploads\/2025\/10\/AI2P9562-2-1024x717.jpg","type":"image\/jpeg"}],"author":"TSP Redaktion","twitter_card":"summary_large_image","twitter_misc":{"Written by":"TSP Redaktion","Est. reading time":"5 minutes"},"schema":{"@context":"https:\/\/schema.org","@graph":[{"@type":"Article","@id":"https:\/\/www.tsp.at\/en\/2025\/03\/18\/fresach-2025-widmet-sich-dem-wahnsinn-der-neuen-weltordnung-3\/#article","isPartOf":{"@id":"https:\/\/www.tsp.at\/en\/2025\/03\/18\/fresach-2025-widmet-sich-dem-wahnsinn-der-neuen-weltordnung-3\/"},"author":{"name":"TSP Redaktion","@id":"https:\/\/www.tsp.at\/en\/#\/schema\/person\/1ba5600c29da17b902b0925cea567f8a"},"headline":"Fresach 2025 widmet sich dem Wahnsinn der neuen &#8220;Weltordnung&#8221;","datePublished":"2025-03-18T10:52:00+00:00","dateModified":"2025-10-21T12:52:11+00:00","mainEntityOfPage":{"@id":"https:\/\/www.tsp.at\/en\/2025\/03\/18\/fresach-2025-widmet-sich-dem-wahnsinn-der-neuen-weltordnung-3\/"},"wordCount":814,"publisher":{"@id":"https:\/\/www.tsp.at\/en\/#organization"},"image":{"@id":"https:\/\/www.tsp.at\/en\/2025\/03\/18\/fresach-2025-widmet-sich-dem-wahnsinn-der-neuen-weltordnung-3\/#primaryimage"},"thumbnailUrl":"https:\/\/www.tsp.at\/wp-content\/uploads\/2025\/10\/AI2P9562-2.jpg","articleSection":["News"],"inLanguage":"en-US"},{"@type":"WebPage","@id":"https:\/\/www.tsp.at\/en\/2025\/03\/18\/fresach-2025-widmet-sich-dem-wahnsinn-der-neuen-weltordnung-3\/","url":"https:\/\/www.tsp.at\/en\/2025\/03\/18\/fresach-2025-widmet-sich-dem-wahnsinn-der-neuen-weltordnung-3\/","name":"Fresach 2025 widmet sich dem Wahnsinn der neuen \"Weltordnung\" - Temmel | Seywald - Corporate Communications","isPartOf":{"@id":"https:\/\/www.tsp.at\/en\/#website"},"primaryImageOfPage":{"@id":"https:\/\/www.tsp.at\/en\/2025\/03\/18\/fresach-2025-widmet-sich-dem-wahnsinn-der-neuen-weltordnung-3\/#primaryimage"},"image":{"@id":"https:\/\/www.tsp.at\/en\/2025\/03\/18\/fresach-2025-widmet-sich-dem-wahnsinn-der-neuen-weltordnung-3\/#primaryimage"},"thumbnailUrl":"https:\/\/www.tsp.at\/wp-content\/uploads\/2025\/10\/AI2P9562-2.jpg","datePublished":"2025-03-18T10:52:00+00:00","dateModified":"2025-10-21T12:52:11+00:00","breadcrumb":{"@id":"https:\/\/www.tsp.at\/en\/2025\/03\/18\/fresach-2025-widmet-sich-dem-wahnsinn-der-neuen-weltordnung-3\/#breadcrumb"},"inLanguage":"en-US","potentialAction":[{"@type":"ReadAction","target":["https:\/\/www.tsp.at\/en\/2025\/03\/18\/fresach-2025-widmet-sich-dem-wahnsinn-der-neuen-weltordnung-3\/"]}]},{"@type":"ImageObject","inLanguage":"en-US","@id":"https:\/\/www.tsp.at\/en\/2025\/03\/18\/fresach-2025-widmet-sich-dem-wahnsinn-der-neuen-weltordnung-3\/#primaryimage","url":"https:\/\/www.tsp.at\/wp-content\/uploads\/2025\/10\/AI2P9562-2.jpg","contentUrl":"https:\/\/www.tsp.at\/wp-content\/uploads\/2025\/10\/AI2P9562-2.jpg","width":2387,"height":1671},{"@type":"BreadcrumbList","@id":"https:\/\/www.tsp.at\/en\/2025\/03\/18\/fresach-2025-widmet-sich-dem-wahnsinn-der-neuen-weltordnung-3\/#breadcrumb","itemListElement":[{"@type":"ListItem","position":1,"name":"Startseite","item":"https:\/\/www.tsp.at\/en\/"},{"@type":"ListItem","position":2,"name":"Fresach 2025 widmet sich dem Wahnsinn der neuen &#8222;Weltordnung&#8220;"}]},{"@type":"WebSite","@id":"https:\/\/www.tsp.at\/en\/#website","url":"https:\/\/www.tsp.at\/en\/","name":"Temmel | Seywald - Corporate Communications","description":"Kommunikation ist Beziehungsarbeit","publisher":{"@id":"https:\/\/www.tsp.at\/en\/#organization"},"potentialAction":[{"@type":"SearchAction","target":{"@type":"EntryPoint","urlTemplate":"https:\/\/www.tsp.at\/en\/?s={search_term_string}"},"query-input":{"@type":"PropertyValueSpecification","valueRequired":true,"valueName":"search_term_string"}}],"inLanguage":"en-US"},{"@type":"Organization","@id":"https:\/\/www.tsp.at\/en\/#organization","name":"Temmel, Seywald & Partner Communications GesmbH","alternateName":"TSP","url":"https:\/\/www.tsp.at\/en\/","logo":{"@type":"ImageObject","inLanguage":"en-US","@id":"https:\/\/www.tsp.at\/en\/#\/schema\/logo\/image\/","url":"https:\/\/www.tsp.at\/wp-content\/uploads\/2025\/10\/favicontsp.png","contentUrl":"https:\/\/www.tsp.at\/wp-content\/uploads\/2025\/10\/favicontsp.png","width":125,"height":125,"caption":"Temmel, Seywald & Partner Communications GesmbH"},"image":{"@id":"https:\/\/www.tsp.at\/en\/#\/schema\/logo\/image\/"},"sameAs":["https:\/\/www.facebook.com\/TemmelSeywald"]},{"@type":"Person","@id":"https:\/\/www.tsp.at\/en\/#\/schema\/person\/1ba5600c29da17b902b0925cea567f8a","name":"TSP Redaktion"}]}},"_links":{"self":[{"href":"https:\/\/www.tsp.at\/en\/wp-json\/wp\/v2\/posts\/11032","targetHints":{"allow":["GET"]}}],"collection":[{"href":"https:\/\/www.tsp.at\/en\/wp-json\/wp\/v2\/posts"}],"about":[{"href":"https:\/\/www.tsp.at\/en\/wp-json\/wp\/v2\/types\/post"}],"author":[{"embeddable":true,"href":"https:\/\/www.tsp.at\/en\/wp-json\/wp\/v2\/users\/2"}],"replies":[{"embeddable":true,"href":"https:\/\/www.tsp.at\/en\/wp-json\/wp\/v2\/comments?post=11032"}],"version-history":[{"count":1,"href":"https:\/\/www.tsp.at\/en\/wp-json\/wp\/v2\/posts\/11032\/revisions"}],"predecessor-version":[{"id":11186,"href":"https:\/\/www.tsp.at\/en\/wp-json\/wp\/v2\/posts\/11032\/revisions\/11186"}],"wp:featuredmedia":[{"embeddable":true,"href":"https:\/\/www.tsp.at\/en\/wp-json\/wp\/v2\/media\/11031"}],"wp:attachment":[{"href":"https:\/\/www.tsp.at\/en\/wp-json\/wp\/v2\/media?parent=11032"}],"wp:term":[{"taxonomy":"category","embeddable":true,"href":"https:\/\/www.tsp.at\/en\/wp-json\/wp\/v2\/categories?post=11032"},{"taxonomy":"post_tag","embeddable":true,"href":"https:\/\/www.tsp.at\/en\/wp-json\/wp\/v2\/tags?post=11032"}],"curies":[{"name":"wp","href":"https:\/\/api.w.org\/{rel}","templated":true}]}}