{"id":11038,"date":"2024-02-22T13:17:00","date_gmt":"2024-02-22T12:17:00","guid":{"rendered":"https:\/\/staging.tsp.at\/2024\/02\/22\/toleranzgespraeche-2024-wahrheit-was-ist-wirklich-3\/"},"modified":"2025-10-21T14:52:15","modified_gmt":"2025-10-21T12:52:15","slug":"toleranzgespraeche-2024-wahrheit-was-ist-wirklich-3","status":"publish","type":"post","link":"https:\/\/www.tsp.at\/en\/2024\/02\/22\/toleranzgespraeche-2024-wahrheit-was-ist-wirklich-3\/","title":{"rendered":"Toleranzgespr\u00e4che 2024: &#8220;Wahrheit \u2013 Was ist wirklich?"},"content":{"rendered":"<article class=\"item\">\n<h2><strong>Er\u00f6ffnung mit Armin Thurnher \u2013 Europa vor der Wahl \u2013 mit KI und ChatGPT<\/strong><\/h2>\n<p>22.02.2024<\/p>\n<\/p>\n<\/p>\n<\/p>\n<\/p>\n<\/p>\n<p> \u2013 <strong>\u00dcber die &#8220;Wahrheit und was wirklich ist?&#8221; diskutieren drei Dutzend Philosophen, WissenschafterInnen, AutorInnen und \u00d6konomen bei den 10. Europ\u00e4ischen Toleranzgespr\u00e4chen, die heuer vom 15. bis 18. Mai in Villach und <span class=\"hl\">Fresach<\/span> stattfinden. Aktualit\u00e4t gewinnt das Thema vor allem angesichts der bevorstehenden Europawahl im Juni und der vielf\u00e4ltigen Versuche demokratiefeindlicher Kr\u00e4fte, diese zu beeinflussen. <\/strong><a href=\"http:\/\/www.fresach.org\" target=\"_blank\">http:\/\/www.<span class=\"hl\">fresach<\/span>.org<\/a> <\/p>\n<p>Das Programm wurde am Donnerstag in Villach vorgestellt, und es \u00fcberrascht wieder mit einigen bekannten Vortragenden und Teilnehmern. So konnte die bekannte tschechische Autorin <strong>Radka Denemarkov\u00e1<\/strong> aus Prag ebenso gewonnen werden wie der streitbare Falter-Herausgeber <strong>Armin Thurnher<\/strong> aus Wien und der vom Duttweiler-Institut zu den 100 einflussreichen Denkern z\u00e4hlende Psychologe und Risikoforscher <strong>Gerd Gigerenzer<\/strong> aus Berlin. Tickets k\u00f6nnen schon jetzt geordert werden, die Eintrittspreise bleiben unver\u00e4ndert.\n<\/p>\n<p><strong>Fortschreitende Verunsicherung <\/strong> <\/p>\n<p>&#8220;Die Wahrheit&#8221; zu thematisieren ist nicht gerade einfach, allerdings brandaktuell, sagte der Obmann des Veranstalters Denk.Raum.<span class=\"hl\">Fresach<\/span> (DRF), Superintendent <strong>Manfred Sauer<\/strong> bei der Programmvorstellung. &#8220;Im Alten Testament wurde Wahrheit mit Treue und Verl\u00e4sslichkeit gleichgesetzt&#8221;, doch genau diese Sicherheiten gehen mit der Digitalisierung der Gesellschaft, und mit Algorithmen, K\u00fcnstlicher Intelligenz und ChatGPT langsam verloren. Wir m\u00fcssen danach trachten, neue Sicherheiten zu gewinnen, indem wir hinter die Kulissen der Digitalisierungsmaschinen blicken.&#8221;\n<\/p>\n<p><strong>Falsche Freunde, gro\u00dfe Parolen<\/strong> <\/p>\n<p>Der Pr\u00e4sident des K\u00e4rntner Landtags und Verantwortliche f\u00fcr Demokratiebildung, <strong>Reinhart Rohr<\/strong>, verwies auf die Bedeutung ausgewogener und wahrheitsgem\u00e4\u00dfer Informationspolitik gerade im Vorfeld von Wahlen. Jeder einzelne B\u00fcrger sei aufgerufen, die Quellen seiner Informationsbeschaffung zu pr\u00fcfen, bevor er ein Urteil f\u00e4llt bzw. seine Stimme abgibt. &#8220;Nat\u00fcrlich spielen pers\u00f6nliche Emotionen und eigene Bed\u00fcrfnisse immer eine Rolle, man darf sich aber nicht von falschen Freunden und radikalen Parolen beziehungsweise L\u00f6sungen verf\u00fchren lassen&#8221;, erkl\u00e4rte Rohr.\n<\/p>\n<p>F\u00fcr die Stadt Villach betonte B\u00fcrgermeister <strong>G\u00fcnther Albel<\/strong>, dass es eine zentrale Aufgabe im \u00f6ffentlichen Diskurs sei, nach Wahrheit zu streben. Dass gerade die Politik manchmal den Eindruck vermittle, sich bei der Suche nach Wahrheit schwer zu tun, habe mit den vielf\u00e4ltigen Einflussnahmen von allen Seiten zu tun. Am Ende sei Wahrheit aber alternativlos, denn sie befl\u00fcgelt und befreit Menschen: &#8220;Das Verschleiern und Unterbinden von Wahrheit f\u00fchrt geradewegs in die Diktatur und Dunkelheit. Wir k\u00f6nnen das aktuell t\u00e4glich in den Nachrichten aus Russland verfolgen&#8221;, sagte Albel.\n<\/p>\n<p><strong>Wes Brot ich ess, des Lied ich sing<\/strong> <\/p>\n<p>Im t\u00e4glichen Gesch\u00e4ftsleben ist es nicht viel anders, auch da lassen sich die wahren Verh\u00e4ltnisse leicht verschleiern. Nicht nur bei den gro\u00dfen F\u00e4llen wie Panama Papers, Steueroasen, Diesel-Skandal, Wirecard, Commerzialbank oder Signa-Pleite: Wenn es um den eigenen Vorteil, das Erreichen von Gesch\u00e4ftszielen oder schlicht um die Honorierung von Leistungen geht, verzerrt sich das Bild der Wahrheit rasch. Manchmal wird etwas &#8220;vergessen&#8221; oder verschwiegen, vielleicht falsch dargestellt und gelegentlich auch ganz einfach die Unwahrheit gesagt.\n<\/p>\n<p><strong>Vom Wert der Wahrheit<\/strong> <\/p>\n<p>Umgekehrt wei\u00df jedes Kind, dass man durch das Aussprechen von (unangenehmen) Wahrheiten in Schwierigkeiten geraten kann. Da stellt sich rasch die Frage: Lohnt sich die Wahrheit \u00fcberhaupt? Und was kostet die Wahrheit? Auch dar\u00fcber werden die ExpertInnen mit den BesucherInnen bei den Toleranzgespr\u00e4chen diskutieren, die Bandbreite der m\u00f6glichen Wahrheiten ist gro\u00df, und sie wird durch die digitale Transformation, durch Algorithmen, K\u00fcnstliche Intelligenz und Datenmanipulation immer gr\u00f6\u00dfer, damit auch der m\u00f6gliche Schaden, der dadurch angerichtet wird.\n<\/p>\n<p><strong>Wahrheit als Konstrukt<\/strong> <\/p>\n<p>Wahrheit muss aber nicht zwangsl\u00e4ufig mit der Wirklichkeit \u00fcbereinstimmen, sie kann auch das Ergebnis eines Erfindens der Wirklichkeit sein. Die Organisation des Denk.Raum.<span class=\"hl\">Fresach<\/span> hat hierzu eine Reihe spannender Denker gewinnen k\u00f6nnen, f\u00fcr das <strong>Europaforum am 16. Mai<\/strong> die Autorin Julya Rabinowich, den US-Journalisten mit K\u00e4rntner Wurzeln, Matthew Karnitschnig, die Tiroler Theologin und Philosophin Claudia Paganini, den Sozialforscher G\u00fcnther Ogris und den Verleger Horst Pirker. Beim<strong> Wirtschaftsform am 17. Mai<\/strong> sprechen u.a. der Informatiker und Philosoph Peter Reichl, der Wirtschaftstreuh\u00e4nder Alfred Brogy\u00e1nyi, der Berliner Staatssekret\u00e4r Wolf Heinrich Reuter und die Politologin Kathrin Stainer-H\u00e4mmerle.\n<\/p>\n<p><strong>Aufbruch zu Pfingsten<\/strong> <\/p>\n<p>Die 10. Europ\u00e4ischen Toleranzgespr\u00e4che finden in der Pfingstwoche statt und beginnen mit dem Ethikforum in Villach (15. Mai). Weitere Highlights sind das Europaforum und die Verleihung des Europ\u00e4ischen Toleranzpreises in <span class=\"hl\">Fresach<\/span> (16. Mai) sowie das Wirtschaftsforum und der Poetry Slam (17. Mai). Den Abschluss macht ein Toleranzfr\u00fchst\u00fcck am Samstag den 18. Mai. Zum Thema WAHRHEIT gibt es auch eine Sonderausstellung im Evangelischen Museum. Die #ETG24 werden von Stadt Villach, Land K\u00e4rnten, Evangelischer Kirche, Kunstministerium und von vielen weiteren Organisationen unterst\u00fctzt. Spendenkonto: K\u00e4rntner Sparkasse: IBAN AT81 2070 6046 0027 0492.\n<\/p>\n<p>Fotos zum Pressegespr\u00e4ch stehen <a href=\"https:\/\/fotodienst.pressetext.com\/album\/3810\" target=\"_blank\">hier<\/a> als Download kostenfrei zur Verf\u00fcgung.\n<\/p>\n<p><strong>Weitere Informationen: <\/strong><br \/>Denk.Raum.<span class=\"hl\">Fresach<\/span><br \/><a href=\"http:\/\/www.fresach.org\" target=\"_blank\">http:\/\/www.<span class=\"hl\">fresach<\/span>.org<\/a><\/p>\n<\/article>\n","protected":false},"excerpt":{"rendered":"<p>Er\u00f6ffnung mit Armin Thurnher \u2013 Europa vor der Wahl \u2013 mit KI und ChatGPT 22.02.2024 \u2013 \u00dcber die &#8220;Wahrheit und was wirklich ist?&#8221; diskutieren drei Dutzend Philosophen, WissenschafterInnen, AutorInnen und \u00d6konomen bei den 10. Europ\u00e4ischen Toleranzgespr\u00e4chen, die heuer vom 15. bis 18. Mai in Villach und Fresach stattfinden. Aktualit\u00e4t gewinnt das Thema vor allem angesichts&hellip;<\/p>\n","protected":false},"author":2,"featured_media":11037,"comment_status":"closed","ping_status":"closed","sticky":false,"template":"","format":"standard","meta":{"footnotes":""},"categories":[3],"tags":[],"class_list":["post-11038","post","type-post","status-publish","format-standard","has-post-thumbnail","hentry","category-news","category-3","description-off"],"yoast_head":"<!-- This site is optimized with the Yoast SEO plugin v26.3 - https:\/\/yoast.com\/wordpress\/plugins\/seo\/ -->\n<title>Toleranzgespr\u00e4che 2024: &quot;Wahrheit \u2013 Was ist wirklich? - Temmel | Seywald - Corporate Communications<\/title>\n<meta name=\"robots\" content=\"index, follow, max-snippet:-1, max-image-preview:large, max-video-preview:-1\" \/>\n<link rel=\"canonical\" href=\"https:\/\/www.tsp.at\/en\/2024\/02\/22\/toleranzgespraeche-2024-wahrheit-was-ist-wirklich-3\/\" \/>\n<meta property=\"og:locale\" content=\"en_US\" \/>\n<meta property=\"og:type\" content=\"article\" \/>\n<meta property=\"og:title\" content=\"Toleranzgespr\u00e4che 2024: &quot;Wahrheit \u2013 Was ist wirklich? - Temmel | Seywald - Corporate Communications\" \/>\n<meta property=\"og:description\" content=\"Er\u00f6ffnung mit Armin Thurnher \u2013 Europa vor der Wahl \u2013 mit KI und ChatGPT 22.02.2024 \u2013 \u00dcber die &#8220;Wahrheit und was wirklich ist?&#8221; diskutieren drei Dutzend Philosophen, WissenschafterInnen, AutorInnen und \u00d6konomen bei den 10. Europ\u00e4ischen Toleranzgespr\u00e4chen, die heuer vom 15. bis 18. Mai in Villach und Fresach stattfinden. Aktualit\u00e4t gewinnt das Thema vor allem angesichts&hellip;\" \/>\n<meta property=\"og:url\" content=\"https:\/\/www.tsp.at\/en\/2024\/02\/22\/toleranzgespraeche-2024-wahrheit-was-ist-wirklich-3\/\" \/>\n<meta property=\"og:site_name\" content=\"Temmel | Seywald - Corporate Communications\" \/>\n<meta property=\"article:publisher\" content=\"https:\/\/www.facebook.com\/TemmelSeywald\" \/>\n<meta property=\"article:published_time\" content=\"2024-02-22T12:17:00+00:00\" \/>\n<meta property=\"article:modified_time\" content=\"2025-10-21T12:52:15+00:00\" \/>\n<meta property=\"og:image\" content=\"https:\/\/www.tsp.at\/wp-content\/uploads\/2025\/10\/001-2-scaled.jpg\" \/>\n\t<meta property=\"og:image:width\" content=\"2560\" \/>\n\t<meta property=\"og:image:height\" content=\"1731\" \/>\n\t<meta property=\"og:image:type\" content=\"image\/jpeg\" \/>\n<meta name=\"author\" content=\"TSP Redaktion\" \/>\n<meta name=\"twitter:card\" content=\"summary_large_image\" \/>\n<meta name=\"twitter:label1\" content=\"Written by\" \/>\n\t<meta name=\"twitter:data1\" content=\"TSP Redaktion\" \/>\n\t<meta name=\"twitter:label2\" content=\"Est. reading time\" \/>\n\t<meta name=\"twitter:data2\" content=\"5 minutes\" \/>\n<script type=\"application\/ld+json\" class=\"yoast-schema-graph\">{\"@context\":\"https:\/\/schema.org\",\"@graph\":[{\"@type\":\"Article\",\"@id\":\"https:\/\/www.tsp.at\/en\/2024\/02\/22\/toleranzgespraeche-2024-wahrheit-was-ist-wirklich-3\/#article\",\"isPartOf\":{\"@id\":\"https:\/\/www.tsp.at\/en\/2024\/02\/22\/toleranzgespraeche-2024-wahrheit-was-ist-wirklich-3\/\"},\"author\":{\"name\":\"TSP Redaktion\",\"@id\":\"https:\/\/www.tsp.at\/en\/#\/schema\/person\/1ba5600c29da17b902b0925cea567f8a\"},\"headline\":\"Toleranzgespr\u00e4che 2024: &#8220;Wahrheit \u2013 Was ist wirklich?\",\"datePublished\":\"2024-02-22T12:17:00+00:00\",\"dateModified\":\"2025-10-21T12:52:15+00:00\",\"mainEntityOfPage\":{\"@id\":\"https:\/\/www.tsp.at\/en\/2024\/02\/22\/toleranzgespraeche-2024-wahrheit-was-ist-wirklich-3\/\"},\"wordCount\":794,\"publisher\":{\"@id\":\"https:\/\/www.tsp.at\/en\/#organization\"},\"image\":{\"@id\":\"https:\/\/www.tsp.at\/en\/2024\/02\/22\/toleranzgespraeche-2024-wahrheit-was-ist-wirklich-3\/#primaryimage\"},\"thumbnailUrl\":\"https:\/\/www.tsp.at\/wp-content\/uploads\/2025\/10\/001-2-scaled.jpg\",\"articleSection\":[\"News\"],\"inLanguage\":\"en-US\"},{\"@type\":\"WebPage\",\"@id\":\"https:\/\/www.tsp.at\/en\/2024\/02\/22\/toleranzgespraeche-2024-wahrheit-was-ist-wirklich-3\/\",\"url\":\"https:\/\/www.tsp.at\/en\/2024\/02\/22\/toleranzgespraeche-2024-wahrheit-was-ist-wirklich-3\/\",\"name\":\"Toleranzgespr\u00e4che 2024: \\\"Wahrheit \u2013 Was ist wirklich? - Temmel | Seywald - Corporate Communications\",\"isPartOf\":{\"@id\":\"https:\/\/www.tsp.at\/en\/#website\"},\"primaryImageOfPage\":{\"@id\":\"https:\/\/www.tsp.at\/en\/2024\/02\/22\/toleranzgespraeche-2024-wahrheit-was-ist-wirklich-3\/#primaryimage\"},\"image\":{\"@id\":\"https:\/\/www.tsp.at\/en\/2024\/02\/22\/toleranzgespraeche-2024-wahrheit-was-ist-wirklich-3\/#primaryimage\"},\"thumbnailUrl\":\"https:\/\/www.tsp.at\/wp-content\/uploads\/2025\/10\/001-2-scaled.jpg\",\"datePublished\":\"2024-02-22T12:17:00+00:00\",\"dateModified\":\"2025-10-21T12:52:15+00:00\",\"breadcrumb\":{\"@id\":\"https:\/\/www.tsp.at\/en\/2024\/02\/22\/toleranzgespraeche-2024-wahrheit-was-ist-wirklich-3\/#breadcrumb\"},\"inLanguage\":\"en-US\",\"potentialAction\":[{\"@type\":\"ReadAction\",\"target\":[\"https:\/\/www.tsp.at\/en\/2024\/02\/22\/toleranzgespraeche-2024-wahrheit-was-ist-wirklich-3\/\"]}]},{\"@type\":\"ImageObject\",\"inLanguage\":\"en-US\",\"@id\":\"https:\/\/www.tsp.at\/en\/2024\/02\/22\/toleranzgespraeche-2024-wahrheit-was-ist-wirklich-3\/#primaryimage\",\"url\":\"https:\/\/www.tsp.at\/wp-content\/uploads\/2025\/10\/001-2-scaled.jpg\",\"contentUrl\":\"https:\/\/www.tsp.at\/wp-content\/uploads\/2025\/10\/001-2-scaled.jpg\",\"width\":2560,\"height\":1731},{\"@type\":\"BreadcrumbList\",\"@id\":\"https:\/\/www.tsp.at\/en\/2024\/02\/22\/toleranzgespraeche-2024-wahrheit-was-ist-wirklich-3\/#breadcrumb\",\"itemListElement\":[{\"@type\":\"ListItem\",\"position\":1,\"name\":\"Startseite\",\"item\":\"https:\/\/www.tsp.at\/en\/\"},{\"@type\":\"ListItem\",\"position\":2,\"name\":\"Toleranzgespr\u00e4che 2024: &#8222;Wahrheit \u2013 Was ist wirklich?\"}]},{\"@type\":\"WebSite\",\"@id\":\"https:\/\/www.tsp.at\/en\/#website\",\"url\":\"https:\/\/www.tsp.at\/en\/\",\"name\":\"Temmel | Seywald - Corporate Communications\",\"description\":\"Kommunikation ist Beziehungsarbeit\",\"publisher\":{\"@id\":\"https:\/\/www.tsp.at\/en\/#organization\"},\"potentialAction\":[{\"@type\":\"SearchAction\",\"target\":{\"@type\":\"EntryPoint\",\"urlTemplate\":\"https:\/\/www.tsp.at\/en\/?s={search_term_string}\"},\"query-input\":{\"@type\":\"PropertyValueSpecification\",\"valueRequired\":true,\"valueName\":\"search_term_string\"}}],\"inLanguage\":\"en-US\"},{\"@type\":\"Organization\",\"@id\":\"https:\/\/www.tsp.at\/en\/#organization\",\"name\":\"Temmel, Seywald & Partner Communications GesmbH\",\"alternateName\":\"TSP\",\"url\":\"https:\/\/www.tsp.at\/en\/\",\"logo\":{\"@type\":\"ImageObject\",\"inLanguage\":\"en-US\",\"@id\":\"https:\/\/www.tsp.at\/en\/#\/schema\/logo\/image\/\",\"url\":\"https:\/\/www.tsp.at\/wp-content\/uploads\/2025\/10\/favicontsp.png\",\"contentUrl\":\"https:\/\/www.tsp.at\/wp-content\/uploads\/2025\/10\/favicontsp.png\",\"width\":125,\"height\":125,\"caption\":\"Temmel, Seywald & Partner Communications GesmbH\"},\"image\":{\"@id\":\"https:\/\/www.tsp.at\/en\/#\/schema\/logo\/image\/\"},\"sameAs\":[\"https:\/\/www.facebook.com\/TemmelSeywald\"]},{\"@type\":\"Person\",\"@id\":\"https:\/\/www.tsp.at\/en\/#\/schema\/person\/1ba5600c29da17b902b0925cea567f8a\",\"name\":\"TSP Redaktion\"}]}<\/script>\n<!-- \/ Yoast SEO plugin. -->","yoast_head_json":{"title":"Toleranzgespr\u00e4che 2024: \"Wahrheit \u2013 Was ist wirklich? - Temmel | Seywald - Corporate Communications","robots":{"index":"index","follow":"follow","max-snippet":"max-snippet:-1","max-image-preview":"max-image-preview:large","max-video-preview":"max-video-preview:-1"},"canonical":"https:\/\/www.tsp.at\/en\/2024\/02\/22\/toleranzgespraeche-2024-wahrheit-was-ist-wirklich-3\/","og_locale":"en_US","og_type":"article","og_title":"Toleranzgespr\u00e4che 2024: \"Wahrheit \u2013 Was ist wirklich? - Temmel | Seywald - Corporate Communications","og_description":"Er\u00f6ffnung mit Armin Thurnher \u2013 Europa vor der Wahl \u2013 mit KI und ChatGPT 22.02.2024 \u2013 \u00dcber die &#8220;Wahrheit und was wirklich ist?&#8221; diskutieren drei Dutzend Philosophen, WissenschafterInnen, AutorInnen und \u00d6konomen bei den 10. Europ\u00e4ischen Toleranzgespr\u00e4chen, die heuer vom 15. bis 18. Mai in Villach und Fresach stattfinden. Aktualit\u00e4t gewinnt das Thema vor allem angesichts&hellip;","og_url":"https:\/\/www.tsp.at\/en\/2024\/02\/22\/toleranzgespraeche-2024-wahrheit-was-ist-wirklich-3\/","og_site_name":"Temmel | Seywald - Corporate Communications","article_publisher":"https:\/\/www.facebook.com\/TemmelSeywald","article_published_time":"2024-02-22T12:17:00+00:00","article_modified_time":"2025-10-21T12:52:15+00:00","og_image":[{"width":2560,"height":1731,"url":"https:\/\/www.tsp.at\/wp-content\/uploads\/2025\/10\/001-2-scaled.jpg","type":"image\/jpeg"}],"author":"TSP Redaktion","twitter_card":"summary_large_image","twitter_misc":{"Written by":"TSP Redaktion","Est. reading time":"5 minutes"},"schema":{"@context":"https:\/\/schema.org","@graph":[{"@type":"Article","@id":"https:\/\/www.tsp.at\/en\/2024\/02\/22\/toleranzgespraeche-2024-wahrheit-was-ist-wirklich-3\/#article","isPartOf":{"@id":"https:\/\/www.tsp.at\/en\/2024\/02\/22\/toleranzgespraeche-2024-wahrheit-was-ist-wirklich-3\/"},"author":{"name":"TSP Redaktion","@id":"https:\/\/www.tsp.at\/en\/#\/schema\/person\/1ba5600c29da17b902b0925cea567f8a"},"headline":"Toleranzgespr\u00e4che 2024: &#8220;Wahrheit \u2013 Was ist wirklich?","datePublished":"2024-02-22T12:17:00+00:00","dateModified":"2025-10-21T12:52:15+00:00","mainEntityOfPage":{"@id":"https:\/\/www.tsp.at\/en\/2024\/02\/22\/toleranzgespraeche-2024-wahrheit-was-ist-wirklich-3\/"},"wordCount":794,"publisher":{"@id":"https:\/\/www.tsp.at\/en\/#organization"},"image":{"@id":"https:\/\/www.tsp.at\/en\/2024\/02\/22\/toleranzgespraeche-2024-wahrheit-was-ist-wirklich-3\/#primaryimage"},"thumbnailUrl":"https:\/\/www.tsp.at\/wp-content\/uploads\/2025\/10\/001-2-scaled.jpg","articleSection":["News"],"inLanguage":"en-US"},{"@type":"WebPage","@id":"https:\/\/www.tsp.at\/en\/2024\/02\/22\/toleranzgespraeche-2024-wahrheit-was-ist-wirklich-3\/","url":"https:\/\/www.tsp.at\/en\/2024\/02\/22\/toleranzgespraeche-2024-wahrheit-was-ist-wirklich-3\/","name":"Toleranzgespr\u00e4che 2024: \"Wahrheit \u2013 Was ist wirklich? - Temmel | Seywald - Corporate Communications","isPartOf":{"@id":"https:\/\/www.tsp.at\/en\/#website"},"primaryImageOfPage":{"@id":"https:\/\/www.tsp.at\/en\/2024\/02\/22\/toleranzgespraeche-2024-wahrheit-was-ist-wirklich-3\/#primaryimage"},"image":{"@id":"https:\/\/www.tsp.at\/en\/2024\/02\/22\/toleranzgespraeche-2024-wahrheit-was-ist-wirklich-3\/#primaryimage"},"thumbnailUrl":"https:\/\/www.tsp.at\/wp-content\/uploads\/2025\/10\/001-2-scaled.jpg","datePublished":"2024-02-22T12:17:00+00:00","dateModified":"2025-10-21T12:52:15+00:00","breadcrumb":{"@id":"https:\/\/www.tsp.at\/en\/2024\/02\/22\/toleranzgespraeche-2024-wahrheit-was-ist-wirklich-3\/#breadcrumb"},"inLanguage":"en-US","potentialAction":[{"@type":"ReadAction","target":["https:\/\/www.tsp.at\/en\/2024\/02\/22\/toleranzgespraeche-2024-wahrheit-was-ist-wirklich-3\/"]}]},{"@type":"ImageObject","inLanguage":"en-US","@id":"https:\/\/www.tsp.at\/en\/2024\/02\/22\/toleranzgespraeche-2024-wahrheit-was-ist-wirklich-3\/#primaryimage","url":"https:\/\/www.tsp.at\/wp-content\/uploads\/2025\/10\/001-2-scaled.jpg","contentUrl":"https:\/\/www.tsp.at\/wp-content\/uploads\/2025\/10\/001-2-scaled.jpg","width":2560,"height":1731},{"@type":"BreadcrumbList","@id":"https:\/\/www.tsp.at\/en\/2024\/02\/22\/toleranzgespraeche-2024-wahrheit-was-ist-wirklich-3\/#breadcrumb","itemListElement":[{"@type":"ListItem","position":1,"name":"Startseite","item":"https:\/\/www.tsp.at\/en\/"},{"@type":"ListItem","position":2,"name":"Toleranzgespr\u00e4che 2024: &#8222;Wahrheit \u2013 Was ist wirklich?"}]},{"@type":"WebSite","@id":"https:\/\/www.tsp.at\/en\/#website","url":"https:\/\/www.tsp.at\/en\/","name":"Temmel | Seywald - Corporate Communications","description":"Kommunikation ist Beziehungsarbeit","publisher":{"@id":"https:\/\/www.tsp.at\/en\/#organization"},"potentialAction":[{"@type":"SearchAction","target":{"@type":"EntryPoint","urlTemplate":"https:\/\/www.tsp.at\/en\/?s={search_term_string}"},"query-input":{"@type":"PropertyValueSpecification","valueRequired":true,"valueName":"search_term_string"}}],"inLanguage":"en-US"},{"@type":"Organization","@id":"https:\/\/www.tsp.at\/en\/#organization","name":"Temmel, Seywald & Partner Communications GesmbH","alternateName":"TSP","url":"https:\/\/www.tsp.at\/en\/","logo":{"@type":"ImageObject","inLanguage":"en-US","@id":"https:\/\/www.tsp.at\/en\/#\/schema\/logo\/image\/","url":"https:\/\/www.tsp.at\/wp-content\/uploads\/2025\/10\/favicontsp.png","contentUrl":"https:\/\/www.tsp.at\/wp-content\/uploads\/2025\/10\/favicontsp.png","width":125,"height":125,"caption":"Temmel, Seywald & Partner Communications GesmbH"},"image":{"@id":"https:\/\/www.tsp.at\/en\/#\/schema\/logo\/image\/"},"sameAs":["https:\/\/www.facebook.com\/TemmelSeywald"]},{"@type":"Person","@id":"https:\/\/www.tsp.at\/en\/#\/schema\/person\/1ba5600c29da17b902b0925cea567f8a","name":"TSP Redaktion"}]}},"_links":{"self":[{"href":"https:\/\/www.tsp.at\/en\/wp-json\/wp\/v2\/posts\/11038","targetHints":{"allow":["GET"]}}],"collection":[{"href":"https:\/\/www.tsp.at\/en\/wp-json\/wp\/v2\/posts"}],"about":[{"href":"https:\/\/www.tsp.at\/en\/wp-json\/wp\/v2\/types\/post"}],"author":[{"embeddable":true,"href":"https:\/\/www.tsp.at\/en\/wp-json\/wp\/v2\/users\/2"}],"replies":[{"embeddable":true,"href":"https:\/\/www.tsp.at\/en\/wp-json\/wp\/v2\/comments?post=11038"}],"version-history":[{"count":1,"href":"https:\/\/www.tsp.at\/en\/wp-json\/wp\/v2\/posts\/11038\/revisions"}],"predecessor-version":[{"id":11233,"href":"https:\/\/www.tsp.at\/en\/wp-json\/wp\/v2\/posts\/11038\/revisions\/11233"}],"wp:featuredmedia":[{"embeddable":true,"href":"https:\/\/www.tsp.at\/en\/wp-json\/wp\/v2\/media\/11037"}],"wp:attachment":[{"href":"https:\/\/www.tsp.at\/en\/wp-json\/wp\/v2\/media?parent=11038"}],"wp:term":[{"taxonomy":"category","embeddable":true,"href":"https:\/\/www.tsp.at\/en\/wp-json\/wp\/v2\/categories?post=11038"},{"taxonomy":"post_tag","embeddable":true,"href":"https:\/\/www.tsp.at\/en\/wp-json\/wp\/v2\/tags?post=11038"}],"curies":[{"name":"wp","href":"https:\/\/api.w.org\/{rel}","templated":true}]}}