{"id":11042,"date":"2022-05-03T13:16:00","date_gmt":"2022-05-03T11:16:00","guid":{"rendered":"https:\/\/staging.tsp.at\/2022\/05\/03\/toleranzgespraeche-zeitenwende-fuer-europa-3\/"},"modified":"2025-10-21T14:52:21","modified_gmt":"2025-10-21T12:52:21","slug":"toleranzgespraeche-zeitenwende-fuer-europa-3","status":"publish","type":"post","link":"https:\/\/www.tsp.at\/en\/2022\/05\/03\/toleranzgespraeche-zeitenwende-fuer-europa-3\/","title":{"rendered":"Toleranzgespr\u00e4che &#8211; Zeitenwende f\u00fcr Europa"},"content":{"rendered":"<article class=\"item\">\n<h2><strong>30 Expert\/innen vom 1. bis 4. Juni 2022 in Villach und Fresach<\/strong><\/h2>\n<p>03.05.2022<\/p>\n<\/p>\n<\/p>\n<\/p>\n<\/p>\n<\/p>\n<p>Wien\/Fresach \u2013 <strong>Die Neuordnung Europas, der Umgang mit Russland und die Herausforderungen der Zeitenwende f\u00fcr toleranz- und friedensbewegte Menschen stehen im Mittelpunkt der 8. Europ\u00e4ischen Toleranzgespr\u00e4che, die vom 1. bis 4. Juni in K\u00e4rnten stattfinden. \u00dcber 30 Expert\/innen aus Philosophie und Religion, Wissenschaft und Wirtschaft stellen sich den Live-Debatten in der Fachhochschule Villach und im Toleranzzentrum <span class=\"hl\">Fresach<\/span>. Das Programm ist auf der Webseite <a href=\"http:\/\/www.fresach.org\/tagesprogramm\" rel=\"nofollow\" target=\"_blank\">http:\/\/www.<span class=\"hl\">fresach<\/span>.org\/tagesprogramm<\/a> abrufbar.<\/strong> <\/p>\n<p>Der russische Angriffskrieg in der Ukraine hat zu einem radikalen Wandel vieler als sakrosankt geltender Normen und Regeln gef\u00fchrt. Sind Waffenlieferungen gerechtfertigt, wie weit darf das Selbstverteidigungsrecht gehen und wie muss man einem Agressor begegnen, der \u00fcber Nuklearwaffen verf\u00fcgt? Wie weit kann Toleranz gehen, wenn gro\u00dfe St\u00e4dte und ganze Landstriche r\u00fccksichtslos zerst\u00f6rt werden? Das heurige Thema &#8220;WANDEL &#8211; Wie kommt das Neue ins System?&#8221; soll Antworten geben, sagt Veranstalter Superintendent Manfred Sauer vom Denk.Raum.<span class=\"hl\">Fresach<\/span>.\n<\/p>\n<p><strong>1. Juni: Er\u00f6ffnung mit Tourismusforum Villach<\/strong> <\/p>\n<p>Die Er\u00f6ffnung am 1. Juni findet erstmals in der Fachhochschule Villach statt &#8211; mit einem Tourismusforum, das sich den vielen Facetten des globalen Wandels widmet. So wird der Innsbrucker Gletscherforscher Georg Kaser zum Klimawandel referieren, die Evolutionsbiologin Elisabeth Oberzaucher \u00fcber den Generationenwandel im Tourismus. Der Philosoph Peter Vollbrecht spricht \u00fcber den Sinneswandel zu neuen Spielregeln f\u00fcr globales Reisen, die Berliner Tourismusethikerin Claudia Br\u00f6zel \u00fcber den un\u00fcbersehbaren Systemwandel hin zur Nachhaltigkeit.\n<\/p>\n<p><strong>2. Juni: Europaforum mit Robert Menasse<\/strong> <\/p>\n<p>F\u00fcr die Er\u00f6ffnung des Europaforums in <span class=\"hl\">Fresach<\/span> am 2. Juni konnte der bekannte Romancier, Essayist und &#8220;Hauptstadt-Kenner&#8221; Robert Menasse gewonnen werden. Im Anschluss stehen hochattraktive Panels zur Verfasstheit der europ\u00e4ischen Demokratien (Gelobtes Land | Geschlossene Gesellschaft?), zum Umgang mit Russland, Nah- und Fernost (Fremde Nachbarn | Wahre Freunde?) und zur theologischen Ann\u00e4herung der gro\u00dfen monotheistischen Religionen (House of One | Ein Gott f\u00fcr alle?), auf dem Programm.\n<\/p>\n<p>Unter den G\u00e4sten sind so bekannte Denker und Politikkenner wie der ukrainische Autor Juri Andruchowytsch, der Kulturwissenschafter Wolfgang M\u00fcller-Funk, die Demokratieforscherin Sieglinde Rosenberger, die Sinologin Susanne Weigelin-Schwiedrzik, die Moskau-Korrespondentin Carola Schneider, der Nahost- und Abr\u00fcstungsexperte Heinz G\u00e4rtner, der bekannte Islamforscher Ahmad Milad Karimi und die Religionswissenschafterin Ulrike E. Auga. Donnerstag abend wird in <span class=\"hl\">Fresach<\/span> der Toleranzpreis 2022 f\u00fcr Demokratie und Menschenrechte vergeben.\n<\/p>\n<p><strong>3. Juni: Wirtschaftsforum inspiriert durch Hirnforscher<\/strong> <\/p>\n<p>Auch das Wirtschaftsforum in <span class=\"hl\">Fresach<\/span> am 3. Juni befasst sich mit dem Thema WANDEL und wie er entsteht. Wie kommt das Neue in die Welt? fragt sich so etwa der \u00fcber die Grenzen Deutschlands hinaus bekannte Neuropsychologe und Hirnforscher Hans-Georg H\u00e4usel. Die Kulturwissenschafterin Ina Schmidt zeigt auf, wie Ordnung ins Chaos kommt und\/oder wie wir in der gro\u00dfen Auswahl der M\u00f6glichkeiten den richtigen Weg finden.\n<\/p>\n<p>Am Nachmittag steht der &#8220;WALD als heilendes System&#8221; auf dem Pr\u00fcfstand. Der Forstwissenschafter und ehemalige Rektor der BOKU Wien, Hubert Hasenauer, zeigt intelligente Wege aus der fossilen Wegwerfgesellschaft, der Business-Ethiker Dietmar Brosel von der Fachhochschule K\u00e4rnten Wege vom Denken zum Handeln: Der Systemwandel sei ohne Alternativen. Die Kraft gemeinsamen Denkens &#8211; Wie wir mit Co-Creation neue Potenziale freisetzen -erl\u00e4utert der Organisationsentwickler Georg Michalik.\n<\/p>\n<p><strong>Die Geburt der Poesie<\/strong> <\/p>\n<p>Den Abschluss der Toleranzgespr\u00e4che bestreiten junge Poetry Slammer Freitag abend ab 18.30 Uhr. Die Geburt der Poesie &#8211; Oder: Wie kommt das Neue in die Welt ist eine universelle Frage, die sich Kreative t\u00e4glich stellen. Zum traditionellen Toleranzfr\u00fchst\u00fcck am Samstag 4. Juni sind alle Vortragenden und alle Teilnehmer\/innen und Besucher\/innen eingeladen, die sich Tickets gekauft haben. Tagestickets sind ab 60 Euro zu haben, Erm\u00e4\u00dfigungen gibt es f\u00fcr Studierende und Lehrende der K\u00e4rntner Schulen und Universit\u00e4ten.\n<\/p>\n<p><strong>\u00dcber die Europ\u00e4ischen Toleranzgespr\u00e4che <\/strong><br \/>Die Europ\u00e4ischen Toleranzgespr\u00e4che finden seit 2015 allj\u00e4hrlich zu Pfingsten statt und behandeln gesellschaftliche Entwicklungen und politische Bildung rund um Fragen der sozialen Integration, Demokratie und Menschenrechte sowie Zivilgesellschaft und Religion. Die Gespr\u00e4che haben ihren Ursprung in den <span class=\"hl\">Fresach<\/span>er Schriftstellertagungen, die in den 1970er und 1980er Jahren &#8211; bis zur Wende in Osteuropa &#8211; stattfanden. <a href=\"http:\/\/www.fresach.org\" rel=\"nofollow\" target=\"_blank\">http:\/\/www.<span class=\"hl\">fresach<\/span>.org<\/a><\/p>\n<\/article>\n","protected":false},"excerpt":{"rendered":"<p>30 Expert\/innen vom 1. bis 4. Juni 2022 in Villach und Fresach 03.05.2022 Wien\/Fresach \u2013 Die Neuordnung Europas, der Umgang mit Russland und die Herausforderungen der Zeitenwende f\u00fcr toleranz- und friedensbewegte Menschen stehen im Mittelpunkt der 8. Europ\u00e4ischen Toleranzgespr\u00e4che, die vom 1. bis 4. Juni in K\u00e4rnten stattfinden. \u00dcber 30 Expert\/innen aus Philosophie und Religion,&hellip;<\/p>\n","protected":false},"author":2,"featured_media":11041,"comment_status":"closed","ping_status":"closed","sticky":false,"template":"","format":"standard","meta":{"footnotes":""},"categories":[3],"tags":[],"class_list":["post-11042","post","type-post","status-publish","format-standard","has-post-thumbnail","hentry","category-news","category-3","description-off"],"yoast_head":"<!-- This site is optimized with the Yoast SEO plugin v26.3 - https:\/\/yoast.com\/wordpress\/plugins\/seo\/ -->\n<title>Toleranzgespr\u00e4che - Zeitenwende f\u00fcr Europa - Temmel | Seywald - Corporate Communications<\/title>\n<meta name=\"robots\" content=\"index, follow, max-snippet:-1, max-image-preview:large, max-video-preview:-1\" \/>\n<link rel=\"canonical\" href=\"https:\/\/www.tsp.at\/en\/2022\/05\/03\/toleranzgespraeche-zeitenwende-fuer-europa-3\/\" \/>\n<meta property=\"og:locale\" content=\"en_US\" \/>\n<meta property=\"og:type\" content=\"article\" \/>\n<meta property=\"og:title\" content=\"Toleranzgespr\u00e4che - Zeitenwende f\u00fcr Europa - Temmel | Seywald - Corporate Communications\" \/>\n<meta property=\"og:description\" content=\"30 Expert\/innen vom 1. bis 4. Juni 2022 in Villach und Fresach 03.05.2022 Wien\/Fresach \u2013 Die Neuordnung Europas, der Umgang mit Russland und die Herausforderungen der Zeitenwende f\u00fcr toleranz- und friedensbewegte Menschen stehen im Mittelpunkt der 8. Europ\u00e4ischen Toleranzgespr\u00e4che, die vom 1. bis 4. Juni in K\u00e4rnten stattfinden. \u00dcber 30 Expert\/innen aus Philosophie und Religion,&hellip;\" \/>\n<meta property=\"og:url\" content=\"https:\/\/www.tsp.at\/en\/2022\/05\/03\/toleranzgespraeche-zeitenwende-fuer-europa-3\/\" \/>\n<meta property=\"og:site_name\" content=\"Temmel | Seywald - Corporate Communications\" \/>\n<meta property=\"article:publisher\" content=\"https:\/\/www.facebook.com\/TemmelSeywald\" \/>\n<meta property=\"article:published_time\" content=\"2022-05-03T11:16:00+00:00\" \/>\n<meta property=\"article:modified_time\" content=\"2025-10-21T12:52:21+00:00\" \/>\n<meta property=\"og:image\" content=\"https:\/\/www.tsp.at\/wp-content\/uploads\/2025\/10\/ETG_2022_logo-2.jpg\" \/>\n\t<meta property=\"og:image:width\" content=\"1276\" \/>\n\t<meta property=\"og:image:height\" content=\"758\" \/>\n\t<meta property=\"og:image:type\" content=\"image\/jpeg\" \/>\n<meta name=\"author\" content=\"TSP Redaktion\" \/>\n<meta name=\"twitter:card\" content=\"summary_large_image\" \/>\n<meta name=\"twitter:label1\" content=\"Written by\" \/>\n\t<meta name=\"twitter:data1\" content=\"TSP Redaktion\" \/>\n\t<meta name=\"twitter:label2\" content=\"Est. reading time\" \/>\n\t<meta name=\"twitter:data2\" content=\"4 minutes\" \/>\n<script type=\"application\/ld+json\" class=\"yoast-schema-graph\">{\"@context\":\"https:\/\/schema.org\",\"@graph\":[{\"@type\":\"Article\",\"@id\":\"https:\/\/www.tsp.at\/en\/2022\/05\/03\/toleranzgespraeche-zeitenwende-fuer-europa-3\/#article\",\"isPartOf\":{\"@id\":\"https:\/\/www.tsp.at\/en\/2022\/05\/03\/toleranzgespraeche-zeitenwende-fuer-europa-3\/\"},\"author\":{\"name\":\"TSP Redaktion\",\"@id\":\"https:\/\/www.tsp.at\/en\/#\/schema\/person\/1ba5600c29da17b902b0925cea567f8a\"},\"headline\":\"Toleranzgespr\u00e4che &#8211; Zeitenwende f\u00fcr Europa\",\"datePublished\":\"2022-05-03T11:16:00+00:00\",\"dateModified\":\"2025-10-21T12:52:21+00:00\",\"mainEntityOfPage\":{\"@id\":\"https:\/\/www.tsp.at\/en\/2022\/05\/03\/toleranzgespraeche-zeitenwende-fuer-europa-3\/\"},\"wordCount\":679,\"publisher\":{\"@id\":\"https:\/\/www.tsp.at\/en\/#organization\"},\"image\":{\"@id\":\"https:\/\/www.tsp.at\/en\/2022\/05\/03\/toleranzgespraeche-zeitenwende-fuer-europa-3\/#primaryimage\"},\"thumbnailUrl\":\"https:\/\/www.tsp.at\/wp-content\/uploads\/2025\/10\/ETG_2022_logo-2.jpg\",\"articleSection\":[\"News\"],\"inLanguage\":\"en-US\"},{\"@type\":\"WebPage\",\"@id\":\"https:\/\/www.tsp.at\/en\/2022\/05\/03\/toleranzgespraeche-zeitenwende-fuer-europa-3\/\",\"url\":\"https:\/\/www.tsp.at\/en\/2022\/05\/03\/toleranzgespraeche-zeitenwende-fuer-europa-3\/\",\"name\":\"Toleranzgespr\u00e4che - Zeitenwende f\u00fcr Europa - Temmel | Seywald - Corporate Communications\",\"isPartOf\":{\"@id\":\"https:\/\/www.tsp.at\/en\/#website\"},\"primaryImageOfPage\":{\"@id\":\"https:\/\/www.tsp.at\/en\/2022\/05\/03\/toleranzgespraeche-zeitenwende-fuer-europa-3\/#primaryimage\"},\"image\":{\"@id\":\"https:\/\/www.tsp.at\/en\/2022\/05\/03\/toleranzgespraeche-zeitenwende-fuer-europa-3\/#primaryimage\"},\"thumbnailUrl\":\"https:\/\/www.tsp.at\/wp-content\/uploads\/2025\/10\/ETG_2022_logo-2.jpg\",\"datePublished\":\"2022-05-03T11:16:00+00:00\",\"dateModified\":\"2025-10-21T12:52:21+00:00\",\"breadcrumb\":{\"@id\":\"https:\/\/www.tsp.at\/en\/2022\/05\/03\/toleranzgespraeche-zeitenwende-fuer-europa-3\/#breadcrumb\"},\"inLanguage\":\"en-US\",\"potentialAction\":[{\"@type\":\"ReadAction\",\"target\":[\"https:\/\/www.tsp.at\/en\/2022\/05\/03\/toleranzgespraeche-zeitenwende-fuer-europa-3\/\"]}]},{\"@type\":\"ImageObject\",\"inLanguage\":\"en-US\",\"@id\":\"https:\/\/www.tsp.at\/en\/2022\/05\/03\/toleranzgespraeche-zeitenwende-fuer-europa-3\/#primaryimage\",\"url\":\"https:\/\/www.tsp.at\/wp-content\/uploads\/2025\/10\/ETG_2022_logo-2.jpg\",\"contentUrl\":\"https:\/\/www.tsp.at\/wp-content\/uploads\/2025\/10\/ETG_2022_logo-2.jpg\",\"width\":1276,\"height\":758,\"caption\":\"Screenshot\"},{\"@type\":\"BreadcrumbList\",\"@id\":\"https:\/\/www.tsp.at\/en\/2022\/05\/03\/toleranzgespraeche-zeitenwende-fuer-europa-3\/#breadcrumb\",\"itemListElement\":[{\"@type\":\"ListItem\",\"position\":1,\"name\":\"Startseite\",\"item\":\"https:\/\/www.tsp.at\/en\/\"},{\"@type\":\"ListItem\",\"position\":2,\"name\":\"Toleranzgespr\u00e4che &#8211; Zeitenwende f\u00fcr Europa\"}]},{\"@type\":\"WebSite\",\"@id\":\"https:\/\/www.tsp.at\/en\/#website\",\"url\":\"https:\/\/www.tsp.at\/en\/\",\"name\":\"Temmel | Seywald - Corporate Communications\",\"description\":\"Kommunikation ist Beziehungsarbeit\",\"publisher\":{\"@id\":\"https:\/\/www.tsp.at\/en\/#organization\"},\"potentialAction\":[{\"@type\":\"SearchAction\",\"target\":{\"@type\":\"EntryPoint\",\"urlTemplate\":\"https:\/\/www.tsp.at\/en\/?s={search_term_string}\"},\"query-input\":{\"@type\":\"PropertyValueSpecification\",\"valueRequired\":true,\"valueName\":\"search_term_string\"}}],\"inLanguage\":\"en-US\"},{\"@type\":\"Organization\",\"@id\":\"https:\/\/www.tsp.at\/en\/#organization\",\"name\":\"Temmel, Seywald & Partner Communications GesmbH\",\"alternateName\":\"TSP\",\"url\":\"https:\/\/www.tsp.at\/en\/\",\"logo\":{\"@type\":\"ImageObject\",\"inLanguage\":\"en-US\",\"@id\":\"https:\/\/www.tsp.at\/en\/#\/schema\/logo\/image\/\",\"url\":\"https:\/\/www.tsp.at\/wp-content\/uploads\/2025\/10\/favicontsp.png\",\"contentUrl\":\"https:\/\/www.tsp.at\/wp-content\/uploads\/2025\/10\/favicontsp.png\",\"width\":125,\"height\":125,\"caption\":\"Temmel, Seywald & Partner Communications GesmbH\"},\"image\":{\"@id\":\"https:\/\/www.tsp.at\/en\/#\/schema\/logo\/image\/\"},\"sameAs\":[\"https:\/\/www.facebook.com\/TemmelSeywald\"]},{\"@type\":\"Person\",\"@id\":\"https:\/\/www.tsp.at\/en\/#\/schema\/person\/1ba5600c29da17b902b0925cea567f8a\",\"name\":\"TSP Redaktion\"}]}<\/script>\n<!-- \/ Yoast SEO plugin. -->","yoast_head_json":{"title":"Toleranzgespr\u00e4che - Zeitenwende f\u00fcr Europa - Temmel | Seywald - Corporate Communications","robots":{"index":"index","follow":"follow","max-snippet":"max-snippet:-1","max-image-preview":"max-image-preview:large","max-video-preview":"max-video-preview:-1"},"canonical":"https:\/\/www.tsp.at\/en\/2022\/05\/03\/toleranzgespraeche-zeitenwende-fuer-europa-3\/","og_locale":"en_US","og_type":"article","og_title":"Toleranzgespr\u00e4che - Zeitenwende f\u00fcr Europa - Temmel | Seywald - Corporate Communications","og_description":"30 Expert\/innen vom 1. bis 4. Juni 2022 in Villach und Fresach 03.05.2022 Wien\/Fresach \u2013 Die Neuordnung Europas, der Umgang mit Russland und die Herausforderungen der Zeitenwende f\u00fcr toleranz- und friedensbewegte Menschen stehen im Mittelpunkt der 8. Europ\u00e4ischen Toleranzgespr\u00e4che, die vom 1. bis 4. Juni in K\u00e4rnten stattfinden. \u00dcber 30 Expert\/innen aus Philosophie und Religion,&hellip;","og_url":"https:\/\/www.tsp.at\/en\/2022\/05\/03\/toleranzgespraeche-zeitenwende-fuer-europa-3\/","og_site_name":"Temmel | Seywald - Corporate Communications","article_publisher":"https:\/\/www.facebook.com\/TemmelSeywald","article_published_time":"2022-05-03T11:16:00+00:00","article_modified_time":"2025-10-21T12:52:21+00:00","og_image":[{"width":1276,"height":758,"url":"https:\/\/www.tsp.at\/wp-content\/uploads\/2025\/10\/ETG_2022_logo-2.jpg","type":"image\/jpeg"}],"author":"TSP Redaktion","twitter_card":"summary_large_image","twitter_misc":{"Written by":"TSP Redaktion","Est. reading time":"4 minutes"},"schema":{"@context":"https:\/\/schema.org","@graph":[{"@type":"Article","@id":"https:\/\/www.tsp.at\/en\/2022\/05\/03\/toleranzgespraeche-zeitenwende-fuer-europa-3\/#article","isPartOf":{"@id":"https:\/\/www.tsp.at\/en\/2022\/05\/03\/toleranzgespraeche-zeitenwende-fuer-europa-3\/"},"author":{"name":"TSP Redaktion","@id":"https:\/\/www.tsp.at\/en\/#\/schema\/person\/1ba5600c29da17b902b0925cea567f8a"},"headline":"Toleranzgespr\u00e4che &#8211; Zeitenwende f\u00fcr Europa","datePublished":"2022-05-03T11:16:00+00:00","dateModified":"2025-10-21T12:52:21+00:00","mainEntityOfPage":{"@id":"https:\/\/www.tsp.at\/en\/2022\/05\/03\/toleranzgespraeche-zeitenwende-fuer-europa-3\/"},"wordCount":679,"publisher":{"@id":"https:\/\/www.tsp.at\/en\/#organization"},"image":{"@id":"https:\/\/www.tsp.at\/en\/2022\/05\/03\/toleranzgespraeche-zeitenwende-fuer-europa-3\/#primaryimage"},"thumbnailUrl":"https:\/\/www.tsp.at\/wp-content\/uploads\/2025\/10\/ETG_2022_logo-2.jpg","articleSection":["News"],"inLanguage":"en-US"},{"@type":"WebPage","@id":"https:\/\/www.tsp.at\/en\/2022\/05\/03\/toleranzgespraeche-zeitenwende-fuer-europa-3\/","url":"https:\/\/www.tsp.at\/en\/2022\/05\/03\/toleranzgespraeche-zeitenwende-fuer-europa-3\/","name":"Toleranzgespr\u00e4che - Zeitenwende f\u00fcr Europa - Temmel | Seywald - Corporate Communications","isPartOf":{"@id":"https:\/\/www.tsp.at\/en\/#website"},"primaryImageOfPage":{"@id":"https:\/\/www.tsp.at\/en\/2022\/05\/03\/toleranzgespraeche-zeitenwende-fuer-europa-3\/#primaryimage"},"image":{"@id":"https:\/\/www.tsp.at\/en\/2022\/05\/03\/toleranzgespraeche-zeitenwende-fuer-europa-3\/#primaryimage"},"thumbnailUrl":"https:\/\/www.tsp.at\/wp-content\/uploads\/2025\/10\/ETG_2022_logo-2.jpg","datePublished":"2022-05-03T11:16:00+00:00","dateModified":"2025-10-21T12:52:21+00:00","breadcrumb":{"@id":"https:\/\/www.tsp.at\/en\/2022\/05\/03\/toleranzgespraeche-zeitenwende-fuer-europa-3\/#breadcrumb"},"inLanguage":"en-US","potentialAction":[{"@type":"ReadAction","target":["https:\/\/www.tsp.at\/en\/2022\/05\/03\/toleranzgespraeche-zeitenwende-fuer-europa-3\/"]}]},{"@type":"ImageObject","inLanguage":"en-US","@id":"https:\/\/www.tsp.at\/en\/2022\/05\/03\/toleranzgespraeche-zeitenwende-fuer-europa-3\/#primaryimage","url":"https:\/\/www.tsp.at\/wp-content\/uploads\/2025\/10\/ETG_2022_logo-2.jpg","contentUrl":"https:\/\/www.tsp.at\/wp-content\/uploads\/2025\/10\/ETG_2022_logo-2.jpg","width":1276,"height":758,"caption":"Screenshot"},{"@type":"BreadcrumbList","@id":"https:\/\/www.tsp.at\/en\/2022\/05\/03\/toleranzgespraeche-zeitenwende-fuer-europa-3\/#breadcrumb","itemListElement":[{"@type":"ListItem","position":1,"name":"Startseite","item":"https:\/\/www.tsp.at\/en\/"},{"@type":"ListItem","position":2,"name":"Toleranzgespr\u00e4che &#8211; Zeitenwende f\u00fcr Europa"}]},{"@type":"WebSite","@id":"https:\/\/www.tsp.at\/en\/#website","url":"https:\/\/www.tsp.at\/en\/","name":"Temmel | Seywald - Corporate Communications","description":"Kommunikation ist Beziehungsarbeit","publisher":{"@id":"https:\/\/www.tsp.at\/en\/#organization"},"potentialAction":[{"@type":"SearchAction","target":{"@type":"EntryPoint","urlTemplate":"https:\/\/www.tsp.at\/en\/?s={search_term_string}"},"query-input":{"@type":"PropertyValueSpecification","valueRequired":true,"valueName":"search_term_string"}}],"inLanguage":"en-US"},{"@type":"Organization","@id":"https:\/\/www.tsp.at\/en\/#organization","name":"Temmel, Seywald & Partner Communications GesmbH","alternateName":"TSP","url":"https:\/\/www.tsp.at\/en\/","logo":{"@type":"ImageObject","inLanguage":"en-US","@id":"https:\/\/www.tsp.at\/en\/#\/schema\/logo\/image\/","url":"https:\/\/www.tsp.at\/wp-content\/uploads\/2025\/10\/favicontsp.png","contentUrl":"https:\/\/www.tsp.at\/wp-content\/uploads\/2025\/10\/favicontsp.png","width":125,"height":125,"caption":"Temmel, Seywald & Partner Communications GesmbH"},"image":{"@id":"https:\/\/www.tsp.at\/en\/#\/schema\/logo\/image\/"},"sameAs":["https:\/\/www.facebook.com\/TemmelSeywald"]},{"@type":"Person","@id":"https:\/\/www.tsp.at\/en\/#\/schema\/person\/1ba5600c29da17b902b0925cea567f8a","name":"TSP Redaktion"}]}},"_links":{"self":[{"href":"https:\/\/www.tsp.at\/en\/wp-json\/wp\/v2\/posts\/11042","targetHints":{"allow":["GET"]}}],"collection":[{"href":"https:\/\/www.tsp.at\/en\/wp-json\/wp\/v2\/posts"}],"about":[{"href":"https:\/\/www.tsp.at\/en\/wp-json\/wp\/v2\/types\/post"}],"author":[{"embeddable":true,"href":"https:\/\/www.tsp.at\/en\/wp-json\/wp\/v2\/users\/2"}],"replies":[{"embeddable":true,"href":"https:\/\/www.tsp.at\/en\/wp-json\/wp\/v2\/comments?post=11042"}],"version-history":[{"count":1,"href":"https:\/\/www.tsp.at\/en\/wp-json\/wp\/v2\/posts\/11042\/revisions"}],"predecessor-version":[{"id":11284,"href":"https:\/\/www.tsp.at\/en\/wp-json\/wp\/v2\/posts\/11042\/revisions\/11284"}],"wp:featuredmedia":[{"embeddable":true,"href":"https:\/\/www.tsp.at\/en\/wp-json\/wp\/v2\/media\/11041"}],"wp:attachment":[{"href":"https:\/\/www.tsp.at\/en\/wp-json\/wp\/v2\/media?parent=11042"}],"wp:term":[{"taxonomy":"category","embeddable":true,"href":"https:\/\/www.tsp.at\/en\/wp-json\/wp\/v2\/categories?post=11042"},{"taxonomy":"post_tag","embeddable":true,"href":"https:\/\/www.tsp.at\/en\/wp-json\/wp\/v2\/tags?post=11042"}],"curies":[{"name":"wp","href":"https:\/\/api.w.org\/{rel}","templated":true}]}}