{"id":11046,"date":"2021-06-24T15:27:00","date_gmt":"2021-06-24T13:27:00","guid":{"rendered":"https:\/\/staging.tsp.at\/2021\/06\/24\/temmel-seywald-partner-feiern-30-jahre-3\/"},"modified":"2025-10-21T14:52:23","modified_gmt":"2025-10-21T12:52:23","slug":"temmel-seywald-partner-feiern-30-jahre-3","status":"publish","type":"post","link":"https:\/\/www.tsp.at\/en\/2021\/06\/24\/temmel-seywald-partner-feiern-30-jahre-3\/","title":{"rendered":"Temmel, Seywald &#038; Partner feiern 30 Jahre"},"content":{"rendered":"<article class=\"item\">\n<h2><strong>Perspektivenreiche und branchen\u00fcbergreifende Kommunikationsberatung<\/strong><\/h2>\n<p>24.06.2021<\/p>\n<\/p>\n<\/p>\n<\/p>\n<\/p>\n<\/p>\n<p>Wien \u2013 <strong>Die Wiener PR-Consulter Temmel, Seywald &amp; Partner haben ihr 30-j\u00e4hriges Bestehen &#8211; coronabedingt &#8211; im kleinen Rahmen gefeiert. Im Juni 1991 hatte das Agenturgespann mit einer vom Bundeskanzleramt beauftragten Brosch\u00fcre, dem EWR-ABC, seine Arbeit aufgenommen. Es folgten zahlreiche weitere zukunftsweisende Publikationen und Kampagnen zum EU-Beitritt 1995. Die Produktion und Verbreitung von klassischen und digitalen Medieninhalten f\u00fcr Politik, Wirtschaft und Gesellschaft ist bis heute die Hauptdom\u00e4ne der Agenturgruppe.<\/strong> <a href=\"http:\/\/www.tsp.at\" rel=\"nofollow\" target=\"_blank\">http:\/\/www.tsp.at<\/a> <\/p>\n<p>In den ersten Jahren standen Fragestellungen zum EU-Beitritt und sp\u00e4ter zur EURO-Einf\u00fchrung im Zentrum der Kommunikationsberatung. Ab 1994 fokussierten sich die PR-Berater bereits auf die Umstellung von Briefpost und Fax auf das Internet-Zeitalter &#8211; mit Ausfl\u00fcgen ins Homeshopping und in die New Economy. 1997 gr\u00fcndeten die Consulter die Nachrichtenagentur pressetext mit B\u00fcros in Berlin, Wien und Z\u00fcrich. Sie z\u00e4hlt heute zu den reichweitenst\u00e4rksten Nachrichtenverbreitern in der DACH-Region.\n<\/p>\n<p>Ab den 2000er Jahren z\u00e4hlten gro\u00dfe, teils b\u00f6rsenotierte IT- und Industrie-Konzerne und Verb\u00e4nde zum Kundenstock. So konnten einige B\u00f6rseg\u00e4nge begleitet werden, ebenso gro\u00dfe Public-Private-Partnership-Kampagnen wie &#8220;\u00d6sterreich ans Internet&#8221; mit der \u00f6sterreichischen Bundesregierung oder die IP-Initiative Geistiges Eigentum gemeinsam mit dem \u00d6sterreichischen Patentamt. Weitere H\u00f6hepunkte waren Kampagnen f\u00fcr das Landwirtschaftsministerium wie &#8220;Sanfte Mobilit\u00e4t&#8221;, &#8220;Bildung zum Erfolg&#8221; oder die &#8220;Allianz f\u00fcr starke Regionen&#8221; im Zuge der Genuss Region \u00d6sterreich Initiative.\n<\/p>\n<p>Banken, Versicherungsmakler und Maschinenbauer z\u00e4hlen ebenso zum Kundenspektrum wie Tourismusdestinationen, Lebensmittelhersteller und Start-ups im Internet, Rechtsanw\u00e4lte, Steuerberater, SAP-Berater und Management Consultants. &#8220;Kreativ, innovativ, abwechslungsreich und \u00fcberraschend m\u00fcssen die Kommunikationsans\u00e4tze sein, mit denen man Kunden wie \u00d6ffentlichkeit begeistert&#8221;, sagt Agenturchef Dr. Wilfried Seywald. &#8220;Da ist es nur gut, mit vielen unterschiedlichen Perspektiven und branchen\u00fcbergreifend zu arbeiten. Das h\u00e4lt jung und fit &#8211; und bleibt nachhaltig in Erinnerung.&#8221;\n<\/p>\n<p>Neben zahlreichen Einzelprojekten und laufenden PR-Mandaten ist die Agentur seit 2014 auch f\u00fcr die Ausrichtung der Europ\u00e4ischen Toleranzgespr\u00e4che in K\u00e4rnten und f\u00fcr den Aufbau des Europ\u00e4ischen Toleranzzentrums Fresach verantwortlich. In diesem Umfeld konnten bis heute mehr als 300 international bedeutende Vortragende und Autor\/innen aus allen Wissensgebieten sowie F\u00fchrungspers\u00f6nlichkeiten der europ\u00e4ischen Politik und Wirtschaftskapit\u00e4ne nach Fresach geholt werden. Das Projekt wurde unter anderem mit dem K\u00e4rntner Menschenrechtspreis 2017 ausgezeichnet.\n<\/p>\n<p><strong>\u00dcber Temmel, Seywald &amp; Partner<\/strong><br \/> Die Agenturgruppe mit Hauptsitz in Wien besteht aus der PR-Agentur Temmel, Seywald &amp; Partner Communications und der Nachrichtenagentur pressetext. Sie ber\u00e4t seit \u00fcber 30 Jahren Kunden mit innovativen und kreativen Kommunikationsans\u00e4tzen und Strategien bei der Positionierung und Sch\u00e4rfung von Unternehmen, Produkten und Initiativen in der \u00d6ffentlichkeit, viele davon kontinuierlich seit Jahren. Langj\u00e4hrige Kundenbeziehungen, Auszeichnungen und Anerkennungspreise sind das Ergebnis fundierter und nachhaltiger Kommunikation, die sich nicht vorrangig um rasche PR-Effekte, sondern um zielorientierte Ver\u00e4nderung bem\u00fcht. <a href=\"http:\/\/www.tsp.at\" rel=\"nofollow\" target=\"_blank\">http:\/\/www.tsp.at<\/a><\/p>\n<\/article>\n","protected":false},"excerpt":{"rendered":"<p>Perspektivenreiche und branchen\u00fcbergreifende Kommunikationsberatung 24.06.2021 Wien \u2013 Die Wiener PR-Consulter Temmel, Seywald &amp; Partner haben ihr 30-j\u00e4hriges Bestehen &#8211; coronabedingt &#8211; im kleinen Rahmen gefeiert. Im Juni 1991 hatte das Agenturgespann mit einer vom Bundeskanzleramt beauftragten Brosch\u00fcre, dem EWR-ABC, seine Arbeit aufgenommen. Es folgten zahlreiche weitere zukunftsweisende Publikationen und Kampagnen zum EU-Beitritt 1995. Die Produktion&hellip;<\/p>\n","protected":false},"author":2,"featured_media":11045,"comment_status":"closed","ping_status":"closed","sticky":false,"template":"","format":"standard","meta":{"footnotes":""},"categories":[3],"tags":[],"class_list":["post-11046","post","type-post","status-publish","format-standard","has-post-thumbnail","hentry","category-news","category-3","description-off"],"yoast_head":"<!-- This site is optimized with the Yoast SEO plugin v26.3 - https:\/\/yoast.com\/wordpress\/plugins\/seo\/ -->\n<title>Temmel, Seywald &amp; Partner feiern 30 Jahre - Temmel | Seywald - Corporate Communications<\/title>\n<meta name=\"robots\" content=\"index, follow, max-snippet:-1, max-image-preview:large, max-video-preview:-1\" \/>\n<link rel=\"canonical\" href=\"https:\/\/www.tsp.at\/en\/2021\/06\/24\/temmel-seywald-partner-feiern-30-jahre-3\/\" \/>\n<meta property=\"og:locale\" content=\"en_US\" \/>\n<meta property=\"og:type\" content=\"article\" \/>\n<meta property=\"og:title\" content=\"Temmel, Seywald &amp; Partner feiern 30 Jahre - Temmel | Seywald - Corporate Communications\" \/>\n<meta property=\"og:description\" content=\"Perspektivenreiche und branchen\u00fcbergreifende Kommunikationsberatung 24.06.2021 Wien \u2013 Die Wiener PR-Consulter Temmel, Seywald &amp; Partner haben ihr 30-j\u00e4hriges Bestehen &#8211; coronabedingt &#8211; im kleinen Rahmen gefeiert. Im Juni 1991 hatte das Agenturgespann mit einer vom Bundeskanzleramt beauftragten Brosch\u00fcre, dem EWR-ABC, seine Arbeit aufgenommen. Es folgten zahlreiche weitere zukunftsweisende Publikationen und Kampagnen zum EU-Beitritt 1995. Die Produktion&hellip;\" \/>\n<meta property=\"og:url\" content=\"https:\/\/www.tsp.at\/en\/2021\/06\/24\/temmel-seywald-partner-feiern-30-jahre-3\/\" \/>\n<meta property=\"og:site_name\" content=\"Temmel | Seywald - Corporate Communications\" \/>\n<meta property=\"article:publisher\" content=\"https:\/\/www.facebook.com\/TemmelSeywald\" \/>\n<meta property=\"article:published_time\" content=\"2021-06-24T13:27:00+00:00\" \/>\n<meta property=\"article:modified_time\" content=\"2025-10-21T12:52:23+00:00\" \/>\n<meta property=\"og:image\" content=\"https:\/\/www.tsp.at\/wp-content\/uploads\/2025\/10\/P1002963-2-scaled.jpg\" \/>\n\t<meta property=\"og:image:width\" content=\"2560\" \/>\n\t<meta property=\"og:image:height\" content=\"1707\" \/>\n\t<meta property=\"og:image:type\" content=\"image\/jpeg\" \/>\n<meta name=\"author\" content=\"TSP Redaktion\" \/>\n<meta name=\"twitter:card\" content=\"summary_large_image\" \/>\n<meta name=\"twitter:label1\" content=\"Written by\" \/>\n\t<meta name=\"twitter:data1\" content=\"TSP Redaktion\" \/>\n\t<meta name=\"twitter:label2\" content=\"Est. reading time\" \/>\n\t<meta name=\"twitter:data2\" content=\"3 minutes\" \/>\n<script type=\"application\/ld+json\" class=\"yoast-schema-graph\">{\"@context\":\"https:\/\/schema.org\",\"@graph\":[{\"@type\":\"Article\",\"@id\":\"https:\/\/www.tsp.at\/en\/2021\/06\/24\/temmel-seywald-partner-feiern-30-jahre-3\/#article\",\"isPartOf\":{\"@id\":\"https:\/\/www.tsp.at\/en\/2021\/06\/24\/temmel-seywald-partner-feiern-30-jahre-3\/\"},\"author\":{\"name\":\"TSP Redaktion\",\"@id\":\"https:\/\/www.tsp.at\/en\/#\/schema\/person\/1ba5600c29da17b902b0925cea567f8a\"},\"headline\":\"Temmel, Seywald &#038; Partner feiern 30 Jahre\",\"datePublished\":\"2021-06-24T13:27:00+00:00\",\"dateModified\":\"2025-10-21T12:52:23+00:00\",\"mainEntityOfPage\":{\"@id\":\"https:\/\/www.tsp.at\/en\/2021\/06\/24\/temmel-seywald-partner-feiern-30-jahre-3\/\"},\"wordCount\":474,\"publisher\":{\"@id\":\"https:\/\/www.tsp.at\/en\/#organization\"},\"image\":{\"@id\":\"https:\/\/www.tsp.at\/en\/2021\/06\/24\/temmel-seywald-partner-feiern-30-jahre-3\/#primaryimage\"},\"thumbnailUrl\":\"https:\/\/www.tsp.at\/wp-content\/uploads\/2025\/10\/P1002963-2-scaled.jpg\",\"articleSection\":[\"News\"],\"inLanguage\":\"en-US\"},{\"@type\":\"WebPage\",\"@id\":\"https:\/\/www.tsp.at\/en\/2021\/06\/24\/temmel-seywald-partner-feiern-30-jahre-3\/\",\"url\":\"https:\/\/www.tsp.at\/en\/2021\/06\/24\/temmel-seywald-partner-feiern-30-jahre-3\/\",\"name\":\"Temmel, Seywald & Partner feiern 30 Jahre - Temmel | Seywald - Corporate Communications\",\"isPartOf\":{\"@id\":\"https:\/\/www.tsp.at\/en\/#website\"},\"primaryImageOfPage\":{\"@id\":\"https:\/\/www.tsp.at\/en\/2021\/06\/24\/temmel-seywald-partner-feiern-30-jahre-3\/#primaryimage\"},\"image\":{\"@id\":\"https:\/\/www.tsp.at\/en\/2021\/06\/24\/temmel-seywald-partner-feiern-30-jahre-3\/#primaryimage\"},\"thumbnailUrl\":\"https:\/\/www.tsp.at\/wp-content\/uploads\/2025\/10\/P1002963-2-scaled.jpg\",\"datePublished\":\"2021-06-24T13:27:00+00:00\",\"dateModified\":\"2025-10-21T12:52:23+00:00\",\"breadcrumb\":{\"@id\":\"https:\/\/www.tsp.at\/en\/2021\/06\/24\/temmel-seywald-partner-feiern-30-jahre-3\/#breadcrumb\"},\"inLanguage\":\"en-US\",\"potentialAction\":[{\"@type\":\"ReadAction\",\"target\":[\"https:\/\/www.tsp.at\/en\/2021\/06\/24\/temmel-seywald-partner-feiern-30-jahre-3\/\"]}]},{\"@type\":\"ImageObject\",\"inLanguage\":\"en-US\",\"@id\":\"https:\/\/www.tsp.at\/en\/2021\/06\/24\/temmel-seywald-partner-feiern-30-jahre-3\/#primaryimage\",\"url\":\"https:\/\/www.tsp.at\/wp-content\/uploads\/2025\/10\/P1002963-2-scaled.jpg\",\"contentUrl\":\"https:\/\/www.tsp.at\/wp-content\/uploads\/2025\/10\/P1002963-2-scaled.jpg\",\"width\":2560,\"height\":1707},{\"@type\":\"BreadcrumbList\",\"@id\":\"https:\/\/www.tsp.at\/en\/2021\/06\/24\/temmel-seywald-partner-feiern-30-jahre-3\/#breadcrumb\",\"itemListElement\":[{\"@type\":\"ListItem\",\"position\":1,\"name\":\"Startseite\",\"item\":\"https:\/\/www.tsp.at\/en\/\"},{\"@type\":\"ListItem\",\"position\":2,\"name\":\"Temmel, Seywald &#038; Partner feiern 30 Jahre\"}]},{\"@type\":\"WebSite\",\"@id\":\"https:\/\/www.tsp.at\/en\/#website\",\"url\":\"https:\/\/www.tsp.at\/en\/\",\"name\":\"Temmel | Seywald - Corporate Communications\",\"description\":\"Kommunikation ist Beziehungsarbeit\",\"publisher\":{\"@id\":\"https:\/\/www.tsp.at\/en\/#organization\"},\"potentialAction\":[{\"@type\":\"SearchAction\",\"target\":{\"@type\":\"EntryPoint\",\"urlTemplate\":\"https:\/\/www.tsp.at\/en\/?s={search_term_string}\"},\"query-input\":{\"@type\":\"PropertyValueSpecification\",\"valueRequired\":true,\"valueName\":\"search_term_string\"}}],\"inLanguage\":\"en-US\"},{\"@type\":\"Organization\",\"@id\":\"https:\/\/www.tsp.at\/en\/#organization\",\"name\":\"Temmel, Seywald & Partner Communications GesmbH\",\"alternateName\":\"TSP\",\"url\":\"https:\/\/www.tsp.at\/en\/\",\"logo\":{\"@type\":\"ImageObject\",\"inLanguage\":\"en-US\",\"@id\":\"https:\/\/www.tsp.at\/en\/#\/schema\/logo\/image\/\",\"url\":\"https:\/\/www.tsp.at\/wp-content\/uploads\/2025\/10\/favicontsp.png\",\"contentUrl\":\"https:\/\/www.tsp.at\/wp-content\/uploads\/2025\/10\/favicontsp.png\",\"width\":125,\"height\":125,\"caption\":\"Temmel, Seywald & Partner Communications GesmbH\"},\"image\":{\"@id\":\"https:\/\/www.tsp.at\/en\/#\/schema\/logo\/image\/\"},\"sameAs\":[\"https:\/\/www.facebook.com\/TemmelSeywald\"]},{\"@type\":\"Person\",\"@id\":\"https:\/\/www.tsp.at\/en\/#\/schema\/person\/1ba5600c29da17b902b0925cea567f8a\",\"name\":\"TSP Redaktion\"}]}<\/script>\n<!-- \/ Yoast SEO plugin. -->","yoast_head_json":{"title":"Temmel, Seywald & Partner feiern 30 Jahre - Temmel | Seywald - Corporate Communications","robots":{"index":"index","follow":"follow","max-snippet":"max-snippet:-1","max-image-preview":"max-image-preview:large","max-video-preview":"max-video-preview:-1"},"canonical":"https:\/\/www.tsp.at\/en\/2021\/06\/24\/temmel-seywald-partner-feiern-30-jahre-3\/","og_locale":"en_US","og_type":"article","og_title":"Temmel, Seywald & Partner feiern 30 Jahre - Temmel | Seywald - Corporate Communications","og_description":"Perspektivenreiche und branchen\u00fcbergreifende Kommunikationsberatung 24.06.2021 Wien \u2013 Die Wiener PR-Consulter Temmel, Seywald &amp; Partner haben ihr 30-j\u00e4hriges Bestehen &#8211; coronabedingt &#8211; im kleinen Rahmen gefeiert. Im Juni 1991 hatte das Agenturgespann mit einer vom Bundeskanzleramt beauftragten Brosch\u00fcre, dem EWR-ABC, seine Arbeit aufgenommen. Es folgten zahlreiche weitere zukunftsweisende Publikationen und Kampagnen zum EU-Beitritt 1995. Die Produktion&hellip;","og_url":"https:\/\/www.tsp.at\/en\/2021\/06\/24\/temmel-seywald-partner-feiern-30-jahre-3\/","og_site_name":"Temmel | Seywald - Corporate Communications","article_publisher":"https:\/\/www.facebook.com\/TemmelSeywald","article_published_time":"2021-06-24T13:27:00+00:00","article_modified_time":"2025-10-21T12:52:23+00:00","og_image":[{"width":2560,"height":1707,"url":"https:\/\/www.tsp.at\/wp-content\/uploads\/2025\/10\/P1002963-2-scaled.jpg","type":"image\/jpeg"}],"author":"TSP Redaktion","twitter_card":"summary_large_image","twitter_misc":{"Written by":"TSP Redaktion","Est. reading time":"3 minutes"},"schema":{"@context":"https:\/\/schema.org","@graph":[{"@type":"Article","@id":"https:\/\/www.tsp.at\/en\/2021\/06\/24\/temmel-seywald-partner-feiern-30-jahre-3\/#article","isPartOf":{"@id":"https:\/\/www.tsp.at\/en\/2021\/06\/24\/temmel-seywald-partner-feiern-30-jahre-3\/"},"author":{"name":"TSP Redaktion","@id":"https:\/\/www.tsp.at\/en\/#\/schema\/person\/1ba5600c29da17b902b0925cea567f8a"},"headline":"Temmel, Seywald &#038; Partner feiern 30 Jahre","datePublished":"2021-06-24T13:27:00+00:00","dateModified":"2025-10-21T12:52:23+00:00","mainEntityOfPage":{"@id":"https:\/\/www.tsp.at\/en\/2021\/06\/24\/temmel-seywald-partner-feiern-30-jahre-3\/"},"wordCount":474,"publisher":{"@id":"https:\/\/www.tsp.at\/en\/#organization"},"image":{"@id":"https:\/\/www.tsp.at\/en\/2021\/06\/24\/temmel-seywald-partner-feiern-30-jahre-3\/#primaryimage"},"thumbnailUrl":"https:\/\/www.tsp.at\/wp-content\/uploads\/2025\/10\/P1002963-2-scaled.jpg","articleSection":["News"],"inLanguage":"en-US"},{"@type":"WebPage","@id":"https:\/\/www.tsp.at\/en\/2021\/06\/24\/temmel-seywald-partner-feiern-30-jahre-3\/","url":"https:\/\/www.tsp.at\/en\/2021\/06\/24\/temmel-seywald-partner-feiern-30-jahre-3\/","name":"Temmel, Seywald & Partner feiern 30 Jahre - Temmel | Seywald - Corporate Communications","isPartOf":{"@id":"https:\/\/www.tsp.at\/en\/#website"},"primaryImageOfPage":{"@id":"https:\/\/www.tsp.at\/en\/2021\/06\/24\/temmel-seywald-partner-feiern-30-jahre-3\/#primaryimage"},"image":{"@id":"https:\/\/www.tsp.at\/en\/2021\/06\/24\/temmel-seywald-partner-feiern-30-jahre-3\/#primaryimage"},"thumbnailUrl":"https:\/\/www.tsp.at\/wp-content\/uploads\/2025\/10\/P1002963-2-scaled.jpg","datePublished":"2021-06-24T13:27:00+00:00","dateModified":"2025-10-21T12:52:23+00:00","breadcrumb":{"@id":"https:\/\/www.tsp.at\/en\/2021\/06\/24\/temmel-seywald-partner-feiern-30-jahre-3\/#breadcrumb"},"inLanguage":"en-US","potentialAction":[{"@type":"ReadAction","target":["https:\/\/www.tsp.at\/en\/2021\/06\/24\/temmel-seywald-partner-feiern-30-jahre-3\/"]}]},{"@type":"ImageObject","inLanguage":"en-US","@id":"https:\/\/www.tsp.at\/en\/2021\/06\/24\/temmel-seywald-partner-feiern-30-jahre-3\/#primaryimage","url":"https:\/\/www.tsp.at\/wp-content\/uploads\/2025\/10\/P1002963-2-scaled.jpg","contentUrl":"https:\/\/www.tsp.at\/wp-content\/uploads\/2025\/10\/P1002963-2-scaled.jpg","width":2560,"height":1707},{"@type":"BreadcrumbList","@id":"https:\/\/www.tsp.at\/en\/2021\/06\/24\/temmel-seywald-partner-feiern-30-jahre-3\/#breadcrumb","itemListElement":[{"@type":"ListItem","position":1,"name":"Startseite","item":"https:\/\/www.tsp.at\/en\/"},{"@type":"ListItem","position":2,"name":"Temmel, Seywald &#038; Partner feiern 30 Jahre"}]},{"@type":"WebSite","@id":"https:\/\/www.tsp.at\/en\/#website","url":"https:\/\/www.tsp.at\/en\/","name":"Temmel | Seywald - Corporate Communications","description":"Kommunikation ist Beziehungsarbeit","publisher":{"@id":"https:\/\/www.tsp.at\/en\/#organization"},"potentialAction":[{"@type":"SearchAction","target":{"@type":"EntryPoint","urlTemplate":"https:\/\/www.tsp.at\/en\/?s={search_term_string}"},"query-input":{"@type":"PropertyValueSpecification","valueRequired":true,"valueName":"search_term_string"}}],"inLanguage":"en-US"},{"@type":"Organization","@id":"https:\/\/www.tsp.at\/en\/#organization","name":"Temmel, Seywald & Partner Communications GesmbH","alternateName":"TSP","url":"https:\/\/www.tsp.at\/en\/","logo":{"@type":"ImageObject","inLanguage":"en-US","@id":"https:\/\/www.tsp.at\/en\/#\/schema\/logo\/image\/","url":"https:\/\/www.tsp.at\/wp-content\/uploads\/2025\/10\/favicontsp.png","contentUrl":"https:\/\/www.tsp.at\/wp-content\/uploads\/2025\/10\/favicontsp.png","width":125,"height":125,"caption":"Temmel, Seywald & Partner Communications GesmbH"},"image":{"@id":"https:\/\/www.tsp.at\/en\/#\/schema\/logo\/image\/"},"sameAs":["https:\/\/www.facebook.com\/TemmelSeywald"]},{"@type":"Person","@id":"https:\/\/www.tsp.at\/en\/#\/schema\/person\/1ba5600c29da17b902b0925cea567f8a","name":"TSP Redaktion"}]}},"_links":{"self":[{"href":"https:\/\/www.tsp.at\/en\/wp-json\/wp\/v2\/posts\/11046","targetHints":{"allow":["GET"]}}],"collection":[{"href":"https:\/\/www.tsp.at\/en\/wp-json\/wp\/v2\/posts"}],"about":[{"href":"https:\/\/www.tsp.at\/en\/wp-json\/wp\/v2\/types\/post"}],"author":[{"embeddable":true,"href":"https:\/\/www.tsp.at\/en\/wp-json\/wp\/v2\/users\/2"}],"replies":[{"embeddable":true,"href":"https:\/\/www.tsp.at\/en\/wp-json\/wp\/v2\/comments?post=11046"}],"version-history":[{"count":1,"href":"https:\/\/www.tsp.at\/en\/wp-json\/wp\/v2\/posts\/11046\/revisions"}],"predecessor-version":[{"id":11300,"href":"https:\/\/www.tsp.at\/en\/wp-json\/wp\/v2\/posts\/11046\/revisions\/11300"}],"wp:featuredmedia":[{"embeddable":true,"href":"https:\/\/www.tsp.at\/en\/wp-json\/wp\/v2\/media\/11045"}],"wp:attachment":[{"href":"https:\/\/www.tsp.at\/en\/wp-json\/wp\/v2\/media?parent=11046"}],"wp:term":[{"taxonomy":"category","embeddable":true,"href":"https:\/\/www.tsp.at\/en\/wp-json\/wp\/v2\/categories?post=11046"},{"taxonomy":"post_tag","embeddable":true,"href":"https:\/\/www.tsp.at\/en\/wp-json\/wp\/v2\/tags?post=11046"}],"curies":[{"name":"wp","href":"https:\/\/api.w.org\/{rel}","templated":true}]}}