{"id":11048,"date":"2021-05-18T10:51:00","date_gmt":"2021-05-18T08:51:00","guid":{"rendered":"https:\/\/staging.tsp.at\/2021\/05\/18\/toleranzgespraeche-raeumen-pandemie-schutt-weg-3\/"},"modified":"2025-10-21T14:52:24","modified_gmt":"2025-10-21T12:52:24","slug":"toleranzgespraeche-raeumen-pandemie-schutt-weg-3","status":"publish","type":"post","link":"https:\/\/www.tsp.at\/en\/2021\/05\/18\/toleranzgespraeche-raeumen-pandemie-schutt-weg-3\/","title":{"rendered":"Toleranzgespr\u00e4che r\u00e4umen &#8220;Pandemie-Schutt&#8221; weg"},"content":{"rendered":"<article class=\"item\">\n<h2><strong>Ab 19. Mai drei Tage GLOBALISIERUNG, FAIRNESS &amp; LEADERSHIP mit internationaler Besetzung<\/strong><\/h2>\n<p>18.05.2021<\/p>\n<\/p>\n<\/p>\n<\/p>\n<\/p>\n<\/p>\n<p>Villach\/Fresach \u2013 <strong>Toleranz in Zeiten der Pandemie &#8211; da ist Fairness und Leadership gefragt. Gerade wenn es politisch oder wirtschaftlich nicht rund l\u00e4uft, zeigt sich der wahre Charakter von Menschen und Systemen. Wie und warum wir die voranschreitende Globalisierung daher neu definieren m\u00fcssen, diskutieren Expert*innen bei den 7. Europ\u00e4ischen Toleranzgespr\u00e4chen, die morgen, am Mittwoch, den 19. Mai, in K\u00e4rnten beginnen. Alle Veranstaltungen werden auch online \u00fcbertragen. <\/strong> #ETG21 <a href=\"http:\/\/www.fresach.org\" rel=\"nofollow\" target=\"_blank\">http:\/\/www.<span class=\"hl\">fresach<\/span>.org<\/a> <\/p>\n<p><strong> Schutt der Corona-Pandemie wegr\u00e4umen<\/strong> <\/p>\n<p>Die Toleranzgespr\u00e4che stehen in diesem Jahr unter dem Motto &#8220;FAIRNESS &#8211; Die neue Globalisierung&#8221; und sind die logische Folge des letztj\u00e4hrigen Themas &#8220;Exodus &#8211; Auszug aus dem Vertrauten&#8221;. Jetzt geht es ums Wegr\u00e4umen des Pandemieschutts der vergangenen 15 Monate, was mit der voranschreitenden Immunisierung der Bev\u00f6lkerung durch fl\u00e4chendeckende Testungen, Impfungen oder Genesung in der vorsichtigen Lockerung und \u00d6ffnung des zivilen Lebens m\u00f6glich wird, so die Organisatoren des Veranstalters Denk.Raum.<span class=\"hl\">Fresach<\/span>.\n<\/p>\n<p>\u00dcber 40 Denkerinnen und Denker werden \u00fcber die &#8220;Neue Realit\u00e4t im Tourismus&#8221;, \u00fcber die &#8220;Kraft der Demokratie&#8221; und \u00fcber &#8220;Faire Bedingungen f\u00fcr die Benachteiligten und Abgeh\u00e4ngten der Globalisierung&#8221; diskutieren. Einer der H\u00f6hepunkte ist das Er\u00f6ffnungsreferat der Berliner Moscheegr\u00fcnderin Seyran Ates (20. Mai). Erstmals kommt mit Schlomo Hofmeister ein j\u00fcdischer Rabbiner nach <span class=\"hl\">Fresach<\/span>, ebenso der fr\u00fchere Verwaltungsratschef des weltweit gr\u00f6\u00dften Nahrungsmittelkonzerns Nestl\u00e9, Peter Brabeck-Letmathe. Das Programm besteht aus Jugendforum und Tourismusforum in Villach (19.5.) sowie Europaforum (20.5.) und Wirtschaftsforum (21.5.) in <span class=\"hl\">Fresach<\/span> und schlie\u00dft mit einem Poetry Slam am Freitagabend und einem Toleranzfr\u00fchst\u00fcck Samstagvormittag (22.5.) beim Gasthof zum Wirt ab.\n<\/p>\n<p><strong> Herausfordernde Organisation <\/strong> <\/p>\n<p>Die Veranstaltungen in Villach (19.5.) finden ausschlie\u00dflich online statt, in <span class=\"hl\">Fresach<\/span> (20. bis 22.5.) erhalten Besucher Zutritt unter dem Motto &#8220;Geimpft, Getestet oder Genesen&#8221; sowie unter den bestehenden Abstands- und Hygieneregelungen (Pr\u00e4ventionskonzept). Der Veranstaltungsort im Toleranzmuseum, mit gew\u00f6hlich f\u00fcr 100 Personen Platz, kann nur bis zu 50 Besucher\/innen aufnehmen, weshalb auch diese Highlights vollst\u00e4ndig und live \u00fcbers Netz (YouTube, Facebook und LinkedIn) \u00fcbertragen werden.\n<\/p>\n<p>\u00dcberblick der Programmpunkte: <a href=\"http:\/\/www.fresach.org\" rel=\"nofollow\" target=\"_blank\">http:\/\/www.<span class=\"hl\">fresach<\/span>.org<\/a> <\/p>\n<p>19. Mai 2021: 9 bis 13 Uhr: Jugendforum und 18 bis 19.30 Uhr: Tischtennis-Schaukampf<br \/> 19. Mai 2021: 9 bis 18 Uhr: Tourismusforum online <br \/> 20. Mai 2021: 9 bis 18 Uhr: Europaforum <span class=\"hl\">Fresach<\/span>. 19.30: Toleranzpreisverleihung<br \/> 21. Mai 2021: 9 bis 18 Uhr: Wirtschaftsforum <span class=\"hl\">Fresach<\/span>. 20 Uhr: Poetry Slam <br \/> 22. Mai 2021: 8 bis 11 Uhr: Gasthaus Zum Wirt, <span class=\"hl\">Fresach<\/span>: Toleranzfr\u00fchst\u00fcck<\/p>\n<\/article>\n","protected":false},"excerpt":{"rendered":"<p>Ab 19. Mai drei Tage GLOBALISIERUNG, FAIRNESS &amp; LEADERSHIP mit internationaler Besetzung 18.05.2021 Villach\/Fresach \u2013 Toleranz in Zeiten der Pandemie &#8211; da ist Fairness und Leadership gefragt. Gerade wenn es politisch oder wirtschaftlich nicht rund l\u00e4uft, zeigt sich der wahre Charakter von Menschen und Systemen. Wie und warum wir die voranschreitende Globalisierung daher neu definieren&hellip;<\/p>\n","protected":false},"author":2,"featured_media":11047,"comment_status":"closed","ping_status":"closed","sticky":false,"template":"","format":"standard","meta":{"footnotes":""},"categories":[3],"tags":[],"class_list":["post-11048","post","type-post","status-publish","format-standard","has-post-thumbnail","hentry","category-news","category-3","description-off"],"yoast_head":"<!-- This site is optimized with the Yoast SEO plugin v26.3 - https:\/\/yoast.com\/wordpress\/plugins\/seo\/ -->\n<title>Toleranzgespr\u00e4che r\u00e4umen &quot;Pandemie-Schutt&quot; weg - Temmel | Seywald - Corporate Communications<\/title>\n<meta name=\"robots\" content=\"index, follow, max-snippet:-1, max-image-preview:large, max-video-preview:-1\" \/>\n<link rel=\"canonical\" href=\"https:\/\/www.tsp.at\/en\/2021\/05\/18\/toleranzgespraeche-raeumen-pandemie-schutt-weg-3\/\" \/>\n<meta property=\"og:locale\" content=\"en_US\" \/>\n<meta property=\"og:type\" content=\"article\" \/>\n<meta property=\"og:title\" content=\"Toleranzgespr\u00e4che r\u00e4umen &quot;Pandemie-Schutt&quot; weg - Temmel | Seywald - Corporate Communications\" \/>\n<meta property=\"og:description\" content=\"Ab 19. Mai drei Tage GLOBALISIERUNG, FAIRNESS &amp; LEADERSHIP mit internationaler Besetzung 18.05.2021 Villach\/Fresach \u2013 Toleranz in Zeiten der Pandemie &#8211; da ist Fairness und Leadership gefragt. Gerade wenn es politisch oder wirtschaftlich nicht rund l\u00e4uft, zeigt sich der wahre Charakter von Menschen und Systemen. Wie und warum wir die voranschreitende Globalisierung daher neu definieren&hellip;\" \/>\n<meta property=\"og:url\" content=\"https:\/\/www.tsp.at\/en\/2021\/05\/18\/toleranzgespraeche-raeumen-pandemie-schutt-weg-3\/\" \/>\n<meta property=\"og:site_name\" content=\"Temmel | Seywald - Corporate Communications\" \/>\n<meta property=\"article:publisher\" content=\"https:\/\/www.facebook.com\/TemmelSeywald\" \/>\n<meta property=\"article:published_time\" content=\"2021-05-18T08:51:00+00:00\" \/>\n<meta property=\"article:modified_time\" content=\"2025-10-21T12:52:24+00:00\" \/>\n<meta property=\"og:image\" content=\"https:\/\/www.tsp.at\/wp-content\/uploads\/2025\/10\/photo1-2_01-2.jpg\" \/>\n\t<meta property=\"og:image:width\" content=\"2100\" \/>\n\t<meta property=\"og:image:height\" content=\"1400\" \/>\n\t<meta property=\"og:image:type\" content=\"image\/jpeg\" \/>\n<meta name=\"author\" content=\"TSP Redaktion\" \/>\n<meta name=\"twitter:card\" content=\"summary_large_image\" \/>\n<meta name=\"twitter:label1\" content=\"Written by\" \/>\n\t<meta name=\"twitter:data1\" content=\"TSP Redaktion\" \/>\n\t<meta name=\"twitter:label2\" content=\"Est. reading time\" \/>\n\t<meta name=\"twitter:data2\" content=\"3 minutes\" \/>\n<script type=\"application\/ld+json\" class=\"yoast-schema-graph\">{\"@context\":\"https:\/\/schema.org\",\"@graph\":[{\"@type\":\"Article\",\"@id\":\"https:\/\/www.tsp.at\/en\/2021\/05\/18\/toleranzgespraeche-raeumen-pandemie-schutt-weg-3\/#article\",\"isPartOf\":{\"@id\":\"https:\/\/www.tsp.at\/en\/2021\/05\/18\/toleranzgespraeche-raeumen-pandemie-schutt-weg-3\/\"},\"author\":{\"name\":\"TSP Redaktion\",\"@id\":\"https:\/\/www.tsp.at\/en\/#\/schema\/person\/1ba5600c29da17b902b0925cea567f8a\"},\"headline\":\"Toleranzgespr\u00e4che r\u00e4umen &#8220;Pandemie-Schutt&#8221; weg\",\"datePublished\":\"2021-05-18T08:51:00+00:00\",\"dateModified\":\"2025-10-21T12:52:24+00:00\",\"mainEntityOfPage\":{\"@id\":\"https:\/\/www.tsp.at\/en\/2021\/05\/18\/toleranzgespraeche-raeumen-pandemie-schutt-weg-3\/\"},\"wordCount\":389,\"publisher\":{\"@id\":\"https:\/\/www.tsp.at\/en\/#organization\"},\"image\":{\"@id\":\"https:\/\/www.tsp.at\/en\/2021\/05\/18\/toleranzgespraeche-raeumen-pandemie-schutt-weg-3\/#primaryimage\"},\"thumbnailUrl\":\"https:\/\/www.tsp.at\/wp-content\/uploads\/2025\/10\/photo1-2_01-2.jpg\",\"articleSection\":[\"News\"],\"inLanguage\":\"en-US\"},{\"@type\":\"WebPage\",\"@id\":\"https:\/\/www.tsp.at\/en\/2021\/05\/18\/toleranzgespraeche-raeumen-pandemie-schutt-weg-3\/\",\"url\":\"https:\/\/www.tsp.at\/en\/2021\/05\/18\/toleranzgespraeche-raeumen-pandemie-schutt-weg-3\/\",\"name\":\"Toleranzgespr\u00e4che r\u00e4umen \\\"Pandemie-Schutt\\\" weg - Temmel | Seywald - Corporate Communications\",\"isPartOf\":{\"@id\":\"https:\/\/www.tsp.at\/en\/#website\"},\"primaryImageOfPage\":{\"@id\":\"https:\/\/www.tsp.at\/en\/2021\/05\/18\/toleranzgespraeche-raeumen-pandemie-schutt-weg-3\/#primaryimage\"},\"image\":{\"@id\":\"https:\/\/www.tsp.at\/en\/2021\/05\/18\/toleranzgespraeche-raeumen-pandemie-schutt-weg-3\/#primaryimage\"},\"thumbnailUrl\":\"https:\/\/www.tsp.at\/wp-content\/uploads\/2025\/10\/photo1-2_01-2.jpg\",\"datePublished\":\"2021-05-18T08:51:00+00:00\",\"dateModified\":\"2025-10-21T12:52:24+00:00\",\"breadcrumb\":{\"@id\":\"https:\/\/www.tsp.at\/en\/2021\/05\/18\/toleranzgespraeche-raeumen-pandemie-schutt-weg-3\/#breadcrumb\"},\"inLanguage\":\"en-US\",\"potentialAction\":[{\"@type\":\"ReadAction\",\"target\":[\"https:\/\/www.tsp.at\/en\/2021\/05\/18\/toleranzgespraeche-raeumen-pandemie-schutt-weg-3\/\"]}]},{\"@type\":\"ImageObject\",\"inLanguage\":\"en-US\",\"@id\":\"https:\/\/www.tsp.at\/en\/2021\/05\/18\/toleranzgespraeche-raeumen-pandemie-schutt-weg-3\/#primaryimage\",\"url\":\"https:\/\/www.tsp.at\/wp-content\/uploads\/2025\/10\/photo1-2_01-2.jpg\",\"contentUrl\":\"https:\/\/www.tsp.at\/wp-content\/uploads\/2025\/10\/photo1-2_01-2.jpg\",\"width\":2100,\"height\":1400,\"caption\":\"(c) www.fotodienst.at \/ Anna Rauchenberger \u2013 Wien, 13.02.2020 - Programmvorstellung: Europ\u00e4ische Toleranzgespr\u00e4che. FOTO: Dr. Wilfried Seywald, Programmkoordination\"},{\"@type\":\"BreadcrumbList\",\"@id\":\"https:\/\/www.tsp.at\/en\/2021\/05\/18\/toleranzgespraeche-raeumen-pandemie-schutt-weg-3\/#breadcrumb\",\"itemListElement\":[{\"@type\":\"ListItem\",\"position\":1,\"name\":\"Startseite\",\"item\":\"https:\/\/www.tsp.at\/en\/\"},{\"@type\":\"ListItem\",\"position\":2,\"name\":\"Toleranzgespr\u00e4che r\u00e4umen &#8222;Pandemie-Schutt&#8220; weg\"}]},{\"@type\":\"WebSite\",\"@id\":\"https:\/\/www.tsp.at\/en\/#website\",\"url\":\"https:\/\/www.tsp.at\/en\/\",\"name\":\"Temmel | Seywald - Corporate Communications\",\"description\":\"Kommunikation ist Beziehungsarbeit\",\"publisher\":{\"@id\":\"https:\/\/www.tsp.at\/en\/#organization\"},\"potentialAction\":[{\"@type\":\"SearchAction\",\"target\":{\"@type\":\"EntryPoint\",\"urlTemplate\":\"https:\/\/www.tsp.at\/en\/?s={search_term_string}\"},\"query-input\":{\"@type\":\"PropertyValueSpecification\",\"valueRequired\":true,\"valueName\":\"search_term_string\"}}],\"inLanguage\":\"en-US\"},{\"@type\":\"Organization\",\"@id\":\"https:\/\/www.tsp.at\/en\/#organization\",\"name\":\"Temmel, Seywald & Partner Communications GesmbH\",\"alternateName\":\"TSP\",\"url\":\"https:\/\/www.tsp.at\/en\/\",\"logo\":{\"@type\":\"ImageObject\",\"inLanguage\":\"en-US\",\"@id\":\"https:\/\/www.tsp.at\/en\/#\/schema\/logo\/image\/\",\"url\":\"https:\/\/www.tsp.at\/wp-content\/uploads\/2025\/10\/favicontsp.png\",\"contentUrl\":\"https:\/\/www.tsp.at\/wp-content\/uploads\/2025\/10\/favicontsp.png\",\"width\":125,\"height\":125,\"caption\":\"Temmel, Seywald & Partner Communications GesmbH\"},\"image\":{\"@id\":\"https:\/\/www.tsp.at\/en\/#\/schema\/logo\/image\/\"},\"sameAs\":[\"https:\/\/www.facebook.com\/TemmelSeywald\"]},{\"@type\":\"Person\",\"@id\":\"https:\/\/www.tsp.at\/en\/#\/schema\/person\/1ba5600c29da17b902b0925cea567f8a\",\"name\":\"TSP Redaktion\"}]}<\/script>\n<!-- \/ Yoast SEO plugin. -->","yoast_head_json":{"title":"Toleranzgespr\u00e4che r\u00e4umen \"Pandemie-Schutt\" weg - Temmel | Seywald - Corporate Communications","robots":{"index":"index","follow":"follow","max-snippet":"max-snippet:-1","max-image-preview":"max-image-preview:large","max-video-preview":"max-video-preview:-1"},"canonical":"https:\/\/www.tsp.at\/en\/2021\/05\/18\/toleranzgespraeche-raeumen-pandemie-schutt-weg-3\/","og_locale":"en_US","og_type":"article","og_title":"Toleranzgespr\u00e4che r\u00e4umen \"Pandemie-Schutt\" weg - Temmel | Seywald - Corporate Communications","og_description":"Ab 19. Mai drei Tage GLOBALISIERUNG, FAIRNESS &amp; LEADERSHIP mit internationaler Besetzung 18.05.2021 Villach\/Fresach \u2013 Toleranz in Zeiten der Pandemie &#8211; da ist Fairness und Leadership gefragt. Gerade wenn es politisch oder wirtschaftlich nicht rund l\u00e4uft, zeigt sich der wahre Charakter von Menschen und Systemen. Wie und warum wir die voranschreitende Globalisierung daher neu definieren&hellip;","og_url":"https:\/\/www.tsp.at\/en\/2021\/05\/18\/toleranzgespraeche-raeumen-pandemie-schutt-weg-3\/","og_site_name":"Temmel | Seywald - Corporate Communications","article_publisher":"https:\/\/www.facebook.com\/TemmelSeywald","article_published_time":"2021-05-18T08:51:00+00:00","article_modified_time":"2025-10-21T12:52:24+00:00","og_image":[{"width":2100,"height":1400,"url":"https:\/\/www.tsp.at\/wp-content\/uploads\/2025\/10\/photo1-2_01-2.jpg","type":"image\/jpeg"}],"author":"TSP Redaktion","twitter_card":"summary_large_image","twitter_misc":{"Written by":"TSP Redaktion","Est. reading time":"3 minutes"},"schema":{"@context":"https:\/\/schema.org","@graph":[{"@type":"Article","@id":"https:\/\/www.tsp.at\/en\/2021\/05\/18\/toleranzgespraeche-raeumen-pandemie-schutt-weg-3\/#article","isPartOf":{"@id":"https:\/\/www.tsp.at\/en\/2021\/05\/18\/toleranzgespraeche-raeumen-pandemie-schutt-weg-3\/"},"author":{"name":"TSP Redaktion","@id":"https:\/\/www.tsp.at\/en\/#\/schema\/person\/1ba5600c29da17b902b0925cea567f8a"},"headline":"Toleranzgespr\u00e4che r\u00e4umen &#8220;Pandemie-Schutt&#8221; weg","datePublished":"2021-05-18T08:51:00+00:00","dateModified":"2025-10-21T12:52:24+00:00","mainEntityOfPage":{"@id":"https:\/\/www.tsp.at\/en\/2021\/05\/18\/toleranzgespraeche-raeumen-pandemie-schutt-weg-3\/"},"wordCount":389,"publisher":{"@id":"https:\/\/www.tsp.at\/en\/#organization"},"image":{"@id":"https:\/\/www.tsp.at\/en\/2021\/05\/18\/toleranzgespraeche-raeumen-pandemie-schutt-weg-3\/#primaryimage"},"thumbnailUrl":"https:\/\/www.tsp.at\/wp-content\/uploads\/2025\/10\/photo1-2_01-2.jpg","articleSection":["News"],"inLanguage":"en-US"},{"@type":"WebPage","@id":"https:\/\/www.tsp.at\/en\/2021\/05\/18\/toleranzgespraeche-raeumen-pandemie-schutt-weg-3\/","url":"https:\/\/www.tsp.at\/en\/2021\/05\/18\/toleranzgespraeche-raeumen-pandemie-schutt-weg-3\/","name":"Toleranzgespr\u00e4che r\u00e4umen \"Pandemie-Schutt\" weg - Temmel | Seywald - Corporate Communications","isPartOf":{"@id":"https:\/\/www.tsp.at\/en\/#website"},"primaryImageOfPage":{"@id":"https:\/\/www.tsp.at\/en\/2021\/05\/18\/toleranzgespraeche-raeumen-pandemie-schutt-weg-3\/#primaryimage"},"image":{"@id":"https:\/\/www.tsp.at\/en\/2021\/05\/18\/toleranzgespraeche-raeumen-pandemie-schutt-weg-3\/#primaryimage"},"thumbnailUrl":"https:\/\/www.tsp.at\/wp-content\/uploads\/2025\/10\/photo1-2_01-2.jpg","datePublished":"2021-05-18T08:51:00+00:00","dateModified":"2025-10-21T12:52:24+00:00","breadcrumb":{"@id":"https:\/\/www.tsp.at\/en\/2021\/05\/18\/toleranzgespraeche-raeumen-pandemie-schutt-weg-3\/#breadcrumb"},"inLanguage":"en-US","potentialAction":[{"@type":"ReadAction","target":["https:\/\/www.tsp.at\/en\/2021\/05\/18\/toleranzgespraeche-raeumen-pandemie-schutt-weg-3\/"]}]},{"@type":"ImageObject","inLanguage":"en-US","@id":"https:\/\/www.tsp.at\/en\/2021\/05\/18\/toleranzgespraeche-raeumen-pandemie-schutt-weg-3\/#primaryimage","url":"https:\/\/www.tsp.at\/wp-content\/uploads\/2025\/10\/photo1-2_01-2.jpg","contentUrl":"https:\/\/www.tsp.at\/wp-content\/uploads\/2025\/10\/photo1-2_01-2.jpg","width":2100,"height":1400,"caption":"(c) www.fotodienst.at \/ Anna Rauchenberger \u2013 Wien, 13.02.2020 - Programmvorstellung: Europ\u00e4ische Toleranzgespr\u00e4che. FOTO: Dr. Wilfried Seywald, Programmkoordination"},{"@type":"BreadcrumbList","@id":"https:\/\/www.tsp.at\/en\/2021\/05\/18\/toleranzgespraeche-raeumen-pandemie-schutt-weg-3\/#breadcrumb","itemListElement":[{"@type":"ListItem","position":1,"name":"Startseite","item":"https:\/\/www.tsp.at\/en\/"},{"@type":"ListItem","position":2,"name":"Toleranzgespr\u00e4che r\u00e4umen &#8222;Pandemie-Schutt&#8220; weg"}]},{"@type":"WebSite","@id":"https:\/\/www.tsp.at\/en\/#website","url":"https:\/\/www.tsp.at\/en\/","name":"Temmel | Seywald - Corporate Communications","description":"Kommunikation ist Beziehungsarbeit","publisher":{"@id":"https:\/\/www.tsp.at\/en\/#organization"},"potentialAction":[{"@type":"SearchAction","target":{"@type":"EntryPoint","urlTemplate":"https:\/\/www.tsp.at\/en\/?s={search_term_string}"},"query-input":{"@type":"PropertyValueSpecification","valueRequired":true,"valueName":"search_term_string"}}],"inLanguage":"en-US"},{"@type":"Organization","@id":"https:\/\/www.tsp.at\/en\/#organization","name":"Temmel, Seywald & Partner Communications GesmbH","alternateName":"TSP","url":"https:\/\/www.tsp.at\/en\/","logo":{"@type":"ImageObject","inLanguage":"en-US","@id":"https:\/\/www.tsp.at\/en\/#\/schema\/logo\/image\/","url":"https:\/\/www.tsp.at\/wp-content\/uploads\/2025\/10\/favicontsp.png","contentUrl":"https:\/\/www.tsp.at\/wp-content\/uploads\/2025\/10\/favicontsp.png","width":125,"height":125,"caption":"Temmel, Seywald & Partner Communications GesmbH"},"image":{"@id":"https:\/\/www.tsp.at\/en\/#\/schema\/logo\/image\/"},"sameAs":["https:\/\/www.facebook.com\/TemmelSeywald"]},{"@type":"Person","@id":"https:\/\/www.tsp.at\/en\/#\/schema\/person\/1ba5600c29da17b902b0925cea567f8a","name":"TSP Redaktion"}]}},"_links":{"self":[{"href":"https:\/\/www.tsp.at\/en\/wp-json\/wp\/v2\/posts\/11048","targetHints":{"allow":["GET"]}}],"collection":[{"href":"https:\/\/www.tsp.at\/en\/wp-json\/wp\/v2\/posts"}],"about":[{"href":"https:\/\/www.tsp.at\/en\/wp-json\/wp\/v2\/types\/post"}],"author":[{"embeddable":true,"href":"https:\/\/www.tsp.at\/en\/wp-json\/wp\/v2\/users\/2"}],"replies":[{"embeddable":true,"href":"https:\/\/www.tsp.at\/en\/wp-json\/wp\/v2\/comments?post=11048"}],"version-history":[{"count":1,"href":"https:\/\/www.tsp.at\/en\/wp-json\/wp\/v2\/posts\/11048\/revisions"}],"predecessor-version":[{"id":11304,"href":"https:\/\/www.tsp.at\/en\/wp-json\/wp\/v2\/posts\/11048\/revisions\/11304"}],"wp:featuredmedia":[{"embeddable":true,"href":"https:\/\/www.tsp.at\/en\/wp-json\/wp\/v2\/media\/11047"}],"wp:attachment":[{"href":"https:\/\/www.tsp.at\/en\/wp-json\/wp\/v2\/media?parent=11048"}],"wp:term":[{"taxonomy":"category","embeddable":true,"href":"https:\/\/www.tsp.at\/en\/wp-json\/wp\/v2\/categories?post=11048"},{"taxonomy":"post_tag","embeddable":true,"href":"https:\/\/www.tsp.at\/en\/wp-json\/wp\/v2\/tags?post=11048"}],"curies":[{"name":"wp","href":"https:\/\/api.w.org\/{rel}","templated":true}]}}