{"id":11050,"date":"2021-03-24T10:17:00","date_gmt":"2021-03-24T09:17:00","guid":{"rendered":"https:\/\/staging.tsp.at\/2021\/03\/24\/gentlemens-equity-trennt-sich-von-spg-beteiligung-3\/"},"modified":"2025-10-21T14:52:25","modified_gmt":"2025-10-21T12:52:25","slug":"gentlemens-equity-trennt-sich-von-spg-beteiligung-3","status":"publish","type":"post","link":"https:\/\/www.tsp.at\/en\/2021\/03\/24\/gentlemens-equity-trennt-sich-von-spg-beteiligung-3\/","title":{"rendered":"Gentlemen&#8217;s Equity trennt sich von SPG-Beteiligung"},"content":{"rendered":"<article class=\"item\">\n<h2><strong>Ermittlungen gegen ehemaliges Verwaltungsratsmitglied als Hauptgrund<\/strong><\/h2>\n<p>24.03.2021<\/p>\n<\/p>\n<\/p>\n<\/p>\n<\/p>\n<\/p>\n<p>Wien \u2013 <span class=\"FtxtBold\" style=\"margin-bottom: 10px;\">Die b\u00f6rsennotierte Beteiligungsholding <span class=\"hl\">Gentlemen<\/span>&#8216;s Equity S.A. mit Sitz in Portugal (ISIN: PTGVE1AE0009) trennt sich mit sofortiger Wirkung von ihren Anteilen an der SP Group (Europe) AG. Hintergrund sind gerichtliche Ermittlungen gegen ein ehemaliges Verwaltungsratsmitglied des Unternehmens. &#8220;Die Gesch\u00e4ftsanteile an der SP Group (Europe) AG wurden bereits an einen Treuh\u00e4nder \u00fcbergeben, um den Verkauf einzuleiten&#8221;, informiert GE-CEO Nikola Trajanov. <\/span> <\/p>\n<p class=\"FtxtP\"><span class=\"hl\">Gentlemen<\/span>&#8216;s Equity (GE) hat die Beteiligung an der SP Group zur Jahreswende 2019\/20 erworben, um das Wachstum in der DACH-Region durch Synergieeffekte zu f\u00f6rdern. Die SP Group versprach hierzu weitere Zug\u00e4nge zu Investoren und Verm\u00f6gensverwaltern, ergriff dann aber keine entsprechenden Massnahmen. Als Konsequenz und um das eigene Wachstum nicht zu bremsen, wird die Beteiligung nun aufgegeben und verkauft.<\/p>\n<p class=\"FtxtP\">GE stellt in diesem Zusammenhang klar, dass die Abgabe der Beteiligung keine Auswirkungen auf das eigene Gesch\u00e4ft und die eigene Wachstumsstrategie hat. Nikola Trajanov, Verwaltungsratspr\u00e4sident und CEO der <span class=\"hl\">Gentlemen<\/span>&#8216;s Equity SA, erkl\u00e4rt dazu: &#8220;Die urspr\u00fcnglichen Pl\u00e4ne gemeinsam mit der SP Group werden nicht mehr weiterverfolgt.&#8221;<\/p>\n<p class=\"FtxtP\">Im Februar dieses Jahres hatten Polizei und Staatsanwaltschaft die R\u00e4ume der SP Group (Europe) AG in Z\u00fcrich durchsucht. Ermittelt wird gegen einen ehemaligen Verwaltungsrat der Gesellschaft. Aufgrund dieser Ereignisse sind auch die beiden bisherigen Verwaltungsr\u00e4te der SP Group (Europe) AG, Guy Besson und Ralf Woldt zur\u00fcckgetreten.<\/p>\n<p class=\"FtxtP\">Nikola Trajanov stellt dazu klar, dass man beim Einstieg in die SP Group mit bestem Wissen und Gewissen gehandelt habe. &#8220;Uns liegen und lagen keine Informationen \u00fcber undurchsichtige Geschehnisse aus dem Jahr 2019 oder aus fr\u00fcheren Gesch\u00e4ftsjahren vor. Die vorgelegten B\u00fccher wurden eingehend gepr\u00fcft und wiesen keine Unregelm\u00e4ssigkeiten auf. Auch die uns kommunizierte Historie war schl\u00fcssig.&#8221;<\/p>\n<p class=\"FtxtP\"><span class=\"FtxtBold\" style=\"margin-bottom: 10px;\"><strong> \u00dcber <span class=\"hl\">Gentlemen<\/span>&#8216;s Equity S.A.<\/strong> <\/span><\/p>\n<p class=\"FtxtP\">Die <span class=\"hl\">Gentlemen<\/span>\u00b4s Equity SA ist eine multinationale Beteiligungsholding mit Sitz in Lissabon, sie notiert an den B\u00f6rsen Paris und ENX (ISIN: PTGVE1AE0009). Die Gesellschaft beteiligt sich an international t\u00e4tigen Unternehmen in den Bereichen E-Commerce, Energie &amp; Umwelt, Sport &amp; Unterhaltung, Luxus-Umfeld sowie in der Nahrungsindustrie. Der Investitionsfokus ist auf Unternehmen gerichtet, die innovativ, nachhaltig und lukrativ am Markt operieren oder vor einer erfolgversprechenden Markteinf\u00fchrung stehen. <a href=\"http:\/\/www.gentlemensequity.com\" rel=\"nofollow\" target=\"_blank\"> http:\/\/www.<span class=\"hl\">gentlemen<\/span>sequity.com <\/a><\/p>\n<\/article>\n","protected":false},"excerpt":{"rendered":"<p>Ermittlungen gegen ehemaliges Verwaltungsratsmitglied als Hauptgrund 24.03.2021 Wien \u2013 Die b\u00f6rsennotierte Beteiligungsholding Gentlemen&#8216;s Equity S.A. mit Sitz in Portugal (ISIN: PTGVE1AE0009) trennt sich mit sofortiger Wirkung von ihren Anteilen an der SP Group (Europe) AG. Hintergrund sind gerichtliche Ermittlungen gegen ein ehemaliges Verwaltungsratsmitglied des Unternehmens. &#8220;Die Gesch\u00e4ftsanteile an der SP Group (Europe) AG wurden bereits&hellip;<\/p>\n","protected":false},"author":2,"featured_media":11049,"comment_status":"closed","ping_status":"closed","sticky":false,"template":"","format":"standard","meta":{"footnotes":""},"categories":[3],"tags":[],"class_list":["post-11050","post","type-post","status-publish","format-standard","has-post-thumbnail","hentry","category-news","category-3","description-off"],"yoast_head":"<!-- This site is optimized with the Yoast SEO plugin v26.3 - https:\/\/yoast.com\/wordpress\/plugins\/seo\/ -->\n<title>Gentlemen&#039;s Equity trennt sich von SPG-Beteiligung - Temmel | Seywald - Corporate Communications<\/title>\n<meta name=\"robots\" content=\"index, follow, max-snippet:-1, max-image-preview:large, max-video-preview:-1\" \/>\n<link rel=\"canonical\" href=\"https:\/\/www.tsp.at\/en\/2021\/03\/24\/gentlemens-equity-trennt-sich-von-spg-beteiligung-3\/\" \/>\n<meta property=\"og:locale\" content=\"en_US\" \/>\n<meta property=\"og:type\" content=\"article\" \/>\n<meta property=\"og:title\" content=\"Gentlemen&#039;s Equity trennt sich von SPG-Beteiligung - Temmel | Seywald - Corporate Communications\" \/>\n<meta property=\"og:description\" content=\"Ermittlungen gegen ehemaliges Verwaltungsratsmitglied als Hauptgrund 24.03.2021 Wien \u2013 Die b\u00f6rsennotierte Beteiligungsholding Gentlemen&#8216;s Equity S.A. mit Sitz in Portugal (ISIN: PTGVE1AE0009) trennt sich mit sofortiger Wirkung von ihren Anteilen an der SP Group (Europe) AG. Hintergrund sind gerichtliche Ermittlungen gegen ein ehemaliges Verwaltungsratsmitglied des Unternehmens. &#8220;Die Gesch\u00e4ftsanteile an der SP Group (Europe) AG wurden bereits&hellip;\" \/>\n<meta property=\"og:url\" content=\"https:\/\/www.tsp.at\/en\/2021\/03\/24\/gentlemens-equity-trennt-sich-von-spg-beteiligung-3\/\" \/>\n<meta property=\"og:site_name\" content=\"Temmel | Seywald - Corporate Communications\" \/>\n<meta property=\"article:publisher\" content=\"https:\/\/www.facebook.com\/TemmelSeywald\" \/>\n<meta property=\"article:published_time\" content=\"2021-03-24T09:17:00+00:00\" \/>\n<meta property=\"article:modified_time\" content=\"2025-10-21T12:52:25+00:00\" \/>\n<meta property=\"og:image\" content=\"https:\/\/www.tsp.at\/wp-content\/uploads\/2025\/10\/photo1-1_03-2.jpg\" \/>\n\t<meta property=\"og:image:width\" content=\"1920\" \/>\n\t<meta property=\"og:image:height\" content=\"1281\" \/>\n\t<meta property=\"og:image:type\" content=\"image\/jpeg\" \/>\n<meta name=\"author\" content=\"TSP Redaktion\" \/>\n<meta name=\"twitter:card\" content=\"summary_large_image\" \/>\n<meta name=\"twitter:label1\" content=\"Written by\" \/>\n\t<meta name=\"twitter:data1\" content=\"TSP Redaktion\" \/>\n\t<meta name=\"twitter:label2\" content=\"Est. reading time\" \/>\n\t<meta name=\"twitter:data2\" content=\"3 minutes\" \/>\n<script type=\"application\/ld+json\" class=\"yoast-schema-graph\">{\"@context\":\"https:\/\/schema.org\",\"@graph\":[{\"@type\":\"Article\",\"@id\":\"https:\/\/www.tsp.at\/en\/2021\/03\/24\/gentlemens-equity-trennt-sich-von-spg-beteiligung-3\/#article\",\"isPartOf\":{\"@id\":\"https:\/\/www.tsp.at\/en\/2021\/03\/24\/gentlemens-equity-trennt-sich-von-spg-beteiligung-3\/\"},\"author\":{\"name\":\"TSP Redaktion\",\"@id\":\"https:\/\/www.tsp.at\/en\/#\/schema\/person\/1ba5600c29da17b902b0925cea567f8a\"},\"headline\":\"Gentlemen&#8217;s Equity trennt sich von SPG-Beteiligung\",\"datePublished\":\"2021-03-24T09:17:00+00:00\",\"dateModified\":\"2025-10-21T12:52:25+00:00\",\"mainEntityOfPage\":{\"@id\":\"https:\/\/www.tsp.at\/en\/2021\/03\/24\/gentlemens-equity-trennt-sich-von-spg-beteiligung-3\/\"},\"wordCount\":381,\"publisher\":{\"@id\":\"https:\/\/www.tsp.at\/en\/#organization\"},\"image\":{\"@id\":\"https:\/\/www.tsp.at\/en\/2021\/03\/24\/gentlemens-equity-trennt-sich-von-spg-beteiligung-3\/#primaryimage\"},\"thumbnailUrl\":\"https:\/\/www.tsp.at\/wp-content\/uploads\/2025\/10\/photo1-1_03-2.jpg\",\"articleSection\":[\"News\"],\"inLanguage\":\"en-US\"},{\"@type\":\"WebPage\",\"@id\":\"https:\/\/www.tsp.at\/en\/2021\/03\/24\/gentlemens-equity-trennt-sich-von-spg-beteiligung-3\/\",\"url\":\"https:\/\/www.tsp.at\/en\/2021\/03\/24\/gentlemens-equity-trennt-sich-von-spg-beteiligung-3\/\",\"name\":\"Gentlemen's Equity trennt sich von SPG-Beteiligung - Temmel | Seywald - Corporate Communications\",\"isPartOf\":{\"@id\":\"https:\/\/www.tsp.at\/en\/#website\"},\"primaryImageOfPage\":{\"@id\":\"https:\/\/www.tsp.at\/en\/2021\/03\/24\/gentlemens-equity-trennt-sich-von-spg-beteiligung-3\/#primaryimage\"},\"image\":{\"@id\":\"https:\/\/www.tsp.at\/en\/2021\/03\/24\/gentlemens-equity-trennt-sich-von-spg-beteiligung-3\/#primaryimage\"},\"thumbnailUrl\":\"https:\/\/www.tsp.at\/wp-content\/uploads\/2025\/10\/photo1-1_03-2.jpg\",\"datePublished\":\"2021-03-24T09:17:00+00:00\",\"dateModified\":\"2025-10-21T12:52:25+00:00\",\"breadcrumb\":{\"@id\":\"https:\/\/www.tsp.at\/en\/2021\/03\/24\/gentlemens-equity-trennt-sich-von-spg-beteiligung-3\/#breadcrumb\"},\"inLanguage\":\"en-US\",\"potentialAction\":[{\"@type\":\"ReadAction\",\"target\":[\"https:\/\/www.tsp.at\/en\/2021\/03\/24\/gentlemens-equity-trennt-sich-von-spg-beteiligung-3\/\"]}]},{\"@type\":\"ImageObject\",\"inLanguage\":\"en-US\",\"@id\":\"https:\/\/www.tsp.at\/en\/2021\/03\/24\/gentlemens-equity-trennt-sich-von-spg-beteiligung-3\/#primaryimage\",\"url\":\"https:\/\/www.tsp.at\/wp-content\/uploads\/2025\/10\/photo1-1_03-2.jpg\",\"contentUrl\":\"https:\/\/www.tsp.at\/wp-content\/uploads\/2025\/10\/photo1-1_03-2.jpg\",\"width\":1920,\"height\":1281},{\"@type\":\"BreadcrumbList\",\"@id\":\"https:\/\/www.tsp.at\/en\/2021\/03\/24\/gentlemens-equity-trennt-sich-von-spg-beteiligung-3\/#breadcrumb\",\"itemListElement\":[{\"@type\":\"ListItem\",\"position\":1,\"name\":\"Startseite\",\"item\":\"https:\/\/www.tsp.at\/en\/\"},{\"@type\":\"ListItem\",\"position\":2,\"name\":\"Gentlemen&#8217;s Equity trennt sich von SPG-Beteiligung\"}]},{\"@type\":\"WebSite\",\"@id\":\"https:\/\/www.tsp.at\/en\/#website\",\"url\":\"https:\/\/www.tsp.at\/en\/\",\"name\":\"Temmel | Seywald - Corporate Communications\",\"description\":\"Kommunikation ist Beziehungsarbeit\",\"publisher\":{\"@id\":\"https:\/\/www.tsp.at\/en\/#organization\"},\"potentialAction\":[{\"@type\":\"SearchAction\",\"target\":{\"@type\":\"EntryPoint\",\"urlTemplate\":\"https:\/\/www.tsp.at\/en\/?s={search_term_string}\"},\"query-input\":{\"@type\":\"PropertyValueSpecification\",\"valueRequired\":true,\"valueName\":\"search_term_string\"}}],\"inLanguage\":\"en-US\"},{\"@type\":\"Organization\",\"@id\":\"https:\/\/www.tsp.at\/en\/#organization\",\"name\":\"Temmel, Seywald & Partner Communications GesmbH\",\"alternateName\":\"TSP\",\"url\":\"https:\/\/www.tsp.at\/en\/\",\"logo\":{\"@type\":\"ImageObject\",\"inLanguage\":\"en-US\",\"@id\":\"https:\/\/www.tsp.at\/en\/#\/schema\/logo\/image\/\",\"url\":\"https:\/\/www.tsp.at\/wp-content\/uploads\/2025\/10\/favicontsp.png\",\"contentUrl\":\"https:\/\/www.tsp.at\/wp-content\/uploads\/2025\/10\/favicontsp.png\",\"width\":125,\"height\":125,\"caption\":\"Temmel, Seywald & Partner Communications GesmbH\"},\"image\":{\"@id\":\"https:\/\/www.tsp.at\/en\/#\/schema\/logo\/image\/\"},\"sameAs\":[\"https:\/\/www.facebook.com\/TemmelSeywald\"]},{\"@type\":\"Person\",\"@id\":\"https:\/\/www.tsp.at\/en\/#\/schema\/person\/1ba5600c29da17b902b0925cea567f8a\",\"name\":\"TSP Redaktion\"}]}<\/script>\n<!-- \/ Yoast SEO plugin. -->","yoast_head_json":{"title":"Gentlemen's Equity trennt sich von SPG-Beteiligung - Temmel | Seywald - Corporate Communications","robots":{"index":"index","follow":"follow","max-snippet":"max-snippet:-1","max-image-preview":"max-image-preview:large","max-video-preview":"max-video-preview:-1"},"canonical":"https:\/\/www.tsp.at\/en\/2021\/03\/24\/gentlemens-equity-trennt-sich-von-spg-beteiligung-3\/","og_locale":"en_US","og_type":"article","og_title":"Gentlemen's Equity trennt sich von SPG-Beteiligung - Temmel | Seywald - Corporate Communications","og_description":"Ermittlungen gegen ehemaliges Verwaltungsratsmitglied als Hauptgrund 24.03.2021 Wien \u2013 Die b\u00f6rsennotierte Beteiligungsholding Gentlemen&#8216;s Equity S.A. mit Sitz in Portugal (ISIN: PTGVE1AE0009) trennt sich mit sofortiger Wirkung von ihren Anteilen an der SP Group (Europe) AG. Hintergrund sind gerichtliche Ermittlungen gegen ein ehemaliges Verwaltungsratsmitglied des Unternehmens. &#8220;Die Gesch\u00e4ftsanteile an der SP Group (Europe) AG wurden bereits&hellip;","og_url":"https:\/\/www.tsp.at\/en\/2021\/03\/24\/gentlemens-equity-trennt-sich-von-spg-beteiligung-3\/","og_site_name":"Temmel | Seywald - Corporate Communications","article_publisher":"https:\/\/www.facebook.com\/TemmelSeywald","article_published_time":"2021-03-24T09:17:00+00:00","article_modified_time":"2025-10-21T12:52:25+00:00","og_image":[{"width":1920,"height":1281,"url":"https:\/\/www.tsp.at\/wp-content\/uploads\/2025\/10\/photo1-1_03-2.jpg","type":"image\/jpeg"}],"author":"TSP Redaktion","twitter_card":"summary_large_image","twitter_misc":{"Written by":"TSP Redaktion","Est. reading time":"3 minutes"},"schema":{"@context":"https:\/\/schema.org","@graph":[{"@type":"Article","@id":"https:\/\/www.tsp.at\/en\/2021\/03\/24\/gentlemens-equity-trennt-sich-von-spg-beteiligung-3\/#article","isPartOf":{"@id":"https:\/\/www.tsp.at\/en\/2021\/03\/24\/gentlemens-equity-trennt-sich-von-spg-beteiligung-3\/"},"author":{"name":"TSP Redaktion","@id":"https:\/\/www.tsp.at\/en\/#\/schema\/person\/1ba5600c29da17b902b0925cea567f8a"},"headline":"Gentlemen&#8217;s Equity trennt sich von SPG-Beteiligung","datePublished":"2021-03-24T09:17:00+00:00","dateModified":"2025-10-21T12:52:25+00:00","mainEntityOfPage":{"@id":"https:\/\/www.tsp.at\/en\/2021\/03\/24\/gentlemens-equity-trennt-sich-von-spg-beteiligung-3\/"},"wordCount":381,"publisher":{"@id":"https:\/\/www.tsp.at\/en\/#organization"},"image":{"@id":"https:\/\/www.tsp.at\/en\/2021\/03\/24\/gentlemens-equity-trennt-sich-von-spg-beteiligung-3\/#primaryimage"},"thumbnailUrl":"https:\/\/www.tsp.at\/wp-content\/uploads\/2025\/10\/photo1-1_03-2.jpg","articleSection":["News"],"inLanguage":"en-US"},{"@type":"WebPage","@id":"https:\/\/www.tsp.at\/en\/2021\/03\/24\/gentlemens-equity-trennt-sich-von-spg-beteiligung-3\/","url":"https:\/\/www.tsp.at\/en\/2021\/03\/24\/gentlemens-equity-trennt-sich-von-spg-beteiligung-3\/","name":"Gentlemen's Equity trennt sich von SPG-Beteiligung - Temmel | Seywald - Corporate Communications","isPartOf":{"@id":"https:\/\/www.tsp.at\/en\/#website"},"primaryImageOfPage":{"@id":"https:\/\/www.tsp.at\/en\/2021\/03\/24\/gentlemens-equity-trennt-sich-von-spg-beteiligung-3\/#primaryimage"},"image":{"@id":"https:\/\/www.tsp.at\/en\/2021\/03\/24\/gentlemens-equity-trennt-sich-von-spg-beteiligung-3\/#primaryimage"},"thumbnailUrl":"https:\/\/www.tsp.at\/wp-content\/uploads\/2025\/10\/photo1-1_03-2.jpg","datePublished":"2021-03-24T09:17:00+00:00","dateModified":"2025-10-21T12:52:25+00:00","breadcrumb":{"@id":"https:\/\/www.tsp.at\/en\/2021\/03\/24\/gentlemens-equity-trennt-sich-von-spg-beteiligung-3\/#breadcrumb"},"inLanguage":"en-US","potentialAction":[{"@type":"ReadAction","target":["https:\/\/www.tsp.at\/en\/2021\/03\/24\/gentlemens-equity-trennt-sich-von-spg-beteiligung-3\/"]}]},{"@type":"ImageObject","inLanguage":"en-US","@id":"https:\/\/www.tsp.at\/en\/2021\/03\/24\/gentlemens-equity-trennt-sich-von-spg-beteiligung-3\/#primaryimage","url":"https:\/\/www.tsp.at\/wp-content\/uploads\/2025\/10\/photo1-1_03-2.jpg","contentUrl":"https:\/\/www.tsp.at\/wp-content\/uploads\/2025\/10\/photo1-1_03-2.jpg","width":1920,"height":1281},{"@type":"BreadcrumbList","@id":"https:\/\/www.tsp.at\/en\/2021\/03\/24\/gentlemens-equity-trennt-sich-von-spg-beteiligung-3\/#breadcrumb","itemListElement":[{"@type":"ListItem","position":1,"name":"Startseite","item":"https:\/\/www.tsp.at\/en\/"},{"@type":"ListItem","position":2,"name":"Gentlemen&#8217;s Equity trennt sich von SPG-Beteiligung"}]},{"@type":"WebSite","@id":"https:\/\/www.tsp.at\/en\/#website","url":"https:\/\/www.tsp.at\/en\/","name":"Temmel | Seywald - Corporate Communications","description":"Kommunikation ist Beziehungsarbeit","publisher":{"@id":"https:\/\/www.tsp.at\/en\/#organization"},"potentialAction":[{"@type":"SearchAction","target":{"@type":"EntryPoint","urlTemplate":"https:\/\/www.tsp.at\/en\/?s={search_term_string}"},"query-input":{"@type":"PropertyValueSpecification","valueRequired":true,"valueName":"search_term_string"}}],"inLanguage":"en-US"},{"@type":"Organization","@id":"https:\/\/www.tsp.at\/en\/#organization","name":"Temmel, Seywald & Partner Communications GesmbH","alternateName":"TSP","url":"https:\/\/www.tsp.at\/en\/","logo":{"@type":"ImageObject","inLanguage":"en-US","@id":"https:\/\/www.tsp.at\/en\/#\/schema\/logo\/image\/","url":"https:\/\/www.tsp.at\/wp-content\/uploads\/2025\/10\/favicontsp.png","contentUrl":"https:\/\/www.tsp.at\/wp-content\/uploads\/2025\/10\/favicontsp.png","width":125,"height":125,"caption":"Temmel, Seywald & Partner Communications GesmbH"},"image":{"@id":"https:\/\/www.tsp.at\/en\/#\/schema\/logo\/image\/"},"sameAs":["https:\/\/www.facebook.com\/TemmelSeywald"]},{"@type":"Person","@id":"https:\/\/www.tsp.at\/en\/#\/schema\/person\/1ba5600c29da17b902b0925cea567f8a","name":"TSP Redaktion"}]}},"_links":{"self":[{"href":"https:\/\/www.tsp.at\/en\/wp-json\/wp\/v2\/posts\/11050","targetHints":{"allow":["GET"]}}],"collection":[{"href":"https:\/\/www.tsp.at\/en\/wp-json\/wp\/v2\/posts"}],"about":[{"href":"https:\/\/www.tsp.at\/en\/wp-json\/wp\/v2\/types\/post"}],"author":[{"embeddable":true,"href":"https:\/\/www.tsp.at\/en\/wp-json\/wp\/v2\/users\/2"}],"replies":[{"embeddable":true,"href":"https:\/\/www.tsp.at\/en\/wp-json\/wp\/v2\/comments?post=11050"}],"version-history":[{"count":1,"href":"https:\/\/www.tsp.at\/en\/wp-json\/wp\/v2\/posts\/11050\/revisions"}],"predecessor-version":[{"id":11313,"href":"https:\/\/www.tsp.at\/en\/wp-json\/wp\/v2\/posts\/11050\/revisions\/11313"}],"wp:featuredmedia":[{"embeddable":true,"href":"https:\/\/www.tsp.at\/en\/wp-json\/wp\/v2\/media\/11049"}],"wp:attachment":[{"href":"https:\/\/www.tsp.at\/en\/wp-json\/wp\/v2\/media?parent=11050"}],"wp:term":[{"taxonomy":"category","embeddable":true,"href":"https:\/\/www.tsp.at\/en\/wp-json\/wp\/v2\/categories?post=11050"},{"taxonomy":"post_tag","embeddable":true,"href":"https:\/\/www.tsp.at\/en\/wp-json\/wp\/v2\/tags?post=11050"}],"curies":[{"name":"wp","href":"https:\/\/api.w.org\/{rel}","templated":true}]}}