{"id":11066,"date":"2020-02-19T17:39:00","date_gmt":"2020-02-19T16:39:00","guid":{"rendered":"https:\/\/staging.tsp.at\/2020\/02\/19\/toleranzgespraeche-2020-widmen-sich-exodus-3\/"},"modified":"2025-10-21T14:52:31","modified_gmt":"2025-10-21T12:52:31","slug":"toleranzgespraeche-2020-widmen-sich-exodus-3","status":"publish","type":"post","link":"https:\/\/www.tsp.at\/en\/2020\/02\/19\/toleranzgespraeche-2020-widmen-sich-exodus-3\/","title":{"rendered":"Toleranzgespr\u00e4che 2020 widmen sich &#8220;Exodus&#8221;"},"content":{"rendered":"<article class=\"item\">\n<h2><strong>Programmvorstellung in Klagenfurt &#8211; Motto: Auszug aus dem Vertrauten<\/strong><\/h2>\n<p>19.02.2020<\/p>\n<\/p>\n<\/p>\n<\/p>\n<\/p>\n<\/p>\n<p>Klagenfurt \u2013 <strong>Die radikalen Ver\u00e4nderungen durch die Globalisierung und Digitalisierung von Wirtschaft und Gesellschaft l\u00f6sen bei vielen Menschen Angst und Abwehr aus. Egal, ob Pflegenotstand, Bev\u00f6lkerungswachstum oder menschgemachter Klimawandel: Europa steht vor einem Neustart. Die Europ\u00e4ischen Toleranzgespr\u00e4che vom 27. bis 30. Mai 2020 widmen sich der Frage, wie ein &#8220;Exodus &#8211; Auszug aus dem Vertrauten&#8221; erfolgen k\u00f6nnte.<\/strong> <a href=\"http:\/\/www.fresach.org\" rel=\"nofollow\" target=\"_blank\">http:\/\/www.<span class=\"hl\">fresach<\/span>.org<\/a> <\/p>\n<p><strong>Vom Verzicht zum Gewinn<\/strong> <\/p>\n<p>Rund 40 Autor\/innen, Sozial- und Wirtschaftsforscher\/innen, ebenso wie Philosophen und Literaten, werden sich in der Woche vor Pfingsten in Villach und <span class=\"hl\">Fresach<\/span> mit fundamentalen Fragen der europ\u00e4ischen Gesellschaft auseinandersetzen. Und sie werden dabei versuchen, L\u00f6sungen aufzuzeigen. &#8220;Vom Verzicht zum Gewinn&#8221; ist etwa eine der Aufgaben, die im Rahmen des B\u00fcrgerdialogs auf dem Museumsplatz diskutiert werden sollen.\n<\/p>\n<p>Das Veranstaltungsprogramm besteht aus einem Jugendforum und einem Tourismusforum in Villach (27. Mai), dem Toleranzforum mit B\u00fcrgerdialog in <span class=\"hl\">Fresach<\/span> (28. Mai) und dem Wirtschaftsforum (29. Mai) sowie erstmals Kuchl- und Kamingespr\u00e4chen, die zur Vertiefung von Gedanken und dem besseren Kennenlernen von Experten beitragen sollen.\n<\/p>\n<p>F\u00fcr Landtagspr\u00e4sident Reinhart Rohr sind die Europ\u00e4ischen Toleranzgespr\u00e4che in <span class=\"hl\">Fresach<\/span> ein Fixpunkt des politischen Jahreskalenders in K\u00e4rnten und ein wichtiges Forum f\u00fcr demokratie-politische Bewusstseinsbildung. &#8220;Die Gespr\u00e4che sollen Funktionstr\u00e4gern wie Bildungsverantwortlichen neue Wege aufzeigen, aber auch Mut machen und zum Denken anregen. Wir laden daher alle politisch und sozial interessierten B\u00fcrgerinnen und B\u00fcrger ein, sich an den Diskussionen in Villach und <span class=\"hl\">Fresach<\/span> zu beteiligen&#8221;, erkl\u00e4rte Rohr bei der Programmvorstellung am Dienstag vormittag in Klagenfurt. Es sei eine demokratiepolitische Pflicht, konstruktiv und kreativ dazu beizutragen, dass die Ver\u00e4nderung auch gelingt.\n<\/p>\n<p><strong>Chance f\u00fcr radikales Umdenken<\/strong> <\/p>\n<p>Superintendent Manfred Sauer, Obmann des Denk.Raum.<span class=\"hl\">Fresach<\/span>, informierte dar\u00fcber, dass sich die Gespr\u00e4che 2020 mit den dramatischen Folgen des Klimawandels und einem m\u00f6glichen New Green Deal (als Exodus) befassen werden. Das sei genug Sprengstoff f\u00fcr neue Konflikte, biete aber auch gro\u00dfe Chancen f\u00fcr ein radikales Umdenken von Industrie und Gesellschaft. Da sind neue Ideen, Konzepte und politische Ans\u00e4tze gefragt. &#8220;Solche brauchen wir f\u00fcr die Neugestaltung Europas, aber auch f\u00fcr unseren Ressourcenverbrauch und unsere pers\u00f6nlichen Verhaltensweisen&#8221;, sagte Sauer.\n<\/p>\n<p>F\u00fcr Harald Sobe, Stadtrat in Villach, bietet das Motiv der Europ\u00e4ischen Toleranzgespr\u00e4che 2020 &#8211; &#8220;Exodus&#8221; &#8211; vielf\u00e4ltige Interpretationsm\u00f6glichkeiten. Wichtig sei es jedoch, den unvermeidlichen &#8220;Auszug aus dem Vertrauten&#8221; als Chance und Wahlm\u00f6glichkeit zu verstehen. War der Auszug aus \u00c4gypten f\u00fcr die Israeliten ein Absch\u00fctteln von Sklaverei und Fremdbestimmung, so sei zu hoffen, dass der Exodus f\u00fcr Europa und f\u00fcr die demokratische Welt ein Aufbruch aus der fossilen Vergangenheit und profitgetriebenen Umweltzerst\u00f6rung in eine f\u00fcr alle Menschen sozial- und umweltvertr\u00e4gliche Zukunft werde. Mehr dazu auf <a href=\"http:\/\/www.fresach.org\" target=\"_blank\">fresach.org<\/a><\/p>\n<\/article>\n","protected":false},"excerpt":{"rendered":"<p>Programmvorstellung in Klagenfurt &#8211; Motto: Auszug aus dem Vertrauten 19.02.2020 Klagenfurt \u2013 Die radikalen Ver\u00e4nderungen durch die Globalisierung und Digitalisierung von Wirtschaft und Gesellschaft l\u00f6sen bei vielen Menschen Angst und Abwehr aus. Egal, ob Pflegenotstand, Bev\u00f6lkerungswachstum oder menschgemachter Klimawandel: Europa steht vor einem Neustart. Die Europ\u00e4ischen Toleranzgespr\u00e4che vom 27. bis 30. Mai 2020 widmen sich&hellip;<\/p>\n","protected":false},"author":2,"featured_media":11065,"comment_status":"closed","ping_status":"closed","sticky":false,"template":"","format":"standard","meta":{"footnotes":""},"categories":[3],"tags":[],"class_list":["post-11066","post","type-post","status-publish","format-standard","has-post-thumbnail","hentry","category-news","category-3","description-off"],"yoast_head":"<!-- This site is optimized with the Yoast SEO plugin v26.3 - https:\/\/yoast.com\/wordpress\/plugins\/seo\/ -->\n<title>Toleranzgespr\u00e4che 2020 widmen sich &quot;Exodus&quot; - Temmel | Seywald - Corporate Communications<\/title>\n<meta name=\"robots\" content=\"index, follow, max-snippet:-1, max-image-preview:large, max-video-preview:-1\" \/>\n<link rel=\"canonical\" href=\"https:\/\/www.tsp.at\/en\/2020\/02\/19\/toleranzgespraeche-2020-widmen-sich-exodus-3\/\" \/>\n<meta property=\"og:locale\" content=\"en_US\" \/>\n<meta property=\"og:type\" content=\"article\" \/>\n<meta property=\"og:title\" content=\"Toleranzgespr\u00e4che 2020 widmen sich &quot;Exodus&quot; - Temmel | Seywald - Corporate Communications\" \/>\n<meta property=\"og:description\" content=\"Programmvorstellung in Klagenfurt &#8211; Motto: Auszug aus dem Vertrauten 19.02.2020 Klagenfurt \u2013 Die radikalen Ver\u00e4nderungen durch die Globalisierung und Digitalisierung von Wirtschaft und Gesellschaft l\u00f6sen bei vielen Menschen Angst und Abwehr aus. Egal, ob Pflegenotstand, Bev\u00f6lkerungswachstum oder menschgemachter Klimawandel: Europa steht vor einem Neustart. Die Europ\u00e4ischen Toleranzgespr\u00e4che vom 27. bis 30. Mai 2020 widmen sich&hellip;\" \/>\n<meta property=\"og:url\" content=\"https:\/\/www.tsp.at\/en\/2020\/02\/19\/toleranzgespraeche-2020-widmen-sich-exodus-3\/\" \/>\n<meta property=\"og:site_name\" content=\"Temmel | Seywald - Corporate Communications\" \/>\n<meta property=\"article:publisher\" content=\"https:\/\/www.facebook.com\/TemmelSeywald\" \/>\n<meta property=\"article:published_time\" content=\"2020-02-19T16:39:00+00:00\" \/>\n<meta property=\"article:modified_time\" content=\"2025-10-21T12:52:31+00:00\" \/>\n<meta property=\"og:image\" content=\"https:\/\/www.tsp.at\/wp-content\/uploads\/2025\/10\/2I8B1841-2-scaled.jpg\" \/>\n\t<meta property=\"og:image:width\" content=\"2560\" \/>\n\t<meta property=\"og:image:height\" content=\"1309\" \/>\n\t<meta property=\"og:image:type\" content=\"image\/jpeg\" \/>\n<meta name=\"author\" content=\"TSP Redaktion\" \/>\n<meta name=\"twitter:card\" content=\"summary_large_image\" \/>\n<meta name=\"twitter:label1\" content=\"Written by\" \/>\n\t<meta name=\"twitter:data1\" content=\"TSP Redaktion\" \/>\n\t<meta name=\"twitter:label2\" content=\"Est. reading time\" \/>\n\t<meta name=\"twitter:data2\" content=\"3 minutes\" \/>\n<script type=\"application\/ld+json\" class=\"yoast-schema-graph\">{\"@context\":\"https:\/\/schema.org\",\"@graph\":[{\"@type\":\"Article\",\"@id\":\"https:\/\/www.tsp.at\/en\/2020\/02\/19\/toleranzgespraeche-2020-widmen-sich-exodus-3\/#article\",\"isPartOf\":{\"@id\":\"https:\/\/www.tsp.at\/en\/2020\/02\/19\/toleranzgespraeche-2020-widmen-sich-exodus-3\/\"},\"author\":{\"name\":\"TSP Redaktion\",\"@id\":\"https:\/\/www.tsp.at\/en\/#\/schema\/person\/1ba5600c29da17b902b0925cea567f8a\"},\"headline\":\"Toleranzgespr\u00e4che 2020 widmen sich &#8220;Exodus&#8221;\",\"datePublished\":\"2020-02-19T16:39:00+00:00\",\"dateModified\":\"2025-10-21T12:52:31+00:00\",\"mainEntityOfPage\":{\"@id\":\"https:\/\/www.tsp.at\/en\/2020\/02\/19\/toleranzgespraeche-2020-widmen-sich-exodus-3\/\"},\"wordCount\":474,\"publisher\":{\"@id\":\"https:\/\/www.tsp.at\/en\/#organization\"},\"image\":{\"@id\":\"https:\/\/www.tsp.at\/en\/2020\/02\/19\/toleranzgespraeche-2020-widmen-sich-exodus-3\/#primaryimage\"},\"thumbnailUrl\":\"https:\/\/www.tsp.at\/wp-content\/uploads\/2025\/10\/2I8B1841-2-scaled.jpg\",\"articleSection\":[\"News\"],\"inLanguage\":\"en-US\"},{\"@type\":\"WebPage\",\"@id\":\"https:\/\/www.tsp.at\/en\/2020\/02\/19\/toleranzgespraeche-2020-widmen-sich-exodus-3\/\",\"url\":\"https:\/\/www.tsp.at\/en\/2020\/02\/19\/toleranzgespraeche-2020-widmen-sich-exodus-3\/\",\"name\":\"Toleranzgespr\u00e4che 2020 widmen sich \\\"Exodus\\\" - Temmel | Seywald - Corporate Communications\",\"isPartOf\":{\"@id\":\"https:\/\/www.tsp.at\/en\/#website\"},\"primaryImageOfPage\":{\"@id\":\"https:\/\/www.tsp.at\/en\/2020\/02\/19\/toleranzgespraeche-2020-widmen-sich-exodus-3\/#primaryimage\"},\"image\":{\"@id\":\"https:\/\/www.tsp.at\/en\/2020\/02\/19\/toleranzgespraeche-2020-widmen-sich-exodus-3\/#primaryimage\"},\"thumbnailUrl\":\"https:\/\/www.tsp.at\/wp-content\/uploads\/2025\/10\/2I8B1841-2-scaled.jpg\",\"datePublished\":\"2020-02-19T16:39:00+00:00\",\"dateModified\":\"2025-10-21T12:52:31+00:00\",\"breadcrumb\":{\"@id\":\"https:\/\/www.tsp.at\/en\/2020\/02\/19\/toleranzgespraeche-2020-widmen-sich-exodus-3\/#breadcrumb\"},\"inLanguage\":\"en-US\",\"potentialAction\":[{\"@type\":\"ReadAction\",\"target\":[\"https:\/\/www.tsp.at\/en\/2020\/02\/19\/toleranzgespraeche-2020-widmen-sich-exodus-3\/\"]}]},{\"@type\":\"ImageObject\",\"inLanguage\":\"en-US\",\"@id\":\"https:\/\/www.tsp.at\/en\/2020\/02\/19\/toleranzgespraeche-2020-widmen-sich-exodus-3\/#primaryimage\",\"url\":\"https:\/\/www.tsp.at\/wp-content\/uploads\/2025\/10\/2I8B1841-2-scaled.jpg\",\"contentUrl\":\"https:\/\/www.tsp.at\/wp-content\/uploads\/2025\/10\/2I8B1841-2-scaled.jpg\",\"width\":2560,\"height\":1309},{\"@type\":\"BreadcrumbList\",\"@id\":\"https:\/\/www.tsp.at\/en\/2020\/02\/19\/toleranzgespraeche-2020-widmen-sich-exodus-3\/#breadcrumb\",\"itemListElement\":[{\"@type\":\"ListItem\",\"position\":1,\"name\":\"Startseite\",\"item\":\"https:\/\/www.tsp.at\/en\/\"},{\"@type\":\"ListItem\",\"position\":2,\"name\":\"Toleranzgespr\u00e4che 2020 widmen sich &#8222;Exodus&#8220;\"}]},{\"@type\":\"WebSite\",\"@id\":\"https:\/\/www.tsp.at\/en\/#website\",\"url\":\"https:\/\/www.tsp.at\/en\/\",\"name\":\"Temmel | Seywald - Corporate Communications\",\"description\":\"Kommunikation ist Beziehungsarbeit\",\"publisher\":{\"@id\":\"https:\/\/www.tsp.at\/en\/#organization\"},\"potentialAction\":[{\"@type\":\"SearchAction\",\"target\":{\"@type\":\"EntryPoint\",\"urlTemplate\":\"https:\/\/www.tsp.at\/en\/?s={search_term_string}\"},\"query-input\":{\"@type\":\"PropertyValueSpecification\",\"valueRequired\":true,\"valueName\":\"search_term_string\"}}],\"inLanguage\":\"en-US\"},{\"@type\":\"Organization\",\"@id\":\"https:\/\/www.tsp.at\/en\/#organization\",\"name\":\"Temmel, Seywald & Partner Communications GesmbH\",\"alternateName\":\"TSP\",\"url\":\"https:\/\/www.tsp.at\/en\/\",\"logo\":{\"@type\":\"ImageObject\",\"inLanguage\":\"en-US\",\"@id\":\"https:\/\/www.tsp.at\/en\/#\/schema\/logo\/image\/\",\"url\":\"https:\/\/www.tsp.at\/wp-content\/uploads\/2025\/10\/favicontsp.png\",\"contentUrl\":\"https:\/\/www.tsp.at\/wp-content\/uploads\/2025\/10\/favicontsp.png\",\"width\":125,\"height\":125,\"caption\":\"Temmel, Seywald & Partner Communications GesmbH\"},\"image\":{\"@id\":\"https:\/\/www.tsp.at\/en\/#\/schema\/logo\/image\/\"},\"sameAs\":[\"https:\/\/www.facebook.com\/TemmelSeywald\"]},{\"@type\":\"Person\",\"@id\":\"https:\/\/www.tsp.at\/en\/#\/schema\/person\/1ba5600c29da17b902b0925cea567f8a\",\"name\":\"TSP Redaktion\"}]}<\/script>\n<!-- \/ Yoast SEO plugin. -->","yoast_head_json":{"title":"Toleranzgespr\u00e4che 2020 widmen sich \"Exodus\" - Temmel | Seywald - Corporate Communications","robots":{"index":"index","follow":"follow","max-snippet":"max-snippet:-1","max-image-preview":"max-image-preview:large","max-video-preview":"max-video-preview:-1"},"canonical":"https:\/\/www.tsp.at\/en\/2020\/02\/19\/toleranzgespraeche-2020-widmen-sich-exodus-3\/","og_locale":"en_US","og_type":"article","og_title":"Toleranzgespr\u00e4che 2020 widmen sich \"Exodus\" - Temmel | Seywald - Corporate Communications","og_description":"Programmvorstellung in Klagenfurt &#8211; Motto: Auszug aus dem Vertrauten 19.02.2020 Klagenfurt \u2013 Die radikalen Ver\u00e4nderungen durch die Globalisierung und Digitalisierung von Wirtschaft und Gesellschaft l\u00f6sen bei vielen Menschen Angst und Abwehr aus. Egal, ob Pflegenotstand, Bev\u00f6lkerungswachstum oder menschgemachter Klimawandel: Europa steht vor einem Neustart. Die Europ\u00e4ischen Toleranzgespr\u00e4che vom 27. bis 30. Mai 2020 widmen sich&hellip;","og_url":"https:\/\/www.tsp.at\/en\/2020\/02\/19\/toleranzgespraeche-2020-widmen-sich-exodus-3\/","og_site_name":"Temmel | Seywald - Corporate Communications","article_publisher":"https:\/\/www.facebook.com\/TemmelSeywald","article_published_time":"2020-02-19T16:39:00+00:00","article_modified_time":"2025-10-21T12:52:31+00:00","og_image":[{"width":2560,"height":1309,"url":"https:\/\/www.tsp.at\/wp-content\/uploads\/2025\/10\/2I8B1841-2-scaled.jpg","type":"image\/jpeg"}],"author":"TSP Redaktion","twitter_card":"summary_large_image","twitter_misc":{"Written by":"TSP Redaktion","Est. reading time":"3 minutes"},"schema":{"@context":"https:\/\/schema.org","@graph":[{"@type":"Article","@id":"https:\/\/www.tsp.at\/en\/2020\/02\/19\/toleranzgespraeche-2020-widmen-sich-exodus-3\/#article","isPartOf":{"@id":"https:\/\/www.tsp.at\/en\/2020\/02\/19\/toleranzgespraeche-2020-widmen-sich-exodus-3\/"},"author":{"name":"TSP Redaktion","@id":"https:\/\/www.tsp.at\/en\/#\/schema\/person\/1ba5600c29da17b902b0925cea567f8a"},"headline":"Toleranzgespr\u00e4che 2020 widmen sich &#8220;Exodus&#8221;","datePublished":"2020-02-19T16:39:00+00:00","dateModified":"2025-10-21T12:52:31+00:00","mainEntityOfPage":{"@id":"https:\/\/www.tsp.at\/en\/2020\/02\/19\/toleranzgespraeche-2020-widmen-sich-exodus-3\/"},"wordCount":474,"publisher":{"@id":"https:\/\/www.tsp.at\/en\/#organization"},"image":{"@id":"https:\/\/www.tsp.at\/en\/2020\/02\/19\/toleranzgespraeche-2020-widmen-sich-exodus-3\/#primaryimage"},"thumbnailUrl":"https:\/\/www.tsp.at\/wp-content\/uploads\/2025\/10\/2I8B1841-2-scaled.jpg","articleSection":["News"],"inLanguage":"en-US"},{"@type":"WebPage","@id":"https:\/\/www.tsp.at\/en\/2020\/02\/19\/toleranzgespraeche-2020-widmen-sich-exodus-3\/","url":"https:\/\/www.tsp.at\/en\/2020\/02\/19\/toleranzgespraeche-2020-widmen-sich-exodus-3\/","name":"Toleranzgespr\u00e4che 2020 widmen sich \"Exodus\" - Temmel | Seywald - Corporate Communications","isPartOf":{"@id":"https:\/\/www.tsp.at\/en\/#website"},"primaryImageOfPage":{"@id":"https:\/\/www.tsp.at\/en\/2020\/02\/19\/toleranzgespraeche-2020-widmen-sich-exodus-3\/#primaryimage"},"image":{"@id":"https:\/\/www.tsp.at\/en\/2020\/02\/19\/toleranzgespraeche-2020-widmen-sich-exodus-3\/#primaryimage"},"thumbnailUrl":"https:\/\/www.tsp.at\/wp-content\/uploads\/2025\/10\/2I8B1841-2-scaled.jpg","datePublished":"2020-02-19T16:39:00+00:00","dateModified":"2025-10-21T12:52:31+00:00","breadcrumb":{"@id":"https:\/\/www.tsp.at\/en\/2020\/02\/19\/toleranzgespraeche-2020-widmen-sich-exodus-3\/#breadcrumb"},"inLanguage":"en-US","potentialAction":[{"@type":"ReadAction","target":["https:\/\/www.tsp.at\/en\/2020\/02\/19\/toleranzgespraeche-2020-widmen-sich-exodus-3\/"]}]},{"@type":"ImageObject","inLanguage":"en-US","@id":"https:\/\/www.tsp.at\/en\/2020\/02\/19\/toleranzgespraeche-2020-widmen-sich-exodus-3\/#primaryimage","url":"https:\/\/www.tsp.at\/wp-content\/uploads\/2025\/10\/2I8B1841-2-scaled.jpg","contentUrl":"https:\/\/www.tsp.at\/wp-content\/uploads\/2025\/10\/2I8B1841-2-scaled.jpg","width":2560,"height":1309},{"@type":"BreadcrumbList","@id":"https:\/\/www.tsp.at\/en\/2020\/02\/19\/toleranzgespraeche-2020-widmen-sich-exodus-3\/#breadcrumb","itemListElement":[{"@type":"ListItem","position":1,"name":"Startseite","item":"https:\/\/www.tsp.at\/en\/"},{"@type":"ListItem","position":2,"name":"Toleranzgespr\u00e4che 2020 widmen sich &#8222;Exodus&#8220;"}]},{"@type":"WebSite","@id":"https:\/\/www.tsp.at\/en\/#website","url":"https:\/\/www.tsp.at\/en\/","name":"Temmel | Seywald - Corporate Communications","description":"Kommunikation ist Beziehungsarbeit","publisher":{"@id":"https:\/\/www.tsp.at\/en\/#organization"},"potentialAction":[{"@type":"SearchAction","target":{"@type":"EntryPoint","urlTemplate":"https:\/\/www.tsp.at\/en\/?s={search_term_string}"},"query-input":{"@type":"PropertyValueSpecification","valueRequired":true,"valueName":"search_term_string"}}],"inLanguage":"en-US"},{"@type":"Organization","@id":"https:\/\/www.tsp.at\/en\/#organization","name":"Temmel, Seywald & Partner Communications GesmbH","alternateName":"TSP","url":"https:\/\/www.tsp.at\/en\/","logo":{"@type":"ImageObject","inLanguage":"en-US","@id":"https:\/\/www.tsp.at\/en\/#\/schema\/logo\/image\/","url":"https:\/\/www.tsp.at\/wp-content\/uploads\/2025\/10\/favicontsp.png","contentUrl":"https:\/\/www.tsp.at\/wp-content\/uploads\/2025\/10\/favicontsp.png","width":125,"height":125,"caption":"Temmel, Seywald & Partner Communications GesmbH"},"image":{"@id":"https:\/\/www.tsp.at\/en\/#\/schema\/logo\/image\/"},"sameAs":["https:\/\/www.facebook.com\/TemmelSeywald"]},{"@type":"Person","@id":"https:\/\/www.tsp.at\/en\/#\/schema\/person\/1ba5600c29da17b902b0925cea567f8a","name":"TSP Redaktion"}]}},"_links":{"self":[{"href":"https:\/\/www.tsp.at\/en\/wp-json\/wp\/v2\/posts\/11066","targetHints":{"allow":["GET"]}}],"collection":[{"href":"https:\/\/www.tsp.at\/en\/wp-json\/wp\/v2\/posts"}],"about":[{"href":"https:\/\/www.tsp.at\/en\/wp-json\/wp\/v2\/types\/post"}],"author":[{"embeddable":true,"href":"https:\/\/www.tsp.at\/en\/wp-json\/wp\/v2\/users\/2"}],"replies":[{"embeddable":true,"href":"https:\/\/www.tsp.at\/en\/wp-json\/wp\/v2\/comments?post=11066"}],"version-history":[{"count":1,"href":"https:\/\/www.tsp.at\/en\/wp-json\/wp\/v2\/posts\/11066\/revisions"}],"predecessor-version":[{"id":11363,"href":"https:\/\/www.tsp.at\/en\/wp-json\/wp\/v2\/posts\/11066\/revisions\/11363"}],"wp:featuredmedia":[{"embeddable":true,"href":"https:\/\/www.tsp.at\/en\/wp-json\/wp\/v2\/media\/11065"}],"wp:attachment":[{"href":"https:\/\/www.tsp.at\/en\/wp-json\/wp\/v2\/media?parent=11066"}],"wp:term":[{"taxonomy":"category","embeddable":true,"href":"https:\/\/www.tsp.at\/en\/wp-json\/wp\/v2\/categories?post=11066"},{"taxonomy":"post_tag","embeddable":true,"href":"https:\/\/www.tsp.at\/en\/wp-json\/wp\/v2\/tags?post=11066"}],"curies":[{"name":"wp","href":"https:\/\/api.w.org\/{rel}","templated":true}]}}