{"id":11070,"date":"2019-11-08T13:03:00","date_gmt":"2019-11-08T12:03:00","guid":{"rendered":"https:\/\/staging.tsp.at\/2019\/11\/08\/horvath-partners-viktor-kaplan-als-innovationsvorbild-3\/"},"modified":"2025-10-21T14:52:33","modified_gmt":"2025-10-21T12:52:33","slug":"horvath-partners-viktor-kaplan-als-innovationsvorbild-3","status":"publish","type":"post","link":"https:\/\/www.tsp.at\/en\/2019\/11\/08\/horvath-partners-viktor-kaplan-als-innovationsvorbild-3\/","title":{"rendered":"Horv\u00e1th &#038; Partners: Viktor Kaplan als Innovationsvorbild"},"content":{"rendered":"<article class=\"item\">\n<h2><strong> Mut und Ausdauer gefragt &#8211; Jeder Einzelne ist Keimzelle f\u00fcr bahnbrechende Erfindungen<\/strong><\/h2>\n<p>08.11.2019<\/p>\n<\/p>\n<\/p>\n<\/p>\n<\/p>\n<\/p>\n<p>Wien \u2013 Kreative Mitarbeiter bei der Umsetzung von Ideen f\u00f6rdern anstatt sie auszubremsen, auch mal verr\u00fcckte Dinge zuzulassen: So lautete die Quintessenz des Round Tables &#8220;Technik, Turbo und Turbinen&#8221; im Rahmen des Symposiums zum 100-j\u00e4hrigen Jubil\u00e4um der ersten Kaplanturbine am Donnerstagabend im Wiener Palais Hansen Kempinski. Die von der Viktor Kaplan Gesellschaft <a href=\"http:\/\/viktorkaplanmuerz.at\" target=\"_blank\">http:\/\/viktorkaplanmuerz.at<\/a>in Kooperation mit dem Travel Industry Club Austria organisierte Veranstaltung schlussfolgerte, dass der \u00f6sterreichische Ingenieur und Erfinder Viktor Kaplan (1876-1934) in Sachen Kreativit\u00e4t, Innovation und Durchhalteverm\u00f6gen auch heute noch ein Vorbild ist.\n<\/p>\n<p><strong>Neue Ideen einfach zulassen<\/strong> <\/p>\n<p>&#8220;Jeder Einzelne ist die Keimzelle der Innovation &#8211; ob nun selbst als T\u00fcftler oder als F\u00f6rderer. Dabei ist vom F\u00fchrungspersonal Mut, Offenheit und auch Ausdauer gefragt&#8221;, fasste Oliver Greiner, Strategieberater beim international t\u00e4tigen Management Consulter Horv\u00e1th &amp; Partners <a href=\"http:\/\/horvath-partners.com\" target=\"_blank\">http:\/\/horvath-partners.com<\/a> , die Bedeutung aktiver Innovationspolitik in den Chefetagen zusammen. Dabei sprach Greiner die vielf\u00e4ltigen Probleme im Umgang mit Innovation aus seinem Beratungsalltag an. &#8220;In vielen Unternehmen verbringen die Mitarbeiter in Meetings viel zu viel Zeit damit, frische Ideen immer und immer wieder zu hinterfragen und zu widerlegen. Der Mut zum Ausprobieren fehlt leider oft&#8221;, so Greiner.\n<\/p>\n<p>Was passiert, wenn Unternehmen zur richtigen Zeit den Mut haben, in disruptive Technologien zu investieren, l\u00e4sst sich anschaulich am Beispiel der Automobilindustrie beobachten. &#8220;In Deutschland hat ein ganzer Industriezweig die Elektromobilit\u00e4t verschlafen. Dabei lagen die Konzepte schon vor \u00fcber zehn Jahren auf dem Tisch. Asiatische Hersteller nutzen das nun aus, wie \u00fcbrigens auch Tesla-Chef Elon Musk, und etablierte Konzerne in Europa reiben sich ungl\u00e4ubig die Augen&#8221;, unterstrich Greiner, der in der Stuttgarter Horv\u00e1th-Zentrale f\u00fcr Strategiefragen zust\u00e4ndig ist.\n<\/p>\n<p>Dass es kreative K\u00f6pfe in Unternehmen h\u00e4ufig schwer haben, ihre Ideen zu verwirklichen, bem\u00e4ngelte auch Brigitte Pfisterer, Startup Consultant &amp; Program Manager beim Wiener Business-Inkubator INiTS Universit\u00e4res Gr\u00fcnderservice <a href=\"http:\/\/inits.at\" target=\"_blank\">http:\/\/inits.at<\/a> : &#8220;Nicht nur das Zulassen von Ideen ist ein Problem. Auch bei der Produktrealisierung sind manche Unternehmen unbelehrbar, beratungsresistent und machen immer wieder die gleichen Fehler. Wirkliche Innovationen bleiben so auf der Strecke.&#8221; Es m\u00fcsse vorab gekl\u00e4rt werden &#8211; und hierbei setzt INiTS auf die Lean-Startup-Methode &#8211; ob der Kunde das Produkt \u00fcberhaupt braucht.\n<\/p>\n<p><strong>Gesch\u00e4ftsmodelle entwickeln<\/strong> <\/p>\n<p>Dass eine konstruktive Fehlerkultur in Unternehmen wichtig ist, bemerkte auch Alfred Edlinger von M.I.T. Metallurgy &amp; Inorganic Technology <a href=\"http:\/\/mitechnology.at\" target=\"_blank\">http:\/\/mitechnology.at<\/a> , der selbst Inhaber hunderter Patente (!) ist: &#8220;Fehler zu machen geh\u00f6rt zum Prozess der Entwicklung innovativer Produkte, jedoch m\u00fcssen auch die Rahmenbedingungen stimmen und die Bereitschaft vorhanden sein, aus gemachten Fehlern zu lernen.&#8221; Zu den Fehlern bei vielen Start-ups z\u00e4hlen f\u00fcr Managementberater Greiner auch fehlendende Gesch\u00e4ftsmodelle. &#8220;Ein tolles Produkt allein reicht nicht. Man sollte Zielgruppen definieren, m\u00f6gliche Partner identifizieren und auch das Marketing besser vorab planen.&#8221;\n<\/p>\n<p>Wenn es um die Rahmenbedingungen f\u00fcr Innovationen geht, sind auch Cluster n\u00f6tig, erl\u00e4uterte Andrea Scheichl, Vizepr\u00e4sidentin beim \u00d6sterreichischen Patentamt <a href=\"http:\/\/patentamt.at\" target=\"_blank\">http:\/\/patentamt.at<\/a> . &#8220;Partnerschaften und Kooperationen im Sinne einer gemeinsamen Forschung k\u00f6nnen Cluster entstehen lassen, die letztlich N\u00e4he schaffen und so Innovationen hervorbringen.&#8221; F\u00fcr Pfisterer habe \u00d6sterreich in dieser Hinsicht gegen\u00fcber L\u00e4ndern wie Israel &#8220;Aufholpotenzial&#8221;, wobei Scheichl auch jeden Einzelnen adressiert. &#8220;Nicht nur der Staat, das Bildungssystem und die Institutionen m\u00fcssen sich \u00e4ndern, auch die Gesellschaft und die Unternehmen selbst.&#8221;\n<\/p>\n<p>Walter Wagner, Pr\u00e4sident des \u00d6sterreichischen Patentinhaber- und Erfinderverbandes (OPEV) <a href=\"http:\/\/www.erfinderverband.at\" target=\"_blank\">http:\/\/www.erfinderverband.at<\/a> , bem\u00e4ngelte zudem die Rahmenbedingungen f\u00fcr die Verwertbarkeit von Patenten in \u00d6sterreich und Europa. Amerikaner und Israelis seien meist viel schneller bei der Umsetzung in marktf\u00e4hige Produkte, so der Interessenvertreter.\n<\/p>\n<p>Fotos zur Veranstaltung &#8220;Viktor-Kaplan-Jubil\u00e4um 2019 &#8211; Eine Innovation bewegt die Welt&#8221; stehen unter <a href=\"http:\/\/fotodienst.pressetext.com\/album\/3727\" target=\"_blank\">http:\/\/fotodienst.pressetext.com\/album\/3727<\/a> kostenlos als Download bereit. Video-Aufzueichnungen stehen in K\u00fcrze zur Verf\u00fcgung.<\/p>\n<\/article>\n","protected":false},"excerpt":{"rendered":"<p>Mut und Ausdauer gefragt &#8211; Jeder Einzelne ist Keimzelle f\u00fcr bahnbrechende Erfindungen 08.11.2019 Wien \u2013 Kreative Mitarbeiter bei der Umsetzung von Ideen f\u00f6rdern anstatt sie auszubremsen, auch mal verr\u00fcckte Dinge zuzulassen: So lautete die Quintessenz des Round Tables &#8220;Technik, Turbo und Turbinen&#8221; im Rahmen des Symposiums zum 100-j\u00e4hrigen Jubil\u00e4um der ersten Kaplanturbine am Donnerstagabend im&hellip;<\/p>\n","protected":false},"author":2,"featured_media":11069,"comment_status":"closed","ping_status":"closed","sticky":false,"template":"","format":"standard","meta":{"footnotes":""},"categories":[3],"tags":[],"class_list":["post-11070","post","type-post","status-publish","format-standard","has-post-thumbnail","hentry","category-news","category-3","description-off"],"yoast_head":"<!-- This site is optimized with the Yoast SEO plugin v26.3 - https:\/\/yoast.com\/wordpress\/plugins\/seo\/ -->\n<title>Horv\u00e1th &amp; Partners: Viktor Kaplan als Innovationsvorbild - Temmel | Seywald - Corporate Communications<\/title>\n<meta name=\"robots\" content=\"index, follow, max-snippet:-1, max-image-preview:large, max-video-preview:-1\" \/>\n<link rel=\"canonical\" href=\"https:\/\/www.tsp.at\/en\/2019\/11\/08\/horvath-partners-viktor-kaplan-als-innovationsvorbild-3\/\" \/>\n<meta property=\"og:locale\" content=\"en_US\" \/>\n<meta property=\"og:type\" content=\"article\" \/>\n<meta property=\"og:title\" content=\"Horv\u00e1th &amp; Partners: Viktor Kaplan als Innovationsvorbild - Temmel | Seywald - Corporate Communications\" \/>\n<meta property=\"og:description\" content=\"Mut und Ausdauer gefragt &#8211; Jeder Einzelne ist Keimzelle f\u00fcr bahnbrechende Erfindungen 08.11.2019 Wien \u2013 Kreative Mitarbeiter bei der Umsetzung von Ideen f\u00f6rdern anstatt sie auszubremsen, auch mal verr\u00fcckte Dinge zuzulassen: So lautete die Quintessenz des Round Tables &#8220;Technik, Turbo und Turbinen&#8221; im Rahmen des Symposiums zum 100-j\u00e4hrigen Jubil\u00e4um der ersten Kaplanturbine am Donnerstagabend im&hellip;\" \/>\n<meta property=\"og:url\" content=\"https:\/\/www.tsp.at\/en\/2019\/11\/08\/horvath-partners-viktor-kaplan-als-innovationsvorbild-3\/\" \/>\n<meta property=\"og:site_name\" content=\"Temmel | Seywald - Corporate Communications\" \/>\n<meta property=\"article:publisher\" content=\"https:\/\/www.facebook.com\/TemmelSeywald\" \/>\n<meta property=\"article:published_time\" content=\"2019-11-08T12:03:00+00:00\" \/>\n<meta property=\"article:modified_time\" content=\"2025-10-21T12:52:33+00:00\" \/>\n<meta property=\"og:image\" content=\"https:\/\/www.tsp.at\/wp-content\/uploads\/2025\/10\/Kaplan-Roundtable-2-1024x707.jpg\" \/>\n\t<meta property=\"og:image:width\" content=\"1024\" \/>\n\t<meta property=\"og:image:height\" content=\"707\" \/>\n\t<meta property=\"og:image:type\" content=\"image\/jpeg\" \/>\n<meta name=\"author\" content=\"TSP Redaktion\" \/>\n<meta name=\"twitter:card\" content=\"summary_large_image\" \/>\n<meta name=\"twitter:label1\" content=\"Written by\" \/>\n\t<meta name=\"twitter:data1\" content=\"TSP Redaktion\" \/>\n\t<meta name=\"twitter:label2\" content=\"Est. reading time\" \/>\n\t<meta name=\"twitter:data2\" content=\"4 minutes\" \/>\n<script type=\"application\/ld+json\" class=\"yoast-schema-graph\">{\"@context\":\"https:\/\/schema.org\",\"@graph\":[{\"@type\":\"Article\",\"@id\":\"https:\/\/www.tsp.at\/en\/2019\/11\/08\/horvath-partners-viktor-kaplan-als-innovationsvorbild-3\/#article\",\"isPartOf\":{\"@id\":\"https:\/\/www.tsp.at\/en\/2019\/11\/08\/horvath-partners-viktor-kaplan-als-innovationsvorbild-3\/\"},\"author\":{\"name\":\"TSP Redaktion\",\"@id\":\"https:\/\/www.tsp.at\/en\/#\/schema\/person\/1ba5600c29da17b902b0925cea567f8a\"},\"headline\":\"Horv\u00e1th &#038; Partners: Viktor Kaplan als Innovationsvorbild\",\"datePublished\":\"2019-11-08T12:03:00+00:00\",\"dateModified\":\"2025-10-21T12:52:33+00:00\",\"mainEntityOfPage\":{\"@id\":\"https:\/\/www.tsp.at\/en\/2019\/11\/08\/horvath-partners-viktor-kaplan-als-innovationsvorbild-3\/\"},\"wordCount\":653,\"publisher\":{\"@id\":\"https:\/\/www.tsp.at\/en\/#organization\"},\"image\":{\"@id\":\"https:\/\/www.tsp.at\/en\/2019\/11\/08\/horvath-partners-viktor-kaplan-als-innovationsvorbild-3\/#primaryimage\"},\"thumbnailUrl\":\"https:\/\/www.tsp.at\/wp-content\/uploads\/2025\/10\/Kaplan-Roundtable-2.jpg\",\"articleSection\":[\"News\"],\"inLanguage\":\"en-US\"},{\"@type\":\"WebPage\",\"@id\":\"https:\/\/www.tsp.at\/en\/2019\/11\/08\/horvath-partners-viktor-kaplan-als-innovationsvorbild-3\/\",\"url\":\"https:\/\/www.tsp.at\/en\/2019\/11\/08\/horvath-partners-viktor-kaplan-als-innovationsvorbild-3\/\",\"name\":\"Horv\u00e1th & Partners: Viktor Kaplan als Innovationsvorbild - Temmel | Seywald - Corporate Communications\",\"isPartOf\":{\"@id\":\"https:\/\/www.tsp.at\/en\/#website\"},\"primaryImageOfPage\":{\"@id\":\"https:\/\/www.tsp.at\/en\/2019\/11\/08\/horvath-partners-viktor-kaplan-als-innovationsvorbild-3\/#primaryimage\"},\"image\":{\"@id\":\"https:\/\/www.tsp.at\/en\/2019\/11\/08\/horvath-partners-viktor-kaplan-als-innovationsvorbild-3\/#primaryimage\"},\"thumbnailUrl\":\"https:\/\/www.tsp.at\/wp-content\/uploads\/2025\/10\/Kaplan-Roundtable-2.jpg\",\"datePublished\":\"2019-11-08T12:03:00+00:00\",\"dateModified\":\"2025-10-21T12:52:33+00:00\",\"breadcrumb\":{\"@id\":\"https:\/\/www.tsp.at\/en\/2019\/11\/08\/horvath-partners-viktor-kaplan-als-innovationsvorbild-3\/#breadcrumb\"},\"inLanguage\":\"en-US\",\"potentialAction\":[{\"@type\":\"ReadAction\",\"target\":[\"https:\/\/www.tsp.at\/en\/2019\/11\/08\/horvath-partners-viktor-kaplan-als-innovationsvorbild-3\/\"]}]},{\"@type\":\"ImageObject\",\"inLanguage\":\"en-US\",\"@id\":\"https:\/\/www.tsp.at\/en\/2019\/11\/08\/horvath-partners-viktor-kaplan-als-innovationsvorbild-3\/#primaryimage\",\"url\":\"https:\/\/www.tsp.at\/wp-content\/uploads\/2025\/10\/Kaplan-Roundtable-2.jpg\",\"contentUrl\":\"https:\/\/www.tsp.at\/wp-content\/uploads\/2025\/10\/Kaplan-Roundtable-2.jpg\",\"width\":2214,\"height\":1528},{\"@type\":\"BreadcrumbList\",\"@id\":\"https:\/\/www.tsp.at\/en\/2019\/11\/08\/horvath-partners-viktor-kaplan-als-innovationsvorbild-3\/#breadcrumb\",\"itemListElement\":[{\"@type\":\"ListItem\",\"position\":1,\"name\":\"Startseite\",\"item\":\"https:\/\/www.tsp.at\/en\/\"},{\"@type\":\"ListItem\",\"position\":2,\"name\":\"Horv\u00e1th &#038; Partners: Viktor Kaplan als Innovationsvorbild\"}]},{\"@type\":\"WebSite\",\"@id\":\"https:\/\/www.tsp.at\/en\/#website\",\"url\":\"https:\/\/www.tsp.at\/en\/\",\"name\":\"Temmel | Seywald - Corporate Communications\",\"description\":\"Kommunikation ist Beziehungsarbeit\",\"publisher\":{\"@id\":\"https:\/\/www.tsp.at\/en\/#organization\"},\"potentialAction\":[{\"@type\":\"SearchAction\",\"target\":{\"@type\":\"EntryPoint\",\"urlTemplate\":\"https:\/\/www.tsp.at\/en\/?s={search_term_string}\"},\"query-input\":{\"@type\":\"PropertyValueSpecification\",\"valueRequired\":true,\"valueName\":\"search_term_string\"}}],\"inLanguage\":\"en-US\"},{\"@type\":\"Organization\",\"@id\":\"https:\/\/www.tsp.at\/en\/#organization\",\"name\":\"Temmel, Seywald & Partner Communications GesmbH\",\"alternateName\":\"TSP\",\"url\":\"https:\/\/www.tsp.at\/en\/\",\"logo\":{\"@type\":\"ImageObject\",\"inLanguage\":\"en-US\",\"@id\":\"https:\/\/www.tsp.at\/en\/#\/schema\/logo\/image\/\",\"url\":\"https:\/\/www.tsp.at\/wp-content\/uploads\/2025\/10\/favicontsp.png\",\"contentUrl\":\"https:\/\/www.tsp.at\/wp-content\/uploads\/2025\/10\/favicontsp.png\",\"width\":125,\"height\":125,\"caption\":\"Temmel, Seywald & Partner Communications GesmbH\"},\"image\":{\"@id\":\"https:\/\/www.tsp.at\/en\/#\/schema\/logo\/image\/\"},\"sameAs\":[\"https:\/\/www.facebook.com\/TemmelSeywald\"]},{\"@type\":\"Person\",\"@id\":\"https:\/\/www.tsp.at\/en\/#\/schema\/person\/1ba5600c29da17b902b0925cea567f8a\",\"name\":\"TSP Redaktion\"}]}<\/script>\n<!-- \/ Yoast SEO plugin. -->","yoast_head_json":{"title":"Horv\u00e1th & Partners: Viktor Kaplan als Innovationsvorbild - Temmel | Seywald - Corporate Communications","robots":{"index":"index","follow":"follow","max-snippet":"max-snippet:-1","max-image-preview":"max-image-preview:large","max-video-preview":"max-video-preview:-1"},"canonical":"https:\/\/www.tsp.at\/en\/2019\/11\/08\/horvath-partners-viktor-kaplan-als-innovationsvorbild-3\/","og_locale":"en_US","og_type":"article","og_title":"Horv\u00e1th & Partners: Viktor Kaplan als Innovationsvorbild - Temmel | Seywald - Corporate Communications","og_description":"Mut und Ausdauer gefragt &#8211; Jeder Einzelne ist Keimzelle f\u00fcr bahnbrechende Erfindungen 08.11.2019 Wien \u2013 Kreative Mitarbeiter bei der Umsetzung von Ideen f\u00f6rdern anstatt sie auszubremsen, auch mal verr\u00fcckte Dinge zuzulassen: So lautete die Quintessenz des Round Tables &#8220;Technik, Turbo und Turbinen&#8221; im Rahmen des Symposiums zum 100-j\u00e4hrigen Jubil\u00e4um der ersten Kaplanturbine am Donnerstagabend im&hellip;","og_url":"https:\/\/www.tsp.at\/en\/2019\/11\/08\/horvath-partners-viktor-kaplan-als-innovationsvorbild-3\/","og_site_name":"Temmel | Seywald - Corporate Communications","article_publisher":"https:\/\/www.facebook.com\/TemmelSeywald","article_published_time":"2019-11-08T12:03:00+00:00","article_modified_time":"2025-10-21T12:52:33+00:00","og_image":[{"width":1024,"height":707,"url":"https:\/\/www.tsp.at\/wp-content\/uploads\/2025\/10\/Kaplan-Roundtable-2-1024x707.jpg","type":"image\/jpeg"}],"author":"TSP Redaktion","twitter_card":"summary_large_image","twitter_misc":{"Written by":"TSP Redaktion","Est. reading time":"4 minutes"},"schema":{"@context":"https:\/\/schema.org","@graph":[{"@type":"Article","@id":"https:\/\/www.tsp.at\/en\/2019\/11\/08\/horvath-partners-viktor-kaplan-als-innovationsvorbild-3\/#article","isPartOf":{"@id":"https:\/\/www.tsp.at\/en\/2019\/11\/08\/horvath-partners-viktor-kaplan-als-innovationsvorbild-3\/"},"author":{"name":"TSP Redaktion","@id":"https:\/\/www.tsp.at\/en\/#\/schema\/person\/1ba5600c29da17b902b0925cea567f8a"},"headline":"Horv\u00e1th &#038; Partners: Viktor Kaplan als Innovationsvorbild","datePublished":"2019-11-08T12:03:00+00:00","dateModified":"2025-10-21T12:52:33+00:00","mainEntityOfPage":{"@id":"https:\/\/www.tsp.at\/en\/2019\/11\/08\/horvath-partners-viktor-kaplan-als-innovationsvorbild-3\/"},"wordCount":653,"publisher":{"@id":"https:\/\/www.tsp.at\/en\/#organization"},"image":{"@id":"https:\/\/www.tsp.at\/en\/2019\/11\/08\/horvath-partners-viktor-kaplan-als-innovationsvorbild-3\/#primaryimage"},"thumbnailUrl":"https:\/\/www.tsp.at\/wp-content\/uploads\/2025\/10\/Kaplan-Roundtable-2.jpg","articleSection":["News"],"inLanguage":"en-US"},{"@type":"WebPage","@id":"https:\/\/www.tsp.at\/en\/2019\/11\/08\/horvath-partners-viktor-kaplan-als-innovationsvorbild-3\/","url":"https:\/\/www.tsp.at\/en\/2019\/11\/08\/horvath-partners-viktor-kaplan-als-innovationsvorbild-3\/","name":"Horv\u00e1th & Partners: Viktor Kaplan als Innovationsvorbild - Temmel | Seywald - Corporate Communications","isPartOf":{"@id":"https:\/\/www.tsp.at\/en\/#website"},"primaryImageOfPage":{"@id":"https:\/\/www.tsp.at\/en\/2019\/11\/08\/horvath-partners-viktor-kaplan-als-innovationsvorbild-3\/#primaryimage"},"image":{"@id":"https:\/\/www.tsp.at\/en\/2019\/11\/08\/horvath-partners-viktor-kaplan-als-innovationsvorbild-3\/#primaryimage"},"thumbnailUrl":"https:\/\/www.tsp.at\/wp-content\/uploads\/2025\/10\/Kaplan-Roundtable-2.jpg","datePublished":"2019-11-08T12:03:00+00:00","dateModified":"2025-10-21T12:52:33+00:00","breadcrumb":{"@id":"https:\/\/www.tsp.at\/en\/2019\/11\/08\/horvath-partners-viktor-kaplan-als-innovationsvorbild-3\/#breadcrumb"},"inLanguage":"en-US","potentialAction":[{"@type":"ReadAction","target":["https:\/\/www.tsp.at\/en\/2019\/11\/08\/horvath-partners-viktor-kaplan-als-innovationsvorbild-3\/"]}]},{"@type":"ImageObject","inLanguage":"en-US","@id":"https:\/\/www.tsp.at\/en\/2019\/11\/08\/horvath-partners-viktor-kaplan-als-innovationsvorbild-3\/#primaryimage","url":"https:\/\/www.tsp.at\/wp-content\/uploads\/2025\/10\/Kaplan-Roundtable-2.jpg","contentUrl":"https:\/\/www.tsp.at\/wp-content\/uploads\/2025\/10\/Kaplan-Roundtable-2.jpg","width":2214,"height":1528},{"@type":"BreadcrumbList","@id":"https:\/\/www.tsp.at\/en\/2019\/11\/08\/horvath-partners-viktor-kaplan-als-innovationsvorbild-3\/#breadcrumb","itemListElement":[{"@type":"ListItem","position":1,"name":"Startseite","item":"https:\/\/www.tsp.at\/en\/"},{"@type":"ListItem","position":2,"name":"Horv\u00e1th &#038; Partners: Viktor Kaplan als Innovationsvorbild"}]},{"@type":"WebSite","@id":"https:\/\/www.tsp.at\/en\/#website","url":"https:\/\/www.tsp.at\/en\/","name":"Temmel | Seywald - Corporate Communications","description":"Kommunikation ist Beziehungsarbeit","publisher":{"@id":"https:\/\/www.tsp.at\/en\/#organization"},"potentialAction":[{"@type":"SearchAction","target":{"@type":"EntryPoint","urlTemplate":"https:\/\/www.tsp.at\/en\/?s={search_term_string}"},"query-input":{"@type":"PropertyValueSpecification","valueRequired":true,"valueName":"search_term_string"}}],"inLanguage":"en-US"},{"@type":"Organization","@id":"https:\/\/www.tsp.at\/en\/#organization","name":"Temmel, Seywald & Partner Communications GesmbH","alternateName":"TSP","url":"https:\/\/www.tsp.at\/en\/","logo":{"@type":"ImageObject","inLanguage":"en-US","@id":"https:\/\/www.tsp.at\/en\/#\/schema\/logo\/image\/","url":"https:\/\/www.tsp.at\/wp-content\/uploads\/2025\/10\/favicontsp.png","contentUrl":"https:\/\/www.tsp.at\/wp-content\/uploads\/2025\/10\/favicontsp.png","width":125,"height":125,"caption":"Temmel, Seywald & Partner Communications GesmbH"},"image":{"@id":"https:\/\/www.tsp.at\/en\/#\/schema\/logo\/image\/"},"sameAs":["https:\/\/www.facebook.com\/TemmelSeywald"]},{"@type":"Person","@id":"https:\/\/www.tsp.at\/en\/#\/schema\/person\/1ba5600c29da17b902b0925cea567f8a","name":"TSP Redaktion"}]}},"_links":{"self":[{"href":"https:\/\/www.tsp.at\/en\/wp-json\/wp\/v2\/posts\/11070","targetHints":{"allow":["GET"]}}],"collection":[{"href":"https:\/\/www.tsp.at\/en\/wp-json\/wp\/v2\/posts"}],"about":[{"href":"https:\/\/www.tsp.at\/en\/wp-json\/wp\/v2\/types\/post"}],"author":[{"embeddable":true,"href":"https:\/\/www.tsp.at\/en\/wp-json\/wp\/v2\/users\/2"}],"replies":[{"embeddable":true,"href":"https:\/\/www.tsp.at\/en\/wp-json\/wp\/v2\/comments?post=11070"}],"version-history":[{"count":1,"href":"https:\/\/www.tsp.at\/en\/wp-json\/wp\/v2\/posts\/11070\/revisions"}],"predecessor-version":[{"id":11373,"href":"https:\/\/www.tsp.at\/en\/wp-json\/wp\/v2\/posts\/11070\/revisions\/11373"}],"wp:featuredmedia":[{"embeddable":true,"href":"https:\/\/www.tsp.at\/en\/wp-json\/wp\/v2\/media\/11069"}],"wp:attachment":[{"href":"https:\/\/www.tsp.at\/en\/wp-json\/wp\/v2\/media?parent=11070"}],"wp:term":[{"taxonomy":"category","embeddable":true,"href":"https:\/\/www.tsp.at\/en\/wp-json\/wp\/v2\/categories?post=11070"},{"taxonomy":"post_tag","embeddable":true,"href":"https:\/\/www.tsp.at\/en\/wp-json\/wp\/v2\/tags?post=11070"}],"curies":[{"name":"wp","href":"https:\/\/api.w.org\/{rel}","templated":true}]}}