{"id":11074,"date":"2019-09-16T12:10:00","date_gmt":"2019-09-16T10:10:00","guid":{"rendered":"https:\/\/staging.tsp.at\/2019\/09\/16\/horvath-partners-feiert-25-jahre-im-k47-3\/"},"modified":"2025-10-21T14:57:28","modified_gmt":"2025-10-21T12:57:28","slug":"horvath-partners-feiert-25-jahre-im-k47-3","status":"publish","type":"post","link":"https:\/\/www.tsp.at\/en\/2019\/09\/16\/horvath-partners-feiert-25-jahre-im-k47-3\/","title":{"rendered":"Horv\u00e1th &#038; Partners feiert 25 Jahre im K47"},"content":{"rendered":"<article class=\"item\">\n<h2><strong>Extrembergsteigerin Gerlinde Kaltenbrunner als Ehrengast<\/strong><\/h2>\n<p>16.09.2019<\/p>\n<\/p>\n<\/p>\n<\/p>\n<\/p>\n<\/p>\n<p>Wien \u2013 <strong>\u00dcber den D\u00e4chern Wiens hat die Managementberatung <span class=\"hl\">Horv\u00e1th<\/span> &amp; Partners am Donnerstagabend ihr 25-j\u00e4hriges Bestehen in \u00d6sterreich gefeiert. Das vom Erfinder des modernen Controllings, Prof. P\u00e9ter <span class=\"hl\">Horv\u00e1th<\/span>, 1981 gegr\u00fcndete Beratungsunternehmen erwirtschaftet derzeit mit 1.000 Mitarbeiter\/innen \u00fcber 200 Mio. Euro Umsatz. \u00d6sterreich-Chef Stefan Bergsmann konnte neben der bekannten Extrembergsteigerin Gerlinde Kaltenbrunner die Spitzen der heimischen Industrie begr\u00fc\u00dfen.<\/strong> <a href=\"http:\/\/www.horvath-partners.com\" rel=\"nofollow\" target=\"_blank\">http:\/\/www.<span class=\"hl\">horvath<\/span>-partners.com<\/a> <\/p>\n<p>Rund 140 G\u00e4ste, Unternehmenslenker und Finanzvorst\u00e4nde aus 70 Industriekonzernen, folgten der Einladung ins K47, darunter Ex-Staatssekret\u00e4r und OMV-Generaldirektor Wolfgang Ruttensdorfer und die CFOs von Plansee (Karlheinz Wex), Mayr-Melnhof (Franz Hiesinger), Schenker &amp; Co (Michael Meyer) und Frauenthal (Martin Sailer). Im Mittelpunkt des Abends standen die Herausforderungen, Strapazen und H\u00f6hepunkte, einen 8000er wie den K2 zu besteigen, was vielf\u00e4ltige Analogien zum andauernden \u00dcberlebenskampf und Wettbewerb im Wirtschaftsleben zulie\u00df. Kaltenbrunner sagte, nicht nur Geduld und Ausdauer seien f\u00fcr einen Gipfelsieg relevant, sondern bedingungslose Hingabe und Teamorientierung.\n<\/p>\n<p><strong>Wien als boomender Standort<\/strong> <\/p>\n<p><span class=\"hl\">Horv\u00e1th<\/span>-AG-Vorstand Altfrid Neugebauer betonte die besondere Rolle Wiens bei der internationalen Expansion des Beratungsunternehmens, Unternehmensgr\u00fcnder Prof. Peter <span class=\"hl\">Horv\u00e1th<\/span> und Stv. Aufsichtsratsvorsitzender, scherzte \u00fcber sein Alter (82) und die Einsicht, dass man als Unternehmer auch mal loslassen m\u00fcsse. Als der ehemalige Inhaber des Lehrstuhls f\u00fcr Controlling in Stuttgart, das Unternehmen 1981 aus der Taufe hob, war nicht abzusehen, welche Entwicklung dieses nehmen w\u00fcrde. Fest stehe allerdings, dass sich die Art und Weise der Beratung und auch die Inhalte und Notwendigkeiten in den vergangenen Jahrzehnten dramatisch ver\u00e4ndert haben.\n<\/p>\n<p>Wien war 1994 nach Stuttgart und Budapest der dritte Standort des Unternehmens, danach folgten weitere B\u00fcros in Deutschland, der Schweiz, Rum\u00e4nien, Saudi-Arabien und in den Vereinigten Arabischen Emiraten. Schon zehn Jahre sp\u00e4ter, 2004, wurde die \u00d6sterreich-Niederlassung Austria&#8217;s Leading Company in der Kategorie &#8220;Dynamische Kleinbetriebe&#8221;. 2008 \u00fcbernahm Stefan Bergsmann den Standort, 2011 \u00fcbersiedelte die Firma in den 18. Stock des Galaxy-Tower in der Praterstra\u00dfe. Stefan Bergsmann wurde 2016 ins F\u00fchrungsgremium der <span class=\"hl\">Horv\u00e1th<\/span> AG berufen, das \u00d6sterreich-Team besteht aus 40 Berater\/innen, die weltweit zum Einsatz kommen.\n<\/p>\n<p><strong>Umsetzungs- und ergebnisorientiert<\/strong> <\/p>\n<p>Unternehmenssteuerung und Performanceoptimierung sind die Kernkompetenzen des Beratungsunternehmens &#8211; von der betriebswirtschaftlichen Konzeption bis hin zur Umsetzung von Prozessen und Systemen zur erfolgreichen, ergebnisorientierten F\u00fchrung nach strategischen und operativen Zielen. Die Ergebnisse werden vor allem dadurch verbessert, dass bestehende Wachstumspotenziale ausgesch\u00f6pft und Ressourcen effizienter eingesetzt werden. Mittelst\u00e4ndische Unternehmen z\u00e4hlen ebenso zu den Kunden wie \u00f6ffentliche Institutionen und Gro\u00dfunternehmen aus Industrie, Handel und Dienstleistung.\n<\/p>\n<p>Laut Stefan Bergsmann steht <span class=\"hl\">Horv\u00e1th<\/span> &amp; Partners f\u00fcr Projektergebnisse, die nachhaltigen Nutzen schaffen. Die Beratung beruht auf intensiver, partnerschaftlicher Zusammenarbeit. Der team- und ergebnisorientierte Umgang aller Beteiligten f\u00fchrt dabei zu funktionierenden, von den Kunden akzeptierten L\u00f6sungen. Ma\u00dfgeschneiderte Trainings sorgen daf\u00fcr, dass Mitarbeiterinnen und Mitarbeiter die neuen Konzepte und ver\u00e4nderten Prozesse schnell beherrschen. Die Erfahrungen aus unterschiedlichen Branchen tragen zudem dazu bei, interessante und erfolgreiche L\u00f6sungsans\u00e4tze in andere Wirtschaftszweige zu transferieren.\n<\/p>\n<p>Mehr Fotos auf Fotodienst frei zum Download und zur Nutzung: <a href=\"https:\/\/fotodienst.pressetext.com\/album\/3723\" rel=\"nofollow\" target=\"_blank\">https:\/\/fotodienst.pressetext.com\/album\/3723<\/a><\/p>\n<\/article>\n","protected":false},"excerpt":{"rendered":"<p>Extrembergsteigerin Gerlinde Kaltenbrunner als Ehrengast 16.09.2019 Wien \u2013 \u00dcber den D\u00e4chern Wiens hat die Managementberatung Horv\u00e1th &amp; Partners am Donnerstagabend ihr 25-j\u00e4hriges Bestehen in \u00d6sterreich gefeiert. Das vom Erfinder des modernen Controllings, Prof. P\u00e9ter Horv\u00e1th, 1981 gegr\u00fcndete Beratungsunternehmen erwirtschaftet derzeit mit 1.000 Mitarbeiter\/innen \u00fcber 200 Mio. Euro Umsatz. \u00d6sterreich-Chef Stefan Bergsmann konnte neben der bekannten&hellip;<\/p>\n","protected":false},"author":2,"featured_media":11073,"comment_status":"closed","ping_status":"closed","sticky":false,"template":"","format":"standard","meta":{"footnotes":""},"categories":[3],"tags":[],"class_list":["post-11074","post","type-post","status-publish","format-standard","has-post-thumbnail","hentry","category-news","category-3","description-off"],"yoast_head":"<!-- This site is optimized with the Yoast SEO plugin v26.3 - https:\/\/yoast.com\/wordpress\/plugins\/seo\/ -->\n<title>Horv\u00e1th &amp; Partners feiert 25 Jahre im K47 - Temmel | Seywald - Corporate Communications<\/title>\n<meta name=\"robots\" content=\"index, follow, max-snippet:-1, max-image-preview:large, max-video-preview:-1\" \/>\n<link rel=\"canonical\" href=\"https:\/\/www.tsp.at\/en\/2019\/09\/16\/horvath-partners-feiert-25-jahre-im-k47-3\/\" \/>\n<meta property=\"og:locale\" content=\"en_US\" \/>\n<meta property=\"og:type\" content=\"article\" \/>\n<meta property=\"og:title\" content=\"Horv\u00e1th &amp; Partners feiert 25 Jahre im K47 - Temmel | Seywald - Corporate Communications\" \/>\n<meta property=\"og:description\" content=\"Extrembergsteigerin Gerlinde Kaltenbrunner als Ehrengast 16.09.2019 Wien \u2013 \u00dcber den D\u00e4chern Wiens hat die Managementberatung Horv\u00e1th &amp; Partners am Donnerstagabend ihr 25-j\u00e4hriges Bestehen in \u00d6sterreich gefeiert. Das vom Erfinder des modernen Controllings, Prof. P\u00e9ter Horv\u00e1th, 1981 gegr\u00fcndete Beratungsunternehmen erwirtschaftet derzeit mit 1.000 Mitarbeiter\/innen \u00fcber 200 Mio. Euro Umsatz. \u00d6sterreich-Chef Stefan Bergsmann konnte neben der bekannten&hellip;\" \/>\n<meta property=\"og:url\" content=\"https:\/\/www.tsp.at\/en\/2019\/09\/16\/horvath-partners-feiert-25-jahre-im-k47-3\/\" \/>\n<meta property=\"og:site_name\" content=\"Temmel | Seywald - Corporate Communications\" \/>\n<meta property=\"article:publisher\" content=\"https:\/\/www.facebook.com\/TemmelSeywald\" \/>\n<meta property=\"article:published_time\" content=\"2019-09-16T10:10:00+00:00\" \/>\n<meta property=\"article:modified_time\" content=\"2025-10-21T12:57:28+00:00\" \/>\n<meta property=\"og:image\" content=\"https:\/\/www.tsp.at\/wp-content\/uploads\/2025\/10\/MG_0001-2-scaled.jpg\" \/>\n\t<meta property=\"og:image:width\" content=\"2560\" \/>\n\t<meta property=\"og:image:height\" content=\"1707\" \/>\n\t<meta property=\"og:image:type\" content=\"image\/jpeg\" \/>\n<meta name=\"author\" content=\"TSP Redaktion\" \/>\n<meta name=\"twitter:card\" content=\"summary_large_image\" \/>\n<meta name=\"twitter:label1\" content=\"Written by\" \/>\n\t<meta name=\"twitter:data1\" content=\"TSP Redaktion\" \/>\n\t<meta name=\"twitter:label2\" content=\"Est. reading time\" \/>\n\t<meta name=\"twitter:data2\" content=\"3 minutes\" \/>\n<script type=\"application\/ld+json\" class=\"yoast-schema-graph\">{\"@context\":\"https:\/\/schema.org\",\"@graph\":[{\"@type\":\"Article\",\"@id\":\"https:\/\/www.tsp.at\/en\/2019\/09\/16\/horvath-partners-feiert-25-jahre-im-k47-3\/#article\",\"isPartOf\":{\"@id\":\"https:\/\/www.tsp.at\/en\/2019\/09\/16\/horvath-partners-feiert-25-jahre-im-k47-3\/\"},\"author\":{\"name\":\"TSP Redaktion\",\"@id\":\"https:\/\/www.tsp.at\/en\/#\/schema\/person\/1ba5600c29da17b902b0925cea567f8a\"},\"headline\":\"Horv\u00e1th &#038; Partners feiert 25 Jahre im K47\",\"datePublished\":\"2019-09-16T10:10:00+00:00\",\"dateModified\":\"2025-10-21T12:57:28+00:00\",\"mainEntityOfPage\":{\"@id\":\"https:\/\/www.tsp.at\/en\/2019\/09\/16\/horvath-partners-feiert-25-jahre-im-k47-3\/\"},\"wordCount\":511,\"publisher\":{\"@id\":\"https:\/\/www.tsp.at\/en\/#organization\"},\"image\":{\"@id\":\"https:\/\/www.tsp.at\/en\/2019\/09\/16\/horvath-partners-feiert-25-jahre-im-k47-3\/#primaryimage\"},\"thumbnailUrl\":\"https:\/\/www.tsp.at\/wp-content\/uploads\/2025\/10\/MG_0001-2-scaled.jpg\",\"articleSection\":[\"News\"],\"inLanguage\":\"en-US\"},{\"@type\":\"WebPage\",\"@id\":\"https:\/\/www.tsp.at\/en\/2019\/09\/16\/horvath-partners-feiert-25-jahre-im-k47-3\/\",\"url\":\"https:\/\/www.tsp.at\/en\/2019\/09\/16\/horvath-partners-feiert-25-jahre-im-k47-3\/\",\"name\":\"Horv\u00e1th & Partners feiert 25 Jahre im K47 - Temmel | Seywald - Corporate Communications\",\"isPartOf\":{\"@id\":\"https:\/\/www.tsp.at\/en\/#website\"},\"primaryImageOfPage\":{\"@id\":\"https:\/\/www.tsp.at\/en\/2019\/09\/16\/horvath-partners-feiert-25-jahre-im-k47-3\/#primaryimage\"},\"image\":{\"@id\":\"https:\/\/www.tsp.at\/en\/2019\/09\/16\/horvath-partners-feiert-25-jahre-im-k47-3\/#primaryimage\"},\"thumbnailUrl\":\"https:\/\/www.tsp.at\/wp-content\/uploads\/2025\/10\/MG_0001-2-scaled.jpg\",\"datePublished\":\"2019-09-16T10:10:00+00:00\",\"dateModified\":\"2025-10-21T12:57:28+00:00\",\"breadcrumb\":{\"@id\":\"https:\/\/www.tsp.at\/en\/2019\/09\/16\/horvath-partners-feiert-25-jahre-im-k47-3\/#breadcrumb\"},\"inLanguage\":\"en-US\",\"potentialAction\":[{\"@type\":\"ReadAction\",\"target\":[\"https:\/\/www.tsp.at\/en\/2019\/09\/16\/horvath-partners-feiert-25-jahre-im-k47-3\/\"]}]},{\"@type\":\"ImageObject\",\"inLanguage\":\"en-US\",\"@id\":\"https:\/\/www.tsp.at\/en\/2019\/09\/16\/horvath-partners-feiert-25-jahre-im-k47-3\/#primaryimage\",\"url\":\"https:\/\/www.tsp.at\/wp-content\/uploads\/2025\/10\/MG_0001-2-scaled.jpg\",\"contentUrl\":\"https:\/\/www.tsp.at\/wp-content\/uploads\/2025\/10\/MG_0001-2-scaled.jpg\",\"width\":2560,\"height\":1707},{\"@type\":\"BreadcrumbList\",\"@id\":\"https:\/\/www.tsp.at\/en\/2019\/09\/16\/horvath-partners-feiert-25-jahre-im-k47-3\/#breadcrumb\",\"itemListElement\":[{\"@type\":\"ListItem\",\"position\":1,\"name\":\"Startseite\",\"item\":\"https:\/\/www.tsp.at\/en\/\"},{\"@type\":\"ListItem\",\"position\":2,\"name\":\"Horv\u00e1th &#038; Partners feiert 25 Jahre im K47\"}]},{\"@type\":\"WebSite\",\"@id\":\"https:\/\/www.tsp.at\/en\/#website\",\"url\":\"https:\/\/www.tsp.at\/en\/\",\"name\":\"Temmel | Seywald - Corporate Communications\",\"description\":\"Kommunikation ist Beziehungsarbeit\",\"publisher\":{\"@id\":\"https:\/\/www.tsp.at\/en\/#organization\"},\"potentialAction\":[{\"@type\":\"SearchAction\",\"target\":{\"@type\":\"EntryPoint\",\"urlTemplate\":\"https:\/\/www.tsp.at\/en\/?s={search_term_string}\"},\"query-input\":{\"@type\":\"PropertyValueSpecification\",\"valueRequired\":true,\"valueName\":\"search_term_string\"}}],\"inLanguage\":\"en-US\"},{\"@type\":\"Organization\",\"@id\":\"https:\/\/www.tsp.at\/en\/#organization\",\"name\":\"Temmel, Seywald & Partner Communications GesmbH\",\"alternateName\":\"TSP\",\"url\":\"https:\/\/www.tsp.at\/en\/\",\"logo\":{\"@type\":\"ImageObject\",\"inLanguage\":\"en-US\",\"@id\":\"https:\/\/www.tsp.at\/en\/#\/schema\/logo\/image\/\",\"url\":\"https:\/\/www.tsp.at\/wp-content\/uploads\/2025\/10\/favicontsp.png\",\"contentUrl\":\"https:\/\/www.tsp.at\/wp-content\/uploads\/2025\/10\/favicontsp.png\",\"width\":125,\"height\":125,\"caption\":\"Temmel, Seywald & Partner Communications GesmbH\"},\"image\":{\"@id\":\"https:\/\/www.tsp.at\/en\/#\/schema\/logo\/image\/\"},\"sameAs\":[\"https:\/\/www.facebook.com\/TemmelSeywald\"]},{\"@type\":\"Person\",\"@id\":\"https:\/\/www.tsp.at\/en\/#\/schema\/person\/1ba5600c29da17b902b0925cea567f8a\",\"name\":\"TSP Redaktion\"}]}<\/script>\n<!-- \/ Yoast SEO plugin. -->","yoast_head_json":{"title":"Horv\u00e1th & Partners feiert 25 Jahre im K47 - Temmel | Seywald - Corporate Communications","robots":{"index":"index","follow":"follow","max-snippet":"max-snippet:-1","max-image-preview":"max-image-preview:large","max-video-preview":"max-video-preview:-1"},"canonical":"https:\/\/www.tsp.at\/en\/2019\/09\/16\/horvath-partners-feiert-25-jahre-im-k47-3\/","og_locale":"en_US","og_type":"article","og_title":"Horv\u00e1th & Partners feiert 25 Jahre im K47 - Temmel | Seywald - Corporate Communications","og_description":"Extrembergsteigerin Gerlinde Kaltenbrunner als Ehrengast 16.09.2019 Wien \u2013 \u00dcber den D\u00e4chern Wiens hat die Managementberatung Horv\u00e1th &amp; Partners am Donnerstagabend ihr 25-j\u00e4hriges Bestehen in \u00d6sterreich gefeiert. Das vom Erfinder des modernen Controllings, Prof. P\u00e9ter Horv\u00e1th, 1981 gegr\u00fcndete Beratungsunternehmen erwirtschaftet derzeit mit 1.000 Mitarbeiter\/innen \u00fcber 200 Mio. Euro Umsatz. \u00d6sterreich-Chef Stefan Bergsmann konnte neben der bekannten&hellip;","og_url":"https:\/\/www.tsp.at\/en\/2019\/09\/16\/horvath-partners-feiert-25-jahre-im-k47-3\/","og_site_name":"Temmel | Seywald - Corporate Communications","article_publisher":"https:\/\/www.facebook.com\/TemmelSeywald","article_published_time":"2019-09-16T10:10:00+00:00","article_modified_time":"2025-10-21T12:57:28+00:00","og_image":[{"width":2560,"height":1707,"url":"https:\/\/www.tsp.at\/wp-content\/uploads\/2025\/10\/MG_0001-2-scaled.jpg","type":"image\/jpeg"}],"author":"TSP Redaktion","twitter_card":"summary_large_image","twitter_misc":{"Written by":"TSP Redaktion","Est. reading time":"3 minutes"},"schema":{"@context":"https:\/\/schema.org","@graph":[{"@type":"Article","@id":"https:\/\/www.tsp.at\/en\/2019\/09\/16\/horvath-partners-feiert-25-jahre-im-k47-3\/#article","isPartOf":{"@id":"https:\/\/www.tsp.at\/en\/2019\/09\/16\/horvath-partners-feiert-25-jahre-im-k47-3\/"},"author":{"name":"TSP Redaktion","@id":"https:\/\/www.tsp.at\/en\/#\/schema\/person\/1ba5600c29da17b902b0925cea567f8a"},"headline":"Horv\u00e1th &#038; Partners feiert 25 Jahre im K47","datePublished":"2019-09-16T10:10:00+00:00","dateModified":"2025-10-21T12:57:28+00:00","mainEntityOfPage":{"@id":"https:\/\/www.tsp.at\/en\/2019\/09\/16\/horvath-partners-feiert-25-jahre-im-k47-3\/"},"wordCount":511,"publisher":{"@id":"https:\/\/www.tsp.at\/en\/#organization"},"image":{"@id":"https:\/\/www.tsp.at\/en\/2019\/09\/16\/horvath-partners-feiert-25-jahre-im-k47-3\/#primaryimage"},"thumbnailUrl":"https:\/\/www.tsp.at\/wp-content\/uploads\/2025\/10\/MG_0001-2-scaled.jpg","articleSection":["News"],"inLanguage":"en-US"},{"@type":"WebPage","@id":"https:\/\/www.tsp.at\/en\/2019\/09\/16\/horvath-partners-feiert-25-jahre-im-k47-3\/","url":"https:\/\/www.tsp.at\/en\/2019\/09\/16\/horvath-partners-feiert-25-jahre-im-k47-3\/","name":"Horv\u00e1th & Partners feiert 25 Jahre im K47 - Temmel | Seywald - Corporate Communications","isPartOf":{"@id":"https:\/\/www.tsp.at\/en\/#website"},"primaryImageOfPage":{"@id":"https:\/\/www.tsp.at\/en\/2019\/09\/16\/horvath-partners-feiert-25-jahre-im-k47-3\/#primaryimage"},"image":{"@id":"https:\/\/www.tsp.at\/en\/2019\/09\/16\/horvath-partners-feiert-25-jahre-im-k47-3\/#primaryimage"},"thumbnailUrl":"https:\/\/www.tsp.at\/wp-content\/uploads\/2025\/10\/MG_0001-2-scaled.jpg","datePublished":"2019-09-16T10:10:00+00:00","dateModified":"2025-10-21T12:57:28+00:00","breadcrumb":{"@id":"https:\/\/www.tsp.at\/en\/2019\/09\/16\/horvath-partners-feiert-25-jahre-im-k47-3\/#breadcrumb"},"inLanguage":"en-US","potentialAction":[{"@type":"ReadAction","target":["https:\/\/www.tsp.at\/en\/2019\/09\/16\/horvath-partners-feiert-25-jahre-im-k47-3\/"]}]},{"@type":"ImageObject","inLanguage":"en-US","@id":"https:\/\/www.tsp.at\/en\/2019\/09\/16\/horvath-partners-feiert-25-jahre-im-k47-3\/#primaryimage","url":"https:\/\/www.tsp.at\/wp-content\/uploads\/2025\/10\/MG_0001-2-scaled.jpg","contentUrl":"https:\/\/www.tsp.at\/wp-content\/uploads\/2025\/10\/MG_0001-2-scaled.jpg","width":2560,"height":1707},{"@type":"BreadcrumbList","@id":"https:\/\/www.tsp.at\/en\/2019\/09\/16\/horvath-partners-feiert-25-jahre-im-k47-3\/#breadcrumb","itemListElement":[{"@type":"ListItem","position":1,"name":"Startseite","item":"https:\/\/www.tsp.at\/en\/"},{"@type":"ListItem","position":2,"name":"Horv\u00e1th &#038; Partners feiert 25 Jahre im K47"}]},{"@type":"WebSite","@id":"https:\/\/www.tsp.at\/en\/#website","url":"https:\/\/www.tsp.at\/en\/","name":"Temmel | Seywald - Corporate Communications","description":"Kommunikation ist Beziehungsarbeit","publisher":{"@id":"https:\/\/www.tsp.at\/en\/#organization"},"potentialAction":[{"@type":"SearchAction","target":{"@type":"EntryPoint","urlTemplate":"https:\/\/www.tsp.at\/en\/?s={search_term_string}"},"query-input":{"@type":"PropertyValueSpecification","valueRequired":true,"valueName":"search_term_string"}}],"inLanguage":"en-US"},{"@type":"Organization","@id":"https:\/\/www.tsp.at\/en\/#organization","name":"Temmel, Seywald & Partner Communications GesmbH","alternateName":"TSP","url":"https:\/\/www.tsp.at\/en\/","logo":{"@type":"ImageObject","inLanguage":"en-US","@id":"https:\/\/www.tsp.at\/en\/#\/schema\/logo\/image\/","url":"https:\/\/www.tsp.at\/wp-content\/uploads\/2025\/10\/favicontsp.png","contentUrl":"https:\/\/www.tsp.at\/wp-content\/uploads\/2025\/10\/favicontsp.png","width":125,"height":125,"caption":"Temmel, Seywald & Partner Communications GesmbH"},"image":{"@id":"https:\/\/www.tsp.at\/en\/#\/schema\/logo\/image\/"},"sameAs":["https:\/\/www.facebook.com\/TemmelSeywald"]},{"@type":"Person","@id":"https:\/\/www.tsp.at\/en\/#\/schema\/person\/1ba5600c29da17b902b0925cea567f8a","name":"TSP Redaktion"}]}},"_links":{"self":[{"href":"https:\/\/www.tsp.at\/en\/wp-json\/wp\/v2\/posts\/11074","targetHints":{"allow":["GET"]}}],"collection":[{"href":"https:\/\/www.tsp.at\/en\/wp-json\/wp\/v2\/posts"}],"about":[{"href":"https:\/\/www.tsp.at\/en\/wp-json\/wp\/v2\/types\/post"}],"author":[{"embeddable":true,"href":"https:\/\/www.tsp.at\/en\/wp-json\/wp\/v2\/users\/2"}],"replies":[{"embeddable":true,"href":"https:\/\/www.tsp.at\/en\/wp-json\/wp\/v2\/comments?post=11074"}],"version-history":[{"count":1,"href":"https:\/\/www.tsp.at\/en\/wp-json\/wp\/v2\/posts\/11074\/revisions"}],"predecessor-version":[{"id":11378,"href":"https:\/\/www.tsp.at\/en\/wp-json\/wp\/v2\/posts\/11074\/revisions\/11378"}],"wp:featuredmedia":[{"embeddable":true,"href":"https:\/\/www.tsp.at\/en\/wp-json\/wp\/v2\/media\/11073"}],"wp:attachment":[{"href":"https:\/\/www.tsp.at\/en\/wp-json\/wp\/v2\/media?parent=11074"}],"wp:term":[{"taxonomy":"category","embeddable":true,"href":"https:\/\/www.tsp.at\/en\/wp-json\/wp\/v2\/categories?post=11074"},{"taxonomy":"post_tag","embeddable":true,"href":"https:\/\/www.tsp.at\/en\/wp-json\/wp\/v2\/tags?post=11074"}],"curies":[{"name":"wp","href":"https:\/\/api.w.org\/{rel}","templated":true}]}}