{"id":11076,"date":"2019-08-07T15:37:00","date_gmt":"2019-08-07T13:37:00","guid":{"rendered":"https:\/\/staging.tsp.at\/2019\/08\/07\/zweite-start-up-night-vienna-am-25-september-3\/"},"modified":"2025-10-21T14:57:28","modified_gmt":"2025-10-21T12:57:28","slug":"zweite-start-up-night-vienna-am-25-september-3","status":"publish","type":"post","link":"https:\/\/www.tsp.at\/en\/2019\/08\/07\/zweite-start-up-night-vienna-am-25-september-3\/","title":{"rendered":"Zweite &#8220;Start-up Night Vienna&#8221; am 25. September"},"content":{"rendered":"<article class=\"item\">\n<h2><strong>Kooperation mit Travel Industry Club, VIR und NextFloor<\/strong><\/h2>\n<p>07.08.2019<\/p>\n<\/p>\n<\/p>\n<\/p>\n<\/p>\n<\/p>\n<p>Wien \u2013 <strong>Seit drei Jahren tourt der <span class=\"hl\">Travel<\/span> Industry Club durch Deutschland, \u00d6sterreich und die Schweiz, um innovativen Gr\u00fcndern in der Reiseindustrie die M\u00f6glichkeit zu bieten, ihre Produkte und Services auf seiner &#8220;Start-up&#8221;-B\u00fchne zu pr\u00e4sentieren. Am 25. September 2019 ist es auch in Wien wieder soweit. F\u00fcnf junge Unternehmen erhalten im Wiener MODUL die Chance, ihre Projekte vor Fachpublikum zu pr\u00e4sentieren. <\/strong> <\/p>\n<p><strong> Ort:<\/strong> Tourismusschulen der WKW, MODUL, Peter-Jordan-Stra\u00dfe 97, 1190 Wien<br \/> <strong> Termin:<\/strong> Mittwoch, 25. September 2019, ab 18 bis 21 Uhr\n<\/p>\n<p>Organisiert wird die Wiener &#8220;<span class=\"hl\">Travel<\/span> Industry Start-up Night&#8221; vom <span class=\"hl\">Travel<\/span> Industry Club, dem DACH-Thinktank der Reiseindustrie, gemeinsam mit dem deutschen Verband Internet Reisevertrieb (VIR) und dem Salzburger Business Angel Netzwerk NextFloor. Voraussetzung f\u00fcr die Bewerbung ist, dass die pr\u00e4sentierten Produkte oder Dienstleistungen im Tourismus Anwendung finden.\n<\/p>\n<p>Noch bis zum 15. September 18 Uhr, haben Start-ups, Gr\u00fcnderinnen und Gr\u00fcnder, Innovatoren und junge Unternehmen mit Tourismus-Know-how die M\u00f6glichkeit, sich f\u00fcr den Pitch zu bewerben. Daf\u00fcr ist eine aussagekr\u00e4ftige Unternehmensdarstellung ausreichend. Die f\u00fcnf Finalisten werden von einer Expertenjury ausgew\u00e4hlt. Sie erhalten dann zehn Minuten Zeit, ihre Idee zu pr\u00e4sentieren.\n<\/p>\n<p>Mit rund 70-100 Teilnehmern sind die Start-up Events mittlerweile ein sehr beliebtes Format. Ziel ist es, am Ende des Jahres das &#8220;<span class=\"hl\">Travel<\/span> Start-up 2019&#8243; zu ermitteln. Der Gewinner der Wiener Start-up Night darf an der Schlussveranstaltung in Berlin teilnehmen. In Wien wird die Veranstaltung von Thomas Bodmer vom Tourismus Accelerator NextFloor in Salzburg er\u00f6ffnet. NextFloor hat k\u00fcrzlich den weltweit ersten, ausschlie\u00dflich auf Tourimus spezialisierten Accelerator ins Leben gerufen und wird \u00fcber seine Erfahrungen berichten.\n<\/p>\n<p><strong> \u00dcber Modul<\/strong> <br \/> Das MODUL steht f\u00fcr langj\u00e4hrige Tradition in der Ausbildung von Fachkr\u00e4ften f\u00fcr die Hotellerie und Gastronomie. Davon unabh\u00e4ngig ist die MODUL University Vienna die f\u00fchrende \u00f6sterreichische Privatuniversit\u00e4t mit Schwerpunkt Tourism &amp; Hospitality Management. Die MODUL University Vienna gibt es in Wien, Dubai und Nanjing (China). Der neu gegr\u00fcndete StartupHub steht f\u00fcr Innovation und Entwicklung.\n<\/p>\n<p><strong> Bewerberinformationen<\/strong> <br \/> Start-ups, die Interesse am Titel &#8220;<span class=\"hl\">Travel<\/span> Start-up 2019&#8243; haben, finden hier weitere Informationen zur Bewerbung: <a href=\"https:\/\/bit.ly\/2OSSb22\" rel=\"nofollow\" target=\"_blank\">https:\/\/bit.ly\/2OSSb22<\/a> . Zus\u00e4tzlich besteht vor Ort die M\u00f6glichkeit, sich ohne Bewerbungsverfahren kurz vorzustellen.\n<\/p>\n<p><strong> &#8220;Brainfood&#8221; f\u00fcr G\u00e4ste und Teilnehmer<\/strong> <br \/> Die Veranstaltung ist f\u00fcr Start-ups mit einem maximalen Alter von drei Jahren ab Gr\u00fcndungszeitpunkt, <span class=\"hl\">Travel<\/span> Industry Austria Mitglieder und Studierende kostenfrei. F\u00fcr Nicht-Mitglieder wird ein Kostenbeitrag von 50 Euro pro Person zzgl. MWSt. f\u00fcr die Teilnahme verrechnet. Sch\u00fcler der Tourismusschulen werden die geladenen G\u00e4ste mit &#8220;Brainfood&#8221; und &#8220;Drinks&#8221; versorgen. F\u00fcr Unterhaltung ist gesorgt.\n<\/p>\n<p><strong> Partnerorganisationen: <\/strong> <br \/> Start-up-Night-Webseite: <a href=\"https:\/\/bit.ly\/2OMhuTc\" rel=\"nofollow\" target=\"_blank\">https:\/\/bit.ly\/2OMhuTc<\/a><br \/> <span class=\"hl\">Travel<\/span> Industry Club Deutschland <a href=\"https:\/\/travelindustryclub.de\" rel=\"nofollow\" target=\"_blank\">https:\/\/<span class=\"hl\">travel<\/span>industryclub.de<\/a><br \/> Verband Internet Reisevertrieb (VIR) <a href=\"https:\/\/v-i-r.de\" rel=\"nofollow\" target=\"_blank\">https:\/\/v-i-r.de<\/a><br \/> Next Floor: <a href=\"http:\/\/www.next-floor.at\" rel=\"nofollow\" target=\"_blank\">http:\/\/www.next-floor.at<\/a> <\/p>\n<p><strong> Kontakt: <\/strong> <br \/> <span class=\"hl\">Travel<\/span> Industry Club Austria<br \/> Harald Hafner<br \/> Tel.: +43 1 710 34 42 &#8211; 11 <br \/> Mobil: +43 676 41 69 523 <br \/> E-Mail: <a href=\"javascript:linkTo_UnCryptMailto('nbjmup+pggjdfAusbwfmjoevtuszdmvc\/bu');\">office@<span class=\"hl\">travel<\/span>industryclub.at<\/a><\/p>\n<\/article>\n","protected":false},"excerpt":{"rendered":"<p>Kooperation mit Travel Industry Club, VIR und NextFloor 07.08.2019 Wien \u2013 Seit drei Jahren tourt der Travel Industry Club durch Deutschland, \u00d6sterreich und die Schweiz, um innovativen Gr\u00fcndern in der Reiseindustrie die M\u00f6glichkeit zu bieten, ihre Produkte und Services auf seiner &#8220;Start-up&#8221;-B\u00fchne zu pr\u00e4sentieren. Am 25. September 2019 ist es auch in Wien wieder soweit.&hellip;<\/p>\n","protected":false},"author":2,"featured_media":11075,"comment_status":"closed","ping_status":"closed","sticky":false,"template":"","format":"standard","meta":{"footnotes":""},"categories":[3],"tags":[],"class_list":["post-11076","post","type-post","status-publish","format-standard","has-post-thumbnail","hentry","category-news","category-3","description-off"],"yoast_head":"<!-- This site is optimized with the Yoast SEO plugin v26.3 - https:\/\/yoast.com\/wordpress\/plugins\/seo\/ -->\n<title>Zweite &quot;Start-up Night Vienna&quot; am 25. September - Temmel | Seywald - Corporate Communications<\/title>\n<meta name=\"robots\" content=\"index, follow, max-snippet:-1, max-image-preview:large, max-video-preview:-1\" \/>\n<link rel=\"canonical\" href=\"https:\/\/www.tsp.at\/en\/2019\/08\/07\/zweite-start-up-night-vienna-am-25-september-3\/\" \/>\n<meta property=\"og:locale\" content=\"en_US\" \/>\n<meta property=\"og:type\" content=\"article\" \/>\n<meta property=\"og:title\" content=\"Zweite &quot;Start-up Night Vienna&quot; am 25. September - Temmel | Seywald - Corporate Communications\" \/>\n<meta property=\"og:description\" content=\"Kooperation mit Travel Industry Club, VIR und NextFloor 07.08.2019 Wien \u2013 Seit drei Jahren tourt der Travel Industry Club durch Deutschland, \u00d6sterreich und die Schweiz, um innovativen Gr\u00fcndern in der Reiseindustrie die M\u00f6glichkeit zu bieten, ihre Produkte und Services auf seiner &#8220;Start-up&#8221;-B\u00fchne zu pr\u00e4sentieren. Am 25. September 2019 ist es auch in Wien wieder soweit.&hellip;\" \/>\n<meta property=\"og:url\" content=\"https:\/\/www.tsp.at\/en\/2019\/08\/07\/zweite-start-up-night-vienna-am-25-september-3\/\" \/>\n<meta property=\"og:site_name\" content=\"Temmel | Seywald - Corporate Communications\" \/>\n<meta property=\"article:publisher\" content=\"https:\/\/www.facebook.com\/TemmelSeywald\" \/>\n<meta property=\"article:published_time\" content=\"2019-08-07T13:37:00+00:00\" \/>\n<meta property=\"article:modified_time\" content=\"2025-10-21T12:57:28+00:00\" \/>\n<meta property=\"og:image\" content=\"https:\/\/www.tsp.at\/wp-content\/uploads\/2025\/10\/20171123-DAS-FINALE-EINES-START-UP-WETTBEWERBS-DIE-FORTFu__HRUNG-VIR-OFFENBLENDE-DKO-025-2-scaled.jpg\" \/>\n\t<meta property=\"og:image:width\" content=\"2560\" \/>\n\t<meta property=\"og:image:height\" content=\"1708\" \/>\n\t<meta property=\"og:image:type\" content=\"image\/jpeg\" \/>\n<meta name=\"author\" content=\"TSP Redaktion\" \/>\n<meta name=\"twitter:card\" content=\"summary_large_image\" \/>\n<meta name=\"twitter:label1\" content=\"Written by\" \/>\n\t<meta name=\"twitter:data1\" content=\"TSP Redaktion\" \/>\n\t<meta name=\"twitter:label2\" content=\"Est. reading time\" \/>\n\t<meta name=\"twitter:data2\" content=\"3 minutes\" \/>\n<script type=\"application\/ld+json\" class=\"yoast-schema-graph\">{\"@context\":\"https:\/\/schema.org\",\"@graph\":[{\"@type\":\"Article\",\"@id\":\"https:\/\/www.tsp.at\/en\/2019\/08\/07\/zweite-start-up-night-vienna-am-25-september-3\/#article\",\"isPartOf\":{\"@id\":\"https:\/\/www.tsp.at\/en\/2019\/08\/07\/zweite-start-up-night-vienna-am-25-september-3\/\"},\"author\":{\"name\":\"TSP Redaktion\",\"@id\":\"https:\/\/www.tsp.at\/en\/#\/schema\/person\/1ba5600c29da17b902b0925cea567f8a\"},\"headline\":\"Zweite &#8220;Start-up Night Vienna&#8221; am 25. September\",\"datePublished\":\"2019-08-07T13:37:00+00:00\",\"dateModified\":\"2025-10-21T12:57:28+00:00\",\"mainEntityOfPage\":{\"@id\":\"https:\/\/www.tsp.at\/en\/2019\/08\/07\/zweite-start-up-night-vienna-am-25-september-3\/\"},\"wordCount\":477,\"publisher\":{\"@id\":\"https:\/\/www.tsp.at\/en\/#organization\"},\"image\":{\"@id\":\"https:\/\/www.tsp.at\/en\/2019\/08\/07\/zweite-start-up-night-vienna-am-25-september-3\/#primaryimage\"},\"thumbnailUrl\":\"https:\/\/www.tsp.at\/wp-content\/uploads\/2025\/10\/20171123-DAS-FINALE-EINES-START-UP-WETTBEWERBS-DIE-FORTFu__HRUNG-VIR-OFFENBLENDE-DKO-025-2-scaled.jpg\",\"articleSection\":[\"News\"],\"inLanguage\":\"en-US\"},{\"@type\":\"WebPage\",\"@id\":\"https:\/\/www.tsp.at\/en\/2019\/08\/07\/zweite-start-up-night-vienna-am-25-september-3\/\",\"url\":\"https:\/\/www.tsp.at\/en\/2019\/08\/07\/zweite-start-up-night-vienna-am-25-september-3\/\",\"name\":\"Zweite \\\"Start-up Night Vienna\\\" am 25. September - Temmel | Seywald - Corporate Communications\",\"isPartOf\":{\"@id\":\"https:\/\/www.tsp.at\/en\/#website\"},\"primaryImageOfPage\":{\"@id\":\"https:\/\/www.tsp.at\/en\/2019\/08\/07\/zweite-start-up-night-vienna-am-25-september-3\/#primaryimage\"},\"image\":{\"@id\":\"https:\/\/www.tsp.at\/en\/2019\/08\/07\/zweite-start-up-night-vienna-am-25-september-3\/#primaryimage\"},\"thumbnailUrl\":\"https:\/\/www.tsp.at\/wp-content\/uploads\/2025\/10\/20171123-DAS-FINALE-EINES-START-UP-WETTBEWERBS-DIE-FORTFu__HRUNG-VIR-OFFENBLENDE-DKO-025-2-scaled.jpg\",\"datePublished\":\"2019-08-07T13:37:00+00:00\",\"dateModified\":\"2025-10-21T12:57:28+00:00\",\"breadcrumb\":{\"@id\":\"https:\/\/www.tsp.at\/en\/2019\/08\/07\/zweite-start-up-night-vienna-am-25-september-3\/#breadcrumb\"},\"inLanguage\":\"en-US\",\"potentialAction\":[{\"@type\":\"ReadAction\",\"target\":[\"https:\/\/www.tsp.at\/en\/2019\/08\/07\/zweite-start-up-night-vienna-am-25-september-3\/\"]}]},{\"@type\":\"ImageObject\",\"inLanguage\":\"en-US\",\"@id\":\"https:\/\/www.tsp.at\/en\/2019\/08\/07\/zweite-start-up-night-vienna-am-25-september-3\/#primaryimage\",\"url\":\"https:\/\/www.tsp.at\/wp-content\/uploads\/2025\/10\/20171123-DAS-FINALE-EINES-START-UP-WETTBEWERBS-DIE-FORTFu__HRUNG-VIR-OFFENBLENDE-DKO-025-2-scaled.jpg\",\"contentUrl\":\"https:\/\/www.tsp.at\/wp-content\/uploads\/2025\/10\/20171123-DAS-FINALE-EINES-START-UP-WETTBEWERBS-DIE-FORTFu__HRUNG-VIR-OFFENBLENDE-DKO-025-2-scaled.jpg\",\"width\":2560,\"height\":1708},{\"@type\":\"BreadcrumbList\",\"@id\":\"https:\/\/www.tsp.at\/en\/2019\/08\/07\/zweite-start-up-night-vienna-am-25-september-3\/#breadcrumb\",\"itemListElement\":[{\"@type\":\"ListItem\",\"position\":1,\"name\":\"Startseite\",\"item\":\"https:\/\/www.tsp.at\/en\/\"},{\"@type\":\"ListItem\",\"position\":2,\"name\":\"Zweite &#8222;Start-up Night Vienna&#8220; am 25. September\"}]},{\"@type\":\"WebSite\",\"@id\":\"https:\/\/www.tsp.at\/en\/#website\",\"url\":\"https:\/\/www.tsp.at\/en\/\",\"name\":\"Temmel | Seywald - Corporate Communications\",\"description\":\"Kommunikation ist Beziehungsarbeit\",\"publisher\":{\"@id\":\"https:\/\/www.tsp.at\/en\/#organization\"},\"potentialAction\":[{\"@type\":\"SearchAction\",\"target\":{\"@type\":\"EntryPoint\",\"urlTemplate\":\"https:\/\/www.tsp.at\/en\/?s={search_term_string}\"},\"query-input\":{\"@type\":\"PropertyValueSpecification\",\"valueRequired\":true,\"valueName\":\"search_term_string\"}}],\"inLanguage\":\"en-US\"},{\"@type\":\"Organization\",\"@id\":\"https:\/\/www.tsp.at\/en\/#organization\",\"name\":\"Temmel, Seywald & Partner Communications GesmbH\",\"alternateName\":\"TSP\",\"url\":\"https:\/\/www.tsp.at\/en\/\",\"logo\":{\"@type\":\"ImageObject\",\"inLanguage\":\"en-US\",\"@id\":\"https:\/\/www.tsp.at\/en\/#\/schema\/logo\/image\/\",\"url\":\"https:\/\/www.tsp.at\/wp-content\/uploads\/2025\/10\/favicontsp.png\",\"contentUrl\":\"https:\/\/www.tsp.at\/wp-content\/uploads\/2025\/10\/favicontsp.png\",\"width\":125,\"height\":125,\"caption\":\"Temmel, Seywald & Partner Communications GesmbH\"},\"image\":{\"@id\":\"https:\/\/www.tsp.at\/en\/#\/schema\/logo\/image\/\"},\"sameAs\":[\"https:\/\/www.facebook.com\/TemmelSeywald\"]},{\"@type\":\"Person\",\"@id\":\"https:\/\/www.tsp.at\/en\/#\/schema\/person\/1ba5600c29da17b902b0925cea567f8a\",\"name\":\"TSP Redaktion\"}]}<\/script>\n<!-- \/ Yoast SEO plugin. -->","yoast_head_json":{"title":"Zweite \"Start-up Night Vienna\" am 25. September - Temmel | Seywald - Corporate Communications","robots":{"index":"index","follow":"follow","max-snippet":"max-snippet:-1","max-image-preview":"max-image-preview:large","max-video-preview":"max-video-preview:-1"},"canonical":"https:\/\/www.tsp.at\/en\/2019\/08\/07\/zweite-start-up-night-vienna-am-25-september-3\/","og_locale":"en_US","og_type":"article","og_title":"Zweite \"Start-up Night Vienna\" am 25. September - Temmel | Seywald - Corporate Communications","og_description":"Kooperation mit Travel Industry Club, VIR und NextFloor 07.08.2019 Wien \u2013 Seit drei Jahren tourt der Travel Industry Club durch Deutschland, \u00d6sterreich und die Schweiz, um innovativen Gr\u00fcndern in der Reiseindustrie die M\u00f6glichkeit zu bieten, ihre Produkte und Services auf seiner &#8220;Start-up&#8221;-B\u00fchne zu pr\u00e4sentieren. Am 25. September 2019 ist es auch in Wien wieder soweit.&hellip;","og_url":"https:\/\/www.tsp.at\/en\/2019\/08\/07\/zweite-start-up-night-vienna-am-25-september-3\/","og_site_name":"Temmel | Seywald - Corporate Communications","article_publisher":"https:\/\/www.facebook.com\/TemmelSeywald","article_published_time":"2019-08-07T13:37:00+00:00","article_modified_time":"2025-10-21T12:57:28+00:00","og_image":[{"width":2560,"height":1708,"url":"https:\/\/www.tsp.at\/wp-content\/uploads\/2025\/10\/20171123-DAS-FINALE-EINES-START-UP-WETTBEWERBS-DIE-FORTFu__HRUNG-VIR-OFFENBLENDE-DKO-025-2-scaled.jpg","type":"image\/jpeg"}],"author":"TSP Redaktion","twitter_card":"summary_large_image","twitter_misc":{"Written by":"TSP Redaktion","Est. reading time":"3 minutes"},"schema":{"@context":"https:\/\/schema.org","@graph":[{"@type":"Article","@id":"https:\/\/www.tsp.at\/en\/2019\/08\/07\/zweite-start-up-night-vienna-am-25-september-3\/#article","isPartOf":{"@id":"https:\/\/www.tsp.at\/en\/2019\/08\/07\/zweite-start-up-night-vienna-am-25-september-3\/"},"author":{"name":"TSP Redaktion","@id":"https:\/\/www.tsp.at\/en\/#\/schema\/person\/1ba5600c29da17b902b0925cea567f8a"},"headline":"Zweite &#8220;Start-up Night Vienna&#8221; am 25. September","datePublished":"2019-08-07T13:37:00+00:00","dateModified":"2025-10-21T12:57:28+00:00","mainEntityOfPage":{"@id":"https:\/\/www.tsp.at\/en\/2019\/08\/07\/zweite-start-up-night-vienna-am-25-september-3\/"},"wordCount":477,"publisher":{"@id":"https:\/\/www.tsp.at\/en\/#organization"},"image":{"@id":"https:\/\/www.tsp.at\/en\/2019\/08\/07\/zweite-start-up-night-vienna-am-25-september-3\/#primaryimage"},"thumbnailUrl":"https:\/\/www.tsp.at\/wp-content\/uploads\/2025\/10\/20171123-DAS-FINALE-EINES-START-UP-WETTBEWERBS-DIE-FORTFu__HRUNG-VIR-OFFENBLENDE-DKO-025-2-scaled.jpg","articleSection":["News"],"inLanguage":"en-US"},{"@type":"WebPage","@id":"https:\/\/www.tsp.at\/en\/2019\/08\/07\/zweite-start-up-night-vienna-am-25-september-3\/","url":"https:\/\/www.tsp.at\/en\/2019\/08\/07\/zweite-start-up-night-vienna-am-25-september-3\/","name":"Zweite \"Start-up Night Vienna\" am 25. September - Temmel | Seywald - Corporate Communications","isPartOf":{"@id":"https:\/\/www.tsp.at\/en\/#website"},"primaryImageOfPage":{"@id":"https:\/\/www.tsp.at\/en\/2019\/08\/07\/zweite-start-up-night-vienna-am-25-september-3\/#primaryimage"},"image":{"@id":"https:\/\/www.tsp.at\/en\/2019\/08\/07\/zweite-start-up-night-vienna-am-25-september-3\/#primaryimage"},"thumbnailUrl":"https:\/\/www.tsp.at\/wp-content\/uploads\/2025\/10\/20171123-DAS-FINALE-EINES-START-UP-WETTBEWERBS-DIE-FORTFu__HRUNG-VIR-OFFENBLENDE-DKO-025-2-scaled.jpg","datePublished":"2019-08-07T13:37:00+00:00","dateModified":"2025-10-21T12:57:28+00:00","breadcrumb":{"@id":"https:\/\/www.tsp.at\/en\/2019\/08\/07\/zweite-start-up-night-vienna-am-25-september-3\/#breadcrumb"},"inLanguage":"en-US","potentialAction":[{"@type":"ReadAction","target":["https:\/\/www.tsp.at\/en\/2019\/08\/07\/zweite-start-up-night-vienna-am-25-september-3\/"]}]},{"@type":"ImageObject","inLanguage":"en-US","@id":"https:\/\/www.tsp.at\/en\/2019\/08\/07\/zweite-start-up-night-vienna-am-25-september-3\/#primaryimage","url":"https:\/\/www.tsp.at\/wp-content\/uploads\/2025\/10\/20171123-DAS-FINALE-EINES-START-UP-WETTBEWERBS-DIE-FORTFu__HRUNG-VIR-OFFENBLENDE-DKO-025-2-scaled.jpg","contentUrl":"https:\/\/www.tsp.at\/wp-content\/uploads\/2025\/10\/20171123-DAS-FINALE-EINES-START-UP-WETTBEWERBS-DIE-FORTFu__HRUNG-VIR-OFFENBLENDE-DKO-025-2-scaled.jpg","width":2560,"height":1708},{"@type":"BreadcrumbList","@id":"https:\/\/www.tsp.at\/en\/2019\/08\/07\/zweite-start-up-night-vienna-am-25-september-3\/#breadcrumb","itemListElement":[{"@type":"ListItem","position":1,"name":"Startseite","item":"https:\/\/www.tsp.at\/en\/"},{"@type":"ListItem","position":2,"name":"Zweite &#8222;Start-up Night Vienna&#8220; am 25. September"}]},{"@type":"WebSite","@id":"https:\/\/www.tsp.at\/en\/#website","url":"https:\/\/www.tsp.at\/en\/","name":"Temmel | Seywald - Corporate Communications","description":"Kommunikation ist Beziehungsarbeit","publisher":{"@id":"https:\/\/www.tsp.at\/en\/#organization"},"potentialAction":[{"@type":"SearchAction","target":{"@type":"EntryPoint","urlTemplate":"https:\/\/www.tsp.at\/en\/?s={search_term_string}"},"query-input":{"@type":"PropertyValueSpecification","valueRequired":true,"valueName":"search_term_string"}}],"inLanguage":"en-US"},{"@type":"Organization","@id":"https:\/\/www.tsp.at\/en\/#organization","name":"Temmel, Seywald & Partner Communications GesmbH","alternateName":"TSP","url":"https:\/\/www.tsp.at\/en\/","logo":{"@type":"ImageObject","inLanguage":"en-US","@id":"https:\/\/www.tsp.at\/en\/#\/schema\/logo\/image\/","url":"https:\/\/www.tsp.at\/wp-content\/uploads\/2025\/10\/favicontsp.png","contentUrl":"https:\/\/www.tsp.at\/wp-content\/uploads\/2025\/10\/favicontsp.png","width":125,"height":125,"caption":"Temmel, Seywald & Partner Communications GesmbH"},"image":{"@id":"https:\/\/www.tsp.at\/en\/#\/schema\/logo\/image\/"},"sameAs":["https:\/\/www.facebook.com\/TemmelSeywald"]},{"@type":"Person","@id":"https:\/\/www.tsp.at\/en\/#\/schema\/person\/1ba5600c29da17b902b0925cea567f8a","name":"TSP Redaktion"}]}},"_links":{"self":[{"href":"https:\/\/www.tsp.at\/en\/wp-json\/wp\/v2\/posts\/11076","targetHints":{"allow":["GET"]}}],"collection":[{"href":"https:\/\/www.tsp.at\/en\/wp-json\/wp\/v2\/posts"}],"about":[{"href":"https:\/\/www.tsp.at\/en\/wp-json\/wp\/v2\/types\/post"}],"author":[{"embeddable":true,"href":"https:\/\/www.tsp.at\/en\/wp-json\/wp\/v2\/users\/2"}],"replies":[{"embeddable":true,"href":"https:\/\/www.tsp.at\/en\/wp-json\/wp\/v2\/comments?post=11076"}],"version-history":[{"count":1,"href":"https:\/\/www.tsp.at\/en\/wp-json\/wp\/v2\/posts\/11076\/revisions"}],"predecessor-version":[{"id":11384,"href":"https:\/\/www.tsp.at\/en\/wp-json\/wp\/v2\/posts\/11076\/revisions\/11384"}],"wp:featuredmedia":[{"embeddable":true,"href":"https:\/\/www.tsp.at\/en\/wp-json\/wp\/v2\/media\/11075"}],"wp:attachment":[{"href":"https:\/\/www.tsp.at\/en\/wp-json\/wp\/v2\/media?parent=11076"}],"wp:term":[{"taxonomy":"category","embeddable":true,"href":"https:\/\/www.tsp.at\/en\/wp-json\/wp\/v2\/categories?post=11076"},{"taxonomy":"post_tag","embeddable":true,"href":"https:\/\/www.tsp.at\/en\/wp-json\/wp\/v2\/tags?post=11076"}],"curies":[{"name":"wp","href":"https:\/\/api.w.org\/{rel}","templated":true}]}}