{"id":11082,"date":"2018-08-01T11:26:00","date_gmt":"2018-08-01T09:26:00","guid":{"rendered":"https:\/\/staging.tsp.at\/2018\/08\/01\/horvath-partners-gewinnt-oetker-manager-als-berater-3\/"},"modified":"2025-10-21T14:57:33","modified_gmt":"2025-10-21T12:57:33","slug":"horvath-partners-gewinnt-oetker-manager-als-berater-3","status":"publish","type":"post","link":"https:\/\/www.tsp.at\/en\/2018\/08\/01\/horvath-partners-gewinnt-oetker-manager-als-berater-3\/","title":{"rendered":"Horv\u00e1th &#038; Partners gewinnt Oetker-Manager als Berater"},"content":{"rendered":"<article class=\"item\">\n<h2><strong>Andreas Unruhe soll Ausbau des Retail-Segments unterst\u00fctzen <\/strong><\/h2>\n<p>01.08.2018<\/p>\n<\/p>\n<\/p>\n<\/p>\n<\/p>\n<\/p>\n<p>D\u00fcsseldorf \u2013 <strong><span class=\"FtxtBold\" style=\"margin-bottom: 10px;\">Der langj\u00e4hrige Topmanager des Nahrungsmittelkonzerns Dr. Oetker, Andreas Unruhe (48), ist in die Management-Beratung Horv\u00e1th &amp; Partners gewechselt, um das stark wachsende Beratungssegment Handel und Konsumg\u00fcterindustrie zu verst\u00e4rken. Horv\u00e1th &amp; Partners z\u00e4hlt zu den f\u00fchrenden Unternehmensberatungen im deutschsprachigen Raum, mit mehr als 900 Mitarbeitern an Standorten in Deutschland, \u00d6sterreich und der Schweiz sowie in Ungarn, Rum\u00e4nien, Saudi-Arabien und in den Vereinigten Arabischen Emiraten.<\/span> <\/strong><a href=\"http:\/\/www.horvath-partners.com\" rel=\"nofollow\" target=\"_blank\">http:\/\/www.horvath-partners.com<\/a> <\/p>\n<p class=\"FtxtP\">Andreas Unruhe war zuvor Mitglied der internationalen Gesch\u00e4ftsf\u00fchrung von Dr. Oetker und verantwortete zuletzt die Bereiche Controlling, Einkauf, IT und M&amp;A sowie das Food-Service-Gesch\u00e4ft und die Landesgesellschaften in Gro\u00dfbritannien und Irland. Bis 2011 war er Gesch\u00e4ftsf\u00fchrer in den Niederlanden und verantwortete als Finanzchef (CFO) die Bereiche Finance, Supply Chain, IT und HR. W\u00e4hrend dieser Zeit gelangen mehrere strategisch wichtige Akquisitionen, die Dr. Oetker zum Marktf\u00fchrer in den Niederlanden machten. Der Konzern z\u00e4hlte 2017 mit 32.000 Besch\u00e4ftigten und 12 Mrd. Euro Jahresumsatz zu den gr\u00f6\u00dften Unternehmen Deutschlands.<\/p>\n<p class=\"FtxtP\"><strong><span class=\"FtxtBold\" style=\"margin-bottom: 10px;\">Ausbau des Kompetenzbereichs Retail &amp; Consumer Goods<\/span><\/strong><\/p>\n<p class=\"FtxtP\">Mit dem Einstieg von Andreas Unruhe bei den Management Consultants Horv\u00e1th &amp; Partners will das auf Unternehmenssteuerung spezialisierte Beratungshaus seinen erfolgreichen Kurs im Bereich Retail &amp; Consumer Goods forcieren, der in den H\u00e4nden des Horv\u00e1th-Partners Michael Buttkus liegt. Das Segment will in den n\u00e4chsten Jahren insbesondere mit Digitalisierungs-, Vertriebs- und Automatisierungsthemen wachsen.<\/p>\n<p class=\"FtxtP\"><strong><span class=\"FtxtBold\" style=\"margin-bottom: 10px;\">Konsumg\u00fcterindustrie kein Neuland<\/span><\/strong><\/p>\n<p class=\"FtxtP\">Die Handels- und Konsumg\u00fcterindustrie ist f\u00fcr Horv\u00e1th &amp; Partners kein Neuland. Seit \u00fcber zwanzig Jahren hat sich das Beratungsunternehmen als strategischer Partner f\u00fcr unternehmenskritische Fragen der Branche gut positioniert. Insbesondere die vielf\u00e4ltigen Herausforderungen rund um die Digitalisierung und Automatisierung, aber auch Einkaufs-, Produktions- und Vertriebsoptimierung sowie die wachsenden Anforderungen auf Mitarbeiter- wie Kundenseite sind St\u00e4rken der Berater. Das Steering Lab des Unternehmens in M\u00fcnchen liefert dabei &#8211; auf Grundlage von detaillierten Datenanalysen und Algorithmen &#8211; exzellente Prognosen f\u00fcr die Zukunft.<\/p>\n<p class=\"FtxtP\"><strong><span class=\"FtxtBold\" style=\"margin-bottom: 10px;\">\u00dcber Horv\u00e1th &amp; Partners<\/span><\/strong><\/p>\n<p class=\"FtxtP\">Horv\u00e1th &amp; Partners ist eine international t\u00e4tige, unabh\u00e4ngige Managementberatung mit Sitz in Stuttgart. Das Unternehmen besch\u00e4ftigt mehr als 900 Mitarbeiter an Standorten in Deutschland, \u00d6sterreich, Rum\u00e4nien, Saudi-Arabien, der Schweiz, Ungarn und den Vereinigten Arabischen Emiraten. Die Kernkompetenzen sind Unternehmenssteuerung und Performanceoptimierung. Die Beratung steht f\u00fcr Projektergebnisse, die nachhaltigen Nutzen schaffen. Deshalb begleitet Horv\u00e1th &amp; Partners seine Kunden von der betriebswirtschaftlichen Konzeption bis zur Verankerung in Prozessen und Systemen.<\/p>\n<p class=\"FtxtP\"><span class=\"FtxtBold\" style=\"margin-bottom: 10px;\"><strong>Kontakt<\/strong>:<\/span> Michael Buttkus, Partner bei Horv\u00e1th &amp; Partners, Retail &amp; Consumer Goods <br \/> Telefon: +49 162 2786 339, E-Mail: mbuttkus@horvath-partners.com<\/p>\n<\/article>\n","protected":false},"excerpt":{"rendered":"<p>Andreas Unruhe soll Ausbau des Retail-Segments unterst\u00fctzen 01.08.2018 D\u00fcsseldorf \u2013 Der langj\u00e4hrige Topmanager des Nahrungsmittelkonzerns Dr. Oetker, Andreas Unruhe (48), ist in die Management-Beratung Horv\u00e1th &amp; Partners gewechselt, um das stark wachsende Beratungssegment Handel und Konsumg\u00fcterindustrie zu verst\u00e4rken. Horv\u00e1th &amp; Partners z\u00e4hlt zu den f\u00fchrenden Unternehmensberatungen im deutschsprachigen Raum, mit mehr als 900 Mitarbeitern an&hellip;<\/p>\n","protected":false},"author":2,"featured_media":11081,"comment_status":"closed","ping_status":"closed","sticky":false,"template":"","format":"standard","meta":{"footnotes":""},"categories":[3],"tags":[],"class_list":["post-11082","post","type-post","status-publish","format-standard","has-post-thumbnail","hentry","category-news","category-3","description-off"],"yoast_head":"<!-- This site is optimized with the Yoast SEO plugin v26.3 - https:\/\/yoast.com\/wordpress\/plugins\/seo\/ -->\n<title>Horv\u00e1th &amp; Partners gewinnt Oetker-Manager als Berater - Temmel | Seywald - Corporate Communications<\/title>\n<meta name=\"robots\" content=\"index, follow, max-snippet:-1, max-image-preview:large, max-video-preview:-1\" \/>\n<link rel=\"canonical\" href=\"https:\/\/www.tsp.at\/en\/2018\/08\/01\/horvath-partners-gewinnt-oetker-manager-als-berater-3\/\" \/>\n<meta property=\"og:locale\" content=\"en_US\" \/>\n<meta property=\"og:type\" content=\"article\" \/>\n<meta property=\"og:title\" content=\"Horv\u00e1th &amp; Partners gewinnt Oetker-Manager als Berater - Temmel | Seywald - Corporate Communications\" \/>\n<meta property=\"og:description\" content=\"Andreas Unruhe soll Ausbau des Retail-Segments unterst\u00fctzen 01.08.2018 D\u00fcsseldorf \u2013 Der langj\u00e4hrige Topmanager des Nahrungsmittelkonzerns Dr. Oetker, Andreas Unruhe (48), ist in die Management-Beratung Horv\u00e1th &amp; Partners gewechselt, um das stark wachsende Beratungssegment Handel und Konsumg\u00fcterindustrie zu verst\u00e4rken. Horv\u00e1th &amp; Partners z\u00e4hlt zu den f\u00fchrenden Unternehmensberatungen im deutschsprachigen Raum, mit mehr als 900 Mitarbeitern an&hellip;\" \/>\n<meta property=\"og:url\" content=\"https:\/\/www.tsp.at\/en\/2018\/08\/01\/horvath-partners-gewinnt-oetker-manager-als-berater-3\/\" \/>\n<meta property=\"og:site_name\" content=\"Temmel | Seywald - Corporate Communications\" \/>\n<meta property=\"article:publisher\" content=\"https:\/\/www.facebook.com\/TemmelSeywald\" \/>\n<meta property=\"article:published_time\" content=\"2018-08-01T09:26:00+00:00\" \/>\n<meta property=\"article:modified_time\" content=\"2025-10-21T12:57:33+00:00\" \/>\n<meta property=\"og:image\" content=\"https:\/\/www.tsp.at\/wp-content\/uploads\/2025\/10\/andreas-unruhe-foto.1024x1024-2.jpg\" \/>\n\t<meta property=\"og:image:width\" content=\"1024\" \/>\n\t<meta property=\"og:image:height\" content=\"1024\" \/>\n\t<meta property=\"og:image:type\" content=\"image\/jpeg\" \/>\n<meta name=\"author\" content=\"TSP Redaktion\" \/>\n<meta name=\"twitter:card\" content=\"summary_large_image\" \/>\n<meta name=\"twitter:label1\" content=\"Written by\" \/>\n\t<meta name=\"twitter:data1\" content=\"TSP Redaktion\" \/>\n\t<meta name=\"twitter:label2\" content=\"Est. reading time\" \/>\n\t<meta name=\"twitter:data2\" content=\"3 minutes\" \/>\n<script type=\"application\/ld+json\" class=\"yoast-schema-graph\">{\"@context\":\"https:\/\/schema.org\",\"@graph\":[{\"@type\":\"Article\",\"@id\":\"https:\/\/www.tsp.at\/en\/2018\/08\/01\/horvath-partners-gewinnt-oetker-manager-als-berater-3\/#article\",\"isPartOf\":{\"@id\":\"https:\/\/www.tsp.at\/en\/2018\/08\/01\/horvath-partners-gewinnt-oetker-manager-als-berater-3\/\"},\"author\":{\"name\":\"TSP Redaktion\",\"@id\":\"https:\/\/www.tsp.at\/en\/#\/schema\/person\/1ba5600c29da17b902b0925cea567f8a\"},\"headline\":\"Horv\u00e1th &#038; Partners gewinnt Oetker-Manager als Berater\",\"datePublished\":\"2018-08-01T09:26:00+00:00\",\"dateModified\":\"2025-10-21T12:57:33+00:00\",\"mainEntityOfPage\":{\"@id\":\"https:\/\/www.tsp.at\/en\/2018\/08\/01\/horvath-partners-gewinnt-oetker-manager-als-berater-3\/\"},\"wordCount\":437,\"publisher\":{\"@id\":\"https:\/\/www.tsp.at\/en\/#organization\"},\"image\":{\"@id\":\"https:\/\/www.tsp.at\/en\/2018\/08\/01\/horvath-partners-gewinnt-oetker-manager-als-berater-3\/#primaryimage\"},\"thumbnailUrl\":\"https:\/\/www.tsp.at\/wp-content\/uploads\/2025\/10\/andreas-unruhe-foto.1024x1024-2.jpg\",\"articleSection\":[\"News\"],\"inLanguage\":\"en-US\"},{\"@type\":\"WebPage\",\"@id\":\"https:\/\/www.tsp.at\/en\/2018\/08\/01\/horvath-partners-gewinnt-oetker-manager-als-berater-3\/\",\"url\":\"https:\/\/www.tsp.at\/en\/2018\/08\/01\/horvath-partners-gewinnt-oetker-manager-als-berater-3\/\",\"name\":\"Horv\u00e1th & Partners gewinnt Oetker-Manager als Berater - Temmel | Seywald - Corporate Communications\",\"isPartOf\":{\"@id\":\"https:\/\/www.tsp.at\/en\/#website\"},\"primaryImageOfPage\":{\"@id\":\"https:\/\/www.tsp.at\/en\/2018\/08\/01\/horvath-partners-gewinnt-oetker-manager-als-berater-3\/#primaryimage\"},\"image\":{\"@id\":\"https:\/\/www.tsp.at\/en\/2018\/08\/01\/horvath-partners-gewinnt-oetker-manager-als-berater-3\/#primaryimage\"},\"thumbnailUrl\":\"https:\/\/www.tsp.at\/wp-content\/uploads\/2025\/10\/andreas-unruhe-foto.1024x1024-2.jpg\",\"datePublished\":\"2018-08-01T09:26:00+00:00\",\"dateModified\":\"2025-10-21T12:57:33+00:00\",\"breadcrumb\":{\"@id\":\"https:\/\/www.tsp.at\/en\/2018\/08\/01\/horvath-partners-gewinnt-oetker-manager-als-berater-3\/#breadcrumb\"},\"inLanguage\":\"en-US\",\"potentialAction\":[{\"@type\":\"ReadAction\",\"target\":[\"https:\/\/www.tsp.at\/en\/2018\/08\/01\/horvath-partners-gewinnt-oetker-manager-als-berater-3\/\"]}]},{\"@type\":\"ImageObject\",\"inLanguage\":\"en-US\",\"@id\":\"https:\/\/www.tsp.at\/en\/2018\/08\/01\/horvath-partners-gewinnt-oetker-manager-als-berater-3\/#primaryimage\",\"url\":\"https:\/\/www.tsp.at\/wp-content\/uploads\/2025\/10\/andreas-unruhe-foto.1024x1024-2.jpg\",\"contentUrl\":\"https:\/\/www.tsp.at\/wp-content\/uploads\/2025\/10\/andreas-unruhe-foto.1024x1024-2.jpg\",\"width\":1024,\"height\":1024},{\"@type\":\"BreadcrumbList\",\"@id\":\"https:\/\/www.tsp.at\/en\/2018\/08\/01\/horvath-partners-gewinnt-oetker-manager-als-berater-3\/#breadcrumb\",\"itemListElement\":[{\"@type\":\"ListItem\",\"position\":1,\"name\":\"Startseite\",\"item\":\"https:\/\/www.tsp.at\/en\/\"},{\"@type\":\"ListItem\",\"position\":2,\"name\":\"Horv\u00e1th &#038; Partners gewinnt Oetker-Manager als Berater\"}]},{\"@type\":\"WebSite\",\"@id\":\"https:\/\/www.tsp.at\/en\/#website\",\"url\":\"https:\/\/www.tsp.at\/en\/\",\"name\":\"Temmel | Seywald - Corporate Communications\",\"description\":\"Kommunikation ist Beziehungsarbeit\",\"publisher\":{\"@id\":\"https:\/\/www.tsp.at\/en\/#organization\"},\"potentialAction\":[{\"@type\":\"SearchAction\",\"target\":{\"@type\":\"EntryPoint\",\"urlTemplate\":\"https:\/\/www.tsp.at\/en\/?s={search_term_string}\"},\"query-input\":{\"@type\":\"PropertyValueSpecification\",\"valueRequired\":true,\"valueName\":\"search_term_string\"}}],\"inLanguage\":\"en-US\"},{\"@type\":\"Organization\",\"@id\":\"https:\/\/www.tsp.at\/en\/#organization\",\"name\":\"Temmel, Seywald & Partner Communications GesmbH\",\"alternateName\":\"TSP\",\"url\":\"https:\/\/www.tsp.at\/en\/\",\"logo\":{\"@type\":\"ImageObject\",\"inLanguage\":\"en-US\",\"@id\":\"https:\/\/www.tsp.at\/en\/#\/schema\/logo\/image\/\",\"url\":\"https:\/\/www.tsp.at\/wp-content\/uploads\/2025\/10\/favicontsp.png\",\"contentUrl\":\"https:\/\/www.tsp.at\/wp-content\/uploads\/2025\/10\/favicontsp.png\",\"width\":125,\"height\":125,\"caption\":\"Temmel, Seywald & Partner Communications GesmbH\"},\"image\":{\"@id\":\"https:\/\/www.tsp.at\/en\/#\/schema\/logo\/image\/\"},\"sameAs\":[\"https:\/\/www.facebook.com\/TemmelSeywald\"]},{\"@type\":\"Person\",\"@id\":\"https:\/\/www.tsp.at\/en\/#\/schema\/person\/1ba5600c29da17b902b0925cea567f8a\",\"name\":\"TSP Redaktion\"}]}<\/script>\n<!-- \/ Yoast SEO plugin. -->","yoast_head_json":{"title":"Horv\u00e1th & Partners gewinnt Oetker-Manager als Berater - Temmel | Seywald - Corporate Communications","robots":{"index":"index","follow":"follow","max-snippet":"max-snippet:-1","max-image-preview":"max-image-preview:large","max-video-preview":"max-video-preview:-1"},"canonical":"https:\/\/www.tsp.at\/en\/2018\/08\/01\/horvath-partners-gewinnt-oetker-manager-als-berater-3\/","og_locale":"en_US","og_type":"article","og_title":"Horv\u00e1th & Partners gewinnt Oetker-Manager als Berater - Temmel | Seywald - Corporate Communications","og_description":"Andreas Unruhe soll Ausbau des Retail-Segments unterst\u00fctzen 01.08.2018 D\u00fcsseldorf \u2013 Der langj\u00e4hrige Topmanager des Nahrungsmittelkonzerns Dr. Oetker, Andreas Unruhe (48), ist in die Management-Beratung Horv\u00e1th &amp; Partners gewechselt, um das stark wachsende Beratungssegment Handel und Konsumg\u00fcterindustrie zu verst\u00e4rken. Horv\u00e1th &amp; Partners z\u00e4hlt zu den f\u00fchrenden Unternehmensberatungen im deutschsprachigen Raum, mit mehr als 900 Mitarbeitern an&hellip;","og_url":"https:\/\/www.tsp.at\/en\/2018\/08\/01\/horvath-partners-gewinnt-oetker-manager-als-berater-3\/","og_site_name":"Temmel | Seywald - Corporate Communications","article_publisher":"https:\/\/www.facebook.com\/TemmelSeywald","article_published_time":"2018-08-01T09:26:00+00:00","article_modified_time":"2025-10-21T12:57:33+00:00","og_image":[{"width":1024,"height":1024,"url":"https:\/\/www.tsp.at\/wp-content\/uploads\/2025\/10\/andreas-unruhe-foto.1024x1024-2.jpg","type":"image\/jpeg"}],"author":"TSP Redaktion","twitter_card":"summary_large_image","twitter_misc":{"Written by":"TSP Redaktion","Est. reading time":"3 minutes"},"schema":{"@context":"https:\/\/schema.org","@graph":[{"@type":"Article","@id":"https:\/\/www.tsp.at\/en\/2018\/08\/01\/horvath-partners-gewinnt-oetker-manager-als-berater-3\/#article","isPartOf":{"@id":"https:\/\/www.tsp.at\/en\/2018\/08\/01\/horvath-partners-gewinnt-oetker-manager-als-berater-3\/"},"author":{"name":"TSP Redaktion","@id":"https:\/\/www.tsp.at\/en\/#\/schema\/person\/1ba5600c29da17b902b0925cea567f8a"},"headline":"Horv\u00e1th &#038; Partners gewinnt Oetker-Manager als Berater","datePublished":"2018-08-01T09:26:00+00:00","dateModified":"2025-10-21T12:57:33+00:00","mainEntityOfPage":{"@id":"https:\/\/www.tsp.at\/en\/2018\/08\/01\/horvath-partners-gewinnt-oetker-manager-als-berater-3\/"},"wordCount":437,"publisher":{"@id":"https:\/\/www.tsp.at\/en\/#organization"},"image":{"@id":"https:\/\/www.tsp.at\/en\/2018\/08\/01\/horvath-partners-gewinnt-oetker-manager-als-berater-3\/#primaryimage"},"thumbnailUrl":"https:\/\/www.tsp.at\/wp-content\/uploads\/2025\/10\/andreas-unruhe-foto.1024x1024-2.jpg","articleSection":["News"],"inLanguage":"en-US"},{"@type":"WebPage","@id":"https:\/\/www.tsp.at\/en\/2018\/08\/01\/horvath-partners-gewinnt-oetker-manager-als-berater-3\/","url":"https:\/\/www.tsp.at\/en\/2018\/08\/01\/horvath-partners-gewinnt-oetker-manager-als-berater-3\/","name":"Horv\u00e1th & Partners gewinnt Oetker-Manager als Berater - Temmel | Seywald - Corporate Communications","isPartOf":{"@id":"https:\/\/www.tsp.at\/en\/#website"},"primaryImageOfPage":{"@id":"https:\/\/www.tsp.at\/en\/2018\/08\/01\/horvath-partners-gewinnt-oetker-manager-als-berater-3\/#primaryimage"},"image":{"@id":"https:\/\/www.tsp.at\/en\/2018\/08\/01\/horvath-partners-gewinnt-oetker-manager-als-berater-3\/#primaryimage"},"thumbnailUrl":"https:\/\/www.tsp.at\/wp-content\/uploads\/2025\/10\/andreas-unruhe-foto.1024x1024-2.jpg","datePublished":"2018-08-01T09:26:00+00:00","dateModified":"2025-10-21T12:57:33+00:00","breadcrumb":{"@id":"https:\/\/www.tsp.at\/en\/2018\/08\/01\/horvath-partners-gewinnt-oetker-manager-als-berater-3\/#breadcrumb"},"inLanguage":"en-US","potentialAction":[{"@type":"ReadAction","target":["https:\/\/www.tsp.at\/en\/2018\/08\/01\/horvath-partners-gewinnt-oetker-manager-als-berater-3\/"]}]},{"@type":"ImageObject","inLanguage":"en-US","@id":"https:\/\/www.tsp.at\/en\/2018\/08\/01\/horvath-partners-gewinnt-oetker-manager-als-berater-3\/#primaryimage","url":"https:\/\/www.tsp.at\/wp-content\/uploads\/2025\/10\/andreas-unruhe-foto.1024x1024-2.jpg","contentUrl":"https:\/\/www.tsp.at\/wp-content\/uploads\/2025\/10\/andreas-unruhe-foto.1024x1024-2.jpg","width":1024,"height":1024},{"@type":"BreadcrumbList","@id":"https:\/\/www.tsp.at\/en\/2018\/08\/01\/horvath-partners-gewinnt-oetker-manager-als-berater-3\/#breadcrumb","itemListElement":[{"@type":"ListItem","position":1,"name":"Startseite","item":"https:\/\/www.tsp.at\/en\/"},{"@type":"ListItem","position":2,"name":"Horv\u00e1th &#038; Partners gewinnt Oetker-Manager als Berater"}]},{"@type":"WebSite","@id":"https:\/\/www.tsp.at\/en\/#website","url":"https:\/\/www.tsp.at\/en\/","name":"Temmel | Seywald - Corporate Communications","description":"Kommunikation ist Beziehungsarbeit","publisher":{"@id":"https:\/\/www.tsp.at\/en\/#organization"},"potentialAction":[{"@type":"SearchAction","target":{"@type":"EntryPoint","urlTemplate":"https:\/\/www.tsp.at\/en\/?s={search_term_string}"},"query-input":{"@type":"PropertyValueSpecification","valueRequired":true,"valueName":"search_term_string"}}],"inLanguage":"en-US"},{"@type":"Organization","@id":"https:\/\/www.tsp.at\/en\/#organization","name":"Temmel, Seywald & Partner Communications GesmbH","alternateName":"TSP","url":"https:\/\/www.tsp.at\/en\/","logo":{"@type":"ImageObject","inLanguage":"en-US","@id":"https:\/\/www.tsp.at\/en\/#\/schema\/logo\/image\/","url":"https:\/\/www.tsp.at\/wp-content\/uploads\/2025\/10\/favicontsp.png","contentUrl":"https:\/\/www.tsp.at\/wp-content\/uploads\/2025\/10\/favicontsp.png","width":125,"height":125,"caption":"Temmel, Seywald & Partner Communications GesmbH"},"image":{"@id":"https:\/\/www.tsp.at\/en\/#\/schema\/logo\/image\/"},"sameAs":["https:\/\/www.facebook.com\/TemmelSeywald"]},{"@type":"Person","@id":"https:\/\/www.tsp.at\/en\/#\/schema\/person\/1ba5600c29da17b902b0925cea567f8a","name":"TSP Redaktion"}]}},"_links":{"self":[{"href":"https:\/\/www.tsp.at\/en\/wp-json\/wp\/v2\/posts\/11082","targetHints":{"allow":["GET"]}}],"collection":[{"href":"https:\/\/www.tsp.at\/en\/wp-json\/wp\/v2\/posts"}],"about":[{"href":"https:\/\/www.tsp.at\/en\/wp-json\/wp\/v2\/types\/post"}],"author":[{"embeddable":true,"href":"https:\/\/www.tsp.at\/en\/wp-json\/wp\/v2\/users\/2"}],"replies":[{"embeddable":true,"href":"https:\/\/www.tsp.at\/en\/wp-json\/wp\/v2\/comments?post=11082"}],"version-history":[{"count":1,"href":"https:\/\/www.tsp.at\/en\/wp-json\/wp\/v2\/posts\/11082\/revisions"}],"predecessor-version":[{"id":11425,"href":"https:\/\/www.tsp.at\/en\/wp-json\/wp\/v2\/posts\/11082\/revisions\/11425"}],"wp:featuredmedia":[{"embeddable":true,"href":"https:\/\/www.tsp.at\/en\/wp-json\/wp\/v2\/media\/11081"}],"wp:attachment":[{"href":"https:\/\/www.tsp.at\/en\/wp-json\/wp\/v2\/media?parent=11082"}],"wp:term":[{"taxonomy":"category","embeddable":true,"href":"https:\/\/www.tsp.at\/en\/wp-json\/wp\/v2\/categories?post=11082"},{"taxonomy":"post_tag","embeddable":true,"href":"https:\/\/www.tsp.at\/en\/wp-json\/wp\/v2\/tags?post=11082"}],"curies":[{"name":"wp","href":"https:\/\/api.w.org\/{rel}","templated":true}]}}