{"id":11085,"date":"2017-11-23T11:02:00","date_gmt":"2017-11-23T10:02:00","guid":{"rendered":"https:\/\/staging.tsp.at\/2017\/11\/23\/berlin-will-europas-erste-smart-city-werden-3\/"},"modified":"2025-10-21T14:57:37","modified_gmt":"2025-10-21T12:57:37","slug":"berlin-will-europas-erste-smart-city-werden-3","status":"publish","type":"post","link":"https:\/\/www.tsp.at\/en\/2017\/11\/23\/berlin-will-europas-erste-smart-city-werden-3\/","title":{"rendered":"Berlin will Europas erste &#8220;Smart City&#8221; werden"},"content":{"rendered":"<article class=\"item\">\n<h2><strong>B\u00fcrgermeister k\u00fcndigt Milliardeninvestitionen in Bildung und Forschung an<\/strong><\/h2>\n<p>23.11.2017<\/p>\n<\/p>\n<\/p>\n<\/p>\n<\/p>\n<\/p>\n<p>Wien \u2013 Mit einem regelrechten Feuerwerk an Infrastruktur-, Bildungs- und Forschungsma\u00dfnahmen will sich die deutsche Hauptstadt Berlin in den n\u00e4chsten Jahren zum kulturellen und digitalen Hotspot Europas entwickeln. Der regierende B\u00fcrgermeister Michael M\u00fcller pr\u00e4zisierte am Mittwochabend im Rahmen einer Veranstaltung der Deutschen Handelskammer in Wien <a href=\"http:\/\/oesterreich.ahk.de\" rel=\"nofollow\" target=\"_blank\">http:\/\/oesterreich.ahk.de<\/a>seine Schwerpunkte auf dem Weg zur international beachteten Smart City &#8211; und das trotz oder gerade wegen der immer noch beachtlichen Schuldenlast von 58 Mrd. Euro (zum Vergleich: Wien hat sechs Mrd. Euro). &#8220;Wir haben uns durch harte Sparma\u00dfnahmen in der Stadtverwaltung finanziellen Spielraum f\u00fcr neue Investitionen geschaffen&#8221;, so M\u00fcller in seinem Referat.\n<\/p>\n<p class=\"FtxtP\">Berlin geht in gro\u00dfen Schritten auf vier Mio. Einwohner zu, die Stadt w\u00e4chst j\u00e4hrlich um 40.000 Zuwanderer, 55.000 Arbeitspl\u00e4tze wurden zuletzt geschaffen, das Wachstum liegt deutlich \u00fcber dem Bundesschnitt, auch wenn die Strukturschw\u00e4che 28 Jahre nach der Wende anh\u00e4lt. &#8220;Wir haben in wirtschaftlich schwierigen Zeiten die richtigen Akzente gesetzt&#8221;, sagte M\u00fcller und nannte als Beispiele den Kreativ- und Dienstleistungsbereich, Kommunikation, Film, Musik und Tourismus. Berlin z\u00e4hlt mittlerweile 32 Mio. N\u00e4chtigungen und liegt damit im Spitzenfeld der europ\u00e4ischen Hauptst\u00e4dte. &#8220;Ja, wir leisten uns drei Opernh\u00e4user, und wir leisten uns ein Stadtschloss f\u00fcr 700 Mio. Euro, um die Welt einzuladen, hier mit uns zu diskutieren.&#8221;<\/p>\n<p class=\"FtxtP\"><strong><span class=\"FtxtBold\" style=\"margin-bottom: 10px;\">Berlin investiert in Daseinsvorsorge<\/span><\/strong><\/p>\n<p class=\"FtxtP\">Im Mittelpunkt aller \u00dcberlegungen steht die &#8220;Daseinsvorsorge&#8221; und meint damit vor allem Gesundheit, Umweltschutz und Mobilit\u00e4t, sauberes Wasser, leistbare Energie und Abfallentsorgung. In diesen Bereichen gilt es, eine ausgewogene Balance aus Staat und Privat zu finden, da g\u00e4be es weltweit eine neue Haltung, sagte M\u00fcller. &#8220;Wir wollen unsere Zukunftsentscheidungen selbst treffen&#8221;, betonte das Stadtoberhaupt die Bedeutung direkter Einflussnahme und Entscheidungsm\u00f6glichkeiten der Politik bei Infrastruktur- und Versorgungsunternehmen.<\/p>\n<p class=\"FtxtP\">Die Stadt Berlin investiert dazu in den n\u00e4chsten Jahren \u00fcber zwei Mrd. Euro j\u00e4hrlich und noch einmal soviel in die landeseigenen Versorgungsunternehmen. Auch ins Personal soll kr\u00e4ftig Geld flie\u00dfen. Von den 100.000 Besch\u00e4ftigten der Stadt gehen in den n\u00e4chsten zehn Jahren 30.000 in Pension. Daher m\u00fcssten j\u00e4hrlich 4.000 bis 5.000 neue Mitarbeiter eingestellt werden, um Know-how und Service-Level zu halten. In die Modernisierung und den Ausbau der Schulen flie\u00dfen in den kommenden f\u00fcnf Jahren 5,5 Mrd. Euro, in die Wissenschaft und Hochschulen rund 650 Mio. Euro. M\u00fcller k\u00fcndigte 50 zus\u00e4tzliche Digitalprofessuren an, finanziert von 20 Unternehmen.<\/p>\n<p class=\"FtxtP\"><strong><span class=\"FtxtBold\" style=\"margin-bottom: 10px;\">Eindeutige Schwerpunktsetzung<\/span><\/strong><\/p>\n<p class=\"FtxtP\">Wir brauchen f\u00fcr den erwarteten Bev\u00f6lkerungszuwachs eine eindeutige Schwerpunktsetzung, neue Mobilit\u00e4tskonzepte, Technologie- und Gesundheitsangebote, erkl\u00e4rte der B\u00fcrgermeister. Bildung und Ausbildung m\u00fcssten dabei kostenfrei bleiben, vom Kindergarten bis zum Studienabschluss, so das bildungspolitische Credo. Derzeit beherbergt Berlin 183.000 Studierende aus der ganzen Welt. Diese nannte M\u00fcller die k\u00fcnftigen Botschafter der Stadt. Zahlreiche Forschungsinstitute und gro\u00dfe Bundesinstitutionen seien an Land gezogen worden, unter anderem das Internet-Institut mit einer F\u00f6rderung von 50 Mio. Euro. 9.000 Start-ups h\u00e4tten 70.000 neue Arbeitspl\u00e4tze geschaffen, zwei Drittel des Risikokapitals in Deutschland w\u00fcrden in Berlin und damit in die internationale Vernetzung investiert. Das seien gute Investitionen in die Zukunft der Stadt, f\u00fcr ihre B\u00fcrger und die Unternehmen. Ziel ist die &#8220;Smart City&#8221; als Impulsgeber f\u00fcr Deutschland und Europa.<\/p>\n<p class=\"FtxtP\"><strong><span class=\"FtxtBold\" style=\"margin-bottom: 10px;\">Internationalit\u00e4t braucht Solidarit\u00e4t<\/span><\/strong><\/p>\n<p class=\"FtxtP\">Klare Worte fand der regierende B\u00fcrgermeister in Hinblick auf die Entwicklungen in manchen europ\u00e4ischen Nachbarl\u00e4ndern. Zur internationalen Positionierung Berlins geh\u00f6rt auch zwingend die Solidarit\u00e4t mit jenen Wissenschaftlern und Kulturschaffenden, denen die Freiheit der Lehre oder der Kunst genommen wurde. Es sei gerade f\u00fcr L\u00e4nder wie Deutschland und \u00d6sterreich eine &#8220;Riesen-Chance&#8221;, verfolgte Wissenschafter und K\u00fcnstler willkommen zu hei\u00dfen. Und es sei ebenso wichtig, trotz aller Probleme Fl\u00fcchtlingen die Hand auszustrecken.<\/p>\n<p class=\"FtxtP\">Grundwerte des Zusammenlebens, Presse- und Meinungsfreiheit, Religionsfreiheit, die Gleichberechtigung von Mann und Frau, all das seien Werte unseres Grundgesetzes und unver\u00e4nderliche Grundlagen f\u00fcr eine bl\u00fchende Wirtschaft und Gesellschaft. F\u00fcr ein friedliches und freies Europa lohne es sich zu k\u00e4mpfen. F\u00fcr all das soll Berlin stehen, f\u00fcr Freiheit, Internationalit\u00e4t, Offenheit und Toleranz. &#8220;Wir m\u00fcssen den Menschen etwas zur\u00fcckgeben. Auch das ist eine Verpflichtung f\u00fcr Berlin.&#8221;<\/p>\n<\/article>\n","protected":false},"excerpt":{"rendered":"<p>B\u00fcrgermeister k\u00fcndigt Milliardeninvestitionen in Bildung und Forschung an 23.11.2017 Wien \u2013 Mit einem regelrechten Feuerwerk an Infrastruktur-, Bildungs- und Forschungsma\u00dfnahmen will sich die deutsche Hauptstadt Berlin in den n\u00e4chsten Jahren zum kulturellen und digitalen Hotspot Europas entwickeln. Der regierende B\u00fcrgermeister Michael M\u00fcller pr\u00e4zisierte am Mittwochabend im Rahmen einer Veranstaltung der Deutschen Handelskammer in Wien http:\/\/oesterreich.ahk.deseine&hellip;<\/p>\n","protected":false},"author":2,"featured_media":0,"comment_status":"closed","ping_status":"closed","sticky":false,"template":"","format":"standard","meta":{"footnotes":""},"categories":[3],"tags":[],"class_list":["post-11085","post","type-post","status-publish","format-standard","hentry","category-news","category-3","description-off"],"yoast_head":"<!-- This site is optimized with the Yoast SEO plugin v26.3 - https:\/\/yoast.com\/wordpress\/plugins\/seo\/ -->\n<title>Berlin will Europas erste &quot;Smart City&quot; werden - Temmel | Seywald - Corporate Communications<\/title>\n<meta name=\"robots\" content=\"index, follow, max-snippet:-1, max-image-preview:large, max-video-preview:-1\" \/>\n<link rel=\"canonical\" href=\"https:\/\/www.tsp.at\/en\/2017\/11\/23\/berlin-will-europas-erste-smart-city-werden-3\/\" \/>\n<meta property=\"og:locale\" content=\"en_US\" \/>\n<meta property=\"og:type\" content=\"article\" \/>\n<meta property=\"og:title\" content=\"Berlin will Europas erste &quot;Smart City&quot; werden - Temmel | Seywald - Corporate Communications\" \/>\n<meta property=\"og:description\" content=\"B\u00fcrgermeister k\u00fcndigt Milliardeninvestitionen in Bildung und Forschung an 23.11.2017 Wien \u2013 Mit einem regelrechten Feuerwerk an Infrastruktur-, Bildungs- und Forschungsma\u00dfnahmen will sich die deutsche Hauptstadt Berlin in den n\u00e4chsten Jahren zum kulturellen und digitalen Hotspot Europas entwickeln. Der regierende B\u00fcrgermeister Michael M\u00fcller pr\u00e4zisierte am Mittwochabend im Rahmen einer Veranstaltung der Deutschen Handelskammer in Wien http:\/\/oesterreich.ahk.deseine&hellip;\" \/>\n<meta property=\"og:url\" content=\"https:\/\/www.tsp.at\/en\/2017\/11\/23\/berlin-will-europas-erste-smart-city-werden-3\/\" \/>\n<meta property=\"og:site_name\" content=\"Temmel | Seywald - Corporate Communications\" \/>\n<meta property=\"article:publisher\" content=\"https:\/\/www.facebook.com\/TemmelSeywald\" \/>\n<meta property=\"article:published_time\" content=\"2017-11-23T10:02:00+00:00\" \/>\n<meta property=\"article:modified_time\" content=\"2025-10-21T12:57:37+00:00\" \/>\n<meta name=\"author\" content=\"TSP Redaktion\" \/>\n<meta name=\"twitter:card\" content=\"summary_large_image\" \/>\n<meta name=\"twitter:label1\" content=\"Written by\" \/>\n\t<meta name=\"twitter:data1\" content=\"TSP Redaktion\" \/>\n\t<meta name=\"twitter:label2\" content=\"Est. reading time\" \/>\n\t<meta name=\"twitter:data2\" content=\"4 minutes\" \/>\n<script type=\"application\/ld+json\" class=\"yoast-schema-graph\">{\"@context\":\"https:\/\/schema.org\",\"@graph\":[{\"@type\":\"Article\",\"@id\":\"https:\/\/www.tsp.at\/en\/2017\/11\/23\/berlin-will-europas-erste-smart-city-werden-3\/#article\",\"isPartOf\":{\"@id\":\"https:\/\/www.tsp.at\/en\/2017\/11\/23\/berlin-will-europas-erste-smart-city-werden-3\/\"},\"author\":{\"name\":\"TSP Redaktion\",\"@id\":\"https:\/\/www.tsp.at\/en\/#\/schema\/person\/1ba5600c29da17b902b0925cea567f8a\"},\"headline\":\"Berlin will Europas erste &#8220;Smart City&#8221; werden\",\"datePublished\":\"2017-11-23T10:02:00+00:00\",\"dateModified\":\"2025-10-21T12:57:37+00:00\",\"mainEntityOfPage\":{\"@id\":\"https:\/\/www.tsp.at\/en\/2017\/11\/23\/berlin-will-europas-erste-smart-city-werden-3\/\"},\"wordCount\":703,\"publisher\":{\"@id\":\"https:\/\/www.tsp.at\/en\/#organization\"},\"articleSection\":[\"News\"],\"inLanguage\":\"en-US\"},{\"@type\":\"WebPage\",\"@id\":\"https:\/\/www.tsp.at\/en\/2017\/11\/23\/berlin-will-europas-erste-smart-city-werden-3\/\",\"url\":\"https:\/\/www.tsp.at\/en\/2017\/11\/23\/berlin-will-europas-erste-smart-city-werden-3\/\",\"name\":\"Berlin will Europas erste \\\"Smart City\\\" werden - Temmel | Seywald - Corporate Communications\",\"isPartOf\":{\"@id\":\"https:\/\/www.tsp.at\/en\/#website\"},\"datePublished\":\"2017-11-23T10:02:00+00:00\",\"dateModified\":\"2025-10-21T12:57:37+00:00\",\"breadcrumb\":{\"@id\":\"https:\/\/www.tsp.at\/en\/2017\/11\/23\/berlin-will-europas-erste-smart-city-werden-3\/#breadcrumb\"},\"inLanguage\":\"en-US\",\"potentialAction\":[{\"@type\":\"ReadAction\",\"target\":[\"https:\/\/www.tsp.at\/en\/2017\/11\/23\/berlin-will-europas-erste-smart-city-werden-3\/\"]}]},{\"@type\":\"BreadcrumbList\",\"@id\":\"https:\/\/www.tsp.at\/en\/2017\/11\/23\/berlin-will-europas-erste-smart-city-werden-3\/#breadcrumb\",\"itemListElement\":[{\"@type\":\"ListItem\",\"position\":1,\"name\":\"Startseite\",\"item\":\"https:\/\/www.tsp.at\/en\/\"},{\"@type\":\"ListItem\",\"position\":2,\"name\":\"Berlin will Europas erste &#8222;Smart City&#8220; werden\"}]},{\"@type\":\"WebSite\",\"@id\":\"https:\/\/www.tsp.at\/en\/#website\",\"url\":\"https:\/\/www.tsp.at\/en\/\",\"name\":\"Temmel | Seywald - Corporate Communications\",\"description\":\"Kommunikation ist Beziehungsarbeit\",\"publisher\":{\"@id\":\"https:\/\/www.tsp.at\/en\/#organization\"},\"potentialAction\":[{\"@type\":\"SearchAction\",\"target\":{\"@type\":\"EntryPoint\",\"urlTemplate\":\"https:\/\/www.tsp.at\/en\/?s={search_term_string}\"},\"query-input\":{\"@type\":\"PropertyValueSpecification\",\"valueRequired\":true,\"valueName\":\"search_term_string\"}}],\"inLanguage\":\"en-US\"},{\"@type\":\"Organization\",\"@id\":\"https:\/\/www.tsp.at\/en\/#organization\",\"name\":\"Temmel, Seywald & Partner Communications GesmbH\",\"alternateName\":\"TSP\",\"url\":\"https:\/\/www.tsp.at\/en\/\",\"logo\":{\"@type\":\"ImageObject\",\"inLanguage\":\"en-US\",\"@id\":\"https:\/\/www.tsp.at\/en\/#\/schema\/logo\/image\/\",\"url\":\"https:\/\/www.tsp.at\/wp-content\/uploads\/2025\/10\/favicontsp.png\",\"contentUrl\":\"https:\/\/www.tsp.at\/wp-content\/uploads\/2025\/10\/favicontsp.png\",\"width\":125,\"height\":125,\"caption\":\"Temmel, Seywald & Partner Communications GesmbH\"},\"image\":{\"@id\":\"https:\/\/www.tsp.at\/en\/#\/schema\/logo\/image\/\"},\"sameAs\":[\"https:\/\/www.facebook.com\/TemmelSeywald\"]},{\"@type\":\"Person\",\"@id\":\"https:\/\/www.tsp.at\/en\/#\/schema\/person\/1ba5600c29da17b902b0925cea567f8a\",\"name\":\"TSP Redaktion\"}]}<\/script>\n<!-- \/ Yoast SEO plugin. -->","yoast_head_json":{"title":"Berlin will Europas erste \"Smart City\" werden - Temmel | Seywald - Corporate Communications","robots":{"index":"index","follow":"follow","max-snippet":"max-snippet:-1","max-image-preview":"max-image-preview:large","max-video-preview":"max-video-preview:-1"},"canonical":"https:\/\/www.tsp.at\/en\/2017\/11\/23\/berlin-will-europas-erste-smart-city-werden-3\/","og_locale":"en_US","og_type":"article","og_title":"Berlin will Europas erste \"Smart City\" werden - Temmel | Seywald - Corporate Communications","og_description":"B\u00fcrgermeister k\u00fcndigt Milliardeninvestitionen in Bildung und Forschung an 23.11.2017 Wien \u2013 Mit einem regelrechten Feuerwerk an Infrastruktur-, Bildungs- und Forschungsma\u00dfnahmen will sich die deutsche Hauptstadt Berlin in den n\u00e4chsten Jahren zum kulturellen und digitalen Hotspot Europas entwickeln. Der regierende B\u00fcrgermeister Michael M\u00fcller pr\u00e4zisierte am Mittwochabend im Rahmen einer Veranstaltung der Deutschen Handelskammer in Wien http:\/\/oesterreich.ahk.deseine&hellip;","og_url":"https:\/\/www.tsp.at\/en\/2017\/11\/23\/berlin-will-europas-erste-smart-city-werden-3\/","og_site_name":"Temmel | Seywald - Corporate Communications","article_publisher":"https:\/\/www.facebook.com\/TemmelSeywald","article_published_time":"2017-11-23T10:02:00+00:00","article_modified_time":"2025-10-21T12:57:37+00:00","author":"TSP Redaktion","twitter_card":"summary_large_image","twitter_misc":{"Written by":"TSP Redaktion","Est. reading time":"4 minutes"},"schema":{"@context":"https:\/\/schema.org","@graph":[{"@type":"Article","@id":"https:\/\/www.tsp.at\/en\/2017\/11\/23\/berlin-will-europas-erste-smart-city-werden-3\/#article","isPartOf":{"@id":"https:\/\/www.tsp.at\/en\/2017\/11\/23\/berlin-will-europas-erste-smart-city-werden-3\/"},"author":{"name":"TSP Redaktion","@id":"https:\/\/www.tsp.at\/en\/#\/schema\/person\/1ba5600c29da17b902b0925cea567f8a"},"headline":"Berlin will Europas erste &#8220;Smart City&#8221; werden","datePublished":"2017-11-23T10:02:00+00:00","dateModified":"2025-10-21T12:57:37+00:00","mainEntityOfPage":{"@id":"https:\/\/www.tsp.at\/en\/2017\/11\/23\/berlin-will-europas-erste-smart-city-werden-3\/"},"wordCount":703,"publisher":{"@id":"https:\/\/www.tsp.at\/en\/#organization"},"articleSection":["News"],"inLanguage":"en-US"},{"@type":"WebPage","@id":"https:\/\/www.tsp.at\/en\/2017\/11\/23\/berlin-will-europas-erste-smart-city-werden-3\/","url":"https:\/\/www.tsp.at\/en\/2017\/11\/23\/berlin-will-europas-erste-smart-city-werden-3\/","name":"Berlin will Europas erste \"Smart City\" werden - Temmel | Seywald - Corporate Communications","isPartOf":{"@id":"https:\/\/www.tsp.at\/en\/#website"},"datePublished":"2017-11-23T10:02:00+00:00","dateModified":"2025-10-21T12:57:37+00:00","breadcrumb":{"@id":"https:\/\/www.tsp.at\/en\/2017\/11\/23\/berlin-will-europas-erste-smart-city-werden-3\/#breadcrumb"},"inLanguage":"en-US","potentialAction":[{"@type":"ReadAction","target":["https:\/\/www.tsp.at\/en\/2017\/11\/23\/berlin-will-europas-erste-smart-city-werden-3\/"]}]},{"@type":"BreadcrumbList","@id":"https:\/\/www.tsp.at\/en\/2017\/11\/23\/berlin-will-europas-erste-smart-city-werden-3\/#breadcrumb","itemListElement":[{"@type":"ListItem","position":1,"name":"Startseite","item":"https:\/\/www.tsp.at\/en\/"},{"@type":"ListItem","position":2,"name":"Berlin will Europas erste &#8222;Smart City&#8220; werden"}]},{"@type":"WebSite","@id":"https:\/\/www.tsp.at\/en\/#website","url":"https:\/\/www.tsp.at\/en\/","name":"Temmel | Seywald - Corporate Communications","description":"Kommunikation ist Beziehungsarbeit","publisher":{"@id":"https:\/\/www.tsp.at\/en\/#organization"},"potentialAction":[{"@type":"SearchAction","target":{"@type":"EntryPoint","urlTemplate":"https:\/\/www.tsp.at\/en\/?s={search_term_string}"},"query-input":{"@type":"PropertyValueSpecification","valueRequired":true,"valueName":"search_term_string"}}],"inLanguage":"en-US"},{"@type":"Organization","@id":"https:\/\/www.tsp.at\/en\/#organization","name":"Temmel, Seywald & Partner Communications GesmbH","alternateName":"TSP","url":"https:\/\/www.tsp.at\/en\/","logo":{"@type":"ImageObject","inLanguage":"en-US","@id":"https:\/\/www.tsp.at\/en\/#\/schema\/logo\/image\/","url":"https:\/\/www.tsp.at\/wp-content\/uploads\/2025\/10\/favicontsp.png","contentUrl":"https:\/\/www.tsp.at\/wp-content\/uploads\/2025\/10\/favicontsp.png","width":125,"height":125,"caption":"Temmel, Seywald & Partner Communications GesmbH"},"image":{"@id":"https:\/\/www.tsp.at\/en\/#\/schema\/logo\/image\/"},"sameAs":["https:\/\/www.facebook.com\/TemmelSeywald"]},{"@type":"Person","@id":"https:\/\/www.tsp.at\/en\/#\/schema\/person\/1ba5600c29da17b902b0925cea567f8a","name":"TSP Redaktion"}]}},"_links":{"self":[{"href":"https:\/\/www.tsp.at\/en\/wp-json\/wp\/v2\/posts\/11085","targetHints":{"allow":["GET"]}}],"collection":[{"href":"https:\/\/www.tsp.at\/en\/wp-json\/wp\/v2\/posts"}],"about":[{"href":"https:\/\/www.tsp.at\/en\/wp-json\/wp\/v2\/types\/post"}],"author":[{"embeddable":true,"href":"https:\/\/www.tsp.at\/en\/wp-json\/wp\/v2\/users\/2"}],"replies":[{"embeddable":true,"href":"https:\/\/www.tsp.at\/en\/wp-json\/wp\/v2\/comments?post=11085"}],"version-history":[{"count":1,"href":"https:\/\/www.tsp.at\/en\/wp-json\/wp\/v2\/posts\/11085\/revisions"}],"predecessor-version":[{"id":11457,"href":"https:\/\/www.tsp.at\/en\/wp-json\/wp\/v2\/posts\/11085\/revisions\/11457"}],"wp:attachment":[{"href":"https:\/\/www.tsp.at\/en\/wp-json\/wp\/v2\/media?parent=11085"}],"wp:term":[{"taxonomy":"category","embeddable":true,"href":"https:\/\/www.tsp.at\/en\/wp-json\/wp\/v2\/categories?post=11085"},{"taxonomy":"post_tag","embeddable":true,"href":"https:\/\/www.tsp.at\/en\/wp-json\/wp\/v2\/tags?post=11085"}],"curies":[{"name":"wp","href":"https:\/\/api.w.org\/{rel}","templated":true}]}}