{"id":11109,"date":"2016-05-02T09:19:00","date_gmt":"2016-05-02T07:19:00","guid":{"rendered":"https:\/\/staging.tsp.at\/2016\/05\/02\/peter-schentler-wird-principal-bei-horvath-partners-3\/"},"modified":"2025-10-21T14:57:48","modified_gmt":"2025-10-21T12:57:48","slug":"peter-schentler-wird-principal-bei-horvath-partners-3","status":"publish","type":"post","link":"https:\/\/www.tsp.at\/en\/2016\/05\/02\/peter-schentler-wird-principal-bei-horvath-partners-3\/","title":{"rendered":"Peter Schentler wird Principal bei Horv\u00e1th &#038; Partners"},"content":{"rendered":"<article class=\"item\">\n<h2><strong>Controlling- und Einkaufsprofi wird auch Prokurist in \u00d6sterreich<\/strong><\/h2>\n<p>02.05.2016<\/p>\n<\/p>\n<\/p>\n<\/p>\n<\/p>\n<\/p>\n<p class=\"FtxtP\">Wien \u2013 <strong><span class=\"FtxtBold\">Die Managementberatung Horv\u00e1th &amp; Partners \u00d6sterreich hat den Betriebswirtschafter und Controlling-Experten Dr. Peter Schentler zum Principal und Prokuristen ernannt. &#8220;Mit seiner Fachkompetenz und langj\u00e4hrigen Expertise hat Peter Schentler unser Unternehmen wesentlich vorangebracht. Wir freuen uns, mit ihm auch in den kommenden Jahren vielversprechende Projekte zu realisieren&#8221;, erkl\u00e4rt Dr. Stefan Bergsmann, Partner und Gesch\u00e4ftsf\u00fchrer von Horv\u00e1th &amp; Partners \u00d6sterreich.<\/span><\/strong>\u00a0<a href=\"http:\/\/horvath-partners.com\/\" rel=\"nofollow\" target=\"_blank\">http:\/\/horvath-partners.com<\/a><\/p>\n<p class=\"FtxtP\">Der geb\u00fcrtige Steirer Peter Schentler wird den weiteren Ausbau des Controlling- und Finanzkompetenzzentrums bei Horv\u00e1th &amp; Partners in Wien verantworten. Nach seinem Studium der Industriewirtschaft an der FH Joanneum in Kapfenberg hat er an der Universit\u00e4t Rostock in BWL promoviert und Forschungsaufenthalte in Tschechien und in den USA absolviert. Er arbeitete am Joanneum als wissenschaftlicher Mitarbeiter sowie Projektleiter und leitete das Competence Center Controlling am Strascheg Institute for Innovation and Entrepreneurship der EBS Universit\u00e4t f\u00fcr Wirtschaft und Recht in Wiesbaden.<\/p>\n<p class=\"FtxtP\">Seit 2009 ist Dr. Schentler als Berater bei Horv\u00e1th &amp; Partners \u00d6sterreich t\u00e4tig und begleitet Kunden in \u00d6sterreich, Mitteleuropa, den USA sowie im arabischen Raum. Zu seinen Themenschwerpunkten z\u00e4hlen Budgetierung, Forecasting, Kostenrechnung und Einkaufscontrolling. Er ber\u00e4t vor allem produzierende Unternehmen (insbesondere Maschinen- und Anlagenbau, Rohstoffe, Prozessfertigung, Verpackung). Sein Fokus liegt auf der Konzeption von Controllingl\u00f6sungen sowie auf deren Implementierung und Verankerung. Dar\u00fcber hinaus ist Schentler Autor von f\u00fcnf B\u00fcchern und mehr als 50 Buch- und Zeitschriftenbeitr\u00e4gen.<\/p>\n<p class=\"FtxtP\"><strong><span class=\"FtxtBold\">\u00dcber Horv\u00e1th &amp; Partners<\/span><\/strong><br \/>Horv\u00e1th &amp; Partners ist eine international t\u00e4tige, unabh\u00e4ngige Managementberatung mit Sitz in Stuttgart. Das Unternehmen besch\u00e4ftigt mehr als 600 hochqualifizierte Mitarbeiter an Standorten in Deutschland, \u00d6sterreich, Rum\u00e4nien, Saudi-Arabien, der Schweiz, Ungarn und den Vereinigten Arabischen Emiraten. Die Mitgliedschaft in der internationalen Beratungsallianz &#8220;Cordence Worldwide&#8221; unterst\u00fctzt die F\u00e4higkeit, Beratungsprojekte in wichtigen Wirtschaftsregionen mit h\u00f6chster fachlicher Expertise und genauer Kenntnis der lokalen Gegebenheiten durchzuf\u00fchren. Die Kernkompetenzen von Horv\u00e1th &amp; Partners sind Unternehmenssteuerung und Performanceoptimierung &#8211; f\u00fcr das Gesamtunternehmen wie f\u00fcr die Gesch\u00e4fts- und Funktionsbereiche Strategie, Innovation, Organisation, Vertrieb, Operations, Controlling, Finanzen und IT. Horv\u00e1th &amp; Partners steht f\u00fcr Projektergebnisse, die nachhaltigen Nutzen schaffen. Deshalb begleitet Horv\u00e1th &amp; Partners seine Kunden von der betriebswirtschaftlichen Konzeption bis zur Verankerung in Prozessen und Systemen.<\/p>\n<\/article>\n","protected":false},"excerpt":{"rendered":"<p>Controlling- und Einkaufsprofi wird auch Prokurist in \u00d6sterreich 02.05.2016 Wien \u2013 Die Managementberatung Horv\u00e1th &amp; Partners \u00d6sterreich hat den Betriebswirtschafter und Controlling-Experten Dr. Peter Schentler zum Principal und Prokuristen ernannt. &#8220;Mit seiner Fachkompetenz und langj\u00e4hrigen Expertise hat Peter Schentler unser Unternehmen wesentlich vorangebracht. Wir freuen uns, mit ihm auch in den kommenden Jahren vielversprechende Projekte&hellip;<\/p>\n","protected":false},"author":2,"featured_media":11108,"comment_status":"closed","ping_status":"closed","sticky":false,"template":"","format":"standard","meta":{"footnotes":""},"categories":[3],"tags":[],"class_list":["post-11109","post","type-post","status-publish","format-standard","has-post-thumbnail","hentry","category-news","category-3","description-off"],"yoast_head":"<!-- This site is optimized with the Yoast SEO plugin v26.3 - https:\/\/yoast.com\/wordpress\/plugins\/seo\/ -->\n<title>Peter Schentler wird Principal bei Horv\u00e1th &amp; Partners - Temmel | Seywald - Corporate Communications<\/title>\n<meta name=\"robots\" content=\"index, follow, max-snippet:-1, max-image-preview:large, max-video-preview:-1\" \/>\n<link rel=\"canonical\" href=\"https:\/\/www.tsp.at\/en\/2016\/05\/02\/peter-schentler-wird-principal-bei-horvath-partners-3\/\" \/>\n<meta property=\"og:locale\" content=\"en_US\" \/>\n<meta property=\"og:type\" content=\"article\" \/>\n<meta property=\"og:title\" content=\"Peter Schentler wird Principal bei Horv\u00e1th &amp; Partners - Temmel | Seywald - Corporate Communications\" \/>\n<meta property=\"og:description\" content=\"Controlling- und Einkaufsprofi wird auch Prokurist in \u00d6sterreich 02.05.2016 Wien \u2013 Die Managementberatung Horv\u00e1th &amp; Partners \u00d6sterreich hat den Betriebswirtschafter und Controlling-Experten Dr. Peter Schentler zum Principal und Prokuristen ernannt. &#8220;Mit seiner Fachkompetenz und langj\u00e4hrigen Expertise hat Peter Schentler unser Unternehmen wesentlich vorangebracht. Wir freuen uns, mit ihm auch in den kommenden Jahren vielversprechende Projekte&hellip;\" \/>\n<meta property=\"og:url\" content=\"https:\/\/www.tsp.at\/en\/2016\/05\/02\/peter-schentler-wird-principal-bei-horvath-partners-3\/\" \/>\n<meta property=\"og:site_name\" content=\"Temmel | Seywald - Corporate Communications\" \/>\n<meta property=\"article:publisher\" content=\"https:\/\/www.facebook.com\/TemmelSeywald\" \/>\n<meta property=\"article:published_time\" content=\"2016-05-02T07:19:00+00:00\" \/>\n<meta property=\"article:modified_time\" content=\"2025-10-21T12:57:48+00:00\" \/>\n<meta property=\"og:image\" content=\"https:\/\/www.tsp.at\/wp-content\/uploads\/2025\/10\/CK5A1608-2.jpg\" \/>\n\t<meta property=\"og:image:width\" content=\"2126\" \/>\n\t<meta property=\"og:image:height\" content=\"1417\" \/>\n\t<meta property=\"og:image:type\" content=\"image\/jpeg\" \/>\n<meta name=\"author\" content=\"TSP Redaktion\" \/>\n<meta name=\"twitter:card\" content=\"summary_large_image\" \/>\n<meta name=\"twitter:label1\" content=\"Written by\" \/>\n\t<meta name=\"twitter:data1\" content=\"TSP Redaktion\" \/>\n\t<meta name=\"twitter:label2\" content=\"Est. reading time\" \/>\n\t<meta name=\"twitter:data2\" content=\"3 minutes\" \/>\n<script type=\"application\/ld+json\" class=\"yoast-schema-graph\">{\"@context\":\"https:\/\/schema.org\",\"@graph\":[{\"@type\":\"Article\",\"@id\":\"https:\/\/www.tsp.at\/en\/2016\/05\/02\/peter-schentler-wird-principal-bei-horvath-partners-3\/#article\",\"isPartOf\":{\"@id\":\"https:\/\/www.tsp.at\/en\/2016\/05\/02\/peter-schentler-wird-principal-bei-horvath-partners-3\/\"},\"author\":{\"name\":\"TSP Redaktion\",\"@id\":\"https:\/\/www.tsp.at\/en\/#\/schema\/person\/1ba5600c29da17b902b0925cea567f8a\"},\"headline\":\"Peter Schentler wird Principal bei Horv\u00e1th &#038; Partners\",\"datePublished\":\"2016-05-02T07:19:00+00:00\",\"dateModified\":\"2025-10-21T12:57:48+00:00\",\"mainEntityOfPage\":{\"@id\":\"https:\/\/www.tsp.at\/en\/2016\/05\/02\/peter-schentler-wird-principal-bei-horvath-partners-3\/\"},\"wordCount\":391,\"publisher\":{\"@id\":\"https:\/\/www.tsp.at\/en\/#organization\"},\"image\":{\"@id\":\"https:\/\/www.tsp.at\/en\/2016\/05\/02\/peter-schentler-wird-principal-bei-horvath-partners-3\/#primaryimage\"},\"thumbnailUrl\":\"https:\/\/www.tsp.at\/wp-content\/uploads\/2025\/10\/CK5A1608-2.jpg\",\"articleSection\":[\"News\"],\"inLanguage\":\"en-US\"},{\"@type\":\"WebPage\",\"@id\":\"https:\/\/www.tsp.at\/en\/2016\/05\/02\/peter-schentler-wird-principal-bei-horvath-partners-3\/\",\"url\":\"https:\/\/www.tsp.at\/en\/2016\/05\/02\/peter-schentler-wird-principal-bei-horvath-partners-3\/\",\"name\":\"Peter Schentler wird Principal bei Horv\u00e1th & Partners - Temmel | Seywald - Corporate Communications\",\"isPartOf\":{\"@id\":\"https:\/\/www.tsp.at\/en\/#website\"},\"primaryImageOfPage\":{\"@id\":\"https:\/\/www.tsp.at\/en\/2016\/05\/02\/peter-schentler-wird-principal-bei-horvath-partners-3\/#primaryimage\"},\"image\":{\"@id\":\"https:\/\/www.tsp.at\/en\/2016\/05\/02\/peter-schentler-wird-principal-bei-horvath-partners-3\/#primaryimage\"},\"thumbnailUrl\":\"https:\/\/www.tsp.at\/wp-content\/uploads\/2025\/10\/CK5A1608-2.jpg\",\"datePublished\":\"2016-05-02T07:19:00+00:00\",\"dateModified\":\"2025-10-21T12:57:48+00:00\",\"breadcrumb\":{\"@id\":\"https:\/\/www.tsp.at\/en\/2016\/05\/02\/peter-schentler-wird-principal-bei-horvath-partners-3\/#breadcrumb\"},\"inLanguage\":\"en-US\",\"potentialAction\":[{\"@type\":\"ReadAction\",\"target\":[\"https:\/\/www.tsp.at\/en\/2016\/05\/02\/peter-schentler-wird-principal-bei-horvath-partners-3\/\"]}]},{\"@type\":\"ImageObject\",\"inLanguage\":\"en-US\",\"@id\":\"https:\/\/www.tsp.at\/en\/2016\/05\/02\/peter-schentler-wird-principal-bei-horvath-partners-3\/#primaryimage\",\"url\":\"https:\/\/www.tsp.at\/wp-content\/uploads\/2025\/10\/CK5A1608-2.jpg\",\"contentUrl\":\"https:\/\/www.tsp.at\/wp-content\/uploads\/2025\/10\/CK5A1608-2.jpg\",\"width\":2126,\"height\":1417,\"caption\":\"(c) fotodienst\/Anna Rauchenberger - Wien, am 09.11.2012 \u2013 Portr\u00e4ts Horv\u00e1th &amp; Partner Management Consulting GmbH\"},{\"@type\":\"BreadcrumbList\",\"@id\":\"https:\/\/www.tsp.at\/en\/2016\/05\/02\/peter-schentler-wird-principal-bei-horvath-partners-3\/#breadcrumb\",\"itemListElement\":[{\"@type\":\"ListItem\",\"position\":1,\"name\":\"Startseite\",\"item\":\"https:\/\/www.tsp.at\/en\/\"},{\"@type\":\"ListItem\",\"position\":2,\"name\":\"Peter Schentler wird Principal bei Horv\u00e1th &#038; Partners\"}]},{\"@type\":\"WebSite\",\"@id\":\"https:\/\/www.tsp.at\/en\/#website\",\"url\":\"https:\/\/www.tsp.at\/en\/\",\"name\":\"Temmel | Seywald - Corporate Communications\",\"description\":\"Kommunikation ist Beziehungsarbeit\",\"publisher\":{\"@id\":\"https:\/\/www.tsp.at\/en\/#organization\"},\"potentialAction\":[{\"@type\":\"SearchAction\",\"target\":{\"@type\":\"EntryPoint\",\"urlTemplate\":\"https:\/\/www.tsp.at\/en\/?s={search_term_string}\"},\"query-input\":{\"@type\":\"PropertyValueSpecification\",\"valueRequired\":true,\"valueName\":\"search_term_string\"}}],\"inLanguage\":\"en-US\"},{\"@type\":\"Organization\",\"@id\":\"https:\/\/www.tsp.at\/en\/#organization\",\"name\":\"Temmel, Seywald & Partner Communications GesmbH\",\"alternateName\":\"TSP\",\"url\":\"https:\/\/www.tsp.at\/en\/\",\"logo\":{\"@type\":\"ImageObject\",\"inLanguage\":\"en-US\",\"@id\":\"https:\/\/www.tsp.at\/en\/#\/schema\/logo\/image\/\",\"url\":\"https:\/\/www.tsp.at\/wp-content\/uploads\/2025\/10\/favicontsp.png\",\"contentUrl\":\"https:\/\/www.tsp.at\/wp-content\/uploads\/2025\/10\/favicontsp.png\",\"width\":125,\"height\":125,\"caption\":\"Temmel, Seywald & Partner Communications GesmbH\"},\"image\":{\"@id\":\"https:\/\/www.tsp.at\/en\/#\/schema\/logo\/image\/\"},\"sameAs\":[\"https:\/\/www.facebook.com\/TemmelSeywald\"]},{\"@type\":\"Person\",\"@id\":\"https:\/\/www.tsp.at\/en\/#\/schema\/person\/1ba5600c29da17b902b0925cea567f8a\",\"name\":\"TSP Redaktion\"}]}<\/script>\n<!-- \/ Yoast SEO plugin. -->","yoast_head_json":{"title":"Peter Schentler wird Principal bei Horv\u00e1th & Partners - Temmel | Seywald - Corporate Communications","robots":{"index":"index","follow":"follow","max-snippet":"max-snippet:-1","max-image-preview":"max-image-preview:large","max-video-preview":"max-video-preview:-1"},"canonical":"https:\/\/www.tsp.at\/en\/2016\/05\/02\/peter-schentler-wird-principal-bei-horvath-partners-3\/","og_locale":"en_US","og_type":"article","og_title":"Peter Schentler wird Principal bei Horv\u00e1th & Partners - Temmel | Seywald - Corporate Communications","og_description":"Controlling- und Einkaufsprofi wird auch Prokurist in \u00d6sterreich 02.05.2016 Wien \u2013 Die Managementberatung Horv\u00e1th &amp; Partners \u00d6sterreich hat den Betriebswirtschafter und Controlling-Experten Dr. Peter Schentler zum Principal und Prokuristen ernannt. &#8220;Mit seiner Fachkompetenz und langj\u00e4hrigen Expertise hat Peter Schentler unser Unternehmen wesentlich vorangebracht. Wir freuen uns, mit ihm auch in den kommenden Jahren vielversprechende Projekte&hellip;","og_url":"https:\/\/www.tsp.at\/en\/2016\/05\/02\/peter-schentler-wird-principal-bei-horvath-partners-3\/","og_site_name":"Temmel | Seywald - Corporate Communications","article_publisher":"https:\/\/www.facebook.com\/TemmelSeywald","article_published_time":"2016-05-02T07:19:00+00:00","article_modified_time":"2025-10-21T12:57:48+00:00","og_image":[{"width":2126,"height":1417,"url":"https:\/\/www.tsp.at\/wp-content\/uploads\/2025\/10\/CK5A1608-2.jpg","type":"image\/jpeg"}],"author":"TSP Redaktion","twitter_card":"summary_large_image","twitter_misc":{"Written by":"TSP Redaktion","Est. reading time":"3 minutes"},"schema":{"@context":"https:\/\/schema.org","@graph":[{"@type":"Article","@id":"https:\/\/www.tsp.at\/en\/2016\/05\/02\/peter-schentler-wird-principal-bei-horvath-partners-3\/#article","isPartOf":{"@id":"https:\/\/www.tsp.at\/en\/2016\/05\/02\/peter-schentler-wird-principal-bei-horvath-partners-3\/"},"author":{"name":"TSP Redaktion","@id":"https:\/\/www.tsp.at\/en\/#\/schema\/person\/1ba5600c29da17b902b0925cea567f8a"},"headline":"Peter Schentler wird Principal bei Horv\u00e1th &#038; Partners","datePublished":"2016-05-02T07:19:00+00:00","dateModified":"2025-10-21T12:57:48+00:00","mainEntityOfPage":{"@id":"https:\/\/www.tsp.at\/en\/2016\/05\/02\/peter-schentler-wird-principal-bei-horvath-partners-3\/"},"wordCount":391,"publisher":{"@id":"https:\/\/www.tsp.at\/en\/#organization"},"image":{"@id":"https:\/\/www.tsp.at\/en\/2016\/05\/02\/peter-schentler-wird-principal-bei-horvath-partners-3\/#primaryimage"},"thumbnailUrl":"https:\/\/www.tsp.at\/wp-content\/uploads\/2025\/10\/CK5A1608-2.jpg","articleSection":["News"],"inLanguage":"en-US"},{"@type":"WebPage","@id":"https:\/\/www.tsp.at\/en\/2016\/05\/02\/peter-schentler-wird-principal-bei-horvath-partners-3\/","url":"https:\/\/www.tsp.at\/en\/2016\/05\/02\/peter-schentler-wird-principal-bei-horvath-partners-3\/","name":"Peter Schentler wird Principal bei Horv\u00e1th & Partners - Temmel | Seywald - Corporate Communications","isPartOf":{"@id":"https:\/\/www.tsp.at\/en\/#website"},"primaryImageOfPage":{"@id":"https:\/\/www.tsp.at\/en\/2016\/05\/02\/peter-schentler-wird-principal-bei-horvath-partners-3\/#primaryimage"},"image":{"@id":"https:\/\/www.tsp.at\/en\/2016\/05\/02\/peter-schentler-wird-principal-bei-horvath-partners-3\/#primaryimage"},"thumbnailUrl":"https:\/\/www.tsp.at\/wp-content\/uploads\/2025\/10\/CK5A1608-2.jpg","datePublished":"2016-05-02T07:19:00+00:00","dateModified":"2025-10-21T12:57:48+00:00","breadcrumb":{"@id":"https:\/\/www.tsp.at\/en\/2016\/05\/02\/peter-schentler-wird-principal-bei-horvath-partners-3\/#breadcrumb"},"inLanguage":"en-US","potentialAction":[{"@type":"ReadAction","target":["https:\/\/www.tsp.at\/en\/2016\/05\/02\/peter-schentler-wird-principal-bei-horvath-partners-3\/"]}]},{"@type":"ImageObject","inLanguage":"en-US","@id":"https:\/\/www.tsp.at\/en\/2016\/05\/02\/peter-schentler-wird-principal-bei-horvath-partners-3\/#primaryimage","url":"https:\/\/www.tsp.at\/wp-content\/uploads\/2025\/10\/CK5A1608-2.jpg","contentUrl":"https:\/\/www.tsp.at\/wp-content\/uploads\/2025\/10\/CK5A1608-2.jpg","width":2126,"height":1417,"caption":"(c) fotodienst\/Anna Rauchenberger - Wien, am 09.11.2012 \u2013 Portr\u00e4ts Horv\u00e1th &amp; Partner Management Consulting GmbH"},{"@type":"BreadcrumbList","@id":"https:\/\/www.tsp.at\/en\/2016\/05\/02\/peter-schentler-wird-principal-bei-horvath-partners-3\/#breadcrumb","itemListElement":[{"@type":"ListItem","position":1,"name":"Startseite","item":"https:\/\/www.tsp.at\/en\/"},{"@type":"ListItem","position":2,"name":"Peter Schentler wird Principal bei Horv\u00e1th &#038; Partners"}]},{"@type":"WebSite","@id":"https:\/\/www.tsp.at\/en\/#website","url":"https:\/\/www.tsp.at\/en\/","name":"Temmel | Seywald - Corporate Communications","description":"Kommunikation ist Beziehungsarbeit","publisher":{"@id":"https:\/\/www.tsp.at\/en\/#organization"},"potentialAction":[{"@type":"SearchAction","target":{"@type":"EntryPoint","urlTemplate":"https:\/\/www.tsp.at\/en\/?s={search_term_string}"},"query-input":{"@type":"PropertyValueSpecification","valueRequired":true,"valueName":"search_term_string"}}],"inLanguage":"en-US"},{"@type":"Organization","@id":"https:\/\/www.tsp.at\/en\/#organization","name":"Temmel, Seywald & Partner Communications GesmbH","alternateName":"TSP","url":"https:\/\/www.tsp.at\/en\/","logo":{"@type":"ImageObject","inLanguage":"en-US","@id":"https:\/\/www.tsp.at\/en\/#\/schema\/logo\/image\/","url":"https:\/\/www.tsp.at\/wp-content\/uploads\/2025\/10\/favicontsp.png","contentUrl":"https:\/\/www.tsp.at\/wp-content\/uploads\/2025\/10\/favicontsp.png","width":125,"height":125,"caption":"Temmel, Seywald & Partner Communications GesmbH"},"image":{"@id":"https:\/\/www.tsp.at\/en\/#\/schema\/logo\/image\/"},"sameAs":["https:\/\/www.facebook.com\/TemmelSeywald"]},{"@type":"Person","@id":"https:\/\/www.tsp.at\/en\/#\/schema\/person\/1ba5600c29da17b902b0925cea567f8a","name":"TSP Redaktion"}]}},"_links":{"self":[{"href":"https:\/\/www.tsp.at\/en\/wp-json\/wp\/v2\/posts\/11109","targetHints":{"allow":["GET"]}}],"collection":[{"href":"https:\/\/www.tsp.at\/en\/wp-json\/wp\/v2\/posts"}],"about":[{"href":"https:\/\/www.tsp.at\/en\/wp-json\/wp\/v2\/types\/post"}],"author":[{"embeddable":true,"href":"https:\/\/www.tsp.at\/en\/wp-json\/wp\/v2\/users\/2"}],"replies":[{"embeddable":true,"href":"https:\/\/www.tsp.at\/en\/wp-json\/wp\/v2\/comments?post=11109"}],"version-history":[{"count":1,"href":"https:\/\/www.tsp.at\/en\/wp-json\/wp\/v2\/posts\/11109\/revisions"}],"predecessor-version":[{"id":11542,"href":"https:\/\/www.tsp.at\/en\/wp-json\/wp\/v2\/posts\/11109\/revisions\/11542"}],"wp:featuredmedia":[{"embeddable":true,"href":"https:\/\/www.tsp.at\/en\/wp-json\/wp\/v2\/media\/11108"}],"wp:attachment":[{"href":"https:\/\/www.tsp.at\/en\/wp-json\/wp\/v2\/media?parent=11109"}],"wp:term":[{"taxonomy":"category","embeddable":true,"href":"https:\/\/www.tsp.at\/en\/wp-json\/wp\/v2\/categories?post=11109"},{"taxonomy":"post_tag","embeddable":true,"href":"https:\/\/www.tsp.at\/en\/wp-json\/wp\/v2\/tags?post=11109"}],"curies":[{"name":"wp","href":"https:\/\/api.w.org\/{rel}","templated":true}]}}