{"id":11113,"date":"2016-04-06T18:20:00","date_gmt":"2016-04-06T16:20:00","guid":{"rendered":"https:\/\/staging.tsp.at\/2016\/04\/06\/pen-club-startet-briefaktion-mein-oesterreich-3\/"},"modified":"2025-10-21T14:57:50","modified_gmt":"2025-10-21T12:57:50","slug":"pen-club-startet-briefaktion-mein-oesterreich-3","status":"publish","type":"post","link":"https:\/\/www.tsp.at\/en\/2016\/04\/06\/pen-club-startet-briefaktion-mein-oesterreich-3\/","title":{"rendered":"PEN-Club startet Briefaktion &#8220;Mein \u00d6sterreich&#8221;"},"content":{"rendered":"<article class=\"item\">\n<h2><strong>\u201eWas ich Ihnen sagen m\u00f6chte, Herr oder Frau Bundespr\u00e4sident|in\u201c<\/strong><\/h2>\n<p>06.04.2016<\/p>\n<\/p>\n<\/p>\n<\/p>\n<\/p>\n<\/p>\n<p class=\"FtxtP\">Wien \u2013 <strong>\u00a0<span class=\"FtxtBold\">In schwierigen Zeiten Augenma\u00df und Besonnenheit zu bewahren, ist auch f\u00fcr einen Bundespr\u00e4sidenten der Republik \u00d6sterreich nicht einfach. Aus diesem Grund und anl\u00e4sslich der bevorstehenden Bundespr\u00e4sidentschaftswahl ruft der \u00d6sterreichische PEN-Club Herrn und Frau \u00d6sterreicher auf, dem k\u00fcnftigen Staatsoberhaupt in einem Brief mitzuteilen, was zu tun ist, um \u00d6sterreichs Demokratie und Ansehen in der Welt zu st\u00e4rken.\u00a0<\/span><\/strong><a href=\"http:\/\/www.penclub.at\/\" rel=\"nofollow\" target=\"_blank\">http:\/\/www.penclub.at<\/a><\/p>\n<p class=\"FtxtP\">Mit Unterst\u00fctzung der \u00d6sterreichischen Post AG und weiteren Partnern aus Kultur, Wissenschaft und Politik appelliert der PEN-Club an die W\u00e4hlerinnen und W\u00e4hler, ihre Stimme nicht nur an der Urne abzugeben, sondern sie auch zu erheben &#8211; in Form eines Briefs auf echtem Briefpapier, in einem Kuvert verpackt und mit pers\u00f6nlicher Anrede adressiert<\/p>\n<p class=\"FtxtP\">An den oder die Bundespr\u00e4sident\/in\u00a0<br \/>c\/o \u00d6sterreichischer PEN-Club<br \/>Kennwort &#8220;Mein \u00d6sterreich&#8221;\u00a0<br \/>Bankgasse 8, 1010 Wien<\/p>\n<p class=\"FtxtP\"><strong><span class=\"FtxtBold\">&#8220;Bundesbriefkasten&#8221; f\u00fcr Anregungen<\/span><\/strong><\/p>\n<p class=\"FtxtP\">&#8220;Liebe \u00d6sterreicherinnen und \u00d6sterreicher! Liebe Mitglieder der schreibenden Zunft. Fordern Sie unser Staatsoberhaupt &#8211; wer immer es werden mag &#8211; auf, politische Akzente zu setzen, die Sie f\u00fcr notwendig und sinnvoll halten. Und bitten Sie ihn oder sie, zur Vermeidung von politischen Vorgangsweisen anzuregen, die Sie f\u00fcr entbehrlich, unwirksam oder sogar sch\u00e4dlich ansehen&#8221;, erkl\u00e4rt dazu PEN-Pr\u00e4sident Helmuth A. Niederle anl\u00e4sslich der Enth\u00fcllung des &#8220;Bundesbriefkastens&#8221;. Bei der Pr\u00e4sentation vor der Wiener Hofburg waren heute, Donnerstag, rund 30 Schriftsteller vertreten genauso wie eine Schulklasse und zahlreiche Medienvertreter.<\/p>\n<p class=\"FtxtP\"><strong><span class=\"FtxtBold\">Kaleidoskop politischer W\u00fcnsche<\/span><\/strong><\/p>\n<p class=\"FtxtP\">&#8220;Unbehagen und gute Ideen, die ihren Weg in Worte nicht finden, bleiben im Dunkeln und erh\u00f6hen das Frustrationsgef\u00fchl kritischer Geister. Der PEN-Club m\u00f6chte zur bevorstehenden Pr\u00e4sidentschaftswahl ein kleines Kaleidoskop politischer W\u00fcnsche und scharfz\u00fcngiger Bedenken zusammenstellen und es jedem unterbreiten, der daran interessiert ist, was und wie die schreibende Zunft in diesem Land politisch denkt und was sie von unserem Staatsoberhaupt und den Organen, die ihm unterstellt sind, erwartet&#8221;, so Niederle.<\/p>\n<p class=\"FtxtP\">PEN-Vizepr\u00e4sident, Autor und Neurologe Harald Kollegger w\u00fcnscht sich, dass wir &#8220;gute Ideen nicht mehr im politischen Niemandsland verrotten lassen&#8221; und kritisiert den Mangel an Kreativit\u00e4t und Augenma\u00df. Zentral seien vor allem der Umgang mit Armen, Fl\u00fcchtlingen und begabten Menschen sowie \u00d6sterreichs Rolle in der europ\u00e4ischen Staatengemeinschaft.<\/p>\n<p class=\"FtxtP\"><strong><span class=\"FtxtBold\">Demokratie muss gelebt werden<\/span><\/strong><\/p>\n<p class=\"FtxtP\">Schriftsteller und PEN-Ehrenmitglied Peter Paul Wiplinger richtet den Fokus auf die Regeln zum friedlichen Zusammenleben in einem Staat zum Wohle seiner B\u00fcrger. &#8220;Diese n\u00fctzen aber gar nichts wenn sie nur auf dem Papier stehen und man nur dazu nickt. Demokratie muss gelebt und die Bev\u00f6lkerung in einem politisch-demokratischen Reifungsprozess mitgenommen werden&#8221;, appelliert Wiplinger. Den ersten Brief an das k\u00fcnftige Staatsoberhaupt gab Gerhard Ruiss, Gesch\u00e4ftsf\u00fchrer der IG Autorinnen Autoren, ab. Darin stellt er zehn Fragen zu den Themen Grundrechte, Asyl, Europ\u00e4ische Union und Amtsverst\u00e4ndnis.<\/p>\n<p class=\"FtxtP\"><strong><span class=\"FtxtBold\">\u00d6sterreichische Post unterst\u00fctzt PEN-Aktion<\/span><\/strong><\/p>\n<p class=\"FtxtP\">&#8220;Ein handschriftlich verfasster Brief, pers\u00f6nlich adressiert, kann einer Botschaft weit mehr Gewicht verleihen als eine E-Mail. Gerne unterst\u00fctzt die \u00d6sterreichische Post daher die Aktion des PEN-Club und freut sich, zahlreiche Briefe mit W\u00fcnschen, Anliegen und Vorschl\u00e4gen f\u00fcr unser Land dem neuen Staatsoberhaupt zustellen zu d\u00fcrfen&#8221;, betont DI Walter Hitziger, Vorstand Brief, Werbepost &amp; Filialen der \u00d6sterreichischen Post.<\/p>\n<p class=\"FtxtP\"><strong><span class=\"FtxtBold\">Brief\u00fcbergabe nach der Wahl<\/span><\/strong><\/p>\n<p class=\"FtxtP\">Die Briefaktion des PEN-Club l\u00e4uft bis 31. Mai 2016. Im Anschluss daran werden die gesammelten Vorschl\u00e4ge und Anregungen von der Schriftstellervereinigung gesichtet, \u00f6ffentlich pr\u00e4sentiert und vor dem Amtsantritt dem k\u00fcnftigen Staatsoberhaupt in einer feierlichen Zeremonie \u00fcbergeben.<\/p>\n<p class=\"FtxtP\">Fotos zur Pr\u00e4sentation stehen unter\u00a0<a href=\"http:\/\/fotodienst.pressetext.com\/album\/3527\" rel=\"nofollow\" target=\"_blank\">http:\/\/fotodienst.pressetext.com\/album\/3527<\/a>\u00a0als Download zur Verf\u00fcgung.<\/p>\n<p class=\"FtxtP\"><strong><span class=\"FtxtBold\">\u00dcber den PEN-Club<\/span><\/strong><br \/>Der \u00d6sterreichische PEN-Club mit Hauptsitz in Wien ist die \u00e4lteste Schriftstellervereinigung \u00d6sterreichs und Mitglied des Internationalen PEN. Er versteht sich vor allem als Vermittler und F\u00f6rderer \u00f6sterreichischer Literatur, als Forum und Begegnungsort f\u00fcr Schriftstellerinnen und Schriftsteller, als Kontaktstelle zu internationalen literarischen Institutionen und als Verteidiger und Wahrer der Freiheit des Wortes.<\/p>\n<p class=\"FtxtP\">Die\u00a0<strong><span class=\"FtxtBold\">\u00d6sterreichische Post AG<\/span><\/strong>\u00a0ist mit 23.500 Mitarbeiter\/innen und einem Umsatz von 2,4 Mrd. Euro gr\u00f6\u00dfter Logistikanbieter des Landes f\u00fcr die Bef\u00f6rderung von Briefen, Werbesendungen, Printmedien und Paketen. Ihr Filialnetz z\u00e4hlt zu den gr\u00f6\u00dften Privatkundennetzen des Landes und bietet fl\u00e4chendeckend hochwertige Services in den Bereichen Post, Bank und Telekommunikation. Das Unternehmen liefert damit einen wichtigen Beitrag zur Aufrechterhaltung und Absicherung der Kommunikations- und Logistikinfrastruktur des Landes.<\/p>\n<p class=\"FtxtP\"><span class=\"FtxtBold\">Information:<\/span><br \/>Dr. Helmut A. Niederle, Pr\u00e4sident<br \/>Bankgasse 8, 1010 Wien\u00a0<br \/>Tel. office@penclub.at\u00a0<br \/>Tel. +43 1 533 44 59<\/p>\n<\/article>\n","protected":false},"excerpt":{"rendered":"<p>\u201eWas ich Ihnen sagen m\u00f6chte, Herr oder Frau Bundespr\u00e4sident|in\u201c 06.04.2016 Wien \u2013 \u00a0In schwierigen Zeiten Augenma\u00df und Besonnenheit zu bewahren, ist auch f\u00fcr einen Bundespr\u00e4sidenten der Republik \u00d6sterreich nicht einfach. Aus diesem Grund und anl\u00e4sslich der bevorstehenden Bundespr\u00e4sidentschaftswahl ruft der \u00d6sterreichische PEN-Club Herrn und Frau \u00d6sterreicher auf, dem k\u00fcnftigen Staatsoberhaupt in einem Brief mitzuteilen, was&hellip;<\/p>\n","protected":false},"author":2,"featured_media":11112,"comment_status":"closed","ping_status":"closed","sticky":false,"template":"","format":"standard","meta":{"footnotes":""},"categories":[3],"tags":[],"class_list":["post-11113","post","type-post","status-publish","format-standard","has-post-thumbnail","hentry","category-news","category-3","description-off"],"yoast_head":"<!-- This site is optimized with the Yoast SEO plugin v26.3 - https:\/\/yoast.com\/wordpress\/plugins\/seo\/ -->\n<title>PEN-Club startet Briefaktion &quot;Mein \u00d6sterreich&quot; - Temmel | Seywald - Corporate Communications<\/title>\n<meta name=\"robots\" content=\"index, follow, max-snippet:-1, max-image-preview:large, max-video-preview:-1\" \/>\n<link rel=\"canonical\" href=\"https:\/\/www.tsp.at\/en\/2016\/04\/06\/pen-club-startet-briefaktion-mein-oesterreich-3\/\" \/>\n<meta property=\"og:locale\" content=\"en_US\" \/>\n<meta property=\"og:type\" content=\"article\" \/>\n<meta property=\"og:title\" content=\"PEN-Club startet Briefaktion &quot;Mein \u00d6sterreich&quot; - Temmel | Seywald - Corporate Communications\" \/>\n<meta property=\"og:description\" content=\"\u201eWas ich Ihnen sagen m\u00f6chte, Herr oder Frau Bundespr\u00e4sident|in\u201c 06.04.2016 Wien \u2013 \u00a0In schwierigen Zeiten Augenma\u00df und Besonnenheit zu bewahren, ist auch f\u00fcr einen Bundespr\u00e4sidenten der Republik \u00d6sterreich nicht einfach. Aus diesem Grund und anl\u00e4sslich der bevorstehenden Bundespr\u00e4sidentschaftswahl ruft der \u00d6sterreichische PEN-Club Herrn und Frau \u00d6sterreicher auf, dem k\u00fcnftigen Staatsoberhaupt in einem Brief mitzuteilen, was&hellip;\" \/>\n<meta property=\"og:url\" content=\"https:\/\/www.tsp.at\/en\/2016\/04\/06\/pen-club-startet-briefaktion-mein-oesterreich-3\/\" \/>\n<meta property=\"og:site_name\" content=\"Temmel | Seywald - Corporate Communications\" \/>\n<meta property=\"article:publisher\" content=\"https:\/\/www.facebook.com\/TemmelSeywald\" \/>\n<meta property=\"article:published_time\" content=\"2016-04-06T16:20:00+00:00\" \/>\n<meta property=\"article:modified_time\" content=\"2025-10-21T12:57:50+00:00\" \/>\n<meta property=\"og:image\" content=\"https:\/\/www.tsp.at\/wp-content\/uploads\/2025\/10\/037Mikes-2-scaled.jpg\" \/>\n\t<meta property=\"og:image:width\" content=\"2560\" \/>\n\t<meta property=\"og:image:height\" content=\"1707\" \/>\n\t<meta property=\"og:image:type\" content=\"image\/jpeg\" \/>\n<meta name=\"author\" content=\"TSP Redaktion\" \/>\n<meta name=\"twitter:card\" content=\"summary_large_image\" \/>\n<meta name=\"twitter:label1\" content=\"Written by\" \/>\n\t<meta name=\"twitter:data1\" content=\"TSP Redaktion\" \/>\n\t<meta name=\"twitter:label2\" content=\"Est. reading time\" \/>\n\t<meta name=\"twitter:data2\" content=\"4 minutes\" \/>\n<script type=\"application\/ld+json\" class=\"yoast-schema-graph\">{\"@context\":\"https:\/\/schema.org\",\"@graph\":[{\"@type\":\"Article\",\"@id\":\"https:\/\/www.tsp.at\/en\/2016\/04\/06\/pen-club-startet-briefaktion-mein-oesterreich-3\/#article\",\"isPartOf\":{\"@id\":\"https:\/\/www.tsp.at\/en\/2016\/04\/06\/pen-club-startet-briefaktion-mein-oesterreich-3\/\"},\"author\":{\"name\":\"TSP Redaktion\",\"@id\":\"https:\/\/www.tsp.at\/en\/#\/schema\/person\/1ba5600c29da17b902b0925cea567f8a\"},\"headline\":\"PEN-Club startet Briefaktion &#8220;Mein \u00d6sterreich&#8221;\",\"datePublished\":\"2016-04-06T16:20:00+00:00\",\"dateModified\":\"2025-10-21T12:57:50+00:00\",\"mainEntityOfPage\":{\"@id\":\"https:\/\/www.tsp.at\/en\/2016\/04\/06\/pen-club-startet-briefaktion-mein-oesterreich-3\/\"},\"wordCount\":744,\"publisher\":{\"@id\":\"https:\/\/www.tsp.at\/en\/#organization\"},\"image\":{\"@id\":\"https:\/\/www.tsp.at\/en\/2016\/04\/06\/pen-club-startet-briefaktion-mein-oesterreich-3\/#primaryimage\"},\"thumbnailUrl\":\"https:\/\/www.tsp.at\/wp-content\/uploads\/2025\/10\/037Mikes-2-scaled.jpg\",\"articleSection\":[\"News\"],\"inLanguage\":\"en-US\"},{\"@type\":\"WebPage\",\"@id\":\"https:\/\/www.tsp.at\/en\/2016\/04\/06\/pen-club-startet-briefaktion-mein-oesterreich-3\/\",\"url\":\"https:\/\/www.tsp.at\/en\/2016\/04\/06\/pen-club-startet-briefaktion-mein-oesterreich-3\/\",\"name\":\"PEN-Club startet Briefaktion \\\"Mein \u00d6sterreich\\\" - Temmel | Seywald - Corporate Communications\",\"isPartOf\":{\"@id\":\"https:\/\/www.tsp.at\/en\/#website\"},\"primaryImageOfPage\":{\"@id\":\"https:\/\/www.tsp.at\/en\/2016\/04\/06\/pen-club-startet-briefaktion-mein-oesterreich-3\/#primaryimage\"},\"image\":{\"@id\":\"https:\/\/www.tsp.at\/en\/2016\/04\/06\/pen-club-startet-briefaktion-mein-oesterreich-3\/#primaryimage\"},\"thumbnailUrl\":\"https:\/\/www.tsp.at\/wp-content\/uploads\/2025\/10\/037Mikes-2-scaled.jpg\",\"datePublished\":\"2016-04-06T16:20:00+00:00\",\"dateModified\":\"2025-10-21T12:57:50+00:00\",\"breadcrumb\":{\"@id\":\"https:\/\/www.tsp.at\/en\/2016\/04\/06\/pen-club-startet-briefaktion-mein-oesterreich-3\/#breadcrumb\"},\"inLanguage\":\"en-US\",\"potentialAction\":[{\"@type\":\"ReadAction\",\"target\":[\"https:\/\/www.tsp.at\/en\/2016\/04\/06\/pen-club-startet-briefaktion-mein-oesterreich-3\/\"]}]},{\"@type\":\"ImageObject\",\"inLanguage\":\"en-US\",\"@id\":\"https:\/\/www.tsp.at\/en\/2016\/04\/06\/pen-club-startet-briefaktion-mein-oesterreich-3\/#primaryimage\",\"url\":\"https:\/\/www.tsp.at\/wp-content\/uploads\/2025\/10\/037Mikes-2-scaled.jpg\",\"contentUrl\":\"https:\/\/www.tsp.at\/wp-content\/uploads\/2025\/10\/037Mikes-2-scaled.jpg\",\"width\":2560,\"height\":1707},{\"@type\":\"BreadcrumbList\",\"@id\":\"https:\/\/www.tsp.at\/en\/2016\/04\/06\/pen-club-startet-briefaktion-mein-oesterreich-3\/#breadcrumb\",\"itemListElement\":[{\"@type\":\"ListItem\",\"position\":1,\"name\":\"Startseite\",\"item\":\"https:\/\/www.tsp.at\/en\/\"},{\"@type\":\"ListItem\",\"position\":2,\"name\":\"PEN-Club startet Briefaktion &#8222;Mein \u00d6sterreich&#8220;\"}]},{\"@type\":\"WebSite\",\"@id\":\"https:\/\/www.tsp.at\/en\/#website\",\"url\":\"https:\/\/www.tsp.at\/en\/\",\"name\":\"Temmel | Seywald - Corporate Communications\",\"description\":\"Kommunikation ist Beziehungsarbeit\",\"publisher\":{\"@id\":\"https:\/\/www.tsp.at\/en\/#organization\"},\"potentialAction\":[{\"@type\":\"SearchAction\",\"target\":{\"@type\":\"EntryPoint\",\"urlTemplate\":\"https:\/\/www.tsp.at\/en\/?s={search_term_string}\"},\"query-input\":{\"@type\":\"PropertyValueSpecification\",\"valueRequired\":true,\"valueName\":\"search_term_string\"}}],\"inLanguage\":\"en-US\"},{\"@type\":\"Organization\",\"@id\":\"https:\/\/www.tsp.at\/en\/#organization\",\"name\":\"Temmel, Seywald & Partner Communications GesmbH\",\"alternateName\":\"TSP\",\"url\":\"https:\/\/www.tsp.at\/en\/\",\"logo\":{\"@type\":\"ImageObject\",\"inLanguage\":\"en-US\",\"@id\":\"https:\/\/www.tsp.at\/en\/#\/schema\/logo\/image\/\",\"url\":\"https:\/\/www.tsp.at\/wp-content\/uploads\/2025\/10\/favicontsp.png\",\"contentUrl\":\"https:\/\/www.tsp.at\/wp-content\/uploads\/2025\/10\/favicontsp.png\",\"width\":125,\"height\":125,\"caption\":\"Temmel, Seywald & Partner Communications GesmbH\"},\"image\":{\"@id\":\"https:\/\/www.tsp.at\/en\/#\/schema\/logo\/image\/\"},\"sameAs\":[\"https:\/\/www.facebook.com\/TemmelSeywald\"]},{\"@type\":\"Person\",\"@id\":\"https:\/\/www.tsp.at\/en\/#\/schema\/person\/1ba5600c29da17b902b0925cea567f8a\",\"name\":\"TSP Redaktion\"}]}<\/script>\n<!-- \/ Yoast SEO plugin. -->","yoast_head_json":{"title":"PEN-Club startet Briefaktion \"Mein \u00d6sterreich\" - Temmel | Seywald - Corporate Communications","robots":{"index":"index","follow":"follow","max-snippet":"max-snippet:-1","max-image-preview":"max-image-preview:large","max-video-preview":"max-video-preview:-1"},"canonical":"https:\/\/www.tsp.at\/en\/2016\/04\/06\/pen-club-startet-briefaktion-mein-oesterreich-3\/","og_locale":"en_US","og_type":"article","og_title":"PEN-Club startet Briefaktion \"Mein \u00d6sterreich\" - Temmel | Seywald - Corporate Communications","og_description":"\u201eWas ich Ihnen sagen m\u00f6chte, Herr oder Frau Bundespr\u00e4sident|in\u201c 06.04.2016 Wien \u2013 \u00a0In schwierigen Zeiten Augenma\u00df und Besonnenheit zu bewahren, ist auch f\u00fcr einen Bundespr\u00e4sidenten der Republik \u00d6sterreich nicht einfach. Aus diesem Grund und anl\u00e4sslich der bevorstehenden Bundespr\u00e4sidentschaftswahl ruft der \u00d6sterreichische PEN-Club Herrn und Frau \u00d6sterreicher auf, dem k\u00fcnftigen Staatsoberhaupt in einem Brief mitzuteilen, was&hellip;","og_url":"https:\/\/www.tsp.at\/en\/2016\/04\/06\/pen-club-startet-briefaktion-mein-oesterreich-3\/","og_site_name":"Temmel | Seywald - Corporate Communications","article_publisher":"https:\/\/www.facebook.com\/TemmelSeywald","article_published_time":"2016-04-06T16:20:00+00:00","article_modified_time":"2025-10-21T12:57:50+00:00","og_image":[{"width":2560,"height":1707,"url":"https:\/\/www.tsp.at\/wp-content\/uploads\/2025\/10\/037Mikes-2-scaled.jpg","type":"image\/jpeg"}],"author":"TSP Redaktion","twitter_card":"summary_large_image","twitter_misc":{"Written by":"TSP Redaktion","Est. reading time":"4 minutes"},"schema":{"@context":"https:\/\/schema.org","@graph":[{"@type":"Article","@id":"https:\/\/www.tsp.at\/en\/2016\/04\/06\/pen-club-startet-briefaktion-mein-oesterreich-3\/#article","isPartOf":{"@id":"https:\/\/www.tsp.at\/en\/2016\/04\/06\/pen-club-startet-briefaktion-mein-oesterreich-3\/"},"author":{"name":"TSP Redaktion","@id":"https:\/\/www.tsp.at\/en\/#\/schema\/person\/1ba5600c29da17b902b0925cea567f8a"},"headline":"PEN-Club startet Briefaktion &#8220;Mein \u00d6sterreich&#8221;","datePublished":"2016-04-06T16:20:00+00:00","dateModified":"2025-10-21T12:57:50+00:00","mainEntityOfPage":{"@id":"https:\/\/www.tsp.at\/en\/2016\/04\/06\/pen-club-startet-briefaktion-mein-oesterreich-3\/"},"wordCount":744,"publisher":{"@id":"https:\/\/www.tsp.at\/en\/#organization"},"image":{"@id":"https:\/\/www.tsp.at\/en\/2016\/04\/06\/pen-club-startet-briefaktion-mein-oesterreich-3\/#primaryimage"},"thumbnailUrl":"https:\/\/www.tsp.at\/wp-content\/uploads\/2025\/10\/037Mikes-2-scaled.jpg","articleSection":["News"],"inLanguage":"en-US"},{"@type":"WebPage","@id":"https:\/\/www.tsp.at\/en\/2016\/04\/06\/pen-club-startet-briefaktion-mein-oesterreich-3\/","url":"https:\/\/www.tsp.at\/en\/2016\/04\/06\/pen-club-startet-briefaktion-mein-oesterreich-3\/","name":"PEN-Club startet Briefaktion \"Mein \u00d6sterreich\" - Temmel | Seywald - Corporate Communications","isPartOf":{"@id":"https:\/\/www.tsp.at\/en\/#website"},"primaryImageOfPage":{"@id":"https:\/\/www.tsp.at\/en\/2016\/04\/06\/pen-club-startet-briefaktion-mein-oesterreich-3\/#primaryimage"},"image":{"@id":"https:\/\/www.tsp.at\/en\/2016\/04\/06\/pen-club-startet-briefaktion-mein-oesterreich-3\/#primaryimage"},"thumbnailUrl":"https:\/\/www.tsp.at\/wp-content\/uploads\/2025\/10\/037Mikes-2-scaled.jpg","datePublished":"2016-04-06T16:20:00+00:00","dateModified":"2025-10-21T12:57:50+00:00","breadcrumb":{"@id":"https:\/\/www.tsp.at\/en\/2016\/04\/06\/pen-club-startet-briefaktion-mein-oesterreich-3\/#breadcrumb"},"inLanguage":"en-US","potentialAction":[{"@type":"ReadAction","target":["https:\/\/www.tsp.at\/en\/2016\/04\/06\/pen-club-startet-briefaktion-mein-oesterreich-3\/"]}]},{"@type":"ImageObject","inLanguage":"en-US","@id":"https:\/\/www.tsp.at\/en\/2016\/04\/06\/pen-club-startet-briefaktion-mein-oesterreich-3\/#primaryimage","url":"https:\/\/www.tsp.at\/wp-content\/uploads\/2025\/10\/037Mikes-2-scaled.jpg","contentUrl":"https:\/\/www.tsp.at\/wp-content\/uploads\/2025\/10\/037Mikes-2-scaled.jpg","width":2560,"height":1707},{"@type":"BreadcrumbList","@id":"https:\/\/www.tsp.at\/en\/2016\/04\/06\/pen-club-startet-briefaktion-mein-oesterreich-3\/#breadcrumb","itemListElement":[{"@type":"ListItem","position":1,"name":"Startseite","item":"https:\/\/www.tsp.at\/en\/"},{"@type":"ListItem","position":2,"name":"PEN-Club startet Briefaktion &#8222;Mein \u00d6sterreich&#8220;"}]},{"@type":"WebSite","@id":"https:\/\/www.tsp.at\/en\/#website","url":"https:\/\/www.tsp.at\/en\/","name":"Temmel | Seywald - Corporate Communications","description":"Kommunikation ist Beziehungsarbeit","publisher":{"@id":"https:\/\/www.tsp.at\/en\/#organization"},"potentialAction":[{"@type":"SearchAction","target":{"@type":"EntryPoint","urlTemplate":"https:\/\/www.tsp.at\/en\/?s={search_term_string}"},"query-input":{"@type":"PropertyValueSpecification","valueRequired":true,"valueName":"search_term_string"}}],"inLanguage":"en-US"},{"@type":"Organization","@id":"https:\/\/www.tsp.at\/en\/#organization","name":"Temmel, Seywald & Partner Communications GesmbH","alternateName":"TSP","url":"https:\/\/www.tsp.at\/en\/","logo":{"@type":"ImageObject","inLanguage":"en-US","@id":"https:\/\/www.tsp.at\/en\/#\/schema\/logo\/image\/","url":"https:\/\/www.tsp.at\/wp-content\/uploads\/2025\/10\/favicontsp.png","contentUrl":"https:\/\/www.tsp.at\/wp-content\/uploads\/2025\/10\/favicontsp.png","width":125,"height":125,"caption":"Temmel, Seywald & Partner Communications GesmbH"},"image":{"@id":"https:\/\/www.tsp.at\/en\/#\/schema\/logo\/image\/"},"sameAs":["https:\/\/www.facebook.com\/TemmelSeywald"]},{"@type":"Person","@id":"https:\/\/www.tsp.at\/en\/#\/schema\/person\/1ba5600c29da17b902b0925cea567f8a","name":"TSP Redaktion"}]}},"_links":{"self":[{"href":"https:\/\/www.tsp.at\/en\/wp-json\/wp\/v2\/posts\/11113","targetHints":{"allow":["GET"]}}],"collection":[{"href":"https:\/\/www.tsp.at\/en\/wp-json\/wp\/v2\/posts"}],"about":[{"href":"https:\/\/www.tsp.at\/en\/wp-json\/wp\/v2\/types\/post"}],"author":[{"embeddable":true,"href":"https:\/\/www.tsp.at\/en\/wp-json\/wp\/v2\/users\/2"}],"replies":[{"embeddable":true,"href":"https:\/\/www.tsp.at\/en\/wp-json\/wp\/v2\/comments?post=11113"}],"version-history":[{"count":1,"href":"https:\/\/www.tsp.at\/en\/wp-json\/wp\/v2\/posts\/11113\/revisions"}],"predecessor-version":[{"id":11551,"href":"https:\/\/www.tsp.at\/en\/wp-json\/wp\/v2\/posts\/11113\/revisions\/11551"}],"wp:featuredmedia":[{"embeddable":true,"href":"https:\/\/www.tsp.at\/en\/wp-json\/wp\/v2\/media\/11112"}],"wp:attachment":[{"href":"https:\/\/www.tsp.at\/en\/wp-json\/wp\/v2\/media?parent=11113"}],"wp:term":[{"taxonomy":"category","embeddable":true,"href":"https:\/\/www.tsp.at\/en\/wp-json\/wp\/v2\/categories?post=11113"},{"taxonomy":"post_tag","embeddable":true,"href":"https:\/\/www.tsp.at\/en\/wp-json\/wp\/v2\/tags?post=11113"}],"curies":[{"name":"wp","href":"https:\/\/api.w.org\/{rel}","templated":true}]}}