{"id":11117,"date":"2016-03-18T10:56:00","date_gmt":"2016-03-18T09:56:00","guid":{"rendered":"https:\/\/staging.tsp.at\/2016\/03\/18\/toepfer-gute-klimapolitik-wird-friedenspolitik-3\/"},"modified":"2025-10-21T14:57:51","modified_gmt":"2025-10-21T12:57:51","slug":"toepfer-gute-klimapolitik-wird-friedenspolitik-3","status":"publish","type":"post","link":"https:\/\/www.tsp.at\/en\/2016\/03\/18\/toepfer-gute-klimapolitik-wird-friedenspolitik-3\/","title":{"rendered":"T\u00f6pfer: &#8220;Gute Klimapolitik wird Friedenspolitik&#8221;"},"content":{"rendered":"<article class=\"item\">\n<h2><strong>Ex-Umweltminister sieht Energiewende als L\u00f6sung der Fl\u00fcchtlingskrise<br \/>\n<\/strong><\/h2>\n<p>18.03.2016<\/p>\n<\/p>\n<\/p>\n<\/p>\n<\/p>\n<\/p>\n<p class=\"FtxtP\">H\u00f6xter\/Wien \u2013 Die Schlie\u00dfung der Balkan-Route, die Weigerung osteurop\u00e4ischer EU-Staaten, Fl\u00fcchtlinge aufzunehmen sowie die katastrophalen Zust\u00e4nde in den Sammelzentren in Griechenland oder auch in der W\u00fcstenhitze Jordaniens, spitzen die internationale Krise zu. pressetext sprach exklusiv mit Klaus T\u00f6pfer, dem langj\u00e4hrigen deutschen Bundesminister f\u00fcr Umwelt, Naturschutz und Reaktorsicherheit sowie ehemaligen Chef des Umweltprogramms der UN, \u00fcber die Fl\u00fcchtlingskrise, Grenzen Europas, Menschenrechte und die Folgen des Klimawandels.<\/p>\n<p class=\"FtxtP\"><strong><span class=\"FtxtBold\">pressetext: Herr T\u00f6pfer, am 12. Mai sind Sie Keynote Speaker bei den Europ\u00e4ischen Toleranzgespr\u00e4che in Fresach\u00a0<a href=\"http:\/\/fresach.org\/\" rel=\"nofollow\" target=\"_blank\">http:\/\/fresach.org<\/a>\u00a0und referieren dort \u00fcber Globalisierung und Demografie. Wird Europa zum Kontinent der Einwanderer?<\/span><\/strong><br \/>T\u00f6pfer: Es gibt weltweit ein massives Gef\u00e4lle der Lebenschancen und Perspektiven. Europa ist Afrikas Nachbar. Der Westen ist f\u00fcr viele kriegerische Auseinandersetzungen dort wie auch im Mittleren Osten teilweise mitverantwortlich. Das hat eine ganze Region destabilisiert. Wenn die Ursachen nicht beseitigt werden, wie man vor allem in Afrika und seiner Anf\u00e4lligkeit gegen\u00fcber dem Klimawandel sieht, dann werden die Fl\u00fcchtlingsstr\u00f6me unweigerlich zunehmen. Es wird dann extrem schwer werden, die Wohlstandsinsel Europa langfristig zu sichern.<\/p>\n<p class=\"FtxtP\"><strong><span class=\"FtxtBold\">pressetext: Sechs Mrd. Euro, Visa-Erleichterungen f\u00fcr t\u00fcrkische B\u00fcrger und beschleunigte EU-Beitrittsverhandlungen fordert die T\u00fcrkei von ihren europ\u00e4ischen Partnern als Gegenleistung zur L\u00f6sung der Fl\u00fcchtlingskrise. Aus Ihrer Sicht ein zu hoher Preis?<\/span><\/strong><br \/>T\u00f6pfer: Was mit der T\u00fcrkei er\u00f6rtert wird, hat einzig und allein zum Ziel, die Belastung durch Fl\u00fcchtlinge zu reduzieren, die in besonderer Weise Folgen der blutigen Auseinandersetzungen im Mittleren Osten, Syrien und des Wirkens des IS sind. Es f\u00fchrt kein Weg daran vorbei, mit der T\u00fcrkei zu reden. Das ist im Sinne einer schnellen Reduzierung der Fl\u00fcchtlingszahlen sinnvoll und notwendig. Denn die EU-Au\u00dfengrenze l\u00e4sst sich nicht durch Mauern sch\u00fctzen. Langfristig werden wir uns jedoch noch viel st\u00e4rker mit anderen Ursachen besch\u00e4ftigen m\u00fcssen.<\/p>\n<p class=\"FtxtP\"><strong><span class=\"FtxtBold\">pressetext: Doch l\u00e4ngst nicht nur Krieg ist ein Ausl\u00f6ser. Die Internationale Organisation f\u00fcr Migration geht bis 2050 von 200 Mio. Klimafl\u00fcchtlingen aus. Welche Strategien von Politik, Wirtschaft und Gesellschaft sind n\u00f6tig, um langfristig effektiv gegenzusteuern?<\/span><\/strong><br \/>T\u00f6pfer: Viele L\u00e4nder Afrikas, die wir als gescheiterte Staaten ansehen, sind hiervon besonders betroffen &#8211; sei es Somalia, der Kongo oder Lybien. Eine Stabilisierung &#8211; insbesondere durch nachhaltige Klimapolitik &#8211; ist dringend erforderlich. Nur so kann es zum Abklingen der Auseinandersetzungen in diesen Krisenregionen kommen. Dann wird auch die Rolle der T\u00fcrkei wieder eine andere sein. Der Klimawandel wird die Situation in Afrika weiter versch\u00e4rfen. Die Zahlen der UN stellen lediglich einen Status quo dar, der eintritt, wenn nichts passiert.<\/p>\n<p class=\"FtxtP\"><strong><span class=\"FtxtBold\">pressetext: Also weg von der bisherigen Mildt\u00e4tigkeit in der internationalen Politik hin zu echter Entwicklungszusammenarbeit mit fragilen Staaten des afrikanischen Kontinents?<\/span><\/strong><br \/>T\u00f6pfer: Definitiv. Klimapolitik muss man tats\u00e4chlich umsetzen, anstatt nur wieder eine Unterschrift unter ein Papier zu setzen. Auch wenn wir uns \u00fcber den historischen Tiefstand bei den \u00d6l- und Gaspreisen freuen: Die dadurch verursachten indirekten Kosten werden viel h\u00f6her ausfallen. Durchdachte nachhaltige Entwicklungszusammenarbeit mit Afrika bedeutet langfristig eine Investition in die Sicherheit unseres Kontinents. Nur wenn wir den Menschen in den von Armut und Krieg betroffenen Regionen das Signal geben k\u00f6nnen, dass sie eine Zukunft und Perspektiven in ihrem eigenen Land haben, werden wir die Krise meistern.<\/p>\n<p class=\"FtxtP\"><strong><span class=\"FtxtBold\">pressetext: Fukushima j\u00e4hrt sich zum f\u00fcnften Mal. Als Folge hatte die deutsche Regierung im August 2011 die Laufzeitverl\u00e4ngerung f\u00fcr die Meiler zur\u00fcckgenommen. 2022 erfolgt die letzte Abschaltung eines deutschen AKW. R\u00fcckblickend eine richtige Entscheidung?<\/span><\/strong><br \/>T\u00f6pfer: Der Beschluss der Regierung, die Atomkraftwerke in Deutschland sukzessive von den Netzen zu nehmen, war richtig und zukunftsorientiert. Der Weg in die erneuerbaren Energien ist \u00f6konomisch h\u00f6chst sinnvoll und damit l\u00e4ngst mehr als eine Option. Es ist eine hochrentierliche Investition in eine stabile wirtschaftliche Zukunft &#8211; in Deutschland und weltweit. Wir m\u00fcssen erneuerbare Energien daher weiter f\u00f6rdern, damit sie kostenm\u00e4\u00dfig auch denen gerecht werden, die Entwicklung dringend brauchen. Wenn wir das auf dem heimischen wie auch auf den internationalen Energiem\u00e4rkten gut umsetzen, dann ist das k\u00fcnftig so etwas wie eine neue Friedenspolitik.<\/p>\n<p class=\"FtxtP\"><strong><span class=\"FtxtBold\">pressetext: Deutschland bezieht bereits zu gut einem Drittel seine Energie aus den Erneuerbaren. Die Errichtung von Stromtrassen ist teuer und oft schwierig umsetzbar. Zudem bleiben Kohlekraftwerke mittelfristig relevant. Ist das Land auf einem guten Weg?<\/span><\/strong><br \/>T\u00f6pfer: In Deutschland kommen pro Jahr noch immer fast zehn Tonnen CO2 auf einen Kopf. Das ist zu hoch. Hierbei spielen die Braunkohlekraftwerke eine Rolle. Wir brauchen einen sozial abgesicherten, regional balancierten Ausstieg aus der Braunkohle. Das reicht jedoch nicht. Wenn wir bis Mitte dieses Jahrhunderts ohne CO2 auskommen wollen, dann m\u00fcssen wir ambitioniert unsere Hausaufgaben machen. Wer sich hier zur\u00fccklehnt und auf die 30 Prozent der erneuerbaren Energien verweist, hat sich die Gesamtbilanz nicht angesehen.<\/p>\n<p class=\"FtxtP\"><strong><span class=\"FtxtBold\">pressetext: Vielen Dank f\u00fcr das Gespr\u00e4ch!<\/span><\/strong><\/p>\n<\/article>\n","protected":false},"excerpt":{"rendered":"<p>Ex-Umweltminister sieht Energiewende als L\u00f6sung der Fl\u00fcchtlingskrise 18.03.2016 H\u00f6xter\/Wien \u2013 Die Schlie\u00dfung der Balkan-Route, die Weigerung osteurop\u00e4ischer EU-Staaten, Fl\u00fcchtlinge aufzunehmen sowie die katastrophalen Zust\u00e4nde in den Sammelzentren in Griechenland oder auch in der W\u00fcstenhitze Jordaniens, spitzen die internationale Krise zu. pressetext sprach exklusiv mit Klaus T\u00f6pfer, dem langj\u00e4hrigen deutschen Bundesminister f\u00fcr Umwelt, Naturschutz und Reaktorsicherheit&hellip;<\/p>\n","protected":false},"author":2,"featured_media":11116,"comment_status":"closed","ping_status":"closed","sticky":false,"template":"","format":"standard","meta":{"footnotes":""},"categories":[3],"tags":[],"class_list":["post-11117","post","type-post","status-publish","format-standard","has-post-thumbnail","hentry","category-news","category-3","description-off"],"yoast_head":"<!-- This site is optimized with the Yoast SEO plugin v26.3 - https:\/\/yoast.com\/wordpress\/plugins\/seo\/ -->\n<title>T\u00f6pfer: &quot;Gute Klimapolitik wird Friedenspolitik&quot; - Temmel | Seywald - Corporate Communications<\/title>\n<meta name=\"robots\" content=\"index, follow, max-snippet:-1, max-image-preview:large, max-video-preview:-1\" \/>\n<link rel=\"canonical\" href=\"https:\/\/www.tsp.at\/en\/2016\/03\/18\/toepfer-gute-klimapolitik-wird-friedenspolitik-3\/\" \/>\n<meta property=\"og:locale\" content=\"en_US\" \/>\n<meta property=\"og:type\" content=\"article\" \/>\n<meta property=\"og:title\" content=\"T\u00f6pfer: &quot;Gute Klimapolitik wird Friedenspolitik&quot; - Temmel | Seywald - Corporate Communications\" \/>\n<meta property=\"og:description\" content=\"Ex-Umweltminister sieht Energiewende als L\u00f6sung der Fl\u00fcchtlingskrise 18.03.2016 H\u00f6xter\/Wien \u2013 Die Schlie\u00dfung der Balkan-Route, die Weigerung osteurop\u00e4ischer EU-Staaten, Fl\u00fcchtlinge aufzunehmen sowie die katastrophalen Zust\u00e4nde in den Sammelzentren in Griechenland oder auch in der W\u00fcstenhitze Jordaniens, spitzen die internationale Krise zu. pressetext sprach exklusiv mit Klaus T\u00f6pfer, dem langj\u00e4hrigen deutschen Bundesminister f\u00fcr Umwelt, Naturschutz und Reaktorsicherheit&hellip;\" \/>\n<meta property=\"og:url\" content=\"https:\/\/www.tsp.at\/en\/2016\/03\/18\/toepfer-gute-klimapolitik-wird-friedenspolitik-3\/\" \/>\n<meta property=\"og:site_name\" content=\"Temmel | Seywald - Corporate Communications\" \/>\n<meta property=\"article:publisher\" content=\"https:\/\/www.facebook.com\/TemmelSeywald\" \/>\n<meta property=\"article:published_time\" content=\"2016-03-18T09:56:00+00:00\" \/>\n<meta property=\"article:modified_time\" content=\"2025-10-21T12:57:51+00:00\" \/>\n<meta property=\"og:image\" content=\"https:\/\/www.tsp.at\/wp-content\/uploads\/2025\/10\/toepfer-2.jpg\" \/>\n\t<meta property=\"og:image:width\" content=\"1881\" \/>\n\t<meta property=\"og:image:height\" content=\"2043\" \/>\n\t<meta property=\"og:image:type\" content=\"image\/jpeg\" \/>\n<meta name=\"author\" content=\"TSP Redaktion\" \/>\n<meta name=\"twitter:card\" content=\"summary_large_image\" \/>\n<meta name=\"twitter:label1\" content=\"Written by\" \/>\n\t<meta name=\"twitter:data1\" content=\"TSP Redaktion\" \/>\n\t<meta name=\"twitter:label2\" content=\"Est. reading time\" \/>\n\t<meta name=\"twitter:data2\" content=\"5 minutes\" \/>\n<script type=\"application\/ld+json\" class=\"yoast-schema-graph\">{\"@context\":\"https:\/\/schema.org\",\"@graph\":[{\"@type\":\"Article\",\"@id\":\"https:\/\/www.tsp.at\/en\/2016\/03\/18\/toepfer-gute-klimapolitik-wird-friedenspolitik-3\/#article\",\"isPartOf\":{\"@id\":\"https:\/\/www.tsp.at\/en\/2016\/03\/18\/toepfer-gute-klimapolitik-wird-friedenspolitik-3\/\"},\"author\":{\"name\":\"TSP Redaktion\",\"@id\":\"https:\/\/www.tsp.at\/en\/#\/schema\/person\/1ba5600c29da17b902b0925cea567f8a\"},\"headline\":\"T\u00f6pfer: &#8220;Gute Klimapolitik wird Friedenspolitik&#8221;\",\"datePublished\":\"2016-03-18T09:56:00+00:00\",\"dateModified\":\"2025-10-21T12:57:51+00:00\",\"mainEntityOfPage\":{\"@id\":\"https:\/\/www.tsp.at\/en\/2016\/03\/18\/toepfer-gute-klimapolitik-wird-friedenspolitik-3\/\"},\"wordCount\":832,\"publisher\":{\"@id\":\"https:\/\/www.tsp.at\/en\/#organization\"},\"image\":{\"@id\":\"https:\/\/www.tsp.at\/en\/2016\/03\/18\/toepfer-gute-klimapolitik-wird-friedenspolitik-3\/#primaryimage\"},\"thumbnailUrl\":\"https:\/\/www.tsp.at\/wp-content\/uploads\/2025\/10\/toepfer-2.jpg\",\"articleSection\":[\"News\"],\"inLanguage\":\"en-US\"},{\"@type\":\"WebPage\",\"@id\":\"https:\/\/www.tsp.at\/en\/2016\/03\/18\/toepfer-gute-klimapolitik-wird-friedenspolitik-3\/\",\"url\":\"https:\/\/www.tsp.at\/en\/2016\/03\/18\/toepfer-gute-klimapolitik-wird-friedenspolitik-3\/\",\"name\":\"T\u00f6pfer: \\\"Gute Klimapolitik wird Friedenspolitik\\\" - Temmel | Seywald - Corporate Communications\",\"isPartOf\":{\"@id\":\"https:\/\/www.tsp.at\/en\/#website\"},\"primaryImageOfPage\":{\"@id\":\"https:\/\/www.tsp.at\/en\/2016\/03\/18\/toepfer-gute-klimapolitik-wird-friedenspolitik-3\/#primaryimage\"},\"image\":{\"@id\":\"https:\/\/www.tsp.at\/en\/2016\/03\/18\/toepfer-gute-klimapolitik-wird-friedenspolitik-3\/#primaryimage\"},\"thumbnailUrl\":\"https:\/\/www.tsp.at\/wp-content\/uploads\/2025\/10\/toepfer-2.jpg\",\"datePublished\":\"2016-03-18T09:56:00+00:00\",\"dateModified\":\"2025-10-21T12:57:51+00:00\",\"breadcrumb\":{\"@id\":\"https:\/\/www.tsp.at\/en\/2016\/03\/18\/toepfer-gute-klimapolitik-wird-friedenspolitik-3\/#breadcrumb\"},\"inLanguage\":\"en-US\",\"potentialAction\":[{\"@type\":\"ReadAction\",\"target\":[\"https:\/\/www.tsp.at\/en\/2016\/03\/18\/toepfer-gute-klimapolitik-wird-friedenspolitik-3\/\"]}]},{\"@type\":\"ImageObject\",\"inLanguage\":\"en-US\",\"@id\":\"https:\/\/www.tsp.at\/en\/2016\/03\/18\/toepfer-gute-klimapolitik-wird-friedenspolitik-3\/#primaryimage\",\"url\":\"https:\/\/www.tsp.at\/wp-content\/uploads\/2025\/10\/toepfer-2.jpg\",\"contentUrl\":\"https:\/\/www.tsp.at\/wp-content\/uploads\/2025\/10\/toepfer-2.jpg\",\"width\":1881,\"height\":2043,\"caption\":\"dfgtsdgstgd\"},{\"@type\":\"BreadcrumbList\",\"@id\":\"https:\/\/www.tsp.at\/en\/2016\/03\/18\/toepfer-gute-klimapolitik-wird-friedenspolitik-3\/#breadcrumb\",\"itemListElement\":[{\"@type\":\"ListItem\",\"position\":1,\"name\":\"Startseite\",\"item\":\"https:\/\/www.tsp.at\/en\/\"},{\"@type\":\"ListItem\",\"position\":2,\"name\":\"T\u00f6pfer: &#8222;Gute Klimapolitik wird Friedenspolitik&#8220;\"}]},{\"@type\":\"WebSite\",\"@id\":\"https:\/\/www.tsp.at\/en\/#website\",\"url\":\"https:\/\/www.tsp.at\/en\/\",\"name\":\"Temmel | Seywald - Corporate Communications\",\"description\":\"Kommunikation ist Beziehungsarbeit\",\"publisher\":{\"@id\":\"https:\/\/www.tsp.at\/en\/#organization\"},\"potentialAction\":[{\"@type\":\"SearchAction\",\"target\":{\"@type\":\"EntryPoint\",\"urlTemplate\":\"https:\/\/www.tsp.at\/en\/?s={search_term_string}\"},\"query-input\":{\"@type\":\"PropertyValueSpecification\",\"valueRequired\":true,\"valueName\":\"search_term_string\"}}],\"inLanguage\":\"en-US\"},{\"@type\":\"Organization\",\"@id\":\"https:\/\/www.tsp.at\/en\/#organization\",\"name\":\"Temmel, Seywald & Partner Communications GesmbH\",\"alternateName\":\"TSP\",\"url\":\"https:\/\/www.tsp.at\/en\/\",\"logo\":{\"@type\":\"ImageObject\",\"inLanguage\":\"en-US\",\"@id\":\"https:\/\/www.tsp.at\/en\/#\/schema\/logo\/image\/\",\"url\":\"https:\/\/www.tsp.at\/wp-content\/uploads\/2025\/10\/favicontsp.png\",\"contentUrl\":\"https:\/\/www.tsp.at\/wp-content\/uploads\/2025\/10\/favicontsp.png\",\"width\":125,\"height\":125,\"caption\":\"Temmel, Seywald & Partner Communications GesmbH\"},\"image\":{\"@id\":\"https:\/\/www.tsp.at\/en\/#\/schema\/logo\/image\/\"},\"sameAs\":[\"https:\/\/www.facebook.com\/TemmelSeywald\"]},{\"@type\":\"Person\",\"@id\":\"https:\/\/www.tsp.at\/en\/#\/schema\/person\/1ba5600c29da17b902b0925cea567f8a\",\"name\":\"TSP Redaktion\"}]}<\/script>\n<!-- \/ Yoast SEO plugin. -->","yoast_head_json":{"title":"T\u00f6pfer: \"Gute Klimapolitik wird Friedenspolitik\" - Temmel | Seywald - Corporate Communications","robots":{"index":"index","follow":"follow","max-snippet":"max-snippet:-1","max-image-preview":"max-image-preview:large","max-video-preview":"max-video-preview:-1"},"canonical":"https:\/\/www.tsp.at\/en\/2016\/03\/18\/toepfer-gute-klimapolitik-wird-friedenspolitik-3\/","og_locale":"en_US","og_type":"article","og_title":"T\u00f6pfer: \"Gute Klimapolitik wird Friedenspolitik\" - Temmel | Seywald - Corporate Communications","og_description":"Ex-Umweltminister sieht Energiewende als L\u00f6sung der Fl\u00fcchtlingskrise 18.03.2016 H\u00f6xter\/Wien \u2013 Die Schlie\u00dfung der Balkan-Route, die Weigerung osteurop\u00e4ischer EU-Staaten, Fl\u00fcchtlinge aufzunehmen sowie die katastrophalen Zust\u00e4nde in den Sammelzentren in Griechenland oder auch in der W\u00fcstenhitze Jordaniens, spitzen die internationale Krise zu. pressetext sprach exklusiv mit Klaus T\u00f6pfer, dem langj\u00e4hrigen deutschen Bundesminister f\u00fcr Umwelt, Naturschutz und Reaktorsicherheit&hellip;","og_url":"https:\/\/www.tsp.at\/en\/2016\/03\/18\/toepfer-gute-klimapolitik-wird-friedenspolitik-3\/","og_site_name":"Temmel | Seywald - Corporate Communications","article_publisher":"https:\/\/www.facebook.com\/TemmelSeywald","article_published_time":"2016-03-18T09:56:00+00:00","article_modified_time":"2025-10-21T12:57:51+00:00","og_image":[{"width":1881,"height":2043,"url":"https:\/\/www.tsp.at\/wp-content\/uploads\/2025\/10\/toepfer-2.jpg","type":"image\/jpeg"}],"author":"TSP Redaktion","twitter_card":"summary_large_image","twitter_misc":{"Written by":"TSP Redaktion","Est. reading time":"5 minutes"},"schema":{"@context":"https:\/\/schema.org","@graph":[{"@type":"Article","@id":"https:\/\/www.tsp.at\/en\/2016\/03\/18\/toepfer-gute-klimapolitik-wird-friedenspolitik-3\/#article","isPartOf":{"@id":"https:\/\/www.tsp.at\/en\/2016\/03\/18\/toepfer-gute-klimapolitik-wird-friedenspolitik-3\/"},"author":{"name":"TSP Redaktion","@id":"https:\/\/www.tsp.at\/en\/#\/schema\/person\/1ba5600c29da17b902b0925cea567f8a"},"headline":"T\u00f6pfer: &#8220;Gute Klimapolitik wird Friedenspolitik&#8221;","datePublished":"2016-03-18T09:56:00+00:00","dateModified":"2025-10-21T12:57:51+00:00","mainEntityOfPage":{"@id":"https:\/\/www.tsp.at\/en\/2016\/03\/18\/toepfer-gute-klimapolitik-wird-friedenspolitik-3\/"},"wordCount":832,"publisher":{"@id":"https:\/\/www.tsp.at\/en\/#organization"},"image":{"@id":"https:\/\/www.tsp.at\/en\/2016\/03\/18\/toepfer-gute-klimapolitik-wird-friedenspolitik-3\/#primaryimage"},"thumbnailUrl":"https:\/\/www.tsp.at\/wp-content\/uploads\/2025\/10\/toepfer-2.jpg","articleSection":["News"],"inLanguage":"en-US"},{"@type":"WebPage","@id":"https:\/\/www.tsp.at\/en\/2016\/03\/18\/toepfer-gute-klimapolitik-wird-friedenspolitik-3\/","url":"https:\/\/www.tsp.at\/en\/2016\/03\/18\/toepfer-gute-klimapolitik-wird-friedenspolitik-3\/","name":"T\u00f6pfer: \"Gute Klimapolitik wird Friedenspolitik\" - Temmel | Seywald - Corporate Communications","isPartOf":{"@id":"https:\/\/www.tsp.at\/en\/#website"},"primaryImageOfPage":{"@id":"https:\/\/www.tsp.at\/en\/2016\/03\/18\/toepfer-gute-klimapolitik-wird-friedenspolitik-3\/#primaryimage"},"image":{"@id":"https:\/\/www.tsp.at\/en\/2016\/03\/18\/toepfer-gute-klimapolitik-wird-friedenspolitik-3\/#primaryimage"},"thumbnailUrl":"https:\/\/www.tsp.at\/wp-content\/uploads\/2025\/10\/toepfer-2.jpg","datePublished":"2016-03-18T09:56:00+00:00","dateModified":"2025-10-21T12:57:51+00:00","breadcrumb":{"@id":"https:\/\/www.tsp.at\/en\/2016\/03\/18\/toepfer-gute-klimapolitik-wird-friedenspolitik-3\/#breadcrumb"},"inLanguage":"en-US","potentialAction":[{"@type":"ReadAction","target":["https:\/\/www.tsp.at\/en\/2016\/03\/18\/toepfer-gute-klimapolitik-wird-friedenspolitik-3\/"]}]},{"@type":"ImageObject","inLanguage":"en-US","@id":"https:\/\/www.tsp.at\/en\/2016\/03\/18\/toepfer-gute-klimapolitik-wird-friedenspolitik-3\/#primaryimage","url":"https:\/\/www.tsp.at\/wp-content\/uploads\/2025\/10\/toepfer-2.jpg","contentUrl":"https:\/\/www.tsp.at\/wp-content\/uploads\/2025\/10\/toepfer-2.jpg","width":1881,"height":2043,"caption":"dfgtsdgstgd"},{"@type":"BreadcrumbList","@id":"https:\/\/www.tsp.at\/en\/2016\/03\/18\/toepfer-gute-klimapolitik-wird-friedenspolitik-3\/#breadcrumb","itemListElement":[{"@type":"ListItem","position":1,"name":"Startseite","item":"https:\/\/www.tsp.at\/en\/"},{"@type":"ListItem","position":2,"name":"T\u00f6pfer: &#8222;Gute Klimapolitik wird Friedenspolitik&#8220;"}]},{"@type":"WebSite","@id":"https:\/\/www.tsp.at\/en\/#website","url":"https:\/\/www.tsp.at\/en\/","name":"Temmel | Seywald - Corporate Communications","description":"Kommunikation ist Beziehungsarbeit","publisher":{"@id":"https:\/\/www.tsp.at\/en\/#organization"},"potentialAction":[{"@type":"SearchAction","target":{"@type":"EntryPoint","urlTemplate":"https:\/\/www.tsp.at\/en\/?s={search_term_string}"},"query-input":{"@type":"PropertyValueSpecification","valueRequired":true,"valueName":"search_term_string"}}],"inLanguage":"en-US"},{"@type":"Organization","@id":"https:\/\/www.tsp.at\/en\/#organization","name":"Temmel, Seywald & Partner Communications GesmbH","alternateName":"TSP","url":"https:\/\/www.tsp.at\/en\/","logo":{"@type":"ImageObject","inLanguage":"en-US","@id":"https:\/\/www.tsp.at\/en\/#\/schema\/logo\/image\/","url":"https:\/\/www.tsp.at\/wp-content\/uploads\/2025\/10\/favicontsp.png","contentUrl":"https:\/\/www.tsp.at\/wp-content\/uploads\/2025\/10\/favicontsp.png","width":125,"height":125,"caption":"Temmel, Seywald & Partner Communications GesmbH"},"image":{"@id":"https:\/\/www.tsp.at\/en\/#\/schema\/logo\/image\/"},"sameAs":["https:\/\/www.facebook.com\/TemmelSeywald"]},{"@type":"Person","@id":"https:\/\/www.tsp.at\/en\/#\/schema\/person\/1ba5600c29da17b902b0925cea567f8a","name":"TSP Redaktion"}]}},"_links":{"self":[{"href":"https:\/\/www.tsp.at\/en\/wp-json\/wp\/v2\/posts\/11117","targetHints":{"allow":["GET"]}}],"collection":[{"href":"https:\/\/www.tsp.at\/en\/wp-json\/wp\/v2\/posts"}],"about":[{"href":"https:\/\/www.tsp.at\/en\/wp-json\/wp\/v2\/types\/post"}],"author":[{"embeddable":true,"href":"https:\/\/www.tsp.at\/en\/wp-json\/wp\/v2\/users\/2"}],"replies":[{"embeddable":true,"href":"https:\/\/www.tsp.at\/en\/wp-json\/wp\/v2\/comments?post=11117"}],"version-history":[{"count":1,"href":"https:\/\/www.tsp.at\/en\/wp-json\/wp\/v2\/posts\/11117\/revisions"}],"predecessor-version":[{"id":11560,"href":"https:\/\/www.tsp.at\/en\/wp-json\/wp\/v2\/posts\/11117\/revisions\/11560"}],"wp:featuredmedia":[{"embeddable":true,"href":"https:\/\/www.tsp.at\/en\/wp-json\/wp\/v2\/media\/11116"}],"wp:attachment":[{"href":"https:\/\/www.tsp.at\/en\/wp-json\/wp\/v2\/media?parent=11117"}],"wp:term":[{"taxonomy":"category","embeddable":true,"href":"https:\/\/www.tsp.at\/en\/wp-json\/wp\/v2\/categories?post=11117"},{"taxonomy":"post_tag","embeddable":true,"href":"https:\/\/www.tsp.at\/en\/wp-json\/wp\/v2\/tags?post=11117"}],"curies":[{"name":"wp","href":"https:\/\/api.w.org\/{rel}","templated":true}]}}