{"id":11121,"date":"2015-06-30T12:03:00","date_gmt":"2015-06-30T10:03:00","guid":{"rendered":"https:\/\/staging.tsp.at\/2015\/06\/30\/neuer-vorstand-fuer-horvath-partners-oesterreich-3\/"},"modified":"2025-10-21T14:58:34","modified_gmt":"2025-10-21T12:58:34","slug":"neuer-vorstand-fuer-horvath-partners-oesterreich-3","status":"publish","type":"post","link":"https:\/\/www.tsp.at\/en\/2015\/06\/30\/neuer-vorstand-fuer-horvath-partners-oesterreich-3\/","title":{"rendered":"Neuer Vorstand f\u00fcr Horv\u00e1th &#038; Partners \u00d6sterreich"},"content":{"rendered":"<article class=\"item\">\n<h2><strong>Managementberatungsgruppe hat gro\u00dfe Pl\u00e4ne f\u00fcr Standort Wien<br \/>\n<\/strong><\/h2>\n<p>30.06.2015<\/p>\n<\/p>\n<\/p>\n<\/p>\n<\/p>\n<\/p>\n<p class=\"FtxtP\" style=\"text-align: justify;\">Wien \u2013 <strong><span class=\"FtxtBold\">Die Managementberatung Horv\u00e1th &amp; Partners hat den langj\u00e4hrigen Partner Altfrid Neugebauer (47) in den Vorstand der f\u00fcr die Gruppe zust\u00e4ndigen Management-Holding berufen. Der geb\u00fcrtige D\u00fcsseldorfer will das in seine Zust\u00e4ndigkeit fallende \u00d6sterreich-Gesch\u00e4ft deutlich ausbauen. Neben der Region \u00d6sterreich ist Neugebauer auch f\u00fcr die Bereiche Manufacturing Industry und Human Resources verantwortlich.<\/span><\/strong><\/p>\n<p class=\"FtxtP\" style=\"text-align: justify;\"><strong><span class=\"FtxtBold\">Langj\u00e4hrige Erfahrung und Expertise<\/span><\/strong><\/p>\n<p class=\"FtxtP\" style=\"text-align: justify;\">Neugebauer gilt als Urgestein von Horv\u00e1th &amp; Partners. Der studierte Betriebswirt begann seine Karriere als Management Consultant vor \u00fcber 20 Jahren und war federf\u00fchrend beim Auf- und Ausbau der Standorte in D\u00fcsseldorf und M\u00fcnchen verantwortlich. Zuletzt war er f\u00fcr das Segment Consumer &amp; Industrial Goods zust\u00e4ndig. &#8220;Mit seiner Erfahrung und Expertise stellt Altfrid Neugebauer eine gro\u00dfe Bereicherung f\u00fcr unsere Beratung in \u00d6sterreich dar&#8221;, sagt Dr. Stefan Bergsmann, Gesch\u00e4ftsf\u00fchrer von Horv\u00e1th &amp; Partners \u00d6sterreich. Neugebauer setzt die T\u00e4tigkeit von Prof. Dr. Christoph Schimank fort, der auf eigenen Wunsch aus dem Vorstand ausscheidet, doch weiterhin als Partner im Unternehmen t\u00e4tig ist.<\/p>\n<p class=\"FtxtP\" style=\"text-align: justify;\"><strong><span class=\"FtxtBold\">Kundenportfolio diversifizieren<\/span><\/strong><\/p>\n<p class=\"FtxtP\" style=\"text-align: justify;\">Neugebauer betreut \u00d6sterreich von M\u00fcnchen aus. Von dieser geografischen N\u00e4he profitieren auch seine \u00f6sterreichischen Kunden, vor allem in Tirol. Die neue Zust\u00e4ndigkeit f\u00fcr \u00d6sterreich ist nicht nur dem Berater Neugebauer, sondern auch dem passionierten Skifahrer wie auf den Leib geschneidert. &#8220;Nach unz\u00e4hligen Urlauben in \u00d6sterreich freut es mich, nun auch beruflich \u00f6fter hier zu sein und das Team in Wien strategisch und operativ zu begleiten&#8221;, erl\u00e4utert der Neo-Vorstand. Sein Branchenschwerpunkt ist die Fertigungsindustrie &#8211; ein Bereich, den er auch in \u00d6sterreich forcieren m\u00f6chte. &#8220;Wir wollen hier nicht nur das Wachstum fortsetzen, sondern auch unser Kundenportfolio diversifizieren&#8221;, sagt Neugebauer.<\/p>\n<p class=\"FtxtP\" style=\"text-align: justify;\"><strong><span class=\"FtxtBold\">Attraktiver Arbeitgeber<\/span><\/strong><\/p>\n<p class=\"FtxtP\" style=\"text-align: justify;\">Innerhalb der Unternehmensgruppe zeichnet Neugebauer auch f\u00fcr den Vorstandsbereich HR verantwortlich. Seit Jahresbeginn 2015 besch\u00e4ftigt Horv\u00e1th &amp; Partners erstmals mehr als 600 Mitarbeiterinnen und Mitarbeiter. Damit hat sich die Zahl der Besch\u00e4ftigten in nur 15 Monaten um 20 Prozent erh\u00f6ht. &#8220;Wir legen stets gro\u00dfen Wert auf Mitarbeiterf\u00fchrung und halten nach den besten K\u00f6pfen Ausschau. Diesen Weg m\u00f6chten wir auch in \u00d6sterreich konsequent fortsetzen und damit die Stellung von Horv\u00e1th &amp; Partners als attraktiver Arbeitgeber weiter st\u00e4rken&#8221;, so Neugebauer.<\/p>\n<p class=\"FtxtP\" style=\"text-align: justify;\"><strong><span class=\"FtxtBold\">Horv\u00e1th &amp; Partners<\/span><\/strong><br \/>Horv\u00e1th &amp; Partners ist eine international t\u00e4tige, unabh\u00e4ngige Managementberatung mit Sitz in Stuttgart. Das Unternehmen besch\u00e4ftigt mehr als 600 hochqualifizierte Mitarbeiter an Standorten in Deutschland, \u00d6sterreich, Rum\u00e4nien, der Schweiz, Ungarn, Saudi-Arabien und den Vereinigten Arabischen Emiraten. Die Mitgliedschaft im internationalen Beraternetzwerk &#8220;Cordence Worldwide&#8221; unterst\u00fctzt die F\u00e4higkeit, Beratungsprojekte in wichtigen Wirtschaftsregionen mit h\u00f6chster fachlicher Expertise und genauer Kenntnis der lokalen Gegebenheiten durchzuf\u00fchren.<\/p>\n<p class=\"FtxtP\" style=\"text-align: justify;\">Die Kernkompetenzen von Horv\u00e1th &amp; Partners sind Unternehmenssteuerung und Performance-optimierung &#8211; f\u00fcr das Gesamtunternehmen wie f\u00fcr die Gesch\u00e4fts- und Funktionsbereiche Strategie, Organisation, Vertrieb, Operations, Controlling, Finanzen und IT. Horv\u00e1th &amp; Partners steht f\u00fcr Projektergebnisse, die nachhaltigen Nutzen schaffen. Deshalb begleitet Horv\u00e1th &amp; Partners seine Kunden von der betriebswirtschaftlichen Konzeption bis zur Verankerung in Prozessen und Systemen.<\/p>\n<\/article>\n","protected":false},"excerpt":{"rendered":"<p>Managementberatungsgruppe hat gro\u00dfe Pl\u00e4ne f\u00fcr Standort Wien 30.06.2015 Wien \u2013 Die Managementberatung Horv\u00e1th &amp; Partners hat den langj\u00e4hrigen Partner Altfrid Neugebauer (47) in den Vorstand der f\u00fcr die Gruppe zust\u00e4ndigen Management-Holding berufen. Der geb\u00fcrtige D\u00fcsseldorfer will das in seine Zust\u00e4ndigkeit fallende \u00d6sterreich-Gesch\u00e4ft deutlich ausbauen. Neben der Region \u00d6sterreich ist Neugebauer auch f\u00fcr die Bereiche Manufacturing&hellip;<\/p>\n","protected":false},"author":2,"featured_media":11120,"comment_status":"closed","ping_status":"closed","sticky":false,"template":"","format":"standard","meta":{"footnotes":""},"categories":[3],"tags":[],"class_list":["post-11121","post","type-post","status-publish","format-standard","has-post-thumbnail","hentry","category-news","category-3","description-off"],"yoast_head":"<!-- This site is optimized with the Yoast SEO plugin v26.3 - https:\/\/yoast.com\/wordpress\/plugins\/seo\/ -->\n<title>Neuer Vorstand f\u00fcr Horv\u00e1th &amp; Partners \u00d6sterreich - Temmel | Seywald - Corporate Communications<\/title>\n<meta name=\"robots\" content=\"index, follow, max-snippet:-1, max-image-preview:large, max-video-preview:-1\" \/>\n<link rel=\"canonical\" href=\"https:\/\/www.tsp.at\/en\/2015\/06\/30\/neuer-vorstand-fuer-horvath-partners-oesterreich-3\/\" \/>\n<meta property=\"og:locale\" content=\"en_US\" \/>\n<meta property=\"og:type\" content=\"article\" \/>\n<meta property=\"og:title\" content=\"Neuer Vorstand f\u00fcr Horv\u00e1th &amp; Partners \u00d6sterreich - Temmel | Seywald - Corporate Communications\" \/>\n<meta property=\"og:description\" content=\"Managementberatungsgruppe hat gro\u00dfe Pl\u00e4ne f\u00fcr Standort Wien 30.06.2015 Wien \u2013 Die Managementberatung Horv\u00e1th &amp; Partners hat den langj\u00e4hrigen Partner Altfrid Neugebauer (47) in den Vorstand der f\u00fcr die Gruppe zust\u00e4ndigen Management-Holding berufen. Der geb\u00fcrtige D\u00fcsseldorfer will das in seine Zust\u00e4ndigkeit fallende \u00d6sterreich-Gesch\u00e4ft deutlich ausbauen. Neben der Region \u00d6sterreich ist Neugebauer auch f\u00fcr die Bereiche Manufacturing&hellip;\" \/>\n<meta property=\"og:url\" content=\"https:\/\/www.tsp.at\/en\/2015\/06\/30\/neuer-vorstand-fuer-horvath-partners-oesterreich-3\/\" \/>\n<meta property=\"og:site_name\" content=\"Temmel | Seywald - Corporate Communications\" \/>\n<meta property=\"article:publisher\" content=\"https:\/\/www.facebook.com\/TemmelSeywald\" \/>\n<meta property=\"article:published_time\" content=\"2015-06-30T10:03:00+00:00\" \/>\n<meta property=\"article:modified_time\" content=\"2025-10-21T12:58:34+00:00\" \/>\n<meta property=\"og:image\" content=\"https:\/\/www.tsp.at\/wp-content\/uploads\/2025\/10\/Neugebauer_HQ_2-2.jpg\" \/>\n\t<meta property=\"og:image:width\" content=\"1240\" \/>\n\t<meta property=\"og:image:height\" content=\"1094\" \/>\n\t<meta property=\"og:image:type\" content=\"image\/jpeg\" \/>\n<meta name=\"author\" content=\"TSP Redaktion\" \/>\n<meta name=\"twitter:card\" content=\"summary_large_image\" \/>\n<meta name=\"twitter:label1\" content=\"Written by\" \/>\n\t<meta name=\"twitter:data1\" content=\"TSP Redaktion\" \/>\n\t<meta name=\"twitter:label2\" content=\"Est. reading time\" \/>\n\t<meta name=\"twitter:data2\" content=\"3 minutes\" \/>\n<script type=\"application\/ld+json\" class=\"yoast-schema-graph\">{\"@context\":\"https:\/\/schema.org\",\"@graph\":[{\"@type\":\"Article\",\"@id\":\"https:\/\/www.tsp.at\/en\/2015\/06\/30\/neuer-vorstand-fuer-horvath-partners-oesterreich-3\/#article\",\"isPartOf\":{\"@id\":\"https:\/\/www.tsp.at\/en\/2015\/06\/30\/neuer-vorstand-fuer-horvath-partners-oesterreich-3\/\"},\"author\":{\"name\":\"TSP Redaktion\",\"@id\":\"https:\/\/www.tsp.at\/en\/#\/schema\/person\/1ba5600c29da17b902b0925cea567f8a\"},\"headline\":\"Neuer Vorstand f\u00fcr Horv\u00e1th &#038; Partners \u00d6sterreich\",\"datePublished\":\"2015-06-30T10:03:00+00:00\",\"dateModified\":\"2025-10-21T12:58:34+00:00\",\"mainEntityOfPage\":{\"@id\":\"https:\/\/www.tsp.at\/en\/2015\/06\/30\/neuer-vorstand-fuer-horvath-partners-oesterreich-3\/\"},\"wordCount\":523,\"publisher\":{\"@id\":\"https:\/\/www.tsp.at\/en\/#organization\"},\"image\":{\"@id\":\"https:\/\/www.tsp.at\/en\/2015\/06\/30\/neuer-vorstand-fuer-horvath-partners-oesterreich-3\/#primaryimage\"},\"thumbnailUrl\":\"https:\/\/www.tsp.at\/wp-content\/uploads\/2025\/10\/Neugebauer_HQ_2-2.jpg\",\"articleSection\":[\"News\"],\"inLanguage\":\"en-US\"},{\"@type\":\"WebPage\",\"@id\":\"https:\/\/www.tsp.at\/en\/2015\/06\/30\/neuer-vorstand-fuer-horvath-partners-oesterreich-3\/\",\"url\":\"https:\/\/www.tsp.at\/en\/2015\/06\/30\/neuer-vorstand-fuer-horvath-partners-oesterreich-3\/\",\"name\":\"Neuer Vorstand f\u00fcr Horv\u00e1th & Partners \u00d6sterreich - Temmel | Seywald - Corporate Communications\",\"isPartOf\":{\"@id\":\"https:\/\/www.tsp.at\/en\/#website\"},\"primaryImageOfPage\":{\"@id\":\"https:\/\/www.tsp.at\/en\/2015\/06\/30\/neuer-vorstand-fuer-horvath-partners-oesterreich-3\/#primaryimage\"},\"image\":{\"@id\":\"https:\/\/www.tsp.at\/en\/2015\/06\/30\/neuer-vorstand-fuer-horvath-partners-oesterreich-3\/#primaryimage\"},\"thumbnailUrl\":\"https:\/\/www.tsp.at\/wp-content\/uploads\/2025\/10\/Neugebauer_HQ_2-2.jpg\",\"datePublished\":\"2015-06-30T10:03:00+00:00\",\"dateModified\":\"2025-10-21T12:58:34+00:00\",\"breadcrumb\":{\"@id\":\"https:\/\/www.tsp.at\/en\/2015\/06\/30\/neuer-vorstand-fuer-horvath-partners-oesterreich-3\/#breadcrumb\"},\"inLanguage\":\"en-US\",\"potentialAction\":[{\"@type\":\"ReadAction\",\"target\":[\"https:\/\/www.tsp.at\/en\/2015\/06\/30\/neuer-vorstand-fuer-horvath-partners-oesterreich-3\/\"]}]},{\"@type\":\"ImageObject\",\"inLanguage\":\"en-US\",\"@id\":\"https:\/\/www.tsp.at\/en\/2015\/06\/30\/neuer-vorstand-fuer-horvath-partners-oesterreich-3\/#primaryimage\",\"url\":\"https:\/\/www.tsp.at\/wp-content\/uploads\/2025\/10\/Neugebauer_HQ_2-2.jpg\",\"contentUrl\":\"https:\/\/www.tsp.at\/wp-content\/uploads\/2025\/10\/Neugebauer_HQ_2-2.jpg\",\"width\":1240,\"height\":1094,\"caption\":\"Altfrid Neugebauer \u00fcbernimmt ab April 2015 das Vorstandsressort Personal sowie die Beratungsbereiche \\\"Manufacturing Industry\\\" und \\\"CIO &amp; Project Advisory\\\" bei der Managementberatung Horv\u00e1th &amp; Partners\"},{\"@type\":\"BreadcrumbList\",\"@id\":\"https:\/\/www.tsp.at\/en\/2015\/06\/30\/neuer-vorstand-fuer-horvath-partners-oesterreich-3\/#breadcrumb\",\"itemListElement\":[{\"@type\":\"ListItem\",\"position\":1,\"name\":\"Startseite\",\"item\":\"https:\/\/www.tsp.at\/en\/\"},{\"@type\":\"ListItem\",\"position\":2,\"name\":\"Neuer Vorstand f\u00fcr Horv\u00e1th &#038; Partners \u00d6sterreich\"}]},{\"@type\":\"WebSite\",\"@id\":\"https:\/\/www.tsp.at\/en\/#website\",\"url\":\"https:\/\/www.tsp.at\/en\/\",\"name\":\"Temmel | Seywald - Corporate Communications\",\"description\":\"Kommunikation ist Beziehungsarbeit\",\"publisher\":{\"@id\":\"https:\/\/www.tsp.at\/en\/#organization\"},\"potentialAction\":[{\"@type\":\"SearchAction\",\"target\":{\"@type\":\"EntryPoint\",\"urlTemplate\":\"https:\/\/www.tsp.at\/en\/?s={search_term_string}\"},\"query-input\":{\"@type\":\"PropertyValueSpecification\",\"valueRequired\":true,\"valueName\":\"search_term_string\"}}],\"inLanguage\":\"en-US\"},{\"@type\":\"Organization\",\"@id\":\"https:\/\/www.tsp.at\/en\/#organization\",\"name\":\"Temmel, Seywald & Partner Communications GesmbH\",\"alternateName\":\"TSP\",\"url\":\"https:\/\/www.tsp.at\/en\/\",\"logo\":{\"@type\":\"ImageObject\",\"inLanguage\":\"en-US\",\"@id\":\"https:\/\/www.tsp.at\/en\/#\/schema\/logo\/image\/\",\"url\":\"https:\/\/www.tsp.at\/wp-content\/uploads\/2025\/10\/favicontsp.png\",\"contentUrl\":\"https:\/\/www.tsp.at\/wp-content\/uploads\/2025\/10\/favicontsp.png\",\"width\":125,\"height\":125,\"caption\":\"Temmel, Seywald & Partner Communications GesmbH\"},\"image\":{\"@id\":\"https:\/\/www.tsp.at\/en\/#\/schema\/logo\/image\/\"},\"sameAs\":[\"https:\/\/www.facebook.com\/TemmelSeywald\"]},{\"@type\":\"Person\",\"@id\":\"https:\/\/www.tsp.at\/en\/#\/schema\/person\/1ba5600c29da17b902b0925cea567f8a\",\"name\":\"TSP Redaktion\"}]}<\/script>\n<!-- \/ Yoast SEO plugin. -->","yoast_head_json":{"title":"Neuer Vorstand f\u00fcr Horv\u00e1th & Partners \u00d6sterreich - Temmel | Seywald - Corporate Communications","robots":{"index":"index","follow":"follow","max-snippet":"max-snippet:-1","max-image-preview":"max-image-preview:large","max-video-preview":"max-video-preview:-1"},"canonical":"https:\/\/www.tsp.at\/en\/2015\/06\/30\/neuer-vorstand-fuer-horvath-partners-oesterreich-3\/","og_locale":"en_US","og_type":"article","og_title":"Neuer Vorstand f\u00fcr Horv\u00e1th & Partners \u00d6sterreich - Temmel | Seywald - Corporate Communications","og_description":"Managementberatungsgruppe hat gro\u00dfe Pl\u00e4ne f\u00fcr Standort Wien 30.06.2015 Wien \u2013 Die Managementberatung Horv\u00e1th &amp; Partners hat den langj\u00e4hrigen Partner Altfrid Neugebauer (47) in den Vorstand der f\u00fcr die Gruppe zust\u00e4ndigen Management-Holding berufen. Der geb\u00fcrtige D\u00fcsseldorfer will das in seine Zust\u00e4ndigkeit fallende \u00d6sterreich-Gesch\u00e4ft deutlich ausbauen. Neben der Region \u00d6sterreich ist Neugebauer auch f\u00fcr die Bereiche Manufacturing&hellip;","og_url":"https:\/\/www.tsp.at\/en\/2015\/06\/30\/neuer-vorstand-fuer-horvath-partners-oesterreich-3\/","og_site_name":"Temmel | Seywald - Corporate Communications","article_publisher":"https:\/\/www.facebook.com\/TemmelSeywald","article_published_time":"2015-06-30T10:03:00+00:00","article_modified_time":"2025-10-21T12:58:34+00:00","og_image":[{"width":1240,"height":1094,"url":"https:\/\/www.tsp.at\/wp-content\/uploads\/2025\/10\/Neugebauer_HQ_2-2.jpg","type":"image\/jpeg"}],"author":"TSP Redaktion","twitter_card":"summary_large_image","twitter_misc":{"Written by":"TSP Redaktion","Est. reading time":"3 minutes"},"schema":{"@context":"https:\/\/schema.org","@graph":[{"@type":"Article","@id":"https:\/\/www.tsp.at\/en\/2015\/06\/30\/neuer-vorstand-fuer-horvath-partners-oesterreich-3\/#article","isPartOf":{"@id":"https:\/\/www.tsp.at\/en\/2015\/06\/30\/neuer-vorstand-fuer-horvath-partners-oesterreich-3\/"},"author":{"name":"TSP Redaktion","@id":"https:\/\/www.tsp.at\/en\/#\/schema\/person\/1ba5600c29da17b902b0925cea567f8a"},"headline":"Neuer Vorstand f\u00fcr Horv\u00e1th &#038; Partners \u00d6sterreich","datePublished":"2015-06-30T10:03:00+00:00","dateModified":"2025-10-21T12:58:34+00:00","mainEntityOfPage":{"@id":"https:\/\/www.tsp.at\/en\/2015\/06\/30\/neuer-vorstand-fuer-horvath-partners-oesterreich-3\/"},"wordCount":523,"publisher":{"@id":"https:\/\/www.tsp.at\/en\/#organization"},"image":{"@id":"https:\/\/www.tsp.at\/en\/2015\/06\/30\/neuer-vorstand-fuer-horvath-partners-oesterreich-3\/#primaryimage"},"thumbnailUrl":"https:\/\/www.tsp.at\/wp-content\/uploads\/2025\/10\/Neugebauer_HQ_2-2.jpg","articleSection":["News"],"inLanguage":"en-US"},{"@type":"WebPage","@id":"https:\/\/www.tsp.at\/en\/2015\/06\/30\/neuer-vorstand-fuer-horvath-partners-oesterreich-3\/","url":"https:\/\/www.tsp.at\/en\/2015\/06\/30\/neuer-vorstand-fuer-horvath-partners-oesterreich-3\/","name":"Neuer Vorstand f\u00fcr Horv\u00e1th & Partners \u00d6sterreich - Temmel | Seywald - Corporate Communications","isPartOf":{"@id":"https:\/\/www.tsp.at\/en\/#website"},"primaryImageOfPage":{"@id":"https:\/\/www.tsp.at\/en\/2015\/06\/30\/neuer-vorstand-fuer-horvath-partners-oesterreich-3\/#primaryimage"},"image":{"@id":"https:\/\/www.tsp.at\/en\/2015\/06\/30\/neuer-vorstand-fuer-horvath-partners-oesterreich-3\/#primaryimage"},"thumbnailUrl":"https:\/\/www.tsp.at\/wp-content\/uploads\/2025\/10\/Neugebauer_HQ_2-2.jpg","datePublished":"2015-06-30T10:03:00+00:00","dateModified":"2025-10-21T12:58:34+00:00","breadcrumb":{"@id":"https:\/\/www.tsp.at\/en\/2015\/06\/30\/neuer-vorstand-fuer-horvath-partners-oesterreich-3\/#breadcrumb"},"inLanguage":"en-US","potentialAction":[{"@type":"ReadAction","target":["https:\/\/www.tsp.at\/en\/2015\/06\/30\/neuer-vorstand-fuer-horvath-partners-oesterreich-3\/"]}]},{"@type":"ImageObject","inLanguage":"en-US","@id":"https:\/\/www.tsp.at\/en\/2015\/06\/30\/neuer-vorstand-fuer-horvath-partners-oesterreich-3\/#primaryimage","url":"https:\/\/www.tsp.at\/wp-content\/uploads\/2025\/10\/Neugebauer_HQ_2-2.jpg","contentUrl":"https:\/\/www.tsp.at\/wp-content\/uploads\/2025\/10\/Neugebauer_HQ_2-2.jpg","width":1240,"height":1094,"caption":"Altfrid Neugebauer \u00fcbernimmt ab April 2015 das Vorstandsressort Personal sowie die Beratungsbereiche \"Manufacturing Industry\" und \"CIO &amp; Project Advisory\" bei der Managementberatung Horv\u00e1th &amp; Partners"},{"@type":"BreadcrumbList","@id":"https:\/\/www.tsp.at\/en\/2015\/06\/30\/neuer-vorstand-fuer-horvath-partners-oesterreich-3\/#breadcrumb","itemListElement":[{"@type":"ListItem","position":1,"name":"Startseite","item":"https:\/\/www.tsp.at\/en\/"},{"@type":"ListItem","position":2,"name":"Neuer Vorstand f\u00fcr Horv\u00e1th &#038; Partners \u00d6sterreich"}]},{"@type":"WebSite","@id":"https:\/\/www.tsp.at\/en\/#website","url":"https:\/\/www.tsp.at\/en\/","name":"Temmel | Seywald - Corporate Communications","description":"Kommunikation ist Beziehungsarbeit","publisher":{"@id":"https:\/\/www.tsp.at\/en\/#organization"},"potentialAction":[{"@type":"SearchAction","target":{"@type":"EntryPoint","urlTemplate":"https:\/\/www.tsp.at\/en\/?s={search_term_string}"},"query-input":{"@type":"PropertyValueSpecification","valueRequired":true,"valueName":"search_term_string"}}],"inLanguage":"en-US"},{"@type":"Organization","@id":"https:\/\/www.tsp.at\/en\/#organization","name":"Temmel, Seywald & Partner Communications GesmbH","alternateName":"TSP","url":"https:\/\/www.tsp.at\/en\/","logo":{"@type":"ImageObject","inLanguage":"en-US","@id":"https:\/\/www.tsp.at\/en\/#\/schema\/logo\/image\/","url":"https:\/\/www.tsp.at\/wp-content\/uploads\/2025\/10\/favicontsp.png","contentUrl":"https:\/\/www.tsp.at\/wp-content\/uploads\/2025\/10\/favicontsp.png","width":125,"height":125,"caption":"Temmel, Seywald & Partner Communications GesmbH"},"image":{"@id":"https:\/\/www.tsp.at\/en\/#\/schema\/logo\/image\/"},"sameAs":["https:\/\/www.facebook.com\/TemmelSeywald"]},{"@type":"Person","@id":"https:\/\/www.tsp.at\/en\/#\/schema\/person\/1ba5600c29da17b902b0925cea567f8a","name":"TSP Redaktion"}]}},"_links":{"self":[{"href":"https:\/\/www.tsp.at\/en\/wp-json\/wp\/v2\/posts\/11121","targetHints":{"allow":["GET"]}}],"collection":[{"href":"https:\/\/www.tsp.at\/en\/wp-json\/wp\/v2\/posts"}],"about":[{"href":"https:\/\/www.tsp.at\/en\/wp-json\/wp\/v2\/types\/post"}],"author":[{"embeddable":true,"href":"https:\/\/www.tsp.at\/en\/wp-json\/wp\/v2\/users\/2"}],"replies":[{"embeddable":true,"href":"https:\/\/www.tsp.at\/en\/wp-json\/wp\/v2\/comments?post=11121"}],"version-history":[{"count":1,"href":"https:\/\/www.tsp.at\/en\/wp-json\/wp\/v2\/posts\/11121\/revisions"}],"predecessor-version":[{"id":11595,"href":"https:\/\/www.tsp.at\/en\/wp-json\/wp\/v2\/posts\/11121\/revisions\/11595"}],"wp:featuredmedia":[{"embeddable":true,"href":"https:\/\/www.tsp.at\/en\/wp-json\/wp\/v2\/media\/11120"}],"wp:attachment":[{"href":"https:\/\/www.tsp.at\/en\/wp-json\/wp\/v2\/media?parent=11121"}],"wp:term":[{"taxonomy":"category","embeddable":true,"href":"https:\/\/www.tsp.at\/en\/wp-json\/wp\/v2\/categories?post=11121"},{"taxonomy":"post_tag","embeddable":true,"href":"https:\/\/www.tsp.at\/en\/wp-json\/wp\/v2\/tags?post=11121"}],"curies":[{"name":"wp","href":"https:\/\/api.w.org\/{rel}","templated":true}]}}