{"id":11143,"date":"2013-09-16T13:01:00","date_gmt":"2013-09-16T11:01:00","guid":{"rendered":"https:\/\/staging.tsp.at\/2013\/09\/16\/karriere-bei-horvath-partners-3\/"},"modified":"2025-10-21T14:58:51","modified_gmt":"2025-10-21T12:58:51","slug":"karriere-bei-horvath-partners-3","status":"publish","type":"post","link":"https:\/\/www.tsp.at\/en\/2013\/09\/16\/karriere-bei-horvath-partners-3\/","title":{"rendered":"Karriere bei Horv\u00e1th &#038; Partners"},"content":{"rendered":"<article class=\"item\">\n<h2><strong>Carina Palfrader-Fraz und Peter Schentler mit neuen Aufgaben<\/strong><\/h2>\n<p>16.09.2013<\/p>\n<\/p>\n<\/p>\n<\/p>\n<\/p>\n<\/p>\n<p>Wien \u2013 <span style=\"font-family: Verdana,Arial,Helvetica,sans-serif;\"><strong>Carina Palfrader-Fraz (30) und Peter Schentler (33) machen Karriere bei den Management Consultants f\u00fcr Unternehmenssteuerung und Performance Optimierung, Horv\u00e1th &amp; Partners. Als Senior Project Manager \u00fcbernehmen sie ab sofort Projektverantwortung.<\/strong><\/p>\n<p><strong>Mag. Carina Palfrader-Fraz<\/strong> wird sich um den Ausbau des \u00f6sterreichischen Marktes in den Bereichen Reorganisation, Shared Services und Prozessmanagement k\u00fcmmern. Die Wienerin ist Absolventin der Wirtschaftsuniversit\u00e4t Wien und der Universit\u00e0 Commerciale Luigi Bocconi (Mailand) und seit sechs Jahren im Team von Horv\u00e1th &amp; Partners Wien. <\/p>\n<p><strong>Dr. Peter Schentler<\/strong> ist seit 2009 f\u00fcr Horv\u00e1th &amp; Partners im Einsatz, zuerst in Frankfurt und seit drei Jahren in Wien. Der promovierte Wirtschaftsingenieur befasst sich vorrangig mit den Themen Planung &amp; Budgetierung, Einkaufscontrolling und Kostenrechnung in der produzierenden Industrie. Er ist f\u00fcr den Auf- und Ausbau von Key Accounts aktiv. <br \/><\/span><\/p>\n<\/article>\n","protected":false},"excerpt":{"rendered":"<p>Carina Palfrader-Fraz und Peter Schentler mit neuen Aufgaben 16.09.2013 Wien \u2013 Carina Palfrader-Fraz (30) und Peter Schentler (33) machen Karriere bei den Management Consultants f\u00fcr Unternehmenssteuerung und Performance Optimierung, Horv\u00e1th &amp; Partners. Als Senior Project Manager \u00fcbernehmen sie ab sofort Projektverantwortung. Mag. Carina Palfrader-Fraz wird sich um den Ausbau des \u00f6sterreichischen Marktes in den Bereichen&hellip;<\/p>\n","protected":false},"author":2,"featured_media":11142,"comment_status":"closed","ping_status":"closed","sticky":false,"template":"","format":"standard","meta":{"footnotes":""},"categories":[3],"tags":[],"class_list":["post-11143","post","type-post","status-publish","format-standard","has-post-thumbnail","hentry","category-news","category-3","description-off"],"yoast_head":"<!-- This site is optimized with the Yoast SEO plugin v26.3 - https:\/\/yoast.com\/wordpress\/plugins\/seo\/ -->\n<title>Karriere bei Horv\u00e1th &amp; Partners - Temmel | Seywald - Corporate Communications<\/title>\n<meta name=\"robots\" content=\"index, follow, max-snippet:-1, max-image-preview:large, max-video-preview:-1\" \/>\n<link rel=\"canonical\" href=\"https:\/\/www.tsp.at\/en\/2013\/09\/16\/karriere-bei-horvath-partners-3\/\" \/>\n<meta property=\"og:locale\" content=\"en_US\" \/>\n<meta property=\"og:type\" content=\"article\" \/>\n<meta property=\"og:title\" content=\"Karriere bei Horv\u00e1th &amp; Partners - Temmel | Seywald - Corporate Communications\" \/>\n<meta property=\"og:description\" content=\"Carina Palfrader-Fraz und Peter Schentler mit neuen Aufgaben 16.09.2013 Wien \u2013 Carina Palfrader-Fraz (30) und Peter Schentler (33) machen Karriere bei den Management Consultants f\u00fcr Unternehmenssteuerung und Performance Optimierung, Horv\u00e1th &amp; Partners. Als Senior Project Manager \u00fcbernehmen sie ab sofort Projektverantwortung. Mag. Carina Palfrader-Fraz wird sich um den Ausbau des \u00f6sterreichischen Marktes in den Bereichen&hellip;\" \/>\n<meta property=\"og:url\" content=\"https:\/\/www.tsp.at\/en\/2013\/09\/16\/karriere-bei-horvath-partners-3\/\" \/>\n<meta property=\"og:site_name\" content=\"Temmel | Seywald - Corporate Communications\" \/>\n<meta property=\"article:publisher\" content=\"https:\/\/www.facebook.com\/TemmelSeywald\" \/>\n<meta property=\"article:published_time\" content=\"2013-09-16T11:01:00+00:00\" \/>\n<meta property=\"article:modified_time\" content=\"2025-10-21T12:58:51+00:00\" \/>\n<meta property=\"og:image\" content=\"https:\/\/www.tsp.at\/wp-content\/uploads\/2025\/10\/Palfrader_01-1.jpg\" \/>\n\t<meta property=\"og:image:width\" content=\"1417\" \/>\n\t<meta property=\"og:image:height\" content=\"2126\" \/>\n\t<meta property=\"og:image:type\" content=\"image\/jpeg\" \/>\n<meta name=\"author\" content=\"TSP Redaktion\" \/>\n<meta name=\"twitter:card\" content=\"summary_large_image\" \/>\n<meta name=\"twitter:label1\" content=\"Written by\" \/>\n\t<meta name=\"twitter:data1\" content=\"TSP Redaktion\" \/>\n\t<meta name=\"twitter:label2\" content=\"Est. reading time\" \/>\n\t<meta name=\"twitter:data2\" content=\"1 minute\" \/>\n<script type=\"application\/ld+json\" class=\"yoast-schema-graph\">{\"@context\":\"https:\/\/schema.org\",\"@graph\":[{\"@type\":\"Article\",\"@id\":\"https:\/\/www.tsp.at\/en\/2013\/09\/16\/karriere-bei-horvath-partners-3\/#article\",\"isPartOf\":{\"@id\":\"https:\/\/www.tsp.at\/en\/2013\/09\/16\/karriere-bei-horvath-partners-3\/\"},\"author\":{\"name\":\"TSP Redaktion\",\"@id\":\"https:\/\/www.tsp.at\/en\/#\/schema\/person\/1ba5600c29da17b902b0925cea567f8a\"},\"headline\":\"Karriere bei Horv\u00e1th &#038; Partners\",\"datePublished\":\"2013-09-16T11:01:00+00:00\",\"dateModified\":\"2025-10-21T12:58:51+00:00\",\"mainEntityOfPage\":{\"@id\":\"https:\/\/www.tsp.at\/en\/2013\/09\/16\/karriere-bei-horvath-partners-3\/\"},\"wordCount\":145,\"publisher\":{\"@id\":\"https:\/\/www.tsp.at\/en\/#organization\"},\"image\":{\"@id\":\"https:\/\/www.tsp.at\/en\/2013\/09\/16\/karriere-bei-horvath-partners-3\/#primaryimage\"},\"thumbnailUrl\":\"https:\/\/www.tsp.at\/wp-content\/uploads\/2025\/10\/Palfrader_01-1.jpg\",\"articleSection\":[\"News\"],\"inLanguage\":\"en-US\"},{\"@type\":\"WebPage\",\"@id\":\"https:\/\/www.tsp.at\/en\/2013\/09\/16\/karriere-bei-horvath-partners-3\/\",\"url\":\"https:\/\/www.tsp.at\/en\/2013\/09\/16\/karriere-bei-horvath-partners-3\/\",\"name\":\"Karriere bei Horv\u00e1th & Partners - Temmel | Seywald - Corporate Communications\",\"isPartOf\":{\"@id\":\"https:\/\/www.tsp.at\/en\/#website\"},\"primaryImageOfPage\":{\"@id\":\"https:\/\/www.tsp.at\/en\/2013\/09\/16\/karriere-bei-horvath-partners-3\/#primaryimage\"},\"image\":{\"@id\":\"https:\/\/www.tsp.at\/en\/2013\/09\/16\/karriere-bei-horvath-partners-3\/#primaryimage\"},\"thumbnailUrl\":\"https:\/\/www.tsp.at\/wp-content\/uploads\/2025\/10\/Palfrader_01-1.jpg\",\"datePublished\":\"2013-09-16T11:01:00+00:00\",\"dateModified\":\"2025-10-21T12:58:51+00:00\",\"breadcrumb\":{\"@id\":\"https:\/\/www.tsp.at\/en\/2013\/09\/16\/karriere-bei-horvath-partners-3\/#breadcrumb\"},\"inLanguage\":\"en-US\",\"potentialAction\":[{\"@type\":\"ReadAction\",\"target\":[\"https:\/\/www.tsp.at\/en\/2013\/09\/16\/karriere-bei-horvath-partners-3\/\"]}]},{\"@type\":\"ImageObject\",\"inLanguage\":\"en-US\",\"@id\":\"https:\/\/www.tsp.at\/en\/2013\/09\/16\/karriere-bei-horvath-partners-3\/#primaryimage\",\"url\":\"https:\/\/www.tsp.at\/wp-content\/uploads\/2025\/10\/Palfrader_01-1.jpg\",\"contentUrl\":\"https:\/\/www.tsp.at\/wp-content\/uploads\/2025\/10\/Palfrader_01-1.jpg\",\"width\":1417,\"height\":2126,\"caption\":\"(c) fotodienst\/Anna Rauchenberger - Wien, am 09.11.2012 \u2013 Portr\u00e4ts Horv\u00e1th &amp; Partner Management Consulting GmbH\"},{\"@type\":\"BreadcrumbList\",\"@id\":\"https:\/\/www.tsp.at\/en\/2013\/09\/16\/karriere-bei-horvath-partners-3\/#breadcrumb\",\"itemListElement\":[{\"@type\":\"ListItem\",\"position\":1,\"name\":\"Startseite\",\"item\":\"https:\/\/www.tsp.at\/en\/\"},{\"@type\":\"ListItem\",\"position\":2,\"name\":\"Karriere bei Horv\u00e1th &#038; Partners\"}]},{\"@type\":\"WebSite\",\"@id\":\"https:\/\/www.tsp.at\/en\/#website\",\"url\":\"https:\/\/www.tsp.at\/en\/\",\"name\":\"Temmel | Seywald - Corporate Communications\",\"description\":\"Kommunikation ist Beziehungsarbeit\",\"publisher\":{\"@id\":\"https:\/\/www.tsp.at\/en\/#organization\"},\"potentialAction\":[{\"@type\":\"SearchAction\",\"target\":{\"@type\":\"EntryPoint\",\"urlTemplate\":\"https:\/\/www.tsp.at\/en\/?s={search_term_string}\"},\"query-input\":{\"@type\":\"PropertyValueSpecification\",\"valueRequired\":true,\"valueName\":\"search_term_string\"}}],\"inLanguage\":\"en-US\"},{\"@type\":\"Organization\",\"@id\":\"https:\/\/www.tsp.at\/en\/#organization\",\"name\":\"Temmel, Seywald & Partner Communications GesmbH\",\"alternateName\":\"TSP\",\"url\":\"https:\/\/www.tsp.at\/en\/\",\"logo\":{\"@type\":\"ImageObject\",\"inLanguage\":\"en-US\",\"@id\":\"https:\/\/www.tsp.at\/en\/#\/schema\/logo\/image\/\",\"url\":\"https:\/\/www.tsp.at\/wp-content\/uploads\/2025\/10\/favicontsp.png\",\"contentUrl\":\"https:\/\/www.tsp.at\/wp-content\/uploads\/2025\/10\/favicontsp.png\",\"width\":125,\"height\":125,\"caption\":\"Temmel, Seywald & Partner Communications GesmbH\"},\"image\":{\"@id\":\"https:\/\/www.tsp.at\/en\/#\/schema\/logo\/image\/\"},\"sameAs\":[\"https:\/\/www.facebook.com\/TemmelSeywald\"]},{\"@type\":\"Person\",\"@id\":\"https:\/\/www.tsp.at\/en\/#\/schema\/person\/1ba5600c29da17b902b0925cea567f8a\",\"name\":\"TSP Redaktion\"}]}<\/script>\n<!-- \/ Yoast SEO plugin. -->","yoast_head_json":{"title":"Karriere bei Horv\u00e1th & Partners - Temmel | Seywald - Corporate Communications","robots":{"index":"index","follow":"follow","max-snippet":"max-snippet:-1","max-image-preview":"max-image-preview:large","max-video-preview":"max-video-preview:-1"},"canonical":"https:\/\/www.tsp.at\/en\/2013\/09\/16\/karriere-bei-horvath-partners-3\/","og_locale":"en_US","og_type":"article","og_title":"Karriere bei Horv\u00e1th & Partners - Temmel | Seywald - Corporate Communications","og_description":"Carina Palfrader-Fraz und Peter Schentler mit neuen Aufgaben 16.09.2013 Wien \u2013 Carina Palfrader-Fraz (30) und Peter Schentler (33) machen Karriere bei den Management Consultants f\u00fcr Unternehmenssteuerung und Performance Optimierung, Horv\u00e1th &amp; Partners. Als Senior Project Manager \u00fcbernehmen sie ab sofort Projektverantwortung. Mag. Carina Palfrader-Fraz wird sich um den Ausbau des \u00f6sterreichischen Marktes in den Bereichen&hellip;","og_url":"https:\/\/www.tsp.at\/en\/2013\/09\/16\/karriere-bei-horvath-partners-3\/","og_site_name":"Temmel | Seywald - Corporate Communications","article_publisher":"https:\/\/www.facebook.com\/TemmelSeywald","article_published_time":"2013-09-16T11:01:00+00:00","article_modified_time":"2025-10-21T12:58:51+00:00","og_image":[{"width":1417,"height":2126,"url":"https:\/\/www.tsp.at\/wp-content\/uploads\/2025\/10\/Palfrader_01-1.jpg","type":"image\/jpeg"}],"author":"TSP Redaktion","twitter_card":"summary_large_image","twitter_misc":{"Written by":"TSP Redaktion","Est. reading time":"1 minute"},"schema":{"@context":"https:\/\/schema.org","@graph":[{"@type":"Article","@id":"https:\/\/www.tsp.at\/en\/2013\/09\/16\/karriere-bei-horvath-partners-3\/#article","isPartOf":{"@id":"https:\/\/www.tsp.at\/en\/2013\/09\/16\/karriere-bei-horvath-partners-3\/"},"author":{"name":"TSP Redaktion","@id":"https:\/\/www.tsp.at\/en\/#\/schema\/person\/1ba5600c29da17b902b0925cea567f8a"},"headline":"Karriere bei Horv\u00e1th &#038; Partners","datePublished":"2013-09-16T11:01:00+00:00","dateModified":"2025-10-21T12:58:51+00:00","mainEntityOfPage":{"@id":"https:\/\/www.tsp.at\/en\/2013\/09\/16\/karriere-bei-horvath-partners-3\/"},"wordCount":145,"publisher":{"@id":"https:\/\/www.tsp.at\/en\/#organization"},"image":{"@id":"https:\/\/www.tsp.at\/en\/2013\/09\/16\/karriere-bei-horvath-partners-3\/#primaryimage"},"thumbnailUrl":"https:\/\/www.tsp.at\/wp-content\/uploads\/2025\/10\/Palfrader_01-1.jpg","articleSection":["News"],"inLanguage":"en-US"},{"@type":"WebPage","@id":"https:\/\/www.tsp.at\/en\/2013\/09\/16\/karriere-bei-horvath-partners-3\/","url":"https:\/\/www.tsp.at\/en\/2013\/09\/16\/karriere-bei-horvath-partners-3\/","name":"Karriere bei Horv\u00e1th & Partners - Temmel | Seywald - Corporate Communications","isPartOf":{"@id":"https:\/\/www.tsp.at\/en\/#website"},"primaryImageOfPage":{"@id":"https:\/\/www.tsp.at\/en\/2013\/09\/16\/karriere-bei-horvath-partners-3\/#primaryimage"},"image":{"@id":"https:\/\/www.tsp.at\/en\/2013\/09\/16\/karriere-bei-horvath-partners-3\/#primaryimage"},"thumbnailUrl":"https:\/\/www.tsp.at\/wp-content\/uploads\/2025\/10\/Palfrader_01-1.jpg","datePublished":"2013-09-16T11:01:00+00:00","dateModified":"2025-10-21T12:58:51+00:00","breadcrumb":{"@id":"https:\/\/www.tsp.at\/en\/2013\/09\/16\/karriere-bei-horvath-partners-3\/#breadcrumb"},"inLanguage":"en-US","potentialAction":[{"@type":"ReadAction","target":["https:\/\/www.tsp.at\/en\/2013\/09\/16\/karriere-bei-horvath-partners-3\/"]}]},{"@type":"ImageObject","inLanguage":"en-US","@id":"https:\/\/www.tsp.at\/en\/2013\/09\/16\/karriere-bei-horvath-partners-3\/#primaryimage","url":"https:\/\/www.tsp.at\/wp-content\/uploads\/2025\/10\/Palfrader_01-1.jpg","contentUrl":"https:\/\/www.tsp.at\/wp-content\/uploads\/2025\/10\/Palfrader_01-1.jpg","width":1417,"height":2126,"caption":"(c) fotodienst\/Anna Rauchenberger - Wien, am 09.11.2012 \u2013 Portr\u00e4ts Horv\u00e1th &amp; Partner Management Consulting GmbH"},{"@type":"BreadcrumbList","@id":"https:\/\/www.tsp.at\/en\/2013\/09\/16\/karriere-bei-horvath-partners-3\/#breadcrumb","itemListElement":[{"@type":"ListItem","position":1,"name":"Startseite","item":"https:\/\/www.tsp.at\/en\/"},{"@type":"ListItem","position":2,"name":"Karriere bei Horv\u00e1th &#038; Partners"}]},{"@type":"WebSite","@id":"https:\/\/www.tsp.at\/en\/#website","url":"https:\/\/www.tsp.at\/en\/","name":"Temmel | Seywald - Corporate Communications","description":"Kommunikation ist Beziehungsarbeit","publisher":{"@id":"https:\/\/www.tsp.at\/en\/#organization"},"potentialAction":[{"@type":"SearchAction","target":{"@type":"EntryPoint","urlTemplate":"https:\/\/www.tsp.at\/en\/?s={search_term_string}"},"query-input":{"@type":"PropertyValueSpecification","valueRequired":true,"valueName":"search_term_string"}}],"inLanguage":"en-US"},{"@type":"Organization","@id":"https:\/\/www.tsp.at\/en\/#organization","name":"Temmel, Seywald & Partner Communications GesmbH","alternateName":"TSP","url":"https:\/\/www.tsp.at\/en\/","logo":{"@type":"ImageObject","inLanguage":"en-US","@id":"https:\/\/www.tsp.at\/en\/#\/schema\/logo\/image\/","url":"https:\/\/www.tsp.at\/wp-content\/uploads\/2025\/10\/favicontsp.png","contentUrl":"https:\/\/www.tsp.at\/wp-content\/uploads\/2025\/10\/favicontsp.png","width":125,"height":125,"caption":"Temmel, Seywald & Partner Communications GesmbH"},"image":{"@id":"https:\/\/www.tsp.at\/en\/#\/schema\/logo\/image\/"},"sameAs":["https:\/\/www.facebook.com\/TemmelSeywald"]},{"@type":"Person","@id":"https:\/\/www.tsp.at\/en\/#\/schema\/person\/1ba5600c29da17b902b0925cea567f8a","name":"TSP Redaktion"}]}},"_links":{"self":[{"href":"https:\/\/www.tsp.at\/en\/wp-json\/wp\/v2\/posts\/11143","targetHints":{"allow":["GET"]}}],"collection":[{"href":"https:\/\/www.tsp.at\/en\/wp-json\/wp\/v2\/posts"}],"about":[{"href":"https:\/\/www.tsp.at\/en\/wp-json\/wp\/v2\/types\/post"}],"author":[{"embeddable":true,"href":"https:\/\/www.tsp.at\/en\/wp-json\/wp\/v2\/users\/2"}],"replies":[{"embeddable":true,"href":"https:\/\/www.tsp.at\/en\/wp-json\/wp\/v2\/comments?post=11143"}],"version-history":[{"count":1,"href":"https:\/\/www.tsp.at\/en\/wp-json\/wp\/v2\/posts\/11143\/revisions"}],"predecessor-version":[{"id":11722,"href":"https:\/\/www.tsp.at\/en\/wp-json\/wp\/v2\/posts\/11143\/revisions\/11722"}],"wp:featuredmedia":[{"embeddable":true,"href":"https:\/\/www.tsp.at\/en\/wp-json\/wp\/v2\/media\/11142"}],"wp:attachment":[{"href":"https:\/\/www.tsp.at\/en\/wp-json\/wp\/v2\/media?parent=11143"}],"wp:term":[{"taxonomy":"category","embeddable":true,"href":"https:\/\/www.tsp.at\/en\/wp-json\/wp\/v2\/categories?post=11143"},{"taxonomy":"post_tag","embeddable":true,"href":"https:\/\/www.tsp.at\/en\/wp-json\/wp\/v2\/tags?post=11143"}],"curies":[{"name":"wp","href":"https:\/\/api.w.org\/{rel}","templated":true}]}}