{"id":11163,"date":"2008-09-12T16:30:00","date_gmt":"2008-09-12T14:30:00","guid":{"rendered":"https:\/\/staging.tsp.at\/2008\/09\/12\/temmel-seywald-partner-baut-pr-team-aus-2\/"},"modified":"2025-10-21T15:00:53","modified_gmt":"2025-10-21T13:00:53","slug":"temmel-seywald-partner-baut-pr-team-aus-2","status":"publish","type":"post","link":"https:\/\/www.tsp.at\/en\/2008\/09\/12\/temmel-seywald-partner-baut-pr-team-aus-2\/","title":{"rendered":"Temmel, Seywald &#038; Partner baut PR-Team aus"},"content":{"rendered":"<article class=\"item\">\n<h2><strong>Karl Georg Galler und Patricia Sch\u00f6nberger neu in der Agentur<\/strong><\/h2>\n<p>12.09.2008<\/p>\n<\/p>\n<\/p>\n<\/p>\n<\/p>\n<\/p>\n<p>Wien \u2013 Die PR-Consulter Temmel, Seywald &amp; Partner bauen ihr Beratungsteam weiter aus. Mag. Karl Georg Galler (27) \u00fcbernimmt die Betreuung f\u00fcr Kunden in den Bereichen IT und Telekommunikation sowie Tourismus. Mag. Patricia Sch\u00f6nberger (26) wird sich k\u00fcnftig verst\u00e4rkt um Marktforschung und Studien k\u00fcmmern.<\/p>\n<p>Galler studierte Politikwissenschaft und Publizistik an der Universit\u00e4t Wien und Kopenhagen (D\u00e4nemark). Danach war der geb\u00fcrtige S\u00fcdsteirer f\u00fcr das Minist\u00e9re de l&#8217;\u00c9ducation National in Paris und f\u00fcr das Deutsche Institut f\u00fcr Public Affairs in Berlin t\u00e4tig.<\/p>\n<p>Sch\u00f6nberger studierte Publizistik- und Kommunikationswissenschaften sowie Italianistik an den Universit\u00e4ten Wien und Triest, und beendet im Herbst ihr Zweitstudium der Anglistik. Erste Erfahrungen im PR-Bereich konnte die Salzburgerin in der Konzernkommunikation der \u00d6BB sammeln.<\/p>\n<p>&#8220;Temmel, Seywald &amp; Partner ist durch die Kompetenz und das Engagement seines Beratungsteams erfolgreich. Daher freut es uns, zwei so profilierte Mitarbeiter\/innen mit internationaler Ausrichtung zu gewinnen&#8221;, so Agenturchef Dr. Wilfried Seywald.<\/p>\n<\/p>\n<\/article>\n","protected":false},"excerpt":{"rendered":"<p>Karl Georg Galler und Patricia Sch\u00f6nberger neu in der Agentur 12.09.2008 Wien \u2013 Die PR-Consulter Temmel, Seywald &amp; Partner bauen ihr Beratungsteam weiter aus. Mag. Karl Georg Galler (27) \u00fcbernimmt die Betreuung f\u00fcr Kunden in den Bereichen IT und Telekommunikation sowie Tourismus. Mag. Patricia Sch\u00f6nberger (26) wird sich k\u00fcnftig verst\u00e4rkt um Marktforschung und Studien k\u00fcmmern.&hellip;<\/p>\n","protected":false},"author":2,"featured_media":11162,"comment_status":"closed","ping_status":"closed","sticky":false,"template":"","format":"standard","meta":{"footnotes":""},"categories":[3],"tags":[],"class_list":["post-11163","post","type-post","status-publish","format-standard","has-post-thumbnail","hentry","category-news","category-3","description-off"],"yoast_head":"<!-- This site is optimized with the Yoast SEO plugin v26.3 - https:\/\/yoast.com\/wordpress\/plugins\/seo\/ -->\n<title>Temmel, Seywald &amp; Partner baut PR-Team aus - Temmel | Seywald - Corporate Communications<\/title>\n<meta name=\"robots\" content=\"index, follow, max-snippet:-1, max-image-preview:large, max-video-preview:-1\" \/>\n<link rel=\"canonical\" href=\"https:\/\/www.tsp.at\/en\/2008\/09\/12\/temmel-seywald-partner-baut-pr-team-aus-2\/\" \/>\n<meta property=\"og:locale\" content=\"en_US\" \/>\n<meta property=\"og:type\" content=\"article\" \/>\n<meta property=\"og:title\" content=\"Temmel, Seywald &amp; Partner baut PR-Team aus - Temmel | Seywald - Corporate Communications\" \/>\n<meta property=\"og:description\" content=\"Karl Georg Galler und Patricia Sch\u00f6nberger neu in der Agentur 12.09.2008 Wien \u2013 Die PR-Consulter Temmel, Seywald &amp; Partner bauen ihr Beratungsteam weiter aus. Mag. Karl Georg Galler (27) \u00fcbernimmt die Betreuung f\u00fcr Kunden in den Bereichen IT und Telekommunikation sowie Tourismus. Mag. Patricia Sch\u00f6nberger (26) wird sich k\u00fcnftig verst\u00e4rkt um Marktforschung und Studien k\u00fcmmern.&hellip;\" \/>\n<meta property=\"og:url\" content=\"https:\/\/www.tsp.at\/en\/2008\/09\/12\/temmel-seywald-partner-baut-pr-team-aus-2\/\" \/>\n<meta property=\"og:site_name\" content=\"Temmel | Seywald - Corporate Communications\" \/>\n<meta property=\"article:publisher\" content=\"https:\/\/www.facebook.com\/TemmelSeywald\" \/>\n<meta property=\"article:published_time\" content=\"2008-09-12T14:30:00+00:00\" \/>\n<meta property=\"article:modified_time\" content=\"2025-10-21T13:00:53+00:00\" \/>\n<meta property=\"og:image\" content=\"https:\/\/www.tsp.at\/wp-content\/uploads\/2025\/10\/116-1.jpg\" \/>\n\t<meta property=\"og:image:width\" content=\"1181\" \/>\n\t<meta property=\"og:image:height\" content=\"1772\" \/>\n\t<meta property=\"og:image:type\" content=\"image\/jpeg\" \/>\n<meta name=\"author\" content=\"TSP Redaktion\" \/>\n<meta name=\"twitter:card\" content=\"summary_large_image\" \/>\n<meta name=\"twitter:label1\" content=\"Written by\" \/>\n\t<meta name=\"twitter:data1\" content=\"TSP Redaktion\" \/>\n\t<meta name=\"twitter:label2\" content=\"Est. reading time\" \/>\n\t<meta name=\"twitter:data2\" content=\"2 minutes\" \/>\n<script type=\"application\/ld+json\" class=\"yoast-schema-graph\">{\"@context\":\"https:\/\/schema.org\",\"@graph\":[{\"@type\":\"Article\",\"@id\":\"https:\/\/www.tsp.at\/en\/2008\/09\/12\/temmel-seywald-partner-baut-pr-team-aus-2\/#article\",\"isPartOf\":{\"@id\":\"https:\/\/www.tsp.at\/en\/2008\/09\/12\/temmel-seywald-partner-baut-pr-team-aus-2\/\"},\"author\":{\"name\":\"TSP Redaktion\",\"@id\":\"https:\/\/www.tsp.at\/en\/#\/schema\/person\/1ba5600c29da17b902b0925cea567f8a\"},\"headline\":\"Temmel, Seywald &#038; Partner baut PR-Team aus\",\"datePublished\":\"2008-09-12T14:30:00+00:00\",\"dateModified\":\"2025-10-21T13:00:53+00:00\",\"mainEntityOfPage\":{\"@id\":\"https:\/\/www.tsp.at\/en\/2008\/09\/12\/temmel-seywald-partner-baut-pr-team-aus-2\/\"},\"wordCount\":178,\"publisher\":{\"@id\":\"https:\/\/www.tsp.at\/en\/#organization\"},\"image\":{\"@id\":\"https:\/\/www.tsp.at\/en\/2008\/09\/12\/temmel-seywald-partner-baut-pr-team-aus-2\/#primaryimage\"},\"thumbnailUrl\":\"https:\/\/www.tsp.at\/wp-content\/uploads\/2025\/10\/116-1.jpg\",\"articleSection\":[\"News\"],\"inLanguage\":\"en-US\"},{\"@type\":\"WebPage\",\"@id\":\"https:\/\/www.tsp.at\/en\/2008\/09\/12\/temmel-seywald-partner-baut-pr-team-aus-2\/\",\"url\":\"https:\/\/www.tsp.at\/en\/2008\/09\/12\/temmel-seywald-partner-baut-pr-team-aus-2\/\",\"name\":\"Temmel, Seywald & Partner baut PR-Team aus - Temmel | Seywald - Corporate Communications\",\"isPartOf\":{\"@id\":\"https:\/\/www.tsp.at\/en\/#website\"},\"primaryImageOfPage\":{\"@id\":\"https:\/\/www.tsp.at\/en\/2008\/09\/12\/temmel-seywald-partner-baut-pr-team-aus-2\/#primaryimage\"},\"image\":{\"@id\":\"https:\/\/www.tsp.at\/en\/2008\/09\/12\/temmel-seywald-partner-baut-pr-team-aus-2\/#primaryimage\"},\"thumbnailUrl\":\"https:\/\/www.tsp.at\/wp-content\/uploads\/2025\/10\/116-1.jpg\",\"datePublished\":\"2008-09-12T14:30:00+00:00\",\"dateModified\":\"2025-10-21T13:00:53+00:00\",\"breadcrumb\":{\"@id\":\"https:\/\/www.tsp.at\/en\/2008\/09\/12\/temmel-seywald-partner-baut-pr-team-aus-2\/#breadcrumb\"},\"inLanguage\":\"en-US\",\"potentialAction\":[{\"@type\":\"ReadAction\",\"target\":[\"https:\/\/www.tsp.at\/en\/2008\/09\/12\/temmel-seywald-partner-baut-pr-team-aus-2\/\"]}]},{\"@type\":\"ImageObject\",\"inLanguage\":\"en-US\",\"@id\":\"https:\/\/www.tsp.at\/en\/2008\/09\/12\/temmel-seywald-partner-baut-pr-team-aus-2\/#primaryimage\",\"url\":\"https:\/\/www.tsp.at\/wp-content\/uploads\/2025\/10\/116-1.jpg\",\"contentUrl\":\"https:\/\/www.tsp.at\/wp-content\/uploads\/2025\/10\/116-1.jpg\",\"width\":1181,\"height\":1772,\"caption\":\"(C) fotodienst\/Anna Rauchenberger - Wien, 08.09.2008 - TSP Mitarbeiter\"},{\"@type\":\"BreadcrumbList\",\"@id\":\"https:\/\/www.tsp.at\/en\/2008\/09\/12\/temmel-seywald-partner-baut-pr-team-aus-2\/#breadcrumb\",\"itemListElement\":[{\"@type\":\"ListItem\",\"position\":1,\"name\":\"Startseite\",\"item\":\"https:\/\/www.tsp.at\/en\/\"},{\"@type\":\"ListItem\",\"position\":2,\"name\":\"Temmel, Seywald &#038; Partner baut PR-Team aus\"}]},{\"@type\":\"WebSite\",\"@id\":\"https:\/\/www.tsp.at\/en\/#website\",\"url\":\"https:\/\/www.tsp.at\/en\/\",\"name\":\"Temmel | Seywald - Corporate Communications\",\"description\":\"Kommunikation ist Beziehungsarbeit\",\"publisher\":{\"@id\":\"https:\/\/www.tsp.at\/en\/#organization\"},\"potentialAction\":[{\"@type\":\"SearchAction\",\"target\":{\"@type\":\"EntryPoint\",\"urlTemplate\":\"https:\/\/www.tsp.at\/en\/?s={search_term_string}\"},\"query-input\":{\"@type\":\"PropertyValueSpecification\",\"valueRequired\":true,\"valueName\":\"search_term_string\"}}],\"inLanguage\":\"en-US\"},{\"@type\":\"Organization\",\"@id\":\"https:\/\/www.tsp.at\/en\/#organization\",\"name\":\"Temmel, Seywald & Partner Communications GesmbH\",\"alternateName\":\"TSP\",\"url\":\"https:\/\/www.tsp.at\/en\/\",\"logo\":{\"@type\":\"ImageObject\",\"inLanguage\":\"en-US\",\"@id\":\"https:\/\/www.tsp.at\/en\/#\/schema\/logo\/image\/\",\"url\":\"https:\/\/www.tsp.at\/wp-content\/uploads\/2025\/10\/favicontsp.png\",\"contentUrl\":\"https:\/\/www.tsp.at\/wp-content\/uploads\/2025\/10\/favicontsp.png\",\"width\":125,\"height\":125,\"caption\":\"Temmel, Seywald & Partner Communications GesmbH\"},\"image\":{\"@id\":\"https:\/\/www.tsp.at\/en\/#\/schema\/logo\/image\/\"},\"sameAs\":[\"https:\/\/www.facebook.com\/TemmelSeywald\"]},{\"@type\":\"Person\",\"@id\":\"https:\/\/www.tsp.at\/en\/#\/schema\/person\/1ba5600c29da17b902b0925cea567f8a\",\"name\":\"TSP Redaktion\"}]}<\/script>\n<!-- \/ Yoast SEO plugin. -->","yoast_head_json":{"title":"Temmel, Seywald & Partner baut PR-Team aus - Temmel | Seywald - Corporate Communications","robots":{"index":"index","follow":"follow","max-snippet":"max-snippet:-1","max-image-preview":"max-image-preview:large","max-video-preview":"max-video-preview:-1"},"canonical":"https:\/\/www.tsp.at\/en\/2008\/09\/12\/temmel-seywald-partner-baut-pr-team-aus-2\/","og_locale":"en_US","og_type":"article","og_title":"Temmel, Seywald & Partner baut PR-Team aus - Temmel | Seywald - Corporate Communications","og_description":"Karl Georg Galler und Patricia Sch\u00f6nberger neu in der Agentur 12.09.2008 Wien \u2013 Die PR-Consulter Temmel, Seywald &amp; Partner bauen ihr Beratungsteam weiter aus. Mag. Karl Georg Galler (27) \u00fcbernimmt die Betreuung f\u00fcr Kunden in den Bereichen IT und Telekommunikation sowie Tourismus. Mag. Patricia Sch\u00f6nberger (26) wird sich k\u00fcnftig verst\u00e4rkt um Marktforschung und Studien k\u00fcmmern.&hellip;","og_url":"https:\/\/www.tsp.at\/en\/2008\/09\/12\/temmel-seywald-partner-baut-pr-team-aus-2\/","og_site_name":"Temmel | Seywald - Corporate Communications","article_publisher":"https:\/\/www.facebook.com\/TemmelSeywald","article_published_time":"2008-09-12T14:30:00+00:00","article_modified_time":"2025-10-21T13:00:53+00:00","og_image":[{"width":1181,"height":1772,"url":"https:\/\/www.tsp.at\/wp-content\/uploads\/2025\/10\/116-1.jpg","type":"image\/jpeg"}],"author":"TSP Redaktion","twitter_card":"summary_large_image","twitter_misc":{"Written by":"TSP Redaktion","Est. reading time":"2 minutes"},"schema":{"@context":"https:\/\/schema.org","@graph":[{"@type":"Article","@id":"https:\/\/www.tsp.at\/en\/2008\/09\/12\/temmel-seywald-partner-baut-pr-team-aus-2\/#article","isPartOf":{"@id":"https:\/\/www.tsp.at\/en\/2008\/09\/12\/temmel-seywald-partner-baut-pr-team-aus-2\/"},"author":{"name":"TSP Redaktion","@id":"https:\/\/www.tsp.at\/en\/#\/schema\/person\/1ba5600c29da17b902b0925cea567f8a"},"headline":"Temmel, Seywald &#038; Partner baut PR-Team aus","datePublished":"2008-09-12T14:30:00+00:00","dateModified":"2025-10-21T13:00:53+00:00","mainEntityOfPage":{"@id":"https:\/\/www.tsp.at\/en\/2008\/09\/12\/temmel-seywald-partner-baut-pr-team-aus-2\/"},"wordCount":178,"publisher":{"@id":"https:\/\/www.tsp.at\/en\/#organization"},"image":{"@id":"https:\/\/www.tsp.at\/en\/2008\/09\/12\/temmel-seywald-partner-baut-pr-team-aus-2\/#primaryimage"},"thumbnailUrl":"https:\/\/www.tsp.at\/wp-content\/uploads\/2025\/10\/116-1.jpg","articleSection":["News"],"inLanguage":"en-US"},{"@type":"WebPage","@id":"https:\/\/www.tsp.at\/en\/2008\/09\/12\/temmel-seywald-partner-baut-pr-team-aus-2\/","url":"https:\/\/www.tsp.at\/en\/2008\/09\/12\/temmel-seywald-partner-baut-pr-team-aus-2\/","name":"Temmel, Seywald & Partner baut PR-Team aus - Temmel | Seywald - Corporate Communications","isPartOf":{"@id":"https:\/\/www.tsp.at\/en\/#website"},"primaryImageOfPage":{"@id":"https:\/\/www.tsp.at\/en\/2008\/09\/12\/temmel-seywald-partner-baut-pr-team-aus-2\/#primaryimage"},"image":{"@id":"https:\/\/www.tsp.at\/en\/2008\/09\/12\/temmel-seywald-partner-baut-pr-team-aus-2\/#primaryimage"},"thumbnailUrl":"https:\/\/www.tsp.at\/wp-content\/uploads\/2025\/10\/116-1.jpg","datePublished":"2008-09-12T14:30:00+00:00","dateModified":"2025-10-21T13:00:53+00:00","breadcrumb":{"@id":"https:\/\/www.tsp.at\/en\/2008\/09\/12\/temmel-seywald-partner-baut-pr-team-aus-2\/#breadcrumb"},"inLanguage":"en-US","potentialAction":[{"@type":"ReadAction","target":["https:\/\/www.tsp.at\/en\/2008\/09\/12\/temmel-seywald-partner-baut-pr-team-aus-2\/"]}]},{"@type":"ImageObject","inLanguage":"en-US","@id":"https:\/\/www.tsp.at\/en\/2008\/09\/12\/temmel-seywald-partner-baut-pr-team-aus-2\/#primaryimage","url":"https:\/\/www.tsp.at\/wp-content\/uploads\/2025\/10\/116-1.jpg","contentUrl":"https:\/\/www.tsp.at\/wp-content\/uploads\/2025\/10\/116-1.jpg","width":1181,"height":1772,"caption":"(C) fotodienst\/Anna Rauchenberger - Wien, 08.09.2008 - TSP Mitarbeiter"},{"@type":"BreadcrumbList","@id":"https:\/\/www.tsp.at\/en\/2008\/09\/12\/temmel-seywald-partner-baut-pr-team-aus-2\/#breadcrumb","itemListElement":[{"@type":"ListItem","position":1,"name":"Startseite","item":"https:\/\/www.tsp.at\/en\/"},{"@type":"ListItem","position":2,"name":"Temmel, Seywald &#038; Partner baut PR-Team aus"}]},{"@type":"WebSite","@id":"https:\/\/www.tsp.at\/en\/#website","url":"https:\/\/www.tsp.at\/en\/","name":"Temmel | Seywald - Corporate Communications","description":"Kommunikation ist Beziehungsarbeit","publisher":{"@id":"https:\/\/www.tsp.at\/en\/#organization"},"potentialAction":[{"@type":"SearchAction","target":{"@type":"EntryPoint","urlTemplate":"https:\/\/www.tsp.at\/en\/?s={search_term_string}"},"query-input":{"@type":"PropertyValueSpecification","valueRequired":true,"valueName":"search_term_string"}}],"inLanguage":"en-US"},{"@type":"Organization","@id":"https:\/\/www.tsp.at\/en\/#organization","name":"Temmel, Seywald & Partner Communications GesmbH","alternateName":"TSP","url":"https:\/\/www.tsp.at\/en\/","logo":{"@type":"ImageObject","inLanguage":"en-US","@id":"https:\/\/www.tsp.at\/en\/#\/schema\/logo\/image\/","url":"https:\/\/www.tsp.at\/wp-content\/uploads\/2025\/10\/favicontsp.png","contentUrl":"https:\/\/www.tsp.at\/wp-content\/uploads\/2025\/10\/favicontsp.png","width":125,"height":125,"caption":"Temmel, Seywald & Partner Communications GesmbH"},"image":{"@id":"https:\/\/www.tsp.at\/en\/#\/schema\/logo\/image\/"},"sameAs":["https:\/\/www.facebook.com\/TemmelSeywald"]},{"@type":"Person","@id":"https:\/\/www.tsp.at\/en\/#\/schema\/person\/1ba5600c29da17b902b0925cea567f8a","name":"TSP Redaktion"}]}},"_links":{"self":[{"href":"https:\/\/www.tsp.at\/en\/wp-json\/wp\/v2\/posts\/11163","targetHints":{"allow":["GET"]}}],"collection":[{"href":"https:\/\/www.tsp.at\/en\/wp-json\/wp\/v2\/posts"}],"about":[{"href":"https:\/\/www.tsp.at\/en\/wp-json\/wp\/v2\/types\/post"}],"author":[{"embeddable":true,"href":"https:\/\/www.tsp.at\/en\/wp-json\/wp\/v2\/users\/2"}],"replies":[{"embeddable":true,"href":"https:\/\/www.tsp.at\/en\/wp-json\/wp\/v2\/comments?post=11163"}],"version-history":[{"count":1,"href":"https:\/\/www.tsp.at\/en\/wp-json\/wp\/v2\/posts\/11163\/revisions"}],"predecessor-version":[{"id":11831,"href":"https:\/\/www.tsp.at\/en\/wp-json\/wp\/v2\/posts\/11163\/revisions\/11831"}],"wp:featuredmedia":[{"embeddable":true,"href":"https:\/\/www.tsp.at\/en\/wp-json\/wp\/v2\/media\/11162"}],"wp:attachment":[{"href":"https:\/\/www.tsp.at\/en\/wp-json\/wp\/v2\/media?parent=11163"}],"wp:term":[{"taxonomy":"category","embeddable":true,"href":"https:\/\/www.tsp.at\/en\/wp-json\/wp\/v2\/categories?post=11163"},{"taxonomy":"post_tag","embeddable":true,"href":"https:\/\/www.tsp.at\/en\/wp-json\/wp\/v2\/tags?post=11163"}],"curies":[{"name":"wp","href":"https:\/\/api.w.org\/{rel}","templated":true}]}}