{"id":11181,"date":"2006-01-31T09:15:00","date_gmt":"2006-01-31T08:15:00","guid":{"rendered":"https:\/\/staging.tsp.at\/2006\/01\/31\/temmel-seywald-bei-bundespraesident-fischer-2\/"},"modified":"2025-10-21T15:00:57","modified_gmt":"2025-10-21T13:00:57","slug":"temmel-seywald-bei-bundespraesident-fischer-2","status":"publish","type":"post","link":"https:\/\/www.tsp.at\/en\/2006\/01\/31\/temmel-seywald-bei-bundespraesident-fischer-2\/","title":{"rendered":"Temmel &#038; Seywald bei Bundespr\u00e4sident Fischer"},"content":{"rendered":"<article class=\"item\">\n<h2><strong>Sorge um zunehmende Kommerzialisierung der Nachrichten<\/strong><\/h2>\n<p>31.01.2006<\/p>\n<\/p>\n<\/p>\n<\/p>\n<\/p>\n<\/p>\n<p>Wien \u2013 Bundespr\u00e4sident Dr. Heinz Fischer hat am Montag nachmittag die Auszeichnung zum &#8220;Meinungsbildner des Jahres&#8221; entgegen genommen. Fischer habe das Meinungsklima in \u00d6sterreich in den vergangenen Monaten am positivsten beeinflusst, urteilten die Leser der Nachrichtenagentur pressetext. &#8220;Gew\u00f6hnlich zeichnet der Bundespr\u00e4sident herausragende Pers\u00f6nlichkeiten aus. Diesmal ist es umgekehrt&#8221;, sagte Pressetext-Chef Franz Temmel bei der \u00dcbergabe der Auszeichnung in der Pr\u00e4sidentschaftskanzlei in Wien. <a href=\"http:\/\/www.pressetext.at\/umfrage06\/meinungsbildner.mc\" target=\"_blank\">http:\/\/www.pressetext.at\/umfrage06\/meinungsbildner.mc<\/a> <\/p>\n<p>Im anschlie\u00dfendem Gespr\u00e4ch mit den Pressetext-Gr\u00fcndern Franz Temmel und Wilfried Seywald appellierte der Bundespr\u00e4sident an die Medien, zu einem positiven Meinungsklima beizutragen, in dem sie sich der Objektivit\u00e4t verschreiben, verantwortungsbewusst sind und eine vern\u00fcnftige Gewichtung vornehmen, die auch positive Aspekte in der Berichterstattung zul\u00e4sst. &#8220;Ausschlie\u00dflich positive Berichterstattung allein kann man aber auch nicht verlangen, denn die Welt ist nicht nur positiv&#8221;, sagte Fischer. &#8220;Kritik muss m\u00f6glich sein.&#8221;<\/p>\n<p>Fischer sieht die Rolle von Internet und neuen Medien positiv, verwies jedoch auch auf die gro\u00dfe Verantwortung, die junge Medienmacher damit \u00fcbernehmen. Seine Wahl zum Meinungsbildner verdanke er wohl dem st\u00e4ndigen Bem\u00fchen um ausgewogene, vern\u00fcnftige und wohl\u00fcberlegte Positionen. Fischer im Wortlaut: &#8220;Lieber verzichte ich auf einen Gag, als durch eine un\u00fcberlegte Aussage jemandem unrecht zu tun. Dasselbe gilt in der Wirtschaft, in der Kultur und in jedem anderen Bereich. Wenn man glaubw\u00fcrdig sein will, darf man seine Meinung nicht immer an jede neue individuelle Situation anpassen.&#8221;<\/p>\n<p>Zur Entwicklung der Medienpolitik sagte Fischer, sehr wichtig sei Pluralismus. Vielfalt spiele eine ganz wichtige Rolle. Hinzu k\u00e4men gewisse Fragen der Medienkultur und Medienverantwortungsbewusstsein.&#8221; Ich habe da kein Patentrezept, weil die Materie au\u00dferordentlich diffizil ist, und weil sich die Dinge ver\u00e4ndern und weiterentwickeln.&#8221; Kopfzerbrechen bereite ihm allerdings die zunehmende Kommerzialisierung. Die Nachricht werde immer mehr zur Ware. &#8220;Vielleicht ist das ja ein notwendiger und ganz nat\u00fcrlicher Prozess, da habe ich aber meine Bedenken&#8221;, meinte Fischer.<\/p>\n<p>Das ganze Interview ist unter <a href=\"http:\/\/www.pressetext.at\/pte.mc?pte=060131014\" target=\"_blank\">http:\/\/www.pressetext.at\/pte.mc?pte=060131014<\/a>  nachlesbar.\u00a0<\/p>\n<p>Weitere Fotos kostenlos downloadbar unter <a href=\"http:\/\/www.fotodienst.at\/browse.mc?album_id=385\" target=\"_blank\">http:\/\/www.fotodienst.at\/browse.mc?album_id=385<\/a> <\/p>\n<\/article>\n","protected":false},"excerpt":{"rendered":"<p>Sorge um zunehmende Kommerzialisierung der Nachrichten 31.01.2006 Wien \u2013 Bundespr\u00e4sident Dr. Heinz Fischer hat am Montag nachmittag die Auszeichnung zum &#8220;Meinungsbildner des Jahres&#8221; entgegen genommen. Fischer habe das Meinungsklima in \u00d6sterreich in den vergangenen Monaten am positivsten beeinflusst, urteilten die Leser der Nachrichtenagentur pressetext. &#8220;Gew\u00f6hnlich zeichnet der Bundespr\u00e4sident herausragende Pers\u00f6nlichkeiten aus. Diesmal ist es umgekehrt&#8221;,&hellip;<\/p>\n","protected":false},"author":2,"featured_media":11180,"comment_status":"closed","ping_status":"closed","sticky":false,"template":"","format":"standard","meta":{"footnotes":""},"categories":[3],"tags":[],"class_list":["post-11181","post","type-post","status-publish","format-standard","has-post-thumbnail","hentry","category-news","category-3","description-off"],"yoast_head":"<!-- This site is optimized with the Yoast SEO plugin v26.3 - https:\/\/yoast.com\/wordpress\/plugins\/seo\/ -->\n<title>Temmel &amp; Seywald bei Bundespr\u00e4sident Fischer - Temmel | Seywald - Corporate Communications<\/title>\n<meta name=\"robots\" content=\"index, follow, max-snippet:-1, max-image-preview:large, max-video-preview:-1\" \/>\n<link rel=\"canonical\" href=\"https:\/\/www.tsp.at\/en\/2006\/01\/31\/temmel-seywald-bei-bundespraesident-fischer-2\/\" \/>\n<meta property=\"og:locale\" content=\"en_US\" \/>\n<meta property=\"og:type\" content=\"article\" \/>\n<meta property=\"og:title\" content=\"Temmel &amp; Seywald bei Bundespr\u00e4sident Fischer - Temmel | Seywald - Corporate Communications\" \/>\n<meta property=\"og:description\" content=\"Sorge um zunehmende Kommerzialisierung der Nachrichten 31.01.2006 Wien \u2013 Bundespr\u00e4sident Dr. Heinz Fischer hat am Montag nachmittag die Auszeichnung zum &#8220;Meinungsbildner des Jahres&#8221; entgegen genommen. Fischer habe das Meinungsklima in \u00d6sterreich in den vergangenen Monaten am positivsten beeinflusst, urteilten die Leser der Nachrichtenagentur pressetext. &#8220;Gew\u00f6hnlich zeichnet der Bundespr\u00e4sident herausragende Pers\u00f6nlichkeiten aus. Diesmal ist es umgekehrt&#8221;,&hellip;\" \/>\n<meta property=\"og:url\" content=\"https:\/\/www.tsp.at\/en\/2006\/01\/31\/temmel-seywald-bei-bundespraesident-fischer-2\/\" \/>\n<meta property=\"og:site_name\" content=\"Temmel | Seywald - Corporate Communications\" \/>\n<meta property=\"article:publisher\" content=\"https:\/\/www.facebook.com\/TemmelSeywald\" \/>\n<meta property=\"article:published_time\" content=\"2006-01-31T08:15:00+00:00\" \/>\n<meta property=\"article:modified_time\" content=\"2025-10-21T13:00:57+00:00\" \/>\n<meta property=\"og:image\" content=\"https:\/\/www.tsp.at\/wp-content\/uploads\/2025\/10\/49-1.jpg\" \/>\n\t<meta property=\"og:image:width\" content=\"1772\" \/>\n\t<meta property=\"og:image:height\" content=\"1181\" \/>\n\t<meta property=\"og:image:type\" content=\"image\/jpeg\" \/>\n<meta name=\"author\" content=\"TSP Redaktion\" \/>\n<meta name=\"twitter:card\" content=\"summary_large_image\" \/>\n<meta name=\"twitter:label1\" content=\"Written by\" \/>\n\t<meta name=\"twitter:data1\" content=\"TSP Redaktion\" \/>\n\t<meta name=\"twitter:label2\" content=\"Est. reading time\" \/>\n\t<meta name=\"twitter:data2\" content=\"2 minutes\" \/>\n<script type=\"application\/ld+json\" class=\"yoast-schema-graph\">{\"@context\":\"https:\/\/schema.org\",\"@graph\":[{\"@type\":\"Article\",\"@id\":\"https:\/\/www.tsp.at\/en\/2006\/01\/31\/temmel-seywald-bei-bundespraesident-fischer-2\/#article\",\"isPartOf\":{\"@id\":\"https:\/\/www.tsp.at\/en\/2006\/01\/31\/temmel-seywald-bei-bundespraesident-fischer-2\/\"},\"author\":{\"name\":\"TSP Redaktion\",\"@id\":\"https:\/\/www.tsp.at\/en\/#\/schema\/person\/1ba5600c29da17b902b0925cea567f8a\"},\"headline\":\"Temmel &#038; Seywald bei Bundespr\u00e4sident Fischer\",\"datePublished\":\"2006-01-31T08:15:00+00:00\",\"dateModified\":\"2025-10-21T13:00:57+00:00\",\"mainEntityOfPage\":{\"@id\":\"https:\/\/www.tsp.at\/en\/2006\/01\/31\/temmel-seywald-bei-bundespraesident-fischer-2\/\"},\"wordCount\":359,\"publisher\":{\"@id\":\"https:\/\/www.tsp.at\/en\/#organization\"},\"image\":{\"@id\":\"https:\/\/www.tsp.at\/en\/2006\/01\/31\/temmel-seywald-bei-bundespraesident-fischer-2\/#primaryimage\"},\"thumbnailUrl\":\"https:\/\/www.tsp.at\/wp-content\/uploads\/2025\/10\/49-1.jpg\",\"articleSection\":[\"News\"],\"inLanguage\":\"en-US\"},{\"@type\":\"WebPage\",\"@id\":\"https:\/\/www.tsp.at\/en\/2006\/01\/31\/temmel-seywald-bei-bundespraesident-fischer-2\/\",\"url\":\"https:\/\/www.tsp.at\/en\/2006\/01\/31\/temmel-seywald-bei-bundespraesident-fischer-2\/\",\"name\":\"Temmel & Seywald bei Bundespr\u00e4sident Fischer - Temmel | Seywald - Corporate Communications\",\"isPartOf\":{\"@id\":\"https:\/\/www.tsp.at\/en\/#website\"},\"primaryImageOfPage\":{\"@id\":\"https:\/\/www.tsp.at\/en\/2006\/01\/31\/temmel-seywald-bei-bundespraesident-fischer-2\/#primaryimage\"},\"image\":{\"@id\":\"https:\/\/www.tsp.at\/en\/2006\/01\/31\/temmel-seywald-bei-bundespraesident-fischer-2\/#primaryimage\"},\"thumbnailUrl\":\"https:\/\/www.tsp.at\/wp-content\/uploads\/2025\/10\/49-1.jpg\",\"datePublished\":\"2006-01-31T08:15:00+00:00\",\"dateModified\":\"2025-10-21T13:00:57+00:00\",\"breadcrumb\":{\"@id\":\"https:\/\/www.tsp.at\/en\/2006\/01\/31\/temmel-seywald-bei-bundespraesident-fischer-2\/#breadcrumb\"},\"inLanguage\":\"en-US\",\"potentialAction\":[{\"@type\":\"ReadAction\",\"target\":[\"https:\/\/www.tsp.at\/en\/2006\/01\/31\/temmel-seywald-bei-bundespraesident-fischer-2\/\"]}]},{\"@type\":\"ImageObject\",\"inLanguage\":\"en-US\",\"@id\":\"https:\/\/www.tsp.at\/en\/2006\/01\/31\/temmel-seywald-bei-bundespraesident-fischer-2\/#primaryimage\",\"url\":\"https:\/\/www.tsp.at\/wp-content\/uploads\/2025\/10\/49-1.jpg\",\"contentUrl\":\"https:\/\/www.tsp.at\/wp-content\/uploads\/2025\/10\/49-1.jpg\",\"width\":1772,\"height\":1181,\"caption\":\"(C) fotodienst\/Anna Rauchenberger - Wien 30.01.2006 - Bei einer pressetext-Leserumfrage erkoren die pressetext-Kunden Bundespr\u008asident Dr. Heinz Fischer zum Meinungsbildner Nr. 1. FOTO: Dr. Franz Temmel (GF Pressetext) \u009fberreicht die Urkunde Bundespr\u008asident Heinz Fischer.\"},{\"@type\":\"BreadcrumbList\",\"@id\":\"https:\/\/www.tsp.at\/en\/2006\/01\/31\/temmel-seywald-bei-bundespraesident-fischer-2\/#breadcrumb\",\"itemListElement\":[{\"@type\":\"ListItem\",\"position\":1,\"name\":\"Startseite\",\"item\":\"https:\/\/www.tsp.at\/en\/\"},{\"@type\":\"ListItem\",\"position\":2,\"name\":\"Temmel &#038; Seywald bei Bundespr\u00e4sident Fischer\"}]},{\"@type\":\"WebSite\",\"@id\":\"https:\/\/www.tsp.at\/en\/#website\",\"url\":\"https:\/\/www.tsp.at\/en\/\",\"name\":\"Temmel | Seywald - Corporate Communications\",\"description\":\"Kommunikation ist Beziehungsarbeit\",\"publisher\":{\"@id\":\"https:\/\/www.tsp.at\/en\/#organization\"},\"potentialAction\":[{\"@type\":\"SearchAction\",\"target\":{\"@type\":\"EntryPoint\",\"urlTemplate\":\"https:\/\/www.tsp.at\/en\/?s={search_term_string}\"},\"query-input\":{\"@type\":\"PropertyValueSpecification\",\"valueRequired\":true,\"valueName\":\"search_term_string\"}}],\"inLanguage\":\"en-US\"},{\"@type\":\"Organization\",\"@id\":\"https:\/\/www.tsp.at\/en\/#organization\",\"name\":\"Temmel, Seywald & Partner Communications GesmbH\",\"alternateName\":\"TSP\",\"url\":\"https:\/\/www.tsp.at\/en\/\",\"logo\":{\"@type\":\"ImageObject\",\"inLanguage\":\"en-US\",\"@id\":\"https:\/\/www.tsp.at\/en\/#\/schema\/logo\/image\/\",\"url\":\"https:\/\/www.tsp.at\/wp-content\/uploads\/2025\/10\/favicontsp.png\",\"contentUrl\":\"https:\/\/www.tsp.at\/wp-content\/uploads\/2025\/10\/favicontsp.png\",\"width\":125,\"height\":125,\"caption\":\"Temmel, Seywald & Partner Communications GesmbH\"},\"image\":{\"@id\":\"https:\/\/www.tsp.at\/en\/#\/schema\/logo\/image\/\"},\"sameAs\":[\"https:\/\/www.facebook.com\/TemmelSeywald\"]},{\"@type\":\"Person\",\"@id\":\"https:\/\/www.tsp.at\/en\/#\/schema\/person\/1ba5600c29da17b902b0925cea567f8a\",\"name\":\"TSP Redaktion\"}]}<\/script>\n<!-- \/ Yoast SEO plugin. -->","yoast_head_json":{"title":"Temmel & Seywald bei Bundespr\u00e4sident Fischer - Temmel | Seywald - Corporate Communications","robots":{"index":"index","follow":"follow","max-snippet":"max-snippet:-1","max-image-preview":"max-image-preview:large","max-video-preview":"max-video-preview:-1"},"canonical":"https:\/\/www.tsp.at\/en\/2006\/01\/31\/temmel-seywald-bei-bundespraesident-fischer-2\/","og_locale":"en_US","og_type":"article","og_title":"Temmel & Seywald bei Bundespr\u00e4sident Fischer - Temmel | Seywald - Corporate Communications","og_description":"Sorge um zunehmende Kommerzialisierung der Nachrichten 31.01.2006 Wien \u2013 Bundespr\u00e4sident Dr. Heinz Fischer hat am Montag nachmittag die Auszeichnung zum &#8220;Meinungsbildner des Jahres&#8221; entgegen genommen. Fischer habe das Meinungsklima in \u00d6sterreich in den vergangenen Monaten am positivsten beeinflusst, urteilten die Leser der Nachrichtenagentur pressetext. &#8220;Gew\u00f6hnlich zeichnet der Bundespr\u00e4sident herausragende Pers\u00f6nlichkeiten aus. Diesmal ist es umgekehrt&#8221;,&hellip;","og_url":"https:\/\/www.tsp.at\/en\/2006\/01\/31\/temmel-seywald-bei-bundespraesident-fischer-2\/","og_site_name":"Temmel | Seywald - Corporate Communications","article_publisher":"https:\/\/www.facebook.com\/TemmelSeywald","article_published_time":"2006-01-31T08:15:00+00:00","article_modified_time":"2025-10-21T13:00:57+00:00","og_image":[{"width":1772,"height":1181,"url":"https:\/\/www.tsp.at\/wp-content\/uploads\/2025\/10\/49-1.jpg","type":"image\/jpeg"}],"author":"TSP Redaktion","twitter_card":"summary_large_image","twitter_misc":{"Written by":"TSP Redaktion","Est. reading time":"2 minutes"},"schema":{"@context":"https:\/\/schema.org","@graph":[{"@type":"Article","@id":"https:\/\/www.tsp.at\/en\/2006\/01\/31\/temmel-seywald-bei-bundespraesident-fischer-2\/#article","isPartOf":{"@id":"https:\/\/www.tsp.at\/en\/2006\/01\/31\/temmel-seywald-bei-bundespraesident-fischer-2\/"},"author":{"name":"TSP Redaktion","@id":"https:\/\/www.tsp.at\/en\/#\/schema\/person\/1ba5600c29da17b902b0925cea567f8a"},"headline":"Temmel &#038; Seywald bei Bundespr\u00e4sident Fischer","datePublished":"2006-01-31T08:15:00+00:00","dateModified":"2025-10-21T13:00:57+00:00","mainEntityOfPage":{"@id":"https:\/\/www.tsp.at\/en\/2006\/01\/31\/temmel-seywald-bei-bundespraesident-fischer-2\/"},"wordCount":359,"publisher":{"@id":"https:\/\/www.tsp.at\/en\/#organization"},"image":{"@id":"https:\/\/www.tsp.at\/en\/2006\/01\/31\/temmel-seywald-bei-bundespraesident-fischer-2\/#primaryimage"},"thumbnailUrl":"https:\/\/www.tsp.at\/wp-content\/uploads\/2025\/10\/49-1.jpg","articleSection":["News"],"inLanguage":"en-US"},{"@type":"WebPage","@id":"https:\/\/www.tsp.at\/en\/2006\/01\/31\/temmel-seywald-bei-bundespraesident-fischer-2\/","url":"https:\/\/www.tsp.at\/en\/2006\/01\/31\/temmel-seywald-bei-bundespraesident-fischer-2\/","name":"Temmel & Seywald bei Bundespr\u00e4sident Fischer - Temmel | Seywald - Corporate Communications","isPartOf":{"@id":"https:\/\/www.tsp.at\/en\/#website"},"primaryImageOfPage":{"@id":"https:\/\/www.tsp.at\/en\/2006\/01\/31\/temmel-seywald-bei-bundespraesident-fischer-2\/#primaryimage"},"image":{"@id":"https:\/\/www.tsp.at\/en\/2006\/01\/31\/temmel-seywald-bei-bundespraesident-fischer-2\/#primaryimage"},"thumbnailUrl":"https:\/\/www.tsp.at\/wp-content\/uploads\/2025\/10\/49-1.jpg","datePublished":"2006-01-31T08:15:00+00:00","dateModified":"2025-10-21T13:00:57+00:00","breadcrumb":{"@id":"https:\/\/www.tsp.at\/en\/2006\/01\/31\/temmel-seywald-bei-bundespraesident-fischer-2\/#breadcrumb"},"inLanguage":"en-US","potentialAction":[{"@type":"ReadAction","target":["https:\/\/www.tsp.at\/en\/2006\/01\/31\/temmel-seywald-bei-bundespraesident-fischer-2\/"]}]},{"@type":"ImageObject","inLanguage":"en-US","@id":"https:\/\/www.tsp.at\/en\/2006\/01\/31\/temmel-seywald-bei-bundespraesident-fischer-2\/#primaryimage","url":"https:\/\/www.tsp.at\/wp-content\/uploads\/2025\/10\/49-1.jpg","contentUrl":"https:\/\/www.tsp.at\/wp-content\/uploads\/2025\/10\/49-1.jpg","width":1772,"height":1181,"caption":"(C) fotodienst\/Anna Rauchenberger - Wien 30.01.2006 - Bei einer pressetext-Leserumfrage erkoren die pressetext-Kunden Bundespr\u008asident Dr. Heinz Fischer zum Meinungsbildner Nr. 1. FOTO: Dr. Franz Temmel (GF Pressetext) \u009fberreicht die Urkunde Bundespr\u008asident Heinz Fischer."},{"@type":"BreadcrumbList","@id":"https:\/\/www.tsp.at\/en\/2006\/01\/31\/temmel-seywald-bei-bundespraesident-fischer-2\/#breadcrumb","itemListElement":[{"@type":"ListItem","position":1,"name":"Startseite","item":"https:\/\/www.tsp.at\/en\/"},{"@type":"ListItem","position":2,"name":"Temmel &#038; Seywald bei Bundespr\u00e4sident Fischer"}]},{"@type":"WebSite","@id":"https:\/\/www.tsp.at\/en\/#website","url":"https:\/\/www.tsp.at\/en\/","name":"Temmel | Seywald - Corporate Communications","description":"Kommunikation ist Beziehungsarbeit","publisher":{"@id":"https:\/\/www.tsp.at\/en\/#organization"},"potentialAction":[{"@type":"SearchAction","target":{"@type":"EntryPoint","urlTemplate":"https:\/\/www.tsp.at\/en\/?s={search_term_string}"},"query-input":{"@type":"PropertyValueSpecification","valueRequired":true,"valueName":"search_term_string"}}],"inLanguage":"en-US"},{"@type":"Organization","@id":"https:\/\/www.tsp.at\/en\/#organization","name":"Temmel, Seywald & Partner Communications GesmbH","alternateName":"TSP","url":"https:\/\/www.tsp.at\/en\/","logo":{"@type":"ImageObject","inLanguage":"en-US","@id":"https:\/\/www.tsp.at\/en\/#\/schema\/logo\/image\/","url":"https:\/\/www.tsp.at\/wp-content\/uploads\/2025\/10\/favicontsp.png","contentUrl":"https:\/\/www.tsp.at\/wp-content\/uploads\/2025\/10\/favicontsp.png","width":125,"height":125,"caption":"Temmel, Seywald & Partner Communications GesmbH"},"image":{"@id":"https:\/\/www.tsp.at\/en\/#\/schema\/logo\/image\/"},"sameAs":["https:\/\/www.facebook.com\/TemmelSeywald"]},{"@type":"Person","@id":"https:\/\/www.tsp.at\/en\/#\/schema\/person\/1ba5600c29da17b902b0925cea567f8a","name":"TSP Redaktion"}]}},"_links":{"self":[{"href":"https:\/\/www.tsp.at\/en\/wp-json\/wp\/v2\/posts\/11181","targetHints":{"allow":["GET"]}}],"collection":[{"href":"https:\/\/www.tsp.at\/en\/wp-json\/wp\/v2\/posts"}],"about":[{"href":"https:\/\/www.tsp.at\/en\/wp-json\/wp\/v2\/types\/post"}],"author":[{"embeddable":true,"href":"https:\/\/www.tsp.at\/en\/wp-json\/wp\/v2\/users\/2"}],"replies":[{"embeddable":true,"href":"https:\/\/www.tsp.at\/en\/wp-json\/wp\/v2\/comments?post=11181"}],"version-history":[{"count":1,"href":"https:\/\/www.tsp.at\/en\/wp-json\/wp\/v2\/posts\/11181\/revisions"}],"predecessor-version":[{"id":11865,"href":"https:\/\/www.tsp.at\/en\/wp-json\/wp\/v2\/posts\/11181\/revisions\/11865"}],"wp:featuredmedia":[{"embeddable":true,"href":"https:\/\/www.tsp.at\/en\/wp-json\/wp\/v2\/media\/11180"}],"wp:attachment":[{"href":"https:\/\/www.tsp.at\/en\/wp-json\/wp\/v2\/media?parent=11181"}],"wp:term":[{"taxonomy":"category","embeddable":true,"href":"https:\/\/www.tsp.at\/en\/wp-json\/wp\/v2\/categories?post=11181"},{"taxonomy":"post_tag","embeddable":true,"href":"https:\/\/www.tsp.at\/en\/wp-json\/wp\/v2\/tags?post=11181"}],"curies":[{"name":"wp","href":"https:\/\/api.w.org\/{rel}","templated":true}]}}