{"id":12334,"date":"2026-01-05T09:54:14","date_gmt":"2026-01-05T08:54:14","guid":{"rendered":"https:\/\/www.tsp.at\/?p=12334"},"modified":"2026-01-22T09:54:36","modified_gmt":"2026-01-22T08:54:36","slug":"temmel-seywald-gewinnt-tourismus-etat-der-tuerkei","status":"publish","type":"post","link":"https:\/\/www.tsp.at\/en\/2026\/01\/05\/temmel-seywald-gewinnt-tourismus-etat-der-tuerkei\/","title":{"rendered":"Temmel | Seywald gewinnt Tourismus-Etat der T\u00fcrkei"},"content":{"rendered":"<p><strong>Die Wiener PR-Consulter <span class=\"hl\" data-markjs=\"true\">Temmel<\/span>, Seywald &amp; Partner sind von der T\u00fcrkischen Tourismusentwicklungsagentur TGA in Istanbul mit der Pressearbeit in \u00d6sterreich beauftragt worden. Die Zusammenarbeit ist langfristig angelegt und soll das Wissen \u00fcber Land &amp; Leute am Bosporus verbessern und vertiefen. <span class=\"hl\" data-markjs=\"true\">Temmel<\/span> | Seywald waren zwischen 2007 und 2010 schon einmal f\u00fcr das traditionell popul\u00e4re Tourismusland aktiv \u2013 damals im Auftrag des Ministeriums f\u00fcr Kultur und Tourismus in Ankara.<\/strong><\/p>\n<p>Die T\u00fcrkei z\u00e4hlt zu den beliebtesten Reisezielen Europas, die letzten Sommmersaisonen waren Rekordjahre \u2013 2025 etwa verzeichnete die T\u00fcrkei mit knapp 65 Mio. Ank\u00fcnften fast doppelt soviele Besucher\/innen wie das Nachbarland Griechenland. Deutschland und Russland (jeweils \u00fcber 5 Mio. Besucher) sind die st\u00e4rksten Herkunftsl\u00e4nder, aus \u00d6sterreich kamen \u00fcber 500.000 Urlauber, ein Plus von 3,5 Prozent. Insbesondere Istanbul und Antalya sind die gro\u00dfen Reisemagneten, die t\u00fcrkische Riviera wird regelrecht gest\u00fcrmt. \u00dcberraschend hoch ist dabei die durchschnittliche Aufenthaltsdauer mit 10,3 N\u00e4chten.<\/p>\n<p>Nach einigen schwierigen Jahren erlebt die T\u00fcrkei starke Nachholeffekte bei Familien und Paaren, die t\u00fcrkische Lira bietet ein gutes Preis-Leistungs-Verh\u00e4ltnis. Fluggesellschaften wie Lufthansa, Eurowings, Austrian und Turkish Airlines offerieren wieder mehr Fl\u00fcge und nehmen neue Flugstrecken auf. Ebenfalls ein wichtiger Punkt: Im Vergleich zu fr\u00fcheren Jahren gab es 2025 deutlich weniger negative Reisewarnungen, generell wird die T\u00fcrkei wieder als sicheres Urlaubsland angesehen. Hohe Inflation und steigende Preise sind allerdings ein Wermutstropfen \u2013 sie haben zwischendurch f\u00fcr Unsicherheit gesorgt.<\/p>\n<p><strong>T\u00fcrkei Top-3-Reiseziel der \u00d6sterreicher\/nnen<\/strong><\/p>\n<p>Im Sommer 2025 war die T\u00fcrkei nach Italien und Kroatien das beliebteste Reiseziel der \u00d6sterreicher\/innen und hat damit Griechenland, Spanien und \u00c4gypten klar \u00fcberholt. Das Land als attraktives Reiseziel zu positionieren ist eine der wesentlichen Aufgaben der Informationsarbeit. Sie soll zur wechselseitigen Vertrauensbildung beitragen und das Verst\u00e4ndnis f\u00fcr die reiche Kultur zwischen \u00c4g\u00e4is und Schwarzem Meer heben. Die PR-Consulter arbeiten dabei eng mit der Kultur- und Informationsabteilung der t\u00fcrkischen Botschaft in Wien zusammen. <a href=\"https:\/\/goturkiye.com\/de\/homepage\" target=\"_blank\" rel=\"noopener\">https:\/\/goturkiye.com\/de\/homepage<\/a><\/p>\n<p>Die PR-Consulter <span class=\"hl\" data-markjs=\"true\">Temmel<\/span>, Seywald &amp; Partner sind seit 1991 auf Kommunikationsaufgaben im \u00f6ffentlichen und institutionellen Bereich spezialisiert. So betreute die Agentur viele Jahre wesentliche Bereiche der \u00f6sterreichischen EU-Informationsarbeit. Im touristischen Bereich konnte die Agentur Erfahrungen bei Unternehmen und Tourismusverb\u00e4nden in \u00d6sterreich sowie bei internationalen Fluglinien sammeln.<\/p>\n","protected":false},"excerpt":{"rendered":"<p>Die Wiener PR-Consulter Temmel, Seywald &amp; Partner sind von der T\u00fcrkischen Tourismusentwicklungsagentur TGA in Istanbul mit der Pressearbeit in \u00d6sterreich beauftragt worden. Die Zusammenarbeit ist langfristig angelegt und soll das Wissen \u00fcber Land &amp; Leute am Bosporus verbessern und vertiefen. Temmel | Seywald waren zwischen 2007 und 2010 schon einmal f\u00fcr das traditionell popul\u00e4re Tourismusland&hellip;<\/p>\n","protected":false},"author":2,"featured_media":12335,"comment_status":"closed","ping_status":"closed","sticky":false,"template":"","format":"standard","meta":{"footnotes":""},"categories":[3],"tags":[53,60,56,44],"class_list":["post-12334","post","type-post","status-publish","format-standard","has-post-thumbnail","hentry","category-news","tag-kultur","tag-pressearbeit","tag-tourismus","tag-tuerkei","category-3","description-off"],"yoast_head":"<!-- This site is optimized with the Yoast SEO plugin v26.3 - https:\/\/yoast.com\/wordpress\/plugins\/seo\/ -->\n<title>Temmel | Seywald gewinnt Tourismus-Etat der T\u00fcrkei - Temmel | Seywald - Corporate Communications<\/title>\n<meta name=\"robots\" content=\"index, follow, max-snippet:-1, max-image-preview:large, max-video-preview:-1\" \/>\n<link rel=\"canonical\" href=\"https:\/\/www.tsp.at\/en\/2026\/01\/05\/temmel-seywald-gewinnt-tourismus-etat-der-tuerkei\/\" \/>\n<meta property=\"og:locale\" content=\"en_US\" \/>\n<meta property=\"og:type\" content=\"article\" \/>\n<meta property=\"og:title\" content=\"Temmel | Seywald gewinnt Tourismus-Etat der T\u00fcrkei - Temmel | Seywald - Corporate Communications\" \/>\n<meta property=\"og:description\" content=\"Die Wiener PR-Consulter Temmel, Seywald &amp; Partner sind von der T\u00fcrkischen Tourismusentwicklungsagentur TGA in Istanbul mit der Pressearbeit in \u00d6sterreich beauftragt worden. Die Zusammenarbeit ist langfristig angelegt und soll das Wissen \u00fcber Land &amp; Leute am Bosporus verbessern und vertiefen. Temmel | Seywald waren zwischen 2007 und 2010 schon einmal f\u00fcr das traditionell popul\u00e4re Tourismusland&hellip;\" \/>\n<meta property=\"og:url\" content=\"https:\/\/www.tsp.at\/en\/2026\/01\/05\/temmel-seywald-gewinnt-tourismus-etat-der-tuerkei\/\" \/>\n<meta property=\"og:site_name\" content=\"Temmel | Seywald - Corporate Communications\" \/>\n<meta property=\"article:publisher\" content=\"https:\/\/www.facebook.com\/TemmelSeywald\" \/>\n<meta property=\"article:published_time\" content=\"2026-01-05T08:54:14+00:00\" \/>\n<meta property=\"article:modified_time\" content=\"2026-01-22T08:54:36+00:00\" \/>\n<meta property=\"og:image\" content=\"https:\/\/www.tsp.at\/wp-content\/uploads\/2026\/01\/Ephesus-scaled.jpg\" \/>\n\t<meta property=\"og:image:width\" content=\"2048\" \/>\n\t<meta property=\"og:image:height\" content=\"1365\" \/>\n\t<meta property=\"og:image:type\" content=\"image\/jpeg\" \/>\n<meta name=\"author\" content=\"TSP Redaktion\" \/>\n<meta name=\"twitter:card\" content=\"summary_large_image\" \/>\n<meta name=\"twitter:label1\" content=\"Written by\" \/>\n\t<meta name=\"twitter:data1\" content=\"TSP Redaktion\" \/>\n\t<meta name=\"twitter:label2\" content=\"Est. reading time\" \/>\n\t<meta name=\"twitter:data2\" content=\"3 minutes\" \/>\n<script type=\"application\/ld+json\" class=\"yoast-schema-graph\">{\"@context\":\"https:\/\/schema.org\",\"@graph\":[{\"@type\":\"Article\",\"@id\":\"https:\/\/www.tsp.at\/en\/2026\/01\/05\/temmel-seywald-gewinnt-tourismus-etat-der-tuerkei\/#article\",\"isPartOf\":{\"@id\":\"https:\/\/www.tsp.at\/en\/2026\/01\/05\/temmel-seywald-gewinnt-tourismus-etat-der-tuerkei\/\"},\"author\":{\"name\":\"TSP Redaktion\",\"@id\":\"https:\/\/www.tsp.at\/en\/#\/schema\/person\/1ba5600c29da17b902b0925cea567f8a\"},\"headline\":\"Temmel | Seywald gewinnt Tourismus-Etat der T\u00fcrkei\",\"datePublished\":\"2026-01-05T08:54:14+00:00\",\"dateModified\":\"2026-01-22T08:54:36+00:00\",\"mainEntityOfPage\":{\"@id\":\"https:\/\/www.tsp.at\/en\/2026\/01\/05\/temmel-seywald-gewinnt-tourismus-etat-der-tuerkei\/\"},\"wordCount\":377,\"publisher\":{\"@id\":\"https:\/\/www.tsp.at\/en\/#organization\"},\"image\":{\"@id\":\"https:\/\/www.tsp.at\/en\/2026\/01\/05\/temmel-seywald-gewinnt-tourismus-etat-der-tuerkei\/#primaryimage\"},\"thumbnailUrl\":\"https:\/\/www.tsp.at\/wp-content\/uploads\/2026\/01\/Ephesus-scaled.jpg\",\"keywords\":[\"Kultur\",\"Pressearbeit\",\"Tourismus\",\"T\u00fcrkei\"],\"articleSection\":[\"News\"],\"inLanguage\":\"en-US\"},{\"@type\":\"WebPage\",\"@id\":\"https:\/\/www.tsp.at\/en\/2026\/01\/05\/temmel-seywald-gewinnt-tourismus-etat-der-tuerkei\/\",\"url\":\"https:\/\/www.tsp.at\/en\/2026\/01\/05\/temmel-seywald-gewinnt-tourismus-etat-der-tuerkei\/\",\"name\":\"Temmel | Seywald gewinnt Tourismus-Etat der T\u00fcrkei - Temmel | Seywald - Corporate Communications\",\"isPartOf\":{\"@id\":\"https:\/\/www.tsp.at\/en\/#website\"},\"primaryImageOfPage\":{\"@id\":\"https:\/\/www.tsp.at\/en\/2026\/01\/05\/temmel-seywald-gewinnt-tourismus-etat-der-tuerkei\/#primaryimage\"},\"image\":{\"@id\":\"https:\/\/www.tsp.at\/en\/2026\/01\/05\/temmel-seywald-gewinnt-tourismus-etat-der-tuerkei\/#primaryimage\"},\"thumbnailUrl\":\"https:\/\/www.tsp.at\/wp-content\/uploads\/2026\/01\/Ephesus-scaled.jpg\",\"datePublished\":\"2026-01-05T08:54:14+00:00\",\"dateModified\":\"2026-01-22T08:54:36+00:00\",\"breadcrumb\":{\"@id\":\"https:\/\/www.tsp.at\/en\/2026\/01\/05\/temmel-seywald-gewinnt-tourismus-etat-der-tuerkei\/#breadcrumb\"},\"inLanguage\":\"en-US\",\"potentialAction\":[{\"@type\":\"ReadAction\",\"target\":[\"https:\/\/www.tsp.at\/en\/2026\/01\/05\/temmel-seywald-gewinnt-tourismus-etat-der-tuerkei\/\"]}]},{\"@type\":\"ImageObject\",\"inLanguage\":\"en-US\",\"@id\":\"https:\/\/www.tsp.at\/en\/2026\/01\/05\/temmel-seywald-gewinnt-tourismus-etat-der-tuerkei\/#primaryimage\",\"url\":\"https:\/\/www.tsp.at\/wp-content\/uploads\/2026\/01\/Ephesus-scaled.jpg\",\"contentUrl\":\"https:\/\/www.tsp.at\/wp-content\/uploads\/2026\/01\/Ephesus-scaled.jpg\",\"width\":2048,\"height\":1365},{\"@type\":\"BreadcrumbList\",\"@id\":\"https:\/\/www.tsp.at\/en\/2026\/01\/05\/temmel-seywald-gewinnt-tourismus-etat-der-tuerkei\/#breadcrumb\",\"itemListElement\":[{\"@type\":\"ListItem\",\"position\":1,\"name\":\"Startseite\",\"item\":\"https:\/\/www.tsp.at\/en\/\"},{\"@type\":\"ListItem\",\"position\":2,\"name\":\"Temmel | Seywald gewinnt Tourismus-Etat der T\u00fcrkei\"}]},{\"@type\":\"WebSite\",\"@id\":\"https:\/\/www.tsp.at\/en\/#website\",\"url\":\"https:\/\/www.tsp.at\/en\/\",\"name\":\"Temmel | Seywald - Corporate Communications\",\"description\":\"Kommunikation ist Beziehungsarbeit\",\"publisher\":{\"@id\":\"https:\/\/www.tsp.at\/en\/#organization\"},\"potentialAction\":[{\"@type\":\"SearchAction\",\"target\":{\"@type\":\"EntryPoint\",\"urlTemplate\":\"https:\/\/www.tsp.at\/en\/?s={search_term_string}\"},\"query-input\":{\"@type\":\"PropertyValueSpecification\",\"valueRequired\":true,\"valueName\":\"search_term_string\"}}],\"inLanguage\":\"en-US\"},{\"@type\":\"Organization\",\"@id\":\"https:\/\/www.tsp.at\/en\/#organization\",\"name\":\"Temmel, Seywald & Partner Communications GesmbH\",\"alternateName\":\"TSP\",\"url\":\"https:\/\/www.tsp.at\/en\/\",\"logo\":{\"@type\":\"ImageObject\",\"inLanguage\":\"en-US\",\"@id\":\"https:\/\/www.tsp.at\/en\/#\/schema\/logo\/image\/\",\"url\":\"https:\/\/www.tsp.at\/wp-content\/uploads\/2025\/10\/favicontsp.png\",\"contentUrl\":\"https:\/\/www.tsp.at\/wp-content\/uploads\/2025\/10\/favicontsp.png\",\"width\":125,\"height\":125,\"caption\":\"Temmel, Seywald & Partner Communications GesmbH\"},\"image\":{\"@id\":\"https:\/\/www.tsp.at\/en\/#\/schema\/logo\/image\/\"},\"sameAs\":[\"https:\/\/www.facebook.com\/TemmelSeywald\"]},{\"@type\":\"Person\",\"@id\":\"https:\/\/www.tsp.at\/en\/#\/schema\/person\/1ba5600c29da17b902b0925cea567f8a\",\"name\":\"TSP Redaktion\"}]}<\/script>\n<!-- \/ Yoast SEO plugin. -->","yoast_head_json":{"title":"Temmel | Seywald gewinnt Tourismus-Etat der T\u00fcrkei - Temmel | Seywald - Corporate Communications","robots":{"index":"index","follow":"follow","max-snippet":"max-snippet:-1","max-image-preview":"max-image-preview:large","max-video-preview":"max-video-preview:-1"},"canonical":"https:\/\/www.tsp.at\/en\/2026\/01\/05\/temmel-seywald-gewinnt-tourismus-etat-der-tuerkei\/","og_locale":"en_US","og_type":"article","og_title":"Temmel | Seywald gewinnt Tourismus-Etat der T\u00fcrkei - Temmel | Seywald - Corporate Communications","og_description":"Die Wiener PR-Consulter Temmel, Seywald &amp; Partner sind von der T\u00fcrkischen Tourismusentwicklungsagentur TGA in Istanbul mit der Pressearbeit in \u00d6sterreich beauftragt worden. Die Zusammenarbeit ist langfristig angelegt und soll das Wissen \u00fcber Land &amp; Leute am Bosporus verbessern und vertiefen. Temmel | Seywald waren zwischen 2007 und 2010 schon einmal f\u00fcr das traditionell popul\u00e4re Tourismusland&hellip;","og_url":"https:\/\/www.tsp.at\/en\/2026\/01\/05\/temmel-seywald-gewinnt-tourismus-etat-der-tuerkei\/","og_site_name":"Temmel | Seywald - Corporate Communications","article_publisher":"https:\/\/www.facebook.com\/TemmelSeywald","article_published_time":"2026-01-05T08:54:14+00:00","article_modified_time":"2026-01-22T08:54:36+00:00","og_image":[{"width":2048,"height":1365,"url":"https:\/\/www.tsp.at\/wp-content\/uploads\/2026\/01\/Ephesus-scaled.jpg","type":"image\/jpeg"}],"author":"TSP Redaktion","twitter_card":"summary_large_image","twitter_misc":{"Written by":"TSP Redaktion","Est. reading time":"3 minutes"},"schema":{"@context":"https:\/\/schema.org","@graph":[{"@type":"Article","@id":"https:\/\/www.tsp.at\/en\/2026\/01\/05\/temmel-seywald-gewinnt-tourismus-etat-der-tuerkei\/#article","isPartOf":{"@id":"https:\/\/www.tsp.at\/en\/2026\/01\/05\/temmel-seywald-gewinnt-tourismus-etat-der-tuerkei\/"},"author":{"name":"TSP Redaktion","@id":"https:\/\/www.tsp.at\/en\/#\/schema\/person\/1ba5600c29da17b902b0925cea567f8a"},"headline":"Temmel | Seywald gewinnt Tourismus-Etat der T\u00fcrkei","datePublished":"2026-01-05T08:54:14+00:00","dateModified":"2026-01-22T08:54:36+00:00","mainEntityOfPage":{"@id":"https:\/\/www.tsp.at\/en\/2026\/01\/05\/temmel-seywald-gewinnt-tourismus-etat-der-tuerkei\/"},"wordCount":377,"publisher":{"@id":"https:\/\/www.tsp.at\/en\/#organization"},"image":{"@id":"https:\/\/www.tsp.at\/en\/2026\/01\/05\/temmel-seywald-gewinnt-tourismus-etat-der-tuerkei\/#primaryimage"},"thumbnailUrl":"https:\/\/www.tsp.at\/wp-content\/uploads\/2026\/01\/Ephesus-scaled.jpg","keywords":["Kultur","Pressearbeit","Tourismus","T\u00fcrkei"],"articleSection":["News"],"inLanguage":"en-US"},{"@type":"WebPage","@id":"https:\/\/www.tsp.at\/en\/2026\/01\/05\/temmel-seywald-gewinnt-tourismus-etat-der-tuerkei\/","url":"https:\/\/www.tsp.at\/en\/2026\/01\/05\/temmel-seywald-gewinnt-tourismus-etat-der-tuerkei\/","name":"Temmel | Seywald gewinnt Tourismus-Etat der T\u00fcrkei - Temmel | Seywald - Corporate Communications","isPartOf":{"@id":"https:\/\/www.tsp.at\/en\/#website"},"primaryImageOfPage":{"@id":"https:\/\/www.tsp.at\/en\/2026\/01\/05\/temmel-seywald-gewinnt-tourismus-etat-der-tuerkei\/#primaryimage"},"image":{"@id":"https:\/\/www.tsp.at\/en\/2026\/01\/05\/temmel-seywald-gewinnt-tourismus-etat-der-tuerkei\/#primaryimage"},"thumbnailUrl":"https:\/\/www.tsp.at\/wp-content\/uploads\/2026\/01\/Ephesus-scaled.jpg","datePublished":"2026-01-05T08:54:14+00:00","dateModified":"2026-01-22T08:54:36+00:00","breadcrumb":{"@id":"https:\/\/www.tsp.at\/en\/2026\/01\/05\/temmel-seywald-gewinnt-tourismus-etat-der-tuerkei\/#breadcrumb"},"inLanguage":"en-US","potentialAction":[{"@type":"ReadAction","target":["https:\/\/www.tsp.at\/en\/2026\/01\/05\/temmel-seywald-gewinnt-tourismus-etat-der-tuerkei\/"]}]},{"@type":"ImageObject","inLanguage":"en-US","@id":"https:\/\/www.tsp.at\/en\/2026\/01\/05\/temmel-seywald-gewinnt-tourismus-etat-der-tuerkei\/#primaryimage","url":"https:\/\/www.tsp.at\/wp-content\/uploads\/2026\/01\/Ephesus-scaled.jpg","contentUrl":"https:\/\/www.tsp.at\/wp-content\/uploads\/2026\/01\/Ephesus-scaled.jpg","width":2048,"height":1365},{"@type":"BreadcrumbList","@id":"https:\/\/www.tsp.at\/en\/2026\/01\/05\/temmel-seywald-gewinnt-tourismus-etat-der-tuerkei\/#breadcrumb","itemListElement":[{"@type":"ListItem","position":1,"name":"Startseite","item":"https:\/\/www.tsp.at\/en\/"},{"@type":"ListItem","position":2,"name":"Temmel | Seywald gewinnt Tourismus-Etat der T\u00fcrkei"}]},{"@type":"WebSite","@id":"https:\/\/www.tsp.at\/en\/#website","url":"https:\/\/www.tsp.at\/en\/","name":"Temmel | Seywald - Corporate Communications","description":"Kommunikation ist Beziehungsarbeit","publisher":{"@id":"https:\/\/www.tsp.at\/en\/#organization"},"potentialAction":[{"@type":"SearchAction","target":{"@type":"EntryPoint","urlTemplate":"https:\/\/www.tsp.at\/en\/?s={search_term_string}"},"query-input":{"@type":"PropertyValueSpecification","valueRequired":true,"valueName":"search_term_string"}}],"inLanguage":"en-US"},{"@type":"Organization","@id":"https:\/\/www.tsp.at\/en\/#organization","name":"Temmel, Seywald & Partner Communications GesmbH","alternateName":"TSP","url":"https:\/\/www.tsp.at\/en\/","logo":{"@type":"ImageObject","inLanguage":"en-US","@id":"https:\/\/www.tsp.at\/en\/#\/schema\/logo\/image\/","url":"https:\/\/www.tsp.at\/wp-content\/uploads\/2025\/10\/favicontsp.png","contentUrl":"https:\/\/www.tsp.at\/wp-content\/uploads\/2025\/10\/favicontsp.png","width":125,"height":125,"caption":"Temmel, Seywald & Partner Communications GesmbH"},"image":{"@id":"https:\/\/www.tsp.at\/en\/#\/schema\/logo\/image\/"},"sameAs":["https:\/\/www.facebook.com\/TemmelSeywald"]},{"@type":"Person","@id":"https:\/\/www.tsp.at\/en\/#\/schema\/person\/1ba5600c29da17b902b0925cea567f8a","name":"TSP Redaktion"}]}},"_links":{"self":[{"href":"https:\/\/www.tsp.at\/en\/wp-json\/wp\/v2\/posts\/12334","targetHints":{"allow":["GET"]}}],"collection":[{"href":"https:\/\/www.tsp.at\/en\/wp-json\/wp\/v2\/posts"}],"about":[{"href":"https:\/\/www.tsp.at\/en\/wp-json\/wp\/v2\/types\/post"}],"author":[{"embeddable":true,"href":"https:\/\/www.tsp.at\/en\/wp-json\/wp\/v2\/users\/2"}],"replies":[{"embeddable":true,"href":"https:\/\/www.tsp.at\/en\/wp-json\/wp\/v2\/comments?post=12334"}],"version-history":[{"count":1,"href":"https:\/\/www.tsp.at\/en\/wp-json\/wp\/v2\/posts\/12334\/revisions"}],"predecessor-version":[{"id":12336,"href":"https:\/\/www.tsp.at\/en\/wp-json\/wp\/v2\/posts\/12334\/revisions\/12336"}],"wp:featuredmedia":[{"embeddable":true,"href":"https:\/\/www.tsp.at\/en\/wp-json\/wp\/v2\/media\/12335"}],"wp:attachment":[{"href":"https:\/\/www.tsp.at\/en\/wp-json\/wp\/v2\/media?parent=12334"}],"wp:term":[{"taxonomy":"category","embeddable":true,"href":"https:\/\/www.tsp.at\/en\/wp-json\/wp\/v2\/categories?post=12334"},{"taxonomy":"post_tag","embeddable":true,"href":"https:\/\/www.tsp.at\/en\/wp-json\/wp\/v2\/tags?post=12334"}],"curies":[{"name":"wp","href":"https:\/\/api.w.org\/{rel}","templated":true}]}}