{"id":12410,"date":"2026-04-03T10:34:21","date_gmt":"2026-04-03T08:34:21","guid":{"rendered":"https:\/\/www.tsp.at\/?p=12410"},"modified":"2026-04-09T11:04:17","modified_gmt":"2026-04-09T09:04:17","slug":"kackar-als-neues-bergsportparadies","status":"publish","type":"post","link":"https:\/\/www.tsp.at\/en\/2026\/04\/03\/kackar-als-neues-bergsportparadies\/","title":{"rendered":"Ka\u00e7kar als neues Bergsportparadies"},"content":{"rendered":"<p><b>Die in Mitteleuropa nahezu unbekannten Ka\u00e7kar-Berge im Ostpontischen Gebirge sind die touristische Neuentdeckung des Jahres 2026. Der h\u00f6chste Gipfel \u2013 Ka\u00e7kar Da\u011f\u0131 \u2013 ist mit 3937 Metern sogar h\u00f6her als der Gro\u00dfglockner und liegt nur 40 km von der reizvollen Schwarzmeerk\u00fcste entfernt. Nach dem erfolgreichen Ultramarathon richtet die t\u00fcrkische Provinzstadt Rize vom 17. bis 18. April 2026 erstmals eine Internationale Tourismusmesse aus.<\/b><\/p>\n<p>Die Ka\u00e7kar-Tourismusmesse, organisiert mit Unterst\u00fctzung des t\u00fcrkischen Ministeriums f\u00fcr Kultur und Tourismus und der Tourismusagentur TGA, soll die einzigartige Natur und Kultur der nord\u00f6stlichen Schwarzmeerregion an der Grenze zu Batumi in Georgien dem interessierten Fachpublikum n\u00e4her bringen. In Panels, Workshops und mit Exkursionen zeigen die Tourismus-Verantwortlichen das ganze Potenzial der Region auf. \u00dcber 1.000 Branchenvertreter und mehr als 3.000 Fachbesucher werden erwartet.<\/p>\n<p><b>Wunderland am Schwarzen Meer<\/b><\/p>\n<p>Der Ka\u00e7kar-Nationalpark lockt natur- und abenteuerlustige Alpinisten mit bisher unbekannten Routen und tief verwurzelter Kulturgeschichte. Er beherbergt \u00fcber 50 Bergseen, tiefe T\u00e4ler, \u00fcppige W\u00e4lder in allen Gr\u00fcnt\u00f6nen und rauschende B\u00e4che, die noch keinen Staud\u00e4mmen zum Opfer gefallen sind. Egal, ob Trekking, Bergsteigen, Wildtierbeobachtung oder Naturerkundung, die M\u00f6glichkeiten sind vielf\u00e4ltig. Im Winter sind die Berge ein attraktives Ziel f\u00fcr Skifahrer, Snowboarder und Heliskiing.<\/p>\n<p>Die Gastgeber vor Ort setzen auf unber\u00fchrte Natur und nachhaltigen Tourismus, authentischen Lebensstil und unverf\u00e4lschte Gastlichkeit. Die Hochlandgemeinden gew\u00e4hren tiefe Einblicke in das Erbe der Region; ihre alten Sprachen und traditionellen Handwerksk\u00fcnste, gepaart mit den Kl\u00e4ngen des Tulum (Dudelsack) und dem rhythmischen Horon-Tanz, faszinieren jeden Reisenden.Hier kann man bei vielen Festen bis hin zur lokalen Tee-Ernte in lebendige Traditionen eintauchen.<\/p>\n<p><b>Wellness und Thermalb\u00e4der<\/b><\/p>\n<p>Doch das ist nicht alles. Das Ka\u00e7kar-Hochland ist auch eine erstklassige Wellness-Destination, wo unber\u00fchrte Natur und klare Bergluft die Kulisse f\u00fcr Erholung und nat\u00fcrliche Regeneration schaffen, kombiniert mit traditionellen und modernen Wellness-Angeboten wie jene der Thermalquellen von Ayder. Erg\u00e4nzt wird dieses Angebot durch das kulinarische Erbe der Region, das f\u00fcr seinen Bio-Honig, seine Heilkr\u00e4uter aus den Bergen, seine weltber\u00fchmten Tees und frischen Meeresfr\u00fcchte bekannt ist.<\/p>\n<p><b>Anreise: <\/b>Der Flughafen Rize-Artvin wurde im Mai 2022 er\u00f6ffnet. Im Jahr 2025 z\u00e4hlte er bereits \u00fcber 1,1 Millionen Passagiere.<\/p>\n<p>Der n\u00e4chste <b>Ultra-Marathon in Rize<\/b> findet vom 11. bis 13. September 2026 statt.<\/p>\n<p><b>Fotos<\/b> von der Region und von der Ka\u00e7kar International Tourismusmesse Pressekonferenz unter diesem <b>Link<\/b> (<a href=\"https:\/\/docs.tga.gov.tr\/zg6zqnkd\">https:\/\/docs.tga.gov.tr\/zg6zqnkd<\/a>)<b>.<\/b><\/p>\n<p><b>Ultra-Marathon by UTMB: <\/b> <a href=\"https:\/\/kackar.utmb.world\/\">https:\/\/kackar.utmb.world\/<\/a><\/p>\n<p><b>Ka\u00e7kar Adventures: <\/b> <a href=\"https:\/\/kackaradventures.com\/conference-event-organization\/\">https:\/\/kackaradventures.com\/conference-event-organization\/<\/a><\/p>\n<p><b>Information zur Messeteilnahme: <\/b>seywald@tsp.at<\/p>\n","protected":false},"excerpt":{"rendered":"<p>Die in Mitteleuropa nahezu unbekannten Ka\u00e7kar-Berge im Ostpontischen Gebirge sind die touristische Neuentdeckung des Jahres 2026. Der h\u00f6chste Gipfel \u2013 Ka\u00e7kar Da\u011f\u0131 \u2013 ist mit 3937 Metern sogar h\u00f6her als der Gro\u00dfglockner und liegt nur 40 km von der reizvollen Schwarzmeerk\u00fcste entfernt. Nach dem erfolgreichen Ultramarathon richtet die t\u00fcrkische Provinzstadt Rize vom 17. bis 18.&hellip;<\/p>\n","protected":false},"author":2,"featured_media":12412,"comment_status":"closed","ping_status":"closed","sticky":false,"template":"","format":"standard","meta":{"footnotes":""},"categories":[3],"tags":[110,85,111,56,44,112],"class_list":["post-12410","post","type-post","status-publish","format-standard","has-post-thumbnail","hentry","category-news","tag-kackar","tag-reisen","tag-sommersport","tag-tourismus","tag-tuerkei","tag-wintersport","category-3","description-off"],"yoast_head":"<!-- This site is optimized with the Yoast SEO plugin v26.3 - https:\/\/yoast.com\/wordpress\/plugins\/seo\/ -->\n<title>Ka\u00e7kar als neues Bergsportparadies - Temmel | Seywald - Corporate Communications<\/title>\n<meta name=\"robots\" content=\"index, follow, max-snippet:-1, max-image-preview:large, max-video-preview:-1\" \/>\n<link rel=\"canonical\" href=\"https:\/\/www.tsp.at\/en\/2026\/04\/03\/kackar-als-neues-bergsportparadies\/\" \/>\n<meta property=\"og:locale\" content=\"en_US\" \/>\n<meta property=\"og:type\" content=\"article\" \/>\n<meta property=\"og:title\" content=\"Ka\u00e7kar als neues Bergsportparadies - Temmel | Seywald - Corporate Communications\" \/>\n<meta property=\"og:description\" content=\"Die in Mitteleuropa nahezu unbekannten Ka\u00e7kar-Berge im Ostpontischen Gebirge sind die touristische Neuentdeckung des Jahres 2026. Der h\u00f6chste Gipfel \u2013 Ka\u00e7kar Da\u011f\u0131 \u2013 ist mit 3937 Metern sogar h\u00f6her als der Gro\u00dfglockner und liegt nur 40 km von der reizvollen Schwarzmeerk\u00fcste entfernt. Nach dem erfolgreichen Ultramarathon richtet die t\u00fcrkische Provinzstadt Rize vom 17. bis 18.&hellip;\" \/>\n<meta property=\"og:url\" content=\"https:\/\/www.tsp.at\/en\/2026\/04\/03\/kackar-als-neues-bergsportparadies\/\" \/>\n<meta property=\"og:site_name\" content=\"Temmel | Seywald - Corporate Communications\" \/>\n<meta property=\"article:publisher\" content=\"https:\/\/www.facebook.com\/TemmelSeywald\" \/>\n<meta property=\"article:published_time\" content=\"2026-04-03T08:34:21+00:00\" \/>\n<meta property=\"article:modified_time\" content=\"2026-04-09T09:04:17+00:00\" \/>\n<meta property=\"og:image\" content=\"https:\/\/www.tsp.at\/wp-content\/uploads\/2026\/04\/Untitled-1-copy-scaled.jpg\" \/>\n\t<meta property=\"og:image:width\" content=\"2048\" \/>\n\t<meta property=\"og:image:height\" content=\"1367\" \/>\n\t<meta property=\"og:image:type\" content=\"image\/jpeg\" \/>\n<meta name=\"author\" content=\"TSP Redaktion\" \/>\n<meta name=\"twitter:card\" content=\"summary_large_image\" \/>\n<meta name=\"twitter:label1\" content=\"Written by\" \/>\n\t<meta name=\"twitter:data1\" content=\"TSP Redaktion\" \/>\n\t<meta name=\"twitter:label2\" content=\"Est. reading time\" \/>\n\t<meta name=\"twitter:data2\" content=\"3 minutes\" \/>\n<script type=\"application\/ld+json\" class=\"yoast-schema-graph\">{\"@context\":\"https:\/\/schema.org\",\"@graph\":[{\"@type\":\"Article\",\"@id\":\"https:\/\/www.tsp.at\/en\/2026\/04\/03\/kackar-als-neues-bergsportparadies\/#article\",\"isPartOf\":{\"@id\":\"https:\/\/www.tsp.at\/en\/2026\/04\/03\/kackar-als-neues-bergsportparadies\/\"},\"author\":{\"name\":\"TSP Redaktion\",\"@id\":\"https:\/\/www.tsp.at\/en\/#\/schema\/person\/1ba5600c29da17b902b0925cea567f8a\"},\"headline\":\"Ka\u00e7kar als neues Bergsportparadies\",\"datePublished\":\"2026-04-03T08:34:21+00:00\",\"dateModified\":\"2026-04-09T09:04:17+00:00\",\"mainEntityOfPage\":{\"@id\":\"https:\/\/www.tsp.at\/en\/2026\/04\/03\/kackar-als-neues-bergsportparadies\/\"},\"wordCount\":422,\"publisher\":{\"@id\":\"https:\/\/www.tsp.at\/en\/#organization\"},\"image\":{\"@id\":\"https:\/\/www.tsp.at\/en\/2026\/04\/03\/kackar-als-neues-bergsportparadies\/#primaryimage\"},\"thumbnailUrl\":\"https:\/\/www.tsp.at\/wp-content\/uploads\/2026\/04\/Untitled-1-copy-scaled.jpg\",\"keywords\":[\"Ka\u00e7kar\",\"Reisen\",\"Sommersport\",\"Tourismus\",\"T\u00fcrkei\",\"Wintersport\"],\"articleSection\":[\"News\"],\"inLanguage\":\"en-US\"},{\"@type\":\"WebPage\",\"@id\":\"https:\/\/www.tsp.at\/en\/2026\/04\/03\/kackar-als-neues-bergsportparadies\/\",\"url\":\"https:\/\/www.tsp.at\/en\/2026\/04\/03\/kackar-als-neues-bergsportparadies\/\",\"name\":\"Ka\u00e7kar als neues Bergsportparadies - Temmel | Seywald - Corporate Communications\",\"isPartOf\":{\"@id\":\"https:\/\/www.tsp.at\/en\/#website\"},\"primaryImageOfPage\":{\"@id\":\"https:\/\/www.tsp.at\/en\/2026\/04\/03\/kackar-als-neues-bergsportparadies\/#primaryimage\"},\"image\":{\"@id\":\"https:\/\/www.tsp.at\/en\/2026\/04\/03\/kackar-als-neues-bergsportparadies\/#primaryimage\"},\"thumbnailUrl\":\"https:\/\/www.tsp.at\/wp-content\/uploads\/2026\/04\/Untitled-1-copy-scaled.jpg\",\"datePublished\":\"2026-04-03T08:34:21+00:00\",\"dateModified\":\"2026-04-09T09:04:17+00:00\",\"breadcrumb\":{\"@id\":\"https:\/\/www.tsp.at\/en\/2026\/04\/03\/kackar-als-neues-bergsportparadies\/#breadcrumb\"},\"inLanguage\":\"en-US\",\"potentialAction\":[{\"@type\":\"ReadAction\",\"target\":[\"https:\/\/www.tsp.at\/en\/2026\/04\/03\/kackar-als-neues-bergsportparadies\/\"]}]},{\"@type\":\"ImageObject\",\"inLanguage\":\"en-US\",\"@id\":\"https:\/\/www.tsp.at\/en\/2026\/04\/03\/kackar-als-neues-bergsportparadies\/#primaryimage\",\"url\":\"https:\/\/www.tsp.at\/wp-content\/uploads\/2026\/04\/Untitled-1-copy-scaled.jpg\",\"contentUrl\":\"https:\/\/www.tsp.at\/wp-content\/uploads\/2026\/04\/Untitled-1-copy-scaled.jpg\",\"width\":2048,\"height\":1367,\"caption\":\"Kac\u0327kar Mountains\"},{\"@type\":\"BreadcrumbList\",\"@id\":\"https:\/\/www.tsp.at\/en\/2026\/04\/03\/kackar-als-neues-bergsportparadies\/#breadcrumb\",\"itemListElement\":[{\"@type\":\"ListItem\",\"position\":1,\"name\":\"Startseite\",\"item\":\"https:\/\/www.tsp.at\/en\/\"},{\"@type\":\"ListItem\",\"position\":2,\"name\":\"Ka\u00e7kar als neues Bergsportparadies\"}]},{\"@type\":\"WebSite\",\"@id\":\"https:\/\/www.tsp.at\/en\/#website\",\"url\":\"https:\/\/www.tsp.at\/en\/\",\"name\":\"Temmel | Seywald - Corporate Communications\",\"description\":\"Kommunikation ist Beziehungsarbeit\",\"publisher\":{\"@id\":\"https:\/\/www.tsp.at\/en\/#organization\"},\"potentialAction\":[{\"@type\":\"SearchAction\",\"target\":{\"@type\":\"EntryPoint\",\"urlTemplate\":\"https:\/\/www.tsp.at\/en\/?s={search_term_string}\"},\"query-input\":{\"@type\":\"PropertyValueSpecification\",\"valueRequired\":true,\"valueName\":\"search_term_string\"}}],\"inLanguage\":\"en-US\"},{\"@type\":\"Organization\",\"@id\":\"https:\/\/www.tsp.at\/en\/#organization\",\"name\":\"Temmel, Seywald & Partner Communications GesmbH\",\"alternateName\":\"TSP\",\"url\":\"https:\/\/www.tsp.at\/en\/\",\"logo\":{\"@type\":\"ImageObject\",\"inLanguage\":\"en-US\",\"@id\":\"https:\/\/www.tsp.at\/en\/#\/schema\/logo\/image\/\",\"url\":\"https:\/\/www.tsp.at\/wp-content\/uploads\/2025\/10\/favicontsp.png\",\"contentUrl\":\"https:\/\/www.tsp.at\/wp-content\/uploads\/2025\/10\/favicontsp.png\",\"width\":125,\"height\":125,\"caption\":\"Temmel, Seywald & Partner Communications GesmbH\"},\"image\":{\"@id\":\"https:\/\/www.tsp.at\/en\/#\/schema\/logo\/image\/\"},\"sameAs\":[\"https:\/\/www.facebook.com\/TemmelSeywald\"]},{\"@type\":\"Person\",\"@id\":\"https:\/\/www.tsp.at\/en\/#\/schema\/person\/1ba5600c29da17b902b0925cea567f8a\",\"name\":\"TSP Redaktion\"}]}<\/script>\n<!-- \/ Yoast SEO plugin. -->","yoast_head_json":{"title":"Ka\u00e7kar als neues Bergsportparadies - Temmel | Seywald - Corporate Communications","robots":{"index":"index","follow":"follow","max-snippet":"max-snippet:-1","max-image-preview":"max-image-preview:large","max-video-preview":"max-video-preview:-1"},"canonical":"https:\/\/www.tsp.at\/en\/2026\/04\/03\/kackar-als-neues-bergsportparadies\/","og_locale":"en_US","og_type":"article","og_title":"Ka\u00e7kar als neues Bergsportparadies - Temmel | Seywald - Corporate Communications","og_description":"Die in Mitteleuropa nahezu unbekannten Ka\u00e7kar-Berge im Ostpontischen Gebirge sind die touristische Neuentdeckung des Jahres 2026. Der h\u00f6chste Gipfel \u2013 Ka\u00e7kar Da\u011f\u0131 \u2013 ist mit 3937 Metern sogar h\u00f6her als der Gro\u00dfglockner und liegt nur 40 km von der reizvollen Schwarzmeerk\u00fcste entfernt. Nach dem erfolgreichen Ultramarathon richtet die t\u00fcrkische Provinzstadt Rize vom 17. bis 18.&hellip;","og_url":"https:\/\/www.tsp.at\/en\/2026\/04\/03\/kackar-als-neues-bergsportparadies\/","og_site_name":"Temmel | Seywald - Corporate Communications","article_publisher":"https:\/\/www.facebook.com\/TemmelSeywald","article_published_time":"2026-04-03T08:34:21+00:00","article_modified_time":"2026-04-09T09:04:17+00:00","og_image":[{"width":2048,"height":1367,"url":"https:\/\/www.tsp.at\/wp-content\/uploads\/2026\/04\/Untitled-1-copy-scaled.jpg","type":"image\/jpeg"}],"author":"TSP Redaktion","twitter_card":"summary_large_image","twitter_misc":{"Written by":"TSP Redaktion","Est. reading time":"3 minutes"},"schema":{"@context":"https:\/\/schema.org","@graph":[{"@type":"Article","@id":"https:\/\/www.tsp.at\/en\/2026\/04\/03\/kackar-als-neues-bergsportparadies\/#article","isPartOf":{"@id":"https:\/\/www.tsp.at\/en\/2026\/04\/03\/kackar-als-neues-bergsportparadies\/"},"author":{"name":"TSP Redaktion","@id":"https:\/\/www.tsp.at\/en\/#\/schema\/person\/1ba5600c29da17b902b0925cea567f8a"},"headline":"Ka\u00e7kar als neues Bergsportparadies","datePublished":"2026-04-03T08:34:21+00:00","dateModified":"2026-04-09T09:04:17+00:00","mainEntityOfPage":{"@id":"https:\/\/www.tsp.at\/en\/2026\/04\/03\/kackar-als-neues-bergsportparadies\/"},"wordCount":422,"publisher":{"@id":"https:\/\/www.tsp.at\/en\/#organization"},"image":{"@id":"https:\/\/www.tsp.at\/en\/2026\/04\/03\/kackar-als-neues-bergsportparadies\/#primaryimage"},"thumbnailUrl":"https:\/\/www.tsp.at\/wp-content\/uploads\/2026\/04\/Untitled-1-copy-scaled.jpg","keywords":["Ka\u00e7kar","Reisen","Sommersport","Tourismus","T\u00fcrkei","Wintersport"],"articleSection":["News"],"inLanguage":"en-US"},{"@type":"WebPage","@id":"https:\/\/www.tsp.at\/en\/2026\/04\/03\/kackar-als-neues-bergsportparadies\/","url":"https:\/\/www.tsp.at\/en\/2026\/04\/03\/kackar-als-neues-bergsportparadies\/","name":"Ka\u00e7kar als neues Bergsportparadies - Temmel | Seywald - Corporate Communications","isPartOf":{"@id":"https:\/\/www.tsp.at\/en\/#website"},"primaryImageOfPage":{"@id":"https:\/\/www.tsp.at\/en\/2026\/04\/03\/kackar-als-neues-bergsportparadies\/#primaryimage"},"image":{"@id":"https:\/\/www.tsp.at\/en\/2026\/04\/03\/kackar-als-neues-bergsportparadies\/#primaryimage"},"thumbnailUrl":"https:\/\/www.tsp.at\/wp-content\/uploads\/2026\/04\/Untitled-1-copy-scaled.jpg","datePublished":"2026-04-03T08:34:21+00:00","dateModified":"2026-04-09T09:04:17+00:00","breadcrumb":{"@id":"https:\/\/www.tsp.at\/en\/2026\/04\/03\/kackar-als-neues-bergsportparadies\/#breadcrumb"},"inLanguage":"en-US","potentialAction":[{"@type":"ReadAction","target":["https:\/\/www.tsp.at\/en\/2026\/04\/03\/kackar-als-neues-bergsportparadies\/"]}]},{"@type":"ImageObject","inLanguage":"en-US","@id":"https:\/\/www.tsp.at\/en\/2026\/04\/03\/kackar-als-neues-bergsportparadies\/#primaryimage","url":"https:\/\/www.tsp.at\/wp-content\/uploads\/2026\/04\/Untitled-1-copy-scaled.jpg","contentUrl":"https:\/\/www.tsp.at\/wp-content\/uploads\/2026\/04\/Untitled-1-copy-scaled.jpg","width":2048,"height":1367,"caption":"Kac\u0327kar Mountains"},{"@type":"BreadcrumbList","@id":"https:\/\/www.tsp.at\/en\/2026\/04\/03\/kackar-als-neues-bergsportparadies\/#breadcrumb","itemListElement":[{"@type":"ListItem","position":1,"name":"Startseite","item":"https:\/\/www.tsp.at\/en\/"},{"@type":"ListItem","position":2,"name":"Ka\u00e7kar als neues Bergsportparadies"}]},{"@type":"WebSite","@id":"https:\/\/www.tsp.at\/en\/#website","url":"https:\/\/www.tsp.at\/en\/","name":"Temmel | Seywald - Corporate Communications","description":"Kommunikation ist Beziehungsarbeit","publisher":{"@id":"https:\/\/www.tsp.at\/en\/#organization"},"potentialAction":[{"@type":"SearchAction","target":{"@type":"EntryPoint","urlTemplate":"https:\/\/www.tsp.at\/en\/?s={search_term_string}"},"query-input":{"@type":"PropertyValueSpecification","valueRequired":true,"valueName":"search_term_string"}}],"inLanguage":"en-US"},{"@type":"Organization","@id":"https:\/\/www.tsp.at\/en\/#organization","name":"Temmel, Seywald & Partner Communications GesmbH","alternateName":"TSP","url":"https:\/\/www.tsp.at\/en\/","logo":{"@type":"ImageObject","inLanguage":"en-US","@id":"https:\/\/www.tsp.at\/en\/#\/schema\/logo\/image\/","url":"https:\/\/www.tsp.at\/wp-content\/uploads\/2025\/10\/favicontsp.png","contentUrl":"https:\/\/www.tsp.at\/wp-content\/uploads\/2025\/10\/favicontsp.png","width":125,"height":125,"caption":"Temmel, Seywald & Partner Communications GesmbH"},"image":{"@id":"https:\/\/www.tsp.at\/en\/#\/schema\/logo\/image\/"},"sameAs":["https:\/\/www.facebook.com\/TemmelSeywald"]},{"@type":"Person","@id":"https:\/\/www.tsp.at\/en\/#\/schema\/person\/1ba5600c29da17b902b0925cea567f8a","name":"TSP Redaktion"}]}},"_links":{"self":[{"href":"https:\/\/www.tsp.at\/en\/wp-json\/wp\/v2\/posts\/12410","targetHints":{"allow":["GET"]}}],"collection":[{"href":"https:\/\/www.tsp.at\/en\/wp-json\/wp\/v2\/posts"}],"about":[{"href":"https:\/\/www.tsp.at\/en\/wp-json\/wp\/v2\/types\/post"}],"author":[{"embeddable":true,"href":"https:\/\/www.tsp.at\/en\/wp-json\/wp\/v2\/users\/2"}],"replies":[{"embeddable":true,"href":"https:\/\/www.tsp.at\/en\/wp-json\/wp\/v2\/comments?post=12410"}],"version-history":[{"count":1,"href":"https:\/\/www.tsp.at\/en\/wp-json\/wp\/v2\/posts\/12410\/revisions"}],"predecessor-version":[{"id":12413,"href":"https:\/\/www.tsp.at\/en\/wp-json\/wp\/v2\/posts\/12410\/revisions\/12413"}],"wp:featuredmedia":[{"embeddable":true,"href":"https:\/\/www.tsp.at\/en\/wp-json\/wp\/v2\/media\/12412"}],"wp:attachment":[{"href":"https:\/\/www.tsp.at\/en\/wp-json\/wp\/v2\/media?parent=12410"}],"wp:term":[{"taxonomy":"category","embeddable":true,"href":"https:\/\/www.tsp.at\/en\/wp-json\/wp\/v2\/categories?post=12410"},{"taxonomy":"post_tag","embeddable":true,"href":"https:\/\/www.tsp.at\/en\/wp-json\/wp\/v2\/tags?post=12410"}],"curies":[{"name":"wp","href":"https:\/\/api.w.org\/{rel}","templated":true}]}}