{"id":12428,"date":"2026-04-21T09:33:38","date_gmt":"2026-04-21T07:33:38","guid":{"rendered":"https:\/\/www.tsp.at\/?p=12428"},"modified":"2026-04-22T09:35:43","modified_gmt":"2026-04-22T07:35:43","slug":"toleranzgespraeche-2026-widerstand-ist-machbar","status":"publish","type":"post","link":"https:\/\/www.tsp.at\/en\/2026\/04\/21\/toleranzgespraeche-2026-widerstand-ist-machbar\/","title":{"rendered":"Toleranzgespr\u00e4che 2026: Widerstand ist machbar"},"content":{"rendered":"<p><strong>Die ungarischen Parlamentswahlen haben es vorgezeigt: Widerstand gegen falsche Politik, Unrecht und Korruption ist machbar. Wie Auflehnung und Gegenwehr verantwortungsvoll und gewaltlos organisiert werden kann, das ist das Generalthema der Europ\u00e4ischen Toleranzgespr\u00e4che vom 17. bis 24. Mai 2026 im K\u00e4rntner Bergdorf Fresach. Rund 40 ExpertInnen aus Literatur und Philosophie, Wirtschaft und Wissenschaft melden sich zu Wort.<\/strong> <strong>Tickets und Programm gibt&#8217;s auf <\/strong><a href=\"https:\/\/www.fresach.org\/\"><strong>https:\/\/www.fresach.org\/<\/strong><\/a><strong>.<\/strong><\/p>\n<p>Er\u00f6ffnet wird die traditionelle Dialogwoche vor Pfingsten mit einem GehDENK-Konzert am Sonntag, den 17. Mai aus Anlass des 100. Geburtstages von Ingeborg Bachmann, die zeitlebens gegen die &#8220;herrschenden Verh\u00e4ltnisse&#8221; anschrieb. F\u00fcr die Er\u00f6ffnungsrede am Donnerstag, den 21. Mai in Fresach konnte der Historiker und Autor Doron Rabinovici gewonnen werden, die Folgen der Ungarn-Wahl f\u00fcr den Rechtspopulismus in Europa diskutieren die Politologin Melani Barlai, Autor Dimitr\u00e9 Dinev, Botschafter Thomas Peyker und ARD-Korrespondentin Susanne Glass.<\/p>\n<p>Den Auftakt des diesj\u00e4hrigen Programms organisiert der K\u00e4rntner SchriftstellerInnenverband (KSV) mit einem Toleranzforum f\u00fcr Schule und Literatur am Mittwoch, den 20. Mai, im Rathaus von Villach. Da wird es u.a. um neue &#8220;Spielregeln gegen die digitale Welt&#8221; gehen und um die &#8220;Bedeutung des Widerstands durch Worte und die Verantwortung der Sprache&#8221;, unter anderem mit Jugendforscher Bernhard Heinzlmaier, EU-Insider Hatto K\u00e4fer sowie den Autoren Anna Baar, Antonio Fian und Gerhard Ruiss. Die abendliche Er\u00f6ffnungsveranstaltung im Rathaus ist der Stadt Villach und ihrem Widerstand im Laufe der Zeiten gewidmet.<\/p>\n<p><strong>Strategien f\u00fcr den gewaltlosen Widerstand<\/strong><\/p>\n<p>Widerstand zu leisten, bevor es zu sp\u00e4t ist, diese Lehre hat Europa im vergangenen Jahrhundert gezogen. Diese Lektion haben auch viele L\u00e4nder und V\u00f6lker au\u00dferhalb gelernt oder lernen m\u00fcssen. Wer Frieden und Freiheit will, muss vorausschauen und jeder Einschr\u00e4nkung von UN-Menschenrechten und modernen Errungenschaften wie Demokratie und Meinungsfreiheit, Gewaltenteilung und Rechtstaatlichkeit fr\u00fchzeitig entgegentreten. Doch wie weit Widerstand gehen darf und soll, dar\u00fcber gehen die Meinungen auseinander, dar\u00fcber diskutiert Fresach.<\/p>\n<p><strong>Verantwortungsvoller Widerstand als Job<\/strong><\/p>\n<p><strong>20. Mai: Jugendforum, 14 Uhr: Spielregeln gegen die digitale Welt<\/strong><br \/>\nAus vielen Studien wei\u00df man, dass die intensive Nutzung von sozialen Medien krank und s\u00fcchtig macht, und die Bilderflut verheerende Folgen f\u00fcr die Entwicklung junger Menschen hat. Was tut die Europ\u00e4ische Union dagegen, welche M\u00f6glichkeiten haben Politik und Gesellschaft, die Ausw\u00fcchse der digitalen Welt in die Schranken zu weisen?<\/p>\n<p><strong>20. Mai: Literaturforum, 17 Uhr:<\/strong> <strong>Wo Gefahr ist, w\u00e4chst das Rettende auch<\/strong><br \/>\nSchriftsteller\/innen sehen sich verantwortlich f\u00fcr die Entwicklung der Gesellschaft, sie sind per se im Widerstand. Sie beschreiben was sie denken und f\u00fchlen, sie analysieren, was sie sehen. Sie k\u00e4mpfen mit Sprache und Worten, sie hadern mit der Macht und der Bevormundung. Doch was ist zu tun, damit Literatur im politischen Alltag \u00fcberhaupt noch geh\u00f6rt wird?<\/p>\n<p><strong>21. Mai: Europaforum, ab 9 Uhr: Wie weit darf Widerstand?<\/strong><br \/>\nDie Welt versinkt in Krisen, Extremisten und Autokraten beherrschen die Agenda. Der Regelbruch wird zur Regel, auf das V\u00f6lkerrecht gepfiffen. Die Nachkriegsordnung ist Schnee von gestern, was heute z\u00e4hlt ist St\u00e4rke, und hohes Drohpotenzial. Wie weit kann und darf Widerstand gehen, damit wir nicht die Fehler der Vergangenheit wiederholen?<\/p>\n<p><strong>22. Mai: Wirtschaftsforum, ab 9 Uhr: Ihr da oben, wir hier unten.<\/strong><br \/>\nWeltweit ist es der zunehmende Reichtum von ein paar Wenigen, der die Wut und Verzweiflung der Massen befeuert. In Europa begehren inzwischen Bauern und Unternehmer auf, weil sie den Regulierungswahn und die l\u00e4hmende B\u00fcrokratie satt haben. Wann wird der Druck zuviel, wann kocht der Topf \u00fcber? Und was sind die besten Strategien gegen falsche Politik?<\/p>\n<p><strong>Aufbruch zu Pfingsten<\/strong><\/p>\n<p>Die Europ\u00e4ischen Toleranzgespr\u00e4che 2026 finden in der Pfingstwoche statt und beginnen heuer mit einem GehDenk-Konzert am Sonntag, 17. Mai. Weitere Highlights sind die Verleihung des Europ\u00e4ischen Toleranzpreises am Donnerstag, 21. Mai, sowie literarische Interventionen am 22. Mai. Den Abschluss macht ein Toleranzfr\u00fchst\u00fcck am Samstag, 23. Mai. Zum Thema Widerstand gibt es eine Sonderausstellung im Toleranzmuseum Fresach. Die Gespr\u00e4che werden von der Stadt Villach, dem Land K\u00e4rnten, der Evangelischen Kirche und dem Kunstministerium unterst\u00fctzt.<\/p>\n<p><strong>Die Europ\u00e4ischen Toleranzgespr\u00e4che <\/strong><br \/>\nDie Europ\u00e4ischen Toleranzgespr\u00e4che finden seit 2015 allj\u00e4hrlich zu Pfingsten statt und behandeln gesellschaftliche Entwicklungen und politische Bildung zu Fragen der sozialen Integration, Demokratie und Menschenrechte. Die Gespr\u00e4che haben ihren Ursprung in den Fresacher Schriftstellertagungen, die von 1972 bis 1996 unter der \u00c4gide des K\u00e4rntner SchriftstellerInnenverbands (KSV) stattfanden. Die Veranstaltungen werden live aufgezeichnet und auf fresach.org, YouTube und Facebook gestreamt.<\/p>\n","protected":false},"excerpt":{"rendered":"<p>Die ungarischen Parlamentswahlen haben es vorgezeigt: Widerstand gegen falsche Politik, Unrecht und Korruption ist machbar. Wie Auflehnung und Gegenwehr verantwortungsvoll und gewaltlos organisiert werden kann, das ist das Generalthema der Europ\u00e4ischen Toleranzgespr\u00e4che vom 17. bis 24. Mai 2026 im K\u00e4rntner Bergdorf Fresach. Rund 40 ExpertInnen aus Literatur und Philosophie, Wirtschaft und Wissenschaft melden sich zu&hellip;<\/p>\n","protected":false},"author":2,"featured_media":12429,"comment_status":"closed","ping_status":"closed","sticky":false,"template":"","format":"standard","meta":{"footnotes":""},"categories":[3],"tags":[98,77,41,78],"class_list":["post-12428","post","type-post","status-publish","format-standard","has-post-thumbnail","hentry","category-news","tag-fresach","tag-kaernten","tag-toleranzgespraeche","tag-widerstand","category-3","description-off"],"yoast_head":"<!-- This site is optimized with the Yoast SEO plugin v26.3 - https:\/\/yoast.com\/wordpress\/plugins\/seo\/ -->\n<title>Toleranzgespr\u00e4che 2026: Widerstand ist machbar - Temmel | Seywald - Corporate Communications<\/title>\n<meta name=\"robots\" content=\"index, follow, max-snippet:-1, max-image-preview:large, max-video-preview:-1\" \/>\n<link rel=\"canonical\" href=\"https:\/\/www.tsp.at\/en\/2026\/04\/21\/toleranzgespraeche-2026-widerstand-ist-machbar\/\" \/>\n<meta property=\"og:locale\" content=\"en_US\" \/>\n<meta property=\"og:type\" content=\"article\" \/>\n<meta property=\"og:title\" content=\"Toleranzgespr\u00e4che 2026: Widerstand ist machbar - Temmel | Seywald - Corporate Communications\" \/>\n<meta property=\"og:description\" content=\"Die ungarischen Parlamentswahlen haben es vorgezeigt: Widerstand gegen falsche Politik, Unrecht und Korruption ist machbar. Wie Auflehnung und Gegenwehr verantwortungsvoll und gewaltlos organisiert werden kann, das ist das Generalthema der Europ\u00e4ischen Toleranzgespr\u00e4che vom 17. bis 24. Mai 2026 im K\u00e4rntner Bergdorf Fresach. Rund 40 ExpertInnen aus Literatur und Philosophie, Wirtschaft und Wissenschaft melden sich zu&hellip;\" \/>\n<meta property=\"og:url\" content=\"https:\/\/www.tsp.at\/en\/2026\/04\/21\/toleranzgespraeche-2026-widerstand-ist-machbar\/\" \/>\n<meta property=\"og:site_name\" content=\"Temmel | Seywald - Corporate Communications\" \/>\n<meta property=\"article:publisher\" content=\"https:\/\/www.facebook.com\/TemmelSeywald\" \/>\n<meta property=\"article:published_time\" content=\"2026-04-21T07:33:38+00:00\" \/>\n<meta property=\"article:modified_time\" content=\"2026-04-22T07:35:43+00:00\" \/>\n<meta property=\"og:image\" content=\"https:\/\/www.tsp.at\/wp-content\/uploads\/2026\/04\/Podiumsrunde-Widerstand-2-scaled.jpg\" \/>\n\t<meta property=\"og:image:width\" content=\"2048\" \/>\n\t<meta property=\"og:image:height\" content=\"600\" \/>\n\t<meta property=\"og:image:type\" content=\"image\/jpeg\" \/>\n<meta name=\"author\" content=\"TSP Redaktion\" \/>\n<meta name=\"twitter:card\" content=\"summary_large_image\" \/>\n<meta name=\"twitter:label1\" content=\"Written by\" \/>\n\t<meta name=\"twitter:data1\" content=\"TSP Redaktion\" \/>\n\t<meta name=\"twitter:label2\" content=\"Est. reading time\" \/>\n\t<meta name=\"twitter:data2\" content=\"5 minutes\" \/>\n<script type=\"application\/ld+json\" class=\"yoast-schema-graph\">{\"@context\":\"https:\/\/schema.org\",\"@graph\":[{\"@type\":\"Article\",\"@id\":\"https:\/\/www.tsp.at\/en\/2026\/04\/21\/toleranzgespraeche-2026-widerstand-ist-machbar\/#article\",\"isPartOf\":{\"@id\":\"https:\/\/www.tsp.at\/en\/2026\/04\/21\/toleranzgespraeche-2026-widerstand-ist-machbar\/\"},\"author\":{\"name\":\"TSP Redaktion\",\"@id\":\"https:\/\/www.tsp.at\/en\/#\/schema\/person\/1ba5600c29da17b902b0925cea567f8a\"},\"headline\":\"Toleranzgespr\u00e4che 2026: Widerstand ist machbar\",\"datePublished\":\"2026-04-21T07:33:38+00:00\",\"dateModified\":\"2026-04-22T07:35:43+00:00\",\"mainEntityOfPage\":{\"@id\":\"https:\/\/www.tsp.at\/en\/2026\/04\/21\/toleranzgespraeche-2026-widerstand-ist-machbar\/\"},\"wordCount\":731,\"publisher\":{\"@id\":\"https:\/\/www.tsp.at\/en\/#organization\"},\"image\":{\"@id\":\"https:\/\/www.tsp.at\/en\/2026\/04\/21\/toleranzgespraeche-2026-widerstand-ist-machbar\/#primaryimage\"},\"thumbnailUrl\":\"https:\/\/www.tsp.at\/wp-content\/uploads\/2026\/04\/Podiumsrunde-Widerstand-2-scaled.jpg\",\"keywords\":[\"Fresach\",\"K\u00e4rnten\",\"Toleranzgespr\u00e4che\",\"Widerstand\"],\"articleSection\":[\"News\"],\"inLanguage\":\"en-US\"},{\"@type\":\"WebPage\",\"@id\":\"https:\/\/www.tsp.at\/en\/2026\/04\/21\/toleranzgespraeche-2026-widerstand-ist-machbar\/\",\"url\":\"https:\/\/www.tsp.at\/en\/2026\/04\/21\/toleranzgespraeche-2026-widerstand-ist-machbar\/\",\"name\":\"Toleranzgespr\u00e4che 2026: Widerstand ist machbar - Temmel | Seywald - Corporate Communications\",\"isPartOf\":{\"@id\":\"https:\/\/www.tsp.at\/en\/#website\"},\"primaryImageOfPage\":{\"@id\":\"https:\/\/www.tsp.at\/en\/2026\/04\/21\/toleranzgespraeche-2026-widerstand-ist-machbar\/#primaryimage\"},\"image\":{\"@id\":\"https:\/\/www.tsp.at\/en\/2026\/04\/21\/toleranzgespraeche-2026-widerstand-ist-machbar\/#primaryimage\"},\"thumbnailUrl\":\"https:\/\/www.tsp.at\/wp-content\/uploads\/2026\/04\/Podiumsrunde-Widerstand-2-scaled.jpg\",\"datePublished\":\"2026-04-21T07:33:38+00:00\",\"dateModified\":\"2026-04-22T07:35:43+00:00\",\"breadcrumb\":{\"@id\":\"https:\/\/www.tsp.at\/en\/2026\/04\/21\/toleranzgespraeche-2026-widerstand-ist-machbar\/#breadcrumb\"},\"inLanguage\":\"en-US\",\"potentialAction\":[{\"@type\":\"ReadAction\",\"target\":[\"https:\/\/www.tsp.at\/en\/2026\/04\/21\/toleranzgespraeche-2026-widerstand-ist-machbar\/\"]}]},{\"@type\":\"ImageObject\",\"inLanguage\":\"en-US\",\"@id\":\"https:\/\/www.tsp.at\/en\/2026\/04\/21\/toleranzgespraeche-2026-widerstand-ist-machbar\/#primaryimage\",\"url\":\"https:\/\/www.tsp.at\/wp-content\/uploads\/2026\/04\/Podiumsrunde-Widerstand-2-scaled.jpg\",\"contentUrl\":\"https:\/\/www.tsp.at\/wp-content\/uploads\/2026\/04\/Podiumsrunde-Widerstand-2-scaled.jpg\",\"width\":2048,\"height\":600,\"caption\":\"Podiumsrunde zum Thema Widerstand in Fresach\"},{\"@type\":\"BreadcrumbList\",\"@id\":\"https:\/\/www.tsp.at\/en\/2026\/04\/21\/toleranzgespraeche-2026-widerstand-ist-machbar\/#breadcrumb\",\"itemListElement\":[{\"@type\":\"ListItem\",\"position\":1,\"name\":\"Startseite\",\"item\":\"https:\/\/www.tsp.at\/en\/\"},{\"@type\":\"ListItem\",\"position\":2,\"name\":\"Toleranzgespr\u00e4che 2026: Widerstand ist machbar\"}]},{\"@type\":\"WebSite\",\"@id\":\"https:\/\/www.tsp.at\/en\/#website\",\"url\":\"https:\/\/www.tsp.at\/en\/\",\"name\":\"Temmel | Seywald - Corporate Communications\",\"description\":\"Kommunikation ist Beziehungsarbeit\",\"publisher\":{\"@id\":\"https:\/\/www.tsp.at\/en\/#organization\"},\"potentialAction\":[{\"@type\":\"SearchAction\",\"target\":{\"@type\":\"EntryPoint\",\"urlTemplate\":\"https:\/\/www.tsp.at\/en\/?s={search_term_string}\"},\"query-input\":{\"@type\":\"PropertyValueSpecification\",\"valueRequired\":true,\"valueName\":\"search_term_string\"}}],\"inLanguage\":\"en-US\"},{\"@type\":\"Organization\",\"@id\":\"https:\/\/www.tsp.at\/en\/#organization\",\"name\":\"Temmel, Seywald & Partner Communications GesmbH\",\"alternateName\":\"TSP\",\"url\":\"https:\/\/www.tsp.at\/en\/\",\"logo\":{\"@type\":\"ImageObject\",\"inLanguage\":\"en-US\",\"@id\":\"https:\/\/www.tsp.at\/en\/#\/schema\/logo\/image\/\",\"url\":\"https:\/\/www.tsp.at\/wp-content\/uploads\/2025\/10\/favicontsp.png\",\"contentUrl\":\"https:\/\/www.tsp.at\/wp-content\/uploads\/2025\/10\/favicontsp.png\",\"width\":125,\"height\":125,\"caption\":\"Temmel, Seywald & Partner Communications GesmbH\"},\"image\":{\"@id\":\"https:\/\/www.tsp.at\/en\/#\/schema\/logo\/image\/\"},\"sameAs\":[\"https:\/\/www.facebook.com\/TemmelSeywald\"]},{\"@type\":\"Person\",\"@id\":\"https:\/\/www.tsp.at\/en\/#\/schema\/person\/1ba5600c29da17b902b0925cea567f8a\",\"name\":\"TSP Redaktion\"}]}<\/script>\n<!-- \/ Yoast SEO plugin. -->","yoast_head_json":{"title":"Toleranzgespr\u00e4che 2026: Widerstand ist machbar - Temmel | Seywald - Corporate Communications","robots":{"index":"index","follow":"follow","max-snippet":"max-snippet:-1","max-image-preview":"max-image-preview:large","max-video-preview":"max-video-preview:-1"},"canonical":"https:\/\/www.tsp.at\/en\/2026\/04\/21\/toleranzgespraeche-2026-widerstand-ist-machbar\/","og_locale":"en_US","og_type":"article","og_title":"Toleranzgespr\u00e4che 2026: Widerstand ist machbar - Temmel | Seywald - Corporate Communications","og_description":"Die ungarischen Parlamentswahlen haben es vorgezeigt: Widerstand gegen falsche Politik, Unrecht und Korruption ist machbar. Wie Auflehnung und Gegenwehr verantwortungsvoll und gewaltlos organisiert werden kann, das ist das Generalthema der Europ\u00e4ischen Toleranzgespr\u00e4che vom 17. bis 24. Mai 2026 im K\u00e4rntner Bergdorf Fresach. Rund 40 ExpertInnen aus Literatur und Philosophie, Wirtschaft und Wissenschaft melden sich zu&hellip;","og_url":"https:\/\/www.tsp.at\/en\/2026\/04\/21\/toleranzgespraeche-2026-widerstand-ist-machbar\/","og_site_name":"Temmel | Seywald - Corporate Communications","article_publisher":"https:\/\/www.facebook.com\/TemmelSeywald","article_published_time":"2026-04-21T07:33:38+00:00","article_modified_time":"2026-04-22T07:35:43+00:00","og_image":[{"width":2048,"height":600,"url":"https:\/\/www.tsp.at\/wp-content\/uploads\/2026\/04\/Podiumsrunde-Widerstand-2-scaled.jpg","type":"image\/jpeg"}],"author":"TSP Redaktion","twitter_card":"summary_large_image","twitter_misc":{"Written by":"TSP Redaktion","Est. reading time":"5 minutes"},"schema":{"@context":"https:\/\/schema.org","@graph":[{"@type":"Article","@id":"https:\/\/www.tsp.at\/en\/2026\/04\/21\/toleranzgespraeche-2026-widerstand-ist-machbar\/#article","isPartOf":{"@id":"https:\/\/www.tsp.at\/en\/2026\/04\/21\/toleranzgespraeche-2026-widerstand-ist-machbar\/"},"author":{"name":"TSP Redaktion","@id":"https:\/\/www.tsp.at\/en\/#\/schema\/person\/1ba5600c29da17b902b0925cea567f8a"},"headline":"Toleranzgespr\u00e4che 2026: Widerstand ist machbar","datePublished":"2026-04-21T07:33:38+00:00","dateModified":"2026-04-22T07:35:43+00:00","mainEntityOfPage":{"@id":"https:\/\/www.tsp.at\/en\/2026\/04\/21\/toleranzgespraeche-2026-widerstand-ist-machbar\/"},"wordCount":731,"publisher":{"@id":"https:\/\/www.tsp.at\/en\/#organization"},"image":{"@id":"https:\/\/www.tsp.at\/en\/2026\/04\/21\/toleranzgespraeche-2026-widerstand-ist-machbar\/#primaryimage"},"thumbnailUrl":"https:\/\/www.tsp.at\/wp-content\/uploads\/2026\/04\/Podiumsrunde-Widerstand-2-scaled.jpg","keywords":["Fresach","K\u00e4rnten","Toleranzgespr\u00e4che","Widerstand"],"articleSection":["News"],"inLanguage":"en-US"},{"@type":"WebPage","@id":"https:\/\/www.tsp.at\/en\/2026\/04\/21\/toleranzgespraeche-2026-widerstand-ist-machbar\/","url":"https:\/\/www.tsp.at\/en\/2026\/04\/21\/toleranzgespraeche-2026-widerstand-ist-machbar\/","name":"Toleranzgespr\u00e4che 2026: Widerstand ist machbar - Temmel | Seywald - Corporate Communications","isPartOf":{"@id":"https:\/\/www.tsp.at\/en\/#website"},"primaryImageOfPage":{"@id":"https:\/\/www.tsp.at\/en\/2026\/04\/21\/toleranzgespraeche-2026-widerstand-ist-machbar\/#primaryimage"},"image":{"@id":"https:\/\/www.tsp.at\/en\/2026\/04\/21\/toleranzgespraeche-2026-widerstand-ist-machbar\/#primaryimage"},"thumbnailUrl":"https:\/\/www.tsp.at\/wp-content\/uploads\/2026\/04\/Podiumsrunde-Widerstand-2-scaled.jpg","datePublished":"2026-04-21T07:33:38+00:00","dateModified":"2026-04-22T07:35:43+00:00","breadcrumb":{"@id":"https:\/\/www.tsp.at\/en\/2026\/04\/21\/toleranzgespraeche-2026-widerstand-ist-machbar\/#breadcrumb"},"inLanguage":"en-US","potentialAction":[{"@type":"ReadAction","target":["https:\/\/www.tsp.at\/en\/2026\/04\/21\/toleranzgespraeche-2026-widerstand-ist-machbar\/"]}]},{"@type":"ImageObject","inLanguage":"en-US","@id":"https:\/\/www.tsp.at\/en\/2026\/04\/21\/toleranzgespraeche-2026-widerstand-ist-machbar\/#primaryimage","url":"https:\/\/www.tsp.at\/wp-content\/uploads\/2026\/04\/Podiumsrunde-Widerstand-2-scaled.jpg","contentUrl":"https:\/\/www.tsp.at\/wp-content\/uploads\/2026\/04\/Podiumsrunde-Widerstand-2-scaled.jpg","width":2048,"height":600,"caption":"Podiumsrunde zum Thema Widerstand in Fresach"},{"@type":"BreadcrumbList","@id":"https:\/\/www.tsp.at\/en\/2026\/04\/21\/toleranzgespraeche-2026-widerstand-ist-machbar\/#breadcrumb","itemListElement":[{"@type":"ListItem","position":1,"name":"Startseite","item":"https:\/\/www.tsp.at\/en\/"},{"@type":"ListItem","position":2,"name":"Toleranzgespr\u00e4che 2026: Widerstand ist machbar"}]},{"@type":"WebSite","@id":"https:\/\/www.tsp.at\/en\/#website","url":"https:\/\/www.tsp.at\/en\/","name":"Temmel | Seywald - Corporate Communications","description":"Kommunikation ist Beziehungsarbeit","publisher":{"@id":"https:\/\/www.tsp.at\/en\/#organization"},"potentialAction":[{"@type":"SearchAction","target":{"@type":"EntryPoint","urlTemplate":"https:\/\/www.tsp.at\/en\/?s={search_term_string}"},"query-input":{"@type":"PropertyValueSpecification","valueRequired":true,"valueName":"search_term_string"}}],"inLanguage":"en-US"},{"@type":"Organization","@id":"https:\/\/www.tsp.at\/en\/#organization","name":"Temmel, Seywald & Partner Communications GesmbH","alternateName":"TSP","url":"https:\/\/www.tsp.at\/en\/","logo":{"@type":"ImageObject","inLanguage":"en-US","@id":"https:\/\/www.tsp.at\/en\/#\/schema\/logo\/image\/","url":"https:\/\/www.tsp.at\/wp-content\/uploads\/2025\/10\/favicontsp.png","contentUrl":"https:\/\/www.tsp.at\/wp-content\/uploads\/2025\/10\/favicontsp.png","width":125,"height":125,"caption":"Temmel, Seywald & Partner Communications GesmbH"},"image":{"@id":"https:\/\/www.tsp.at\/en\/#\/schema\/logo\/image\/"},"sameAs":["https:\/\/www.facebook.com\/TemmelSeywald"]},{"@type":"Person","@id":"https:\/\/www.tsp.at\/en\/#\/schema\/person\/1ba5600c29da17b902b0925cea567f8a","name":"TSP Redaktion"}]}},"_links":{"self":[{"href":"https:\/\/www.tsp.at\/en\/wp-json\/wp\/v2\/posts\/12428","targetHints":{"allow":["GET"]}}],"collection":[{"href":"https:\/\/www.tsp.at\/en\/wp-json\/wp\/v2\/posts"}],"about":[{"href":"https:\/\/www.tsp.at\/en\/wp-json\/wp\/v2\/types\/post"}],"author":[{"embeddable":true,"href":"https:\/\/www.tsp.at\/en\/wp-json\/wp\/v2\/users\/2"}],"replies":[{"embeddable":true,"href":"https:\/\/www.tsp.at\/en\/wp-json\/wp\/v2\/comments?post=12428"}],"version-history":[{"count":1,"href":"https:\/\/www.tsp.at\/en\/wp-json\/wp\/v2\/posts\/12428\/revisions"}],"predecessor-version":[{"id":12430,"href":"https:\/\/www.tsp.at\/en\/wp-json\/wp\/v2\/posts\/12428\/revisions\/12430"}],"wp:featuredmedia":[{"embeddable":true,"href":"https:\/\/www.tsp.at\/en\/wp-json\/wp\/v2\/media\/12429"}],"wp:attachment":[{"href":"https:\/\/www.tsp.at\/en\/wp-json\/wp\/v2\/media?parent=12428"}],"wp:term":[{"taxonomy":"category","embeddable":true,"href":"https:\/\/www.tsp.at\/en\/wp-json\/wp\/v2\/categories?post=12428"},{"taxonomy":"post_tag","embeddable":true,"href":"https:\/\/www.tsp.at\/en\/wp-json\/wp\/v2\/tags?post=12428"}],"curies":[{"name":"wp","href":"https:\/\/api.w.org\/{rel}","templated":true}]}}