{"id":12433,"date":"2026-04-29T11:19:59","date_gmt":"2026-04-29T09:19:59","guid":{"rendered":"https:\/\/www.tsp.at\/?p=12433"},"modified":"2026-04-29T11:20:12","modified_gmt":"2026-04-29T09:20:12","slug":"doron-rabinovici-eroeffnet-toleranzgespraeche-2026","status":"publish","type":"post","link":"https:\/\/www.tsp.at\/en\/2026\/04\/29\/doron-rabinovici-eroeffnet-toleranzgespraeche-2026\/","title":{"rendered":"Doron Rabinovici er\u00f6ffnet Toleranzgespr\u00e4che 2026"},"content":{"rendered":"<p><strong>Widerstand, Aufruhr und Revolutionen gegen Obrigkeit und totalit\u00e4re Systeme haben die Menschheitsgeschichte von Anfang an begleitet. Doch was sind die Faktoren daf\u00fcr, dass die Auflehnung auch gelingt? Die 12. Europ\u00e4ischen Toleranzgespr\u00e4che 2026 im K\u00e4rntner Bergdorf Fresach versuchen, Antworten zu geben, die Er\u00f6ffnungsrede am 21. Mai bestreitet der Wiener Historiker und Autor Doron Rabinovici. Tickets und Anmeldungen auf der Webseite:<\/strong> <a href=\"http:\/\/www.fresach.org\">http:\/\/www.fresach.org<\/a><\/p>\n<p>Wenn die Welt in Unordnung ger\u00e4t oder sogar zum Verlie\u00df wird ohne Ausgang, gibt es nur zwei Handlungsoptionen \u2013 die H\u00e4nde in den Scho\u00df legen und zuschauen, oder den Aufstand proben. Die Menschheit ist ge\u00fcbt im Leiden, aber auch im Widerstand gegen Unrecht und Unterdr\u00fcckung, die nicht selten zu Gewaltausbr\u00fcchen f\u00fchrt und \u2013 wie zuletzt im Iran geschehen, die Unterdr\u00fcckung nur noch schlimmer machen. Mit Begriffen wie &#8220;Liebe&#8221; oder &#8220;Verantwortung&#8221; ist den politischen Fakten schwer beizukommen, zumal in Zeiten, in denen der Gegner zu schweren Waffen greift.<\/p>\n<p>Doron Rabinovici ist Ehrengast und Er\u00f6ffnungsredner 2026. Der mehrfach ausgezeichnete Autor z\u00e4hlt zu den bekanntesten literarischen Stimmen des Landes, seine B\u00fccher befassen sich mit Ressentiments und Rassismus, Antisemitismus und Aufbegehren. Mit der Zuspitzung des Nahostkonflikts und dem gewaltsamen Vorgehen Israels gegen seine Nachbarn hat auch er seine Not, denn seine ganz pers\u00f6nliche Familiengeschichte ist eine der Verfolgung und Vertreibung. Er pl\u00e4diert f\u00fcr &#8220;einen aufrechten Gang&#8221;, und spricht in Fresach &#8220;Vom ewigen Widerstand&#8221;.<\/p>\n<p>Nach der Er\u00f6ffnungsrede wird eine politische Diskussionsrunde die Frage er\u00f6rtern, wie weit Widerstand gehen darf, ohne gr\u00f6\u00dferen Schaden anzurichten, wo Verantwortung und R\u00fccksicht besser sind als Druck und Gewalt. Das j\u00fcngste Beispiel, die Abwahl Viktor Orbans in Budapest, wird dabei von der ungarischen Politologin Melani Barlai nachgezeichnet, die ARD-Korrespondentin Susanne Glass und EU-Botschafter Thomas Peyker werfen den Blick von au\u00dfen durch das europ\u00e4ische Brennglas. Bestsellerautor Dimitr\u00e9 Dinev liefert seine ganz pers\u00f6nlichen Erfahrungen im Umgang mit Widerstand.<\/p>\n<p>Am Nachmittag geht es um nicht weniger als die &#8220;Revolution&#8221; und den dichterischen &#8220;Widerstand gegen die herrschenden Verh\u00e4ltnisse&#8221;. Der 100. Geburtstag von Ingeborg Bachmann ist Anlass f\u00fcr eine Podiumsdiskussion der Bachmann-Kennerinnen Irene Fu\u00dfl aus Salzburg, Simone Sch\u00f6nett aus K\u00e4rnten, Ines Charlotte Knoll aus Wien und der ORF-Filmerin Barbara Frank, die auf den Spuren der gro\u00dfen Dichterin verschollene Aufnahmen entdeckt hat. Moderiert wird die Runde von Katharina Herzmansky, Leiterin des Ingeborg Bachmann Hauses in Klagenfurt.<\/p>\n<p>H\u00f6hepunkt des Nachmittags ist eine \u00f6kumenisch-theologische Podiumsrunde \u00fcber den Antagonismus zwischen &#8220;Widerstand und Feindesliebe&#8221;. Den Feind lieben hei\u00dft ihn mit anderen Augen zu sehen, sagt der Benediktinerpater Anselm Gr\u00fcn. Hass und Rache k\u00f6nnten nur durch Gewaltlosigkeit und Bereitschaft zur Vers\u00f6hnung \u00fcberwunden werden. Diese spannende Aufgabenstellung diskutieren Psychotherapeut Arnold Mettnitzer, der Pr\u00e4sident der Katholischen Aktion, Ferdinand Kaineder, die evangelische Superintendentin Andrea Mattioli und Islamkritikerin Mina Ahadi.<\/p>\n<p>Donnerstag, 21. Mai \u2013 9 Uhr: Begr\u00fc\u00dfung<br \/>\n<strong>Er\u00f6ffnung der Europ\u00e4ischen Toleranzgespr\u00e4che<\/strong><\/p>\n<p>9.30 Uhr: Er\u00f6ffnungsrede von Doron Rabinovici<br \/>\n<strong>Vom ewigen Widerstand &#8211; Pl\u00e4doyer f\u00fcr einen aufrechten Gang<\/strong><br \/>\nLivestream: <a href=\"https:\/\/www.youtube.com\/live\/mAmqNpPnZZM\">https:\/\/www.youtube.com\/live\/mAmqNpPnZZM<\/a><\/p>\n<p>11 Uhr: Europaforum I<br \/>\n<strong>Welt in Aufruhr: Wie weit darf Widerstand?<\/strong><br \/>\nPodiumsgespr\u00e4ch mit Doron Rabinovici, ARD-Korrespondentin Susanne Glass, Politologin Melani Barlai, EU-Botschafter Thomas Peyer und Autor Dimitr\u00e9 Dinev, moderiert von <i>Kleine Zeitung<\/i>-Herausgeber Hubert Patterer.<br \/>\nLivestream: <a href=\"https:\/\/www.youtube.com\/live\/XeXZvRGRqEQ\">https:\/\/youtube.com\/live\/XeXZvRGRqEQ<\/a><\/p>\n<p>14 Uhr: Europaforum II<br \/>\n<strong>Es komme die Revolution. Widerstand in den Schriften von Ingeborg Bachmann<\/strong><br \/>\nMit den Bachmann-Kennerinnen Irene Fu\u00dfl, Simone Sch\u00f6nett, Ines Charlotte Knoll und Barbara Frank. Moderation: Katharina Herzmansky (Bachmann-Haus).<br \/>\nLivestream: <a href=\"https:\/\/youtube.com\/live\/qo8n3IwNlKU\">https:\/\/youtube.com\/live\/qo8n3IwNlKU<\/a><\/p>\n<p>16 Uhr: Europaforum III<br \/>\n<strong>Widerstand und Feindesliebe: Umgang mit Unrecht<\/strong><br \/>\n\u00dcber die Macht des Glaubens im Zeitalter des Glaubensverlustes<br \/>\nMit Arnold Mettnitzer, Ferdinand Kaineder, Andrea Mattioli und Mina Ahadi. Moderation: Peter Fritz (ORF).<br \/>\nLivestream: <a href=\"https:\/\/youtube.com\/live\/kelloym0Z6Q\">https:\/\/youtube.com\/live\/kelloym0Z6Q<\/a><\/p>\n<p>18.30 Uhr: Preisverleihung<br \/>\n<strong>Gegen Gewalt | Gewaltlos widerst\u00e4ndig<\/strong><br \/>\nEin Gespr\u00e4ch von Chefredakteur Claus Reitan mit der \u00c4rztin und Sozialarbeiterin Umyma El-Jelede \u00fcber den Widerstand von Frauen in patriarchalen Gesellschaften.<br \/>\nLivestream: <a href=\"https:\/\/www.youtube.com\/live\/1ZDXl85w3io\">https:\/\/www.youtube.com\/live\/1ZDXl85w3io<\/a><\/p>\n<p><strong>Die Europ\u00e4ischen Toleranzgespr\u00e4che <\/strong><br \/>\nfinden seit 2015 allj\u00e4hrlich zu Pfingsten statt und behandeln gesellschaftliche Entwicklungen und politische Bildung zu Fragen der sozialen Integration, Demokratie und Menschenrechte. Die Gespr\u00e4che haben ihren Ursprung in den Fresacher Schriftstellertagungen, die von 1972 bis 1996 unter der \u00c4gide des K\u00e4rntner SchriftstellerInnenverbands (KSV) stattfanden. Die Toleranzgespr\u00e4che werden vom Land K\u00e4rnten, der Stadt Villach, dem Kulturministerium und der Evangelische Kirche unterst\u00fctzt und vom KSV begleitet.<\/p>\n<p>&nbsp;<\/p>\n","protected":false},"excerpt":{"rendered":"<p>Widerstand, Aufruhr und Revolutionen gegen Obrigkeit und totalit\u00e4re Systeme haben die Menschheitsgeschichte von Anfang an begleitet. Doch was sind die Faktoren daf\u00fcr, dass die Auflehnung auch gelingt? Die 12. Europ\u00e4ischen Toleranzgespr\u00e4che 2026 im K\u00e4rntner Bergdorf Fresach versuchen, Antworten zu geben, die Er\u00f6ffnungsrede am 21. Mai bestreitet der Wiener Historiker und Autor Doron Rabinovici. Tickets und&hellip;<\/p>\n","protected":false},"author":2,"featured_media":12434,"comment_status":"closed","ping_status":"closed","sticky":false,"template":"","format":"standard","meta":{"footnotes":""},"categories":[3],"tags":[98,119,41,78],"class_list":["post-12433","post","type-post","status-publish","format-standard","has-post-thumbnail","hentry","category-news","tag-fresach","tag-rabinovici","tag-toleranzgespraeche","tag-widerstand","category-3","description-off"],"yoast_head":"<!-- This site is optimized with the Yoast SEO plugin v26.3 - https:\/\/yoast.com\/wordpress\/plugins\/seo\/ -->\n<title>Doron Rabinovici er\u00f6ffnet Toleranzgespr\u00e4che 2026 - Temmel | Seywald - Corporate Communications<\/title>\n<meta name=\"robots\" content=\"index, follow, max-snippet:-1, max-image-preview:large, max-video-preview:-1\" \/>\n<link rel=\"canonical\" href=\"https:\/\/www.tsp.at\/en\/2026\/04\/29\/doron-rabinovici-eroeffnet-toleranzgespraeche-2026\/\" \/>\n<meta property=\"og:locale\" content=\"en_US\" \/>\n<meta property=\"og:type\" content=\"article\" \/>\n<meta property=\"og:title\" content=\"Doron Rabinovici er\u00f6ffnet Toleranzgespr\u00e4che 2026 - Temmel | Seywald - Corporate Communications\" \/>\n<meta property=\"og:description\" content=\"Widerstand, Aufruhr und Revolutionen gegen Obrigkeit und totalit\u00e4re Systeme haben die Menschheitsgeschichte von Anfang an begleitet. Doch was sind die Faktoren daf\u00fcr, dass die Auflehnung auch gelingt? Die 12. Europ\u00e4ischen Toleranzgespr\u00e4che 2026 im K\u00e4rntner Bergdorf Fresach versuchen, Antworten zu geben, die Er\u00f6ffnungsrede am 21. Mai bestreitet der Wiener Historiker und Autor Doron Rabinovici. Tickets und&hellip;\" \/>\n<meta property=\"og:url\" content=\"https:\/\/www.tsp.at\/en\/2026\/04\/29\/doron-rabinovici-eroeffnet-toleranzgespraeche-2026\/\" \/>\n<meta property=\"og:site_name\" content=\"Temmel | Seywald - Corporate Communications\" \/>\n<meta property=\"article:publisher\" content=\"https:\/\/www.facebook.com\/TemmelSeywald\" \/>\n<meta property=\"article:published_time\" content=\"2026-04-29T09:19:59+00:00\" \/>\n<meta property=\"article:modified_time\" content=\"2026-04-29T09:20:12+00:00\" \/>\n<meta property=\"og:image\" content=\"https:\/\/www.tsp.at\/wp-content\/uploads\/2026\/04\/4_youtube_1280x720_Rabinovici.png\" \/>\n\t<meta property=\"og:image:width\" content=\"1280\" \/>\n\t<meta property=\"og:image:height\" content=\"720\" \/>\n\t<meta property=\"og:image:type\" content=\"image\/png\" \/>\n<meta name=\"author\" content=\"TSP Redaktion\" \/>\n<meta name=\"twitter:card\" content=\"summary_large_image\" \/>\n<meta name=\"twitter:label1\" content=\"Written by\" \/>\n\t<meta name=\"twitter:data1\" content=\"TSP Redaktion\" \/>\n\t<meta name=\"twitter:label2\" content=\"Est. reading time\" \/>\n\t<meta name=\"twitter:data2\" content=\"4 minutes\" \/>\n<script type=\"application\/ld+json\" class=\"yoast-schema-graph\">{\"@context\":\"https:\/\/schema.org\",\"@graph\":[{\"@type\":\"Article\",\"@id\":\"https:\/\/www.tsp.at\/en\/2026\/04\/29\/doron-rabinovici-eroeffnet-toleranzgespraeche-2026\/#article\",\"isPartOf\":{\"@id\":\"https:\/\/www.tsp.at\/en\/2026\/04\/29\/doron-rabinovici-eroeffnet-toleranzgespraeche-2026\/\"},\"author\":{\"name\":\"TSP Redaktion\",\"@id\":\"https:\/\/www.tsp.at\/en\/#\/schema\/person\/1ba5600c29da17b902b0925cea567f8a\"},\"headline\":\"Doron Rabinovici er\u00f6ffnet Toleranzgespr\u00e4che 2026\",\"datePublished\":\"2026-04-29T09:19:59+00:00\",\"dateModified\":\"2026-04-29T09:20:12+00:00\",\"mainEntityOfPage\":{\"@id\":\"https:\/\/www.tsp.at\/en\/2026\/04\/29\/doron-rabinovici-eroeffnet-toleranzgespraeche-2026\/\"},\"wordCount\":743,\"publisher\":{\"@id\":\"https:\/\/www.tsp.at\/en\/#organization\"},\"image\":{\"@id\":\"https:\/\/www.tsp.at\/en\/2026\/04\/29\/doron-rabinovici-eroeffnet-toleranzgespraeche-2026\/#primaryimage\"},\"thumbnailUrl\":\"https:\/\/www.tsp.at\/wp-content\/uploads\/2026\/04\/4_youtube_1280x720_Rabinovici.png\",\"keywords\":[\"Fresach\",\"Rabinovici\",\"Toleranzgespr\u00e4che\",\"Widerstand\"],\"articleSection\":[\"News\"],\"inLanguage\":\"en-US\"},{\"@type\":\"WebPage\",\"@id\":\"https:\/\/www.tsp.at\/en\/2026\/04\/29\/doron-rabinovici-eroeffnet-toleranzgespraeche-2026\/\",\"url\":\"https:\/\/www.tsp.at\/en\/2026\/04\/29\/doron-rabinovici-eroeffnet-toleranzgespraeche-2026\/\",\"name\":\"Doron Rabinovici er\u00f6ffnet Toleranzgespr\u00e4che 2026 - Temmel | Seywald - Corporate Communications\",\"isPartOf\":{\"@id\":\"https:\/\/www.tsp.at\/en\/#website\"},\"primaryImageOfPage\":{\"@id\":\"https:\/\/www.tsp.at\/en\/2026\/04\/29\/doron-rabinovici-eroeffnet-toleranzgespraeche-2026\/#primaryimage\"},\"image\":{\"@id\":\"https:\/\/www.tsp.at\/en\/2026\/04\/29\/doron-rabinovici-eroeffnet-toleranzgespraeche-2026\/#primaryimage\"},\"thumbnailUrl\":\"https:\/\/www.tsp.at\/wp-content\/uploads\/2026\/04\/4_youtube_1280x720_Rabinovici.png\",\"datePublished\":\"2026-04-29T09:19:59+00:00\",\"dateModified\":\"2026-04-29T09:20:12+00:00\",\"breadcrumb\":{\"@id\":\"https:\/\/www.tsp.at\/en\/2026\/04\/29\/doron-rabinovici-eroeffnet-toleranzgespraeche-2026\/#breadcrumb\"},\"inLanguage\":\"en-US\",\"potentialAction\":[{\"@type\":\"ReadAction\",\"target\":[\"https:\/\/www.tsp.at\/en\/2026\/04\/29\/doron-rabinovici-eroeffnet-toleranzgespraeche-2026\/\"]}]},{\"@type\":\"ImageObject\",\"inLanguage\":\"en-US\",\"@id\":\"https:\/\/www.tsp.at\/en\/2026\/04\/29\/doron-rabinovici-eroeffnet-toleranzgespraeche-2026\/#primaryimage\",\"url\":\"https:\/\/www.tsp.at\/wp-content\/uploads\/2026\/04\/4_youtube_1280x720_Rabinovici.png\",\"contentUrl\":\"https:\/\/www.tsp.at\/wp-content\/uploads\/2026\/04\/4_youtube_1280x720_Rabinovici.png\",\"width\":1280,\"height\":720,\"caption\":\"Er\u00f6ffnungsredner Doron Rabinovici\"},{\"@type\":\"BreadcrumbList\",\"@id\":\"https:\/\/www.tsp.at\/en\/2026\/04\/29\/doron-rabinovici-eroeffnet-toleranzgespraeche-2026\/#breadcrumb\",\"itemListElement\":[{\"@type\":\"ListItem\",\"position\":1,\"name\":\"Startseite\",\"item\":\"https:\/\/www.tsp.at\/en\/\"},{\"@type\":\"ListItem\",\"position\":2,\"name\":\"Doron Rabinovici er\u00f6ffnet Toleranzgespr\u00e4che 2026\"}]},{\"@type\":\"WebSite\",\"@id\":\"https:\/\/www.tsp.at\/en\/#website\",\"url\":\"https:\/\/www.tsp.at\/en\/\",\"name\":\"Temmel | Seywald - Corporate Communications\",\"description\":\"Kommunikation ist Beziehungsarbeit\",\"publisher\":{\"@id\":\"https:\/\/www.tsp.at\/en\/#organization\"},\"potentialAction\":[{\"@type\":\"SearchAction\",\"target\":{\"@type\":\"EntryPoint\",\"urlTemplate\":\"https:\/\/www.tsp.at\/en\/?s={search_term_string}\"},\"query-input\":{\"@type\":\"PropertyValueSpecification\",\"valueRequired\":true,\"valueName\":\"search_term_string\"}}],\"inLanguage\":\"en-US\"},{\"@type\":\"Organization\",\"@id\":\"https:\/\/www.tsp.at\/en\/#organization\",\"name\":\"Temmel, Seywald & Partner Communications GesmbH\",\"alternateName\":\"TSP\",\"url\":\"https:\/\/www.tsp.at\/en\/\",\"logo\":{\"@type\":\"ImageObject\",\"inLanguage\":\"en-US\",\"@id\":\"https:\/\/www.tsp.at\/en\/#\/schema\/logo\/image\/\",\"url\":\"https:\/\/www.tsp.at\/wp-content\/uploads\/2025\/10\/favicontsp.png\",\"contentUrl\":\"https:\/\/www.tsp.at\/wp-content\/uploads\/2025\/10\/favicontsp.png\",\"width\":125,\"height\":125,\"caption\":\"Temmel, Seywald & Partner Communications GesmbH\"},\"image\":{\"@id\":\"https:\/\/www.tsp.at\/en\/#\/schema\/logo\/image\/\"},\"sameAs\":[\"https:\/\/www.facebook.com\/TemmelSeywald\"]},{\"@type\":\"Person\",\"@id\":\"https:\/\/www.tsp.at\/en\/#\/schema\/person\/1ba5600c29da17b902b0925cea567f8a\",\"name\":\"TSP Redaktion\"}]}<\/script>\n<!-- \/ Yoast SEO plugin. -->","yoast_head_json":{"title":"Doron Rabinovici er\u00f6ffnet Toleranzgespr\u00e4che 2026 - Temmel | Seywald - Corporate Communications","robots":{"index":"index","follow":"follow","max-snippet":"max-snippet:-1","max-image-preview":"max-image-preview:large","max-video-preview":"max-video-preview:-1"},"canonical":"https:\/\/www.tsp.at\/en\/2026\/04\/29\/doron-rabinovici-eroeffnet-toleranzgespraeche-2026\/","og_locale":"en_US","og_type":"article","og_title":"Doron Rabinovici er\u00f6ffnet Toleranzgespr\u00e4che 2026 - Temmel | Seywald - Corporate Communications","og_description":"Widerstand, Aufruhr und Revolutionen gegen Obrigkeit und totalit\u00e4re Systeme haben die Menschheitsgeschichte von Anfang an begleitet. Doch was sind die Faktoren daf\u00fcr, dass die Auflehnung auch gelingt? Die 12. Europ\u00e4ischen Toleranzgespr\u00e4che 2026 im K\u00e4rntner Bergdorf Fresach versuchen, Antworten zu geben, die Er\u00f6ffnungsrede am 21. Mai bestreitet der Wiener Historiker und Autor Doron Rabinovici. Tickets und&hellip;","og_url":"https:\/\/www.tsp.at\/en\/2026\/04\/29\/doron-rabinovici-eroeffnet-toleranzgespraeche-2026\/","og_site_name":"Temmel | Seywald - Corporate Communications","article_publisher":"https:\/\/www.facebook.com\/TemmelSeywald","article_published_time":"2026-04-29T09:19:59+00:00","article_modified_time":"2026-04-29T09:20:12+00:00","og_image":[{"width":1280,"height":720,"url":"https:\/\/www.tsp.at\/wp-content\/uploads\/2026\/04\/4_youtube_1280x720_Rabinovici.png","type":"image\/png"}],"author":"TSP Redaktion","twitter_card":"summary_large_image","twitter_misc":{"Written by":"TSP Redaktion","Est. reading time":"4 minutes"},"schema":{"@context":"https:\/\/schema.org","@graph":[{"@type":"Article","@id":"https:\/\/www.tsp.at\/en\/2026\/04\/29\/doron-rabinovici-eroeffnet-toleranzgespraeche-2026\/#article","isPartOf":{"@id":"https:\/\/www.tsp.at\/en\/2026\/04\/29\/doron-rabinovici-eroeffnet-toleranzgespraeche-2026\/"},"author":{"name":"TSP Redaktion","@id":"https:\/\/www.tsp.at\/en\/#\/schema\/person\/1ba5600c29da17b902b0925cea567f8a"},"headline":"Doron Rabinovici er\u00f6ffnet Toleranzgespr\u00e4che 2026","datePublished":"2026-04-29T09:19:59+00:00","dateModified":"2026-04-29T09:20:12+00:00","mainEntityOfPage":{"@id":"https:\/\/www.tsp.at\/en\/2026\/04\/29\/doron-rabinovici-eroeffnet-toleranzgespraeche-2026\/"},"wordCount":743,"publisher":{"@id":"https:\/\/www.tsp.at\/en\/#organization"},"image":{"@id":"https:\/\/www.tsp.at\/en\/2026\/04\/29\/doron-rabinovici-eroeffnet-toleranzgespraeche-2026\/#primaryimage"},"thumbnailUrl":"https:\/\/www.tsp.at\/wp-content\/uploads\/2026\/04\/4_youtube_1280x720_Rabinovici.png","keywords":["Fresach","Rabinovici","Toleranzgespr\u00e4che","Widerstand"],"articleSection":["News"],"inLanguage":"en-US"},{"@type":"WebPage","@id":"https:\/\/www.tsp.at\/en\/2026\/04\/29\/doron-rabinovici-eroeffnet-toleranzgespraeche-2026\/","url":"https:\/\/www.tsp.at\/en\/2026\/04\/29\/doron-rabinovici-eroeffnet-toleranzgespraeche-2026\/","name":"Doron Rabinovici er\u00f6ffnet Toleranzgespr\u00e4che 2026 - Temmel | Seywald - Corporate Communications","isPartOf":{"@id":"https:\/\/www.tsp.at\/en\/#website"},"primaryImageOfPage":{"@id":"https:\/\/www.tsp.at\/en\/2026\/04\/29\/doron-rabinovici-eroeffnet-toleranzgespraeche-2026\/#primaryimage"},"image":{"@id":"https:\/\/www.tsp.at\/en\/2026\/04\/29\/doron-rabinovici-eroeffnet-toleranzgespraeche-2026\/#primaryimage"},"thumbnailUrl":"https:\/\/www.tsp.at\/wp-content\/uploads\/2026\/04\/4_youtube_1280x720_Rabinovici.png","datePublished":"2026-04-29T09:19:59+00:00","dateModified":"2026-04-29T09:20:12+00:00","breadcrumb":{"@id":"https:\/\/www.tsp.at\/en\/2026\/04\/29\/doron-rabinovici-eroeffnet-toleranzgespraeche-2026\/#breadcrumb"},"inLanguage":"en-US","potentialAction":[{"@type":"ReadAction","target":["https:\/\/www.tsp.at\/en\/2026\/04\/29\/doron-rabinovici-eroeffnet-toleranzgespraeche-2026\/"]}]},{"@type":"ImageObject","inLanguage":"en-US","@id":"https:\/\/www.tsp.at\/en\/2026\/04\/29\/doron-rabinovici-eroeffnet-toleranzgespraeche-2026\/#primaryimage","url":"https:\/\/www.tsp.at\/wp-content\/uploads\/2026\/04\/4_youtube_1280x720_Rabinovici.png","contentUrl":"https:\/\/www.tsp.at\/wp-content\/uploads\/2026\/04\/4_youtube_1280x720_Rabinovici.png","width":1280,"height":720,"caption":"Er\u00f6ffnungsredner Doron Rabinovici"},{"@type":"BreadcrumbList","@id":"https:\/\/www.tsp.at\/en\/2026\/04\/29\/doron-rabinovici-eroeffnet-toleranzgespraeche-2026\/#breadcrumb","itemListElement":[{"@type":"ListItem","position":1,"name":"Startseite","item":"https:\/\/www.tsp.at\/en\/"},{"@type":"ListItem","position":2,"name":"Doron Rabinovici er\u00f6ffnet Toleranzgespr\u00e4che 2026"}]},{"@type":"WebSite","@id":"https:\/\/www.tsp.at\/en\/#website","url":"https:\/\/www.tsp.at\/en\/","name":"Temmel | Seywald - Corporate Communications","description":"Kommunikation ist Beziehungsarbeit","publisher":{"@id":"https:\/\/www.tsp.at\/en\/#organization"},"potentialAction":[{"@type":"SearchAction","target":{"@type":"EntryPoint","urlTemplate":"https:\/\/www.tsp.at\/en\/?s={search_term_string}"},"query-input":{"@type":"PropertyValueSpecification","valueRequired":true,"valueName":"search_term_string"}}],"inLanguage":"en-US"},{"@type":"Organization","@id":"https:\/\/www.tsp.at\/en\/#organization","name":"Temmel, Seywald & Partner Communications GesmbH","alternateName":"TSP","url":"https:\/\/www.tsp.at\/en\/","logo":{"@type":"ImageObject","inLanguage":"en-US","@id":"https:\/\/www.tsp.at\/en\/#\/schema\/logo\/image\/","url":"https:\/\/www.tsp.at\/wp-content\/uploads\/2025\/10\/favicontsp.png","contentUrl":"https:\/\/www.tsp.at\/wp-content\/uploads\/2025\/10\/favicontsp.png","width":125,"height":125,"caption":"Temmel, Seywald & Partner Communications GesmbH"},"image":{"@id":"https:\/\/www.tsp.at\/en\/#\/schema\/logo\/image\/"},"sameAs":["https:\/\/www.facebook.com\/TemmelSeywald"]},{"@type":"Person","@id":"https:\/\/www.tsp.at\/en\/#\/schema\/person\/1ba5600c29da17b902b0925cea567f8a","name":"TSP Redaktion"}]}},"_links":{"self":[{"href":"https:\/\/www.tsp.at\/en\/wp-json\/wp\/v2\/posts\/12433","targetHints":{"allow":["GET"]}}],"collection":[{"href":"https:\/\/www.tsp.at\/en\/wp-json\/wp\/v2\/posts"}],"about":[{"href":"https:\/\/www.tsp.at\/en\/wp-json\/wp\/v2\/types\/post"}],"author":[{"embeddable":true,"href":"https:\/\/www.tsp.at\/en\/wp-json\/wp\/v2\/users\/2"}],"replies":[{"embeddable":true,"href":"https:\/\/www.tsp.at\/en\/wp-json\/wp\/v2\/comments?post=12433"}],"version-history":[{"count":2,"href":"https:\/\/www.tsp.at\/en\/wp-json\/wp\/v2\/posts\/12433\/revisions"}],"predecessor-version":[{"id":12436,"href":"https:\/\/www.tsp.at\/en\/wp-json\/wp\/v2\/posts\/12433\/revisions\/12436"}],"wp:featuredmedia":[{"embeddable":true,"href":"https:\/\/www.tsp.at\/en\/wp-json\/wp\/v2\/media\/12434"}],"wp:attachment":[{"href":"https:\/\/www.tsp.at\/en\/wp-json\/wp\/v2\/media?parent=12433"}],"wp:term":[{"taxonomy":"category","embeddable":true,"href":"https:\/\/www.tsp.at\/en\/wp-json\/wp\/v2\/categories?post=12433"},{"taxonomy":"post_tag","embeddable":true,"href":"https:\/\/www.tsp.at\/en\/wp-json\/wp\/v2\/tags?post=12433"}],"curies":[{"name":"wp","href":"https:\/\/api.w.org\/{rel}","templated":true}]}}