{"id":9535,"date":"2025-08-06T12:50:00","date_gmt":"2025-08-06T10:50:00","guid":{"rendered":"https:\/\/staging.tsp.at\/2025\/08\/06\/area-sued-praesentiert-sich-am-29-september-in-wien\/"},"modified":"2025-10-21T14:52:08","modified_gmt":"2025-10-21T12:52:08","slug":"area-sued-praesentiert-sich-am-29-september-in-wien","status":"publish","type":"post","link":"https:\/\/www.tsp.at\/en\/2025\/08\/06\/area-sued-praesentiert-sich-am-29-september-in-wien\/","title":{"rendered":"AREA S\u00fcd pr\u00e4sentiert sich am 29. September in Wien"},"content":{"rendered":"<article class=\"item\">\n<h2><strong> Wirtschaftskammerpr\u00e4sidenten und Infrastrukturexperten erl\u00e4utern Wachstumspotenziale <\/strong><\/h2>\n<p>06.08.2025<\/p>\n<\/p>\n<\/p>\n<\/p>\n<\/p>\n<\/p>\n<p>Wien \u2013 <strong>Mit der Er\u00f6ffnung der Koralmbahn Ende 2025 r\u00fccken die Bundesl\u00e4nder K\u00e4rnten und Steiermark weiter zusammen. Die neue Metropolregion &#8220;AREA S\u00fcd&#8221; wird zu einem Wirtschafts- und Lebensraum, der den gesamten Alpen-Adria-Raum weit \u00fcber die Grenzen hinaus pr\u00e4gen wird, sagen Experten. Am 29. September 2025 werfen die Wirtschaftskammerpr\u00e4sidenten der zwei Bundesl\u00e4nder f\u00fcr Interessierte einen Blick in die n\u00e4chste Zukunft \u2013 ab 18 Uhr im Justizcaf\u00e9 des Justizpalastes in Wien.<\/strong> <\/p>\n<p>Der neue Wirtschaftsraum, der zum zweitgr\u00f6\u00dften in \u00d6sterreich wird, umfasst ein Drittel der \u00f6sterreichischen Landesfl\u00e4che, 1,8 Millionen Einwohner sowie \u00fcber 150.000 Unternehmen mit rund 770.000 Besch\u00e4ftigten \u2013 mit einer Wirtschaftsleistung von etwa 70 Milliarden Euro. Mehr wirtschaftliche Dynamik, gesteigerte Attraktivit\u00e4t, h\u00f6here Lebensqualit\u00e4t, internationale Sichtbarkeit, vernetzte Bildungsangebote und komfortable Mobilit\u00e4t sind die Aussichten, auf die Politik und Wirtschaft hoffen.\n<\/p>\n<p>Im Rahmen der Veranstaltung, die vom Club Carinthia und Denk.Raum.Fresach unterst\u00fctzt wird, kommen neben WKK-Pr\u00e4sident J\u00fcrgen Mandl und WKSt-Pr\u00e4sident Josef Herk renommierte Expert:innen f\u00fcr Infrastrukturentwicklung zu Wort. Im Mittelpunkt stehen die vielf\u00e4ltigen Potenziale, die sich aus der vielzitierten Jahrhundertchance ergeben \u2013 nicht nur f\u00fcr die AREA S\u00fcd, sondern f\u00fcr ganz \u00d6sterreich. <a href=\"https:\/\/www.area-sued.at\/\" target=\"_blank\">https:\/\/www.area-sued.at\/<\/a> <\/p>\n<p><strong>Information und Anmeldungen: <\/strong> <br \/>Wirtschaftskammer K\u00e4rnten, Abt. Kommunikation<br \/>E-Mail: ulli.neureiter@wkk.or.at<br \/>Tel.: 05 90 90 4 275<\/p>\n<\/article>\n","protected":false},"excerpt":{"rendered":"<p>Wirtschaftskammerpr\u00e4sidenten und Infrastrukturexperten erl\u00e4utern Wachstumspotenziale 06.08.2025 Wien \u2013 Mit der Er\u00f6ffnung der Koralmbahn Ende 2025 r\u00fccken die Bundesl\u00e4nder K\u00e4rnten und Steiermark weiter zusammen. Die neue Metropolregion &#8220;AREA S\u00fcd&#8221; wird zu einem Wirtschafts- und Lebensraum, der den gesamten Alpen-Adria-Raum weit \u00fcber die Grenzen hinaus pr\u00e4gen wird, sagen Experten. Am 29. September 2025 werfen die Wirtschaftskammerpr\u00e4sidenten der&hellip;<\/p>\n","protected":false},"author":2,"featured_media":9534,"comment_status":"closed","ping_status":"closed","sticky":false,"template":"","format":"standard","meta":{"footnotes":""},"categories":[3],"tags":[],"class_list":["post-9535","post","type-post","status-publish","format-standard","has-post-thumbnail","hentry","category-news","category-3","description-off"],"yoast_head":"<!-- This site is optimized with the Yoast SEO plugin v26.3 - https:\/\/yoast.com\/wordpress\/plugins\/seo\/ -->\n<title>AREA S\u00fcd pr\u00e4sentiert sich am 29. September in Wien - Temmel | Seywald - Corporate Communications<\/title>\n<meta name=\"robots\" content=\"index, follow, max-snippet:-1, max-image-preview:large, max-video-preview:-1\" \/>\n<link rel=\"canonical\" href=\"https:\/\/www.tsp.at\/en\/2025\/08\/06\/area-sued-praesentiert-sich-am-29-september-in-wien\/\" \/>\n<meta property=\"og:locale\" content=\"en_US\" \/>\n<meta property=\"og:type\" content=\"article\" \/>\n<meta property=\"og:title\" content=\"AREA S\u00fcd pr\u00e4sentiert sich am 29. September in Wien - Temmel | Seywald - Corporate Communications\" \/>\n<meta property=\"og:description\" content=\"Wirtschaftskammerpr\u00e4sidenten und Infrastrukturexperten erl\u00e4utern Wachstumspotenziale 06.08.2025 Wien \u2013 Mit der Er\u00f6ffnung der Koralmbahn Ende 2025 r\u00fccken die Bundesl\u00e4nder K\u00e4rnten und Steiermark weiter zusammen. Die neue Metropolregion &#8220;AREA S\u00fcd&#8221; wird zu einem Wirtschafts- und Lebensraum, der den gesamten Alpen-Adria-Raum weit \u00fcber die Grenzen hinaus pr\u00e4gen wird, sagen Experten. Am 29. September 2025 werfen die Wirtschaftskammerpr\u00e4sidenten der&hellip;\" \/>\n<meta property=\"og:url\" content=\"https:\/\/www.tsp.at\/en\/2025\/08\/06\/area-sued-praesentiert-sich-am-29-september-in-wien\/\" \/>\n<meta property=\"og:site_name\" content=\"Temmel | Seywald - Corporate Communications\" \/>\n<meta property=\"article:publisher\" content=\"https:\/\/www.facebook.com\/TemmelSeywald\" \/>\n<meta property=\"article:published_time\" content=\"2025-08-06T10:50:00+00:00\" \/>\n<meta property=\"article:modified_time\" content=\"2025-10-21T12:52:08+00:00\" \/>\n<meta property=\"og:image\" content=\"https:\/\/www.tsp.at\/wp-content\/uploads\/2025\/10\/Herk_Mandl-1024x542.png\" \/>\n\t<meta property=\"og:image:width\" content=\"1024\" \/>\n\t<meta property=\"og:image:height\" content=\"542\" \/>\n\t<meta property=\"og:image:type\" content=\"image\/png\" \/>\n<meta name=\"author\" content=\"TSP Redaktion\" \/>\n<meta name=\"twitter:card\" content=\"summary_large_image\" \/>\n<meta name=\"twitter:label1\" content=\"Written by\" \/>\n\t<meta name=\"twitter:data1\" content=\"TSP Redaktion\" \/>\n\t<meta name=\"twitter:label2\" content=\"Est. reading time\" \/>\n\t<meta name=\"twitter:data2\" content=\"2 minutes\" \/>\n<script type=\"application\/ld+json\" class=\"yoast-schema-graph\">{\"@context\":\"https:\/\/schema.org\",\"@graph\":[{\"@type\":\"Article\",\"@id\":\"https:\/\/www.tsp.at\/en\/2025\/08\/06\/area-sued-praesentiert-sich-am-29-september-in-wien\/#article\",\"isPartOf\":{\"@id\":\"https:\/\/www.tsp.at\/en\/2025\/08\/06\/area-sued-praesentiert-sich-am-29-september-in-wien\/\"},\"author\":{\"name\":\"TSP Redaktion\",\"@id\":\"https:\/\/www.tsp.at\/en\/#\/schema\/person\/1ba5600c29da17b902b0925cea567f8a\"},\"headline\":\"AREA S\u00fcd pr\u00e4sentiert sich am 29. September in Wien\",\"datePublished\":\"2025-08-06T10:50:00+00:00\",\"dateModified\":\"2025-10-21T12:52:08+00:00\",\"mainEntityOfPage\":{\"@id\":\"https:\/\/www.tsp.at\/en\/2025\/08\/06\/area-sued-praesentiert-sich-am-29-september-in-wien\/\"},\"wordCount\":229,\"publisher\":{\"@id\":\"https:\/\/www.tsp.at\/en\/#organization\"},\"image\":{\"@id\":\"https:\/\/www.tsp.at\/en\/2025\/08\/06\/area-sued-praesentiert-sich-am-29-september-in-wien\/#primaryimage\"},\"thumbnailUrl\":\"https:\/\/www.tsp.at\/wp-content\/uploads\/2025\/10\/Herk_Mandl.png\",\"articleSection\":[\"News\"],\"inLanguage\":\"en-US\"},{\"@type\":\"WebPage\",\"@id\":\"https:\/\/www.tsp.at\/en\/2025\/08\/06\/area-sued-praesentiert-sich-am-29-september-in-wien\/\",\"url\":\"https:\/\/www.tsp.at\/en\/2025\/08\/06\/area-sued-praesentiert-sich-am-29-september-in-wien\/\",\"name\":\"AREA S\u00fcd pr\u00e4sentiert sich am 29. September in Wien - Temmel | Seywald - Corporate Communications\",\"isPartOf\":{\"@id\":\"https:\/\/www.tsp.at\/en\/#website\"},\"primaryImageOfPage\":{\"@id\":\"https:\/\/www.tsp.at\/en\/2025\/08\/06\/area-sued-praesentiert-sich-am-29-september-in-wien\/#primaryimage\"},\"image\":{\"@id\":\"https:\/\/www.tsp.at\/en\/2025\/08\/06\/area-sued-praesentiert-sich-am-29-september-in-wien\/#primaryimage\"},\"thumbnailUrl\":\"https:\/\/www.tsp.at\/wp-content\/uploads\/2025\/10\/Herk_Mandl.png\",\"datePublished\":\"2025-08-06T10:50:00+00:00\",\"dateModified\":\"2025-10-21T12:52:08+00:00\",\"breadcrumb\":{\"@id\":\"https:\/\/www.tsp.at\/en\/2025\/08\/06\/area-sued-praesentiert-sich-am-29-september-in-wien\/#breadcrumb\"},\"inLanguage\":\"en-US\",\"potentialAction\":[{\"@type\":\"ReadAction\",\"target\":[\"https:\/\/www.tsp.at\/en\/2025\/08\/06\/area-sued-praesentiert-sich-am-29-september-in-wien\/\"]}]},{\"@type\":\"ImageObject\",\"inLanguage\":\"en-US\",\"@id\":\"https:\/\/www.tsp.at\/en\/2025\/08\/06\/area-sued-praesentiert-sich-am-29-september-in-wien\/#primaryimage\",\"url\":\"https:\/\/www.tsp.at\/wp-content\/uploads\/2025\/10\/Herk_Mandl.png\",\"contentUrl\":\"https:\/\/www.tsp.at\/wp-content\/uploads\/2025\/10\/Herk_Mandl.png\",\"width\":2518,\"height\":1332},{\"@type\":\"BreadcrumbList\",\"@id\":\"https:\/\/www.tsp.at\/en\/2025\/08\/06\/area-sued-praesentiert-sich-am-29-september-in-wien\/#breadcrumb\",\"itemListElement\":[{\"@type\":\"ListItem\",\"position\":1,\"name\":\"Startseite\",\"item\":\"https:\/\/www.tsp.at\/en\/\"},{\"@type\":\"ListItem\",\"position\":2,\"name\":\"AREA S\u00fcd pr\u00e4sentiert sich am 29. September in Wien\"}]},{\"@type\":\"WebSite\",\"@id\":\"https:\/\/www.tsp.at\/en\/#website\",\"url\":\"https:\/\/www.tsp.at\/en\/\",\"name\":\"Temmel | Seywald - Corporate Communications\",\"description\":\"Kommunikation ist Beziehungsarbeit\",\"publisher\":{\"@id\":\"https:\/\/www.tsp.at\/en\/#organization\"},\"potentialAction\":[{\"@type\":\"SearchAction\",\"target\":{\"@type\":\"EntryPoint\",\"urlTemplate\":\"https:\/\/www.tsp.at\/en\/?s={search_term_string}\"},\"query-input\":{\"@type\":\"PropertyValueSpecification\",\"valueRequired\":true,\"valueName\":\"search_term_string\"}}],\"inLanguage\":\"en-US\"},{\"@type\":\"Organization\",\"@id\":\"https:\/\/www.tsp.at\/en\/#organization\",\"name\":\"Temmel, Seywald & Partner Communications GesmbH\",\"alternateName\":\"TSP\",\"url\":\"https:\/\/www.tsp.at\/en\/\",\"logo\":{\"@type\":\"ImageObject\",\"inLanguage\":\"en-US\",\"@id\":\"https:\/\/www.tsp.at\/en\/#\/schema\/logo\/image\/\",\"url\":\"https:\/\/www.tsp.at\/wp-content\/uploads\/2025\/10\/favicontsp.png\",\"contentUrl\":\"https:\/\/www.tsp.at\/wp-content\/uploads\/2025\/10\/favicontsp.png\",\"width\":125,\"height\":125,\"caption\":\"Temmel, Seywald & Partner Communications GesmbH\"},\"image\":{\"@id\":\"https:\/\/www.tsp.at\/en\/#\/schema\/logo\/image\/\"},\"sameAs\":[\"https:\/\/www.facebook.com\/TemmelSeywald\"]},{\"@type\":\"Person\",\"@id\":\"https:\/\/www.tsp.at\/en\/#\/schema\/person\/1ba5600c29da17b902b0925cea567f8a\",\"name\":\"TSP Redaktion\"}]}<\/script>\n<!-- \/ Yoast SEO plugin. -->","yoast_head_json":{"title":"AREA S\u00fcd pr\u00e4sentiert sich am 29. September in Wien - Temmel | Seywald - Corporate Communications","robots":{"index":"index","follow":"follow","max-snippet":"max-snippet:-1","max-image-preview":"max-image-preview:large","max-video-preview":"max-video-preview:-1"},"canonical":"https:\/\/www.tsp.at\/en\/2025\/08\/06\/area-sued-praesentiert-sich-am-29-september-in-wien\/","og_locale":"en_US","og_type":"article","og_title":"AREA S\u00fcd pr\u00e4sentiert sich am 29. September in Wien - Temmel | Seywald - Corporate Communications","og_description":"Wirtschaftskammerpr\u00e4sidenten und Infrastrukturexperten erl\u00e4utern Wachstumspotenziale 06.08.2025 Wien \u2013 Mit der Er\u00f6ffnung der Koralmbahn Ende 2025 r\u00fccken die Bundesl\u00e4nder K\u00e4rnten und Steiermark weiter zusammen. Die neue Metropolregion &#8220;AREA S\u00fcd&#8221; wird zu einem Wirtschafts- und Lebensraum, der den gesamten Alpen-Adria-Raum weit \u00fcber die Grenzen hinaus pr\u00e4gen wird, sagen Experten. Am 29. September 2025 werfen die Wirtschaftskammerpr\u00e4sidenten der&hellip;","og_url":"https:\/\/www.tsp.at\/en\/2025\/08\/06\/area-sued-praesentiert-sich-am-29-september-in-wien\/","og_site_name":"Temmel | Seywald - Corporate Communications","article_publisher":"https:\/\/www.facebook.com\/TemmelSeywald","article_published_time":"2025-08-06T10:50:00+00:00","article_modified_time":"2025-10-21T12:52:08+00:00","og_image":[{"width":1024,"height":542,"url":"https:\/\/www.tsp.at\/wp-content\/uploads\/2025\/10\/Herk_Mandl-1024x542.png","type":"image\/png"}],"author":"TSP Redaktion","twitter_card":"summary_large_image","twitter_misc":{"Written by":"TSP Redaktion","Est. reading time":"2 minutes"},"schema":{"@context":"https:\/\/schema.org","@graph":[{"@type":"Article","@id":"https:\/\/www.tsp.at\/en\/2025\/08\/06\/area-sued-praesentiert-sich-am-29-september-in-wien\/#article","isPartOf":{"@id":"https:\/\/www.tsp.at\/en\/2025\/08\/06\/area-sued-praesentiert-sich-am-29-september-in-wien\/"},"author":{"name":"TSP Redaktion","@id":"https:\/\/www.tsp.at\/en\/#\/schema\/person\/1ba5600c29da17b902b0925cea567f8a"},"headline":"AREA S\u00fcd pr\u00e4sentiert sich am 29. September in Wien","datePublished":"2025-08-06T10:50:00+00:00","dateModified":"2025-10-21T12:52:08+00:00","mainEntityOfPage":{"@id":"https:\/\/www.tsp.at\/en\/2025\/08\/06\/area-sued-praesentiert-sich-am-29-september-in-wien\/"},"wordCount":229,"publisher":{"@id":"https:\/\/www.tsp.at\/en\/#organization"},"image":{"@id":"https:\/\/www.tsp.at\/en\/2025\/08\/06\/area-sued-praesentiert-sich-am-29-september-in-wien\/#primaryimage"},"thumbnailUrl":"https:\/\/www.tsp.at\/wp-content\/uploads\/2025\/10\/Herk_Mandl.png","articleSection":["News"],"inLanguage":"en-US"},{"@type":"WebPage","@id":"https:\/\/www.tsp.at\/en\/2025\/08\/06\/area-sued-praesentiert-sich-am-29-september-in-wien\/","url":"https:\/\/www.tsp.at\/en\/2025\/08\/06\/area-sued-praesentiert-sich-am-29-september-in-wien\/","name":"AREA S\u00fcd pr\u00e4sentiert sich am 29. September in Wien - Temmel | Seywald - Corporate Communications","isPartOf":{"@id":"https:\/\/www.tsp.at\/en\/#website"},"primaryImageOfPage":{"@id":"https:\/\/www.tsp.at\/en\/2025\/08\/06\/area-sued-praesentiert-sich-am-29-september-in-wien\/#primaryimage"},"image":{"@id":"https:\/\/www.tsp.at\/en\/2025\/08\/06\/area-sued-praesentiert-sich-am-29-september-in-wien\/#primaryimage"},"thumbnailUrl":"https:\/\/www.tsp.at\/wp-content\/uploads\/2025\/10\/Herk_Mandl.png","datePublished":"2025-08-06T10:50:00+00:00","dateModified":"2025-10-21T12:52:08+00:00","breadcrumb":{"@id":"https:\/\/www.tsp.at\/en\/2025\/08\/06\/area-sued-praesentiert-sich-am-29-september-in-wien\/#breadcrumb"},"inLanguage":"en-US","potentialAction":[{"@type":"ReadAction","target":["https:\/\/www.tsp.at\/en\/2025\/08\/06\/area-sued-praesentiert-sich-am-29-september-in-wien\/"]}]},{"@type":"ImageObject","inLanguage":"en-US","@id":"https:\/\/www.tsp.at\/en\/2025\/08\/06\/area-sued-praesentiert-sich-am-29-september-in-wien\/#primaryimage","url":"https:\/\/www.tsp.at\/wp-content\/uploads\/2025\/10\/Herk_Mandl.png","contentUrl":"https:\/\/www.tsp.at\/wp-content\/uploads\/2025\/10\/Herk_Mandl.png","width":2518,"height":1332},{"@type":"BreadcrumbList","@id":"https:\/\/www.tsp.at\/en\/2025\/08\/06\/area-sued-praesentiert-sich-am-29-september-in-wien\/#breadcrumb","itemListElement":[{"@type":"ListItem","position":1,"name":"Startseite","item":"https:\/\/www.tsp.at\/en\/"},{"@type":"ListItem","position":2,"name":"AREA S\u00fcd pr\u00e4sentiert sich am 29. September in Wien"}]},{"@type":"WebSite","@id":"https:\/\/www.tsp.at\/en\/#website","url":"https:\/\/www.tsp.at\/en\/","name":"Temmel | Seywald - Corporate Communications","description":"Kommunikation ist Beziehungsarbeit","publisher":{"@id":"https:\/\/www.tsp.at\/en\/#organization"},"potentialAction":[{"@type":"SearchAction","target":{"@type":"EntryPoint","urlTemplate":"https:\/\/www.tsp.at\/en\/?s={search_term_string}"},"query-input":{"@type":"PropertyValueSpecification","valueRequired":true,"valueName":"search_term_string"}}],"inLanguage":"en-US"},{"@type":"Organization","@id":"https:\/\/www.tsp.at\/en\/#organization","name":"Temmel, Seywald & Partner Communications GesmbH","alternateName":"TSP","url":"https:\/\/www.tsp.at\/en\/","logo":{"@type":"ImageObject","inLanguage":"en-US","@id":"https:\/\/www.tsp.at\/en\/#\/schema\/logo\/image\/","url":"https:\/\/www.tsp.at\/wp-content\/uploads\/2025\/10\/favicontsp.png","contentUrl":"https:\/\/www.tsp.at\/wp-content\/uploads\/2025\/10\/favicontsp.png","width":125,"height":125,"caption":"Temmel, Seywald & Partner Communications GesmbH"},"image":{"@id":"https:\/\/www.tsp.at\/en\/#\/schema\/logo\/image\/"},"sameAs":["https:\/\/www.facebook.com\/TemmelSeywald"]},{"@type":"Person","@id":"https:\/\/www.tsp.at\/en\/#\/schema\/person\/1ba5600c29da17b902b0925cea567f8a","name":"TSP Redaktion"}]}},"_links":{"self":[{"href":"https:\/\/www.tsp.at\/en\/wp-json\/wp\/v2\/posts\/9535","targetHints":{"allow":["GET"]}}],"collection":[{"href":"https:\/\/www.tsp.at\/en\/wp-json\/wp\/v2\/posts"}],"about":[{"href":"https:\/\/www.tsp.at\/en\/wp-json\/wp\/v2\/types\/post"}],"author":[{"embeddable":true,"href":"https:\/\/www.tsp.at\/en\/wp-json\/wp\/v2\/users\/2"}],"replies":[{"embeddable":true,"href":"https:\/\/www.tsp.at\/en\/wp-json\/wp\/v2\/comments?post=9535"}],"version-history":[{"count":1,"href":"https:\/\/www.tsp.at\/en\/wp-json\/wp\/v2\/posts\/9535\/revisions"}],"predecessor-version":[{"id":9549,"href":"https:\/\/www.tsp.at\/en\/wp-json\/wp\/v2\/posts\/9535\/revisions\/9549"}],"wp:featuredmedia":[{"embeddable":true,"href":"https:\/\/www.tsp.at\/en\/wp-json\/wp\/v2\/media\/9534"}],"wp:attachment":[{"href":"https:\/\/www.tsp.at\/en\/wp-json\/wp\/v2\/media?parent=9535"}],"wp:term":[{"taxonomy":"category","embeddable":true,"href":"https:\/\/www.tsp.at\/en\/wp-json\/wp\/v2\/categories?post=9535"},{"taxonomy":"post_tag","embeddable":true,"href":"https:\/\/www.tsp.at\/en\/wp-json\/wp\/v2\/tags?post=9535"}],"curies":[{"name":"wp","href":"https:\/\/api.w.org\/{rel}","templated":true}]}}