{"id":9648,"date":"2024-02-20T13:19:00","date_gmt":"2024-02-20T12:19:00","guid":{"rendered":"https:\/\/staging.tsp.at\/2024\/02\/20\/adx-kritisiert-stimmungsmache-des-umweltdachverbands\/"},"modified":"2025-10-21T14:52:15","modified_gmt":"2025-10-21T12:52:15","slug":"adx-kritisiert-stimmungsmache-des-umweltdachverbands","status":"publish","type":"post","link":"https:\/\/www.tsp.at\/en\/2024\/02\/20\/adx-kritisiert-stimmungsmache-des-umweltdachverbands\/","title":{"rendered":"ADX kritisiert Stimmungsmache des Umweltdachverbands"},"content":{"rendered":"<article class=\"item\">\n<h2><strong>Anhaltende Vorw\u00fcrfe trotz \u00f6ffentlichem Interesse an Durchf\u00fchrung der Erdgasbohrung in Molln<\/strong><\/h2>\n<p>20.02.2024<\/p>\n<\/p>\n<\/p>\n<\/p>\n<\/p>\n<\/p>\n<p>Wien\/Molln \u2013 <strong>Das Explorationsunternehmen <\/strong><a href=\"https:\/\/adx-energy.com\/\" target=\"_blank\"><strong><span class=\"hl\">ADX<\/span> Energy<\/strong><\/a><strong> weist den Vorwurf des Umweltdachverbands (UWD) zur\u00fcck, im Gemeindegebiet Molln ohne g\u00fcltigen Bescheid nach Erdgas zu bohren. &#8220;Die anhaltenden Versuche der Bohrgegner, dem Unternehmen Rechtswidrigkeiten zu unterstellen, sind nicht akzeptabel&#8221;, sagt <span class=\"hl\">ADX<\/span>-\u00d6sterreich-Gesch\u00e4ftsf\u00fchrer Alan Reingruber. &#8220;Sie dienen lediglich dazu, Stimmung gegen das Unternehmen und das Vorhaben zu machen.&#8221;<\/strong> <\/p>\n<p>In einer neuerlichen Beschwerde beim Landesverwaltungsgericht Ober\u00f6sterreich behaupten Umweltdachverband und Naturschutzbund \u00d6sterreich, dass durch die Gasbohrung &#8220;irreversible Sch\u00e4den f\u00fcr Flora und Fauna in einem der hochwertigsten und artenreichsten Naturgebiete \u00d6sterreich&#8221; drohten und dar\u00fcber hinaus &#8220;die Genehmigung der Gasprobebohrung im Widerspruch zum Verfassungsrecht&#8221; st\u00fcnde. &#8220;Beides ist aus Sicht der <span class=\"hl\">ADX<\/span> unzutreffend, irref\u00fchrend und dient nur der Stimmungsmache&#8221;, sagt Reingruber.\n<\/p>\n<p>Der \u00d6sterreich-Chef von <span class=\"hl\">ADX<\/span> zu den Vorw\u00fcrfen: &#8220;Der Bohrplatz befindet sich auf einer landwirtschaftlich genutzten Fl\u00e4che, die wiederum au\u00dferhalb des Naturschutzgebietes liegt. Alle naturschutzfachlichen Gutachten sind zum Ergebnis gekommen, dass die beantragte Bohrung keine wesentliche Beeintr\u00e4chtigung des Naturhaushalts verursachen wird. Daher ist die Behauptung von irreversiblen Sch\u00e4den auf das Entschiedenste zur\u00fcckzuweisen.&#8221;\n<\/p>\n<p><span class=\"hl\">ADX<\/span> h\u00e4lt fest, dass f\u00fcr die geplante Erdgasprobebohrung &#8220;Welchau-1&#8221; im Gemeindegebiet von Molln alle rechtlichen Voraussetzungen eingeholt wurden und alle ben\u00f6tigten Bescheide von Montan- und Naturschutzbeh\u00f6rde rechtswirksam vorliegen. Der Umweltdachverband m\u00fcsse endlich zur Kenntnis nehmen, dass die \u00f6ffentlichen Interessen an der Durchf\u00fchrung der Erdgasbohrung klar \u00fcberwiegen und die Bedenken der Bohrgegner unbegr\u00fcndet sind. Dies wurde von der Naturschutzabteilung des Landes Ober\u00f6sterreich wiederholt festgestellt.\n<\/p>\n<p><strong>Aussendung:<\/strong> <br \/><span class=\"hl\">ADX<\/span> Energy <a href=\"https:\/\/www.adx-energy.com\" target=\"_blank\">www.<span class=\"hl\">adx<\/span>-energy.com<\/a><br \/>Dr. Wilfried Seywald | seywald@tsp.at | 0699 18 11 4006<br \/>office@<span class=\"hl\">adx<\/span>-energy.at<\/p>\n<\/article>\n","protected":false},"excerpt":{"rendered":"<p>Anhaltende Vorw\u00fcrfe trotz \u00f6ffentlichem Interesse an Durchf\u00fchrung der Erdgasbohrung in Molln 20.02.2024 Wien\/Molln \u2013 Das Explorationsunternehmen ADX Energy weist den Vorwurf des Umweltdachverbands (UWD) zur\u00fcck, im Gemeindegebiet Molln ohne g\u00fcltigen Bescheid nach Erdgas zu bohren. &#8220;Die anhaltenden Versuche der Bohrgegner, dem Unternehmen Rechtswidrigkeiten zu unterstellen, sind nicht akzeptabel&#8221;, sagt ADX-\u00d6sterreich-Gesch\u00e4ftsf\u00fchrer Alan Reingruber. &#8220;Sie dienen lediglich&hellip;<\/p>\n","protected":false},"author":2,"featured_media":9647,"comment_status":"closed","ping_status":"closed","sticky":false,"template":"","format":"standard","meta":{"footnotes":""},"categories":[3],"tags":[],"class_list":["post-9648","post","type-post","status-publish","format-standard","has-post-thumbnail","hentry","category-news","category-3","description-off"],"yoast_head":"<!-- This site is optimized with the Yoast SEO plugin v26.3 - https:\/\/yoast.com\/wordpress\/plugins\/seo\/ -->\n<title>ADX kritisiert Stimmungsmache des Umweltdachverbands - Temmel | Seywald - Corporate Communications<\/title>\n<meta name=\"robots\" content=\"index, follow, max-snippet:-1, max-image-preview:large, max-video-preview:-1\" \/>\n<link rel=\"canonical\" href=\"https:\/\/www.tsp.at\/en\/2024\/02\/20\/adx-kritisiert-stimmungsmache-des-umweltdachverbands\/\" \/>\n<meta property=\"og:locale\" content=\"en_US\" \/>\n<meta property=\"og:type\" content=\"article\" \/>\n<meta property=\"og:title\" content=\"ADX kritisiert Stimmungsmache des Umweltdachverbands - Temmel | Seywald - Corporate Communications\" \/>\n<meta property=\"og:description\" content=\"Anhaltende Vorw\u00fcrfe trotz \u00f6ffentlichem Interesse an Durchf\u00fchrung der Erdgasbohrung in Molln 20.02.2024 Wien\/Molln \u2013 Das Explorationsunternehmen ADX Energy weist den Vorwurf des Umweltdachverbands (UWD) zur\u00fcck, im Gemeindegebiet Molln ohne g\u00fcltigen Bescheid nach Erdgas zu bohren. &#8220;Die anhaltenden Versuche der Bohrgegner, dem Unternehmen Rechtswidrigkeiten zu unterstellen, sind nicht akzeptabel&#8221;, sagt ADX-\u00d6sterreich-Gesch\u00e4ftsf\u00fchrer Alan Reingruber. &#8220;Sie dienen lediglich&hellip;\" \/>\n<meta property=\"og:url\" content=\"https:\/\/www.tsp.at\/en\/2024\/02\/20\/adx-kritisiert-stimmungsmache-des-umweltdachverbands\/\" \/>\n<meta property=\"og:site_name\" content=\"Temmel | Seywald - Corporate Communications\" \/>\n<meta property=\"article:publisher\" content=\"https:\/\/www.facebook.com\/TemmelSeywald\" \/>\n<meta property=\"article:published_time\" content=\"2024-02-20T12:19:00+00:00\" \/>\n<meta property=\"article:modified_time\" content=\"2025-10-21T12:52:15+00:00\" \/>\n<meta property=\"og:image\" content=\"https:\/\/www.tsp.at\/wp-content\/uploads\/2025\/10\/photo1-2_04.jpg\" \/>\n\t<meta property=\"og:image:width\" content=\"1920\" \/>\n\t<meta property=\"og:image:height\" content=\"1280\" \/>\n\t<meta property=\"og:image:type\" content=\"image\/jpeg\" \/>\n<meta name=\"author\" content=\"TSP Redaktion\" \/>\n<meta name=\"twitter:card\" content=\"summary_large_image\" \/>\n<meta name=\"twitter:label1\" content=\"Written by\" \/>\n\t<meta name=\"twitter:data1\" content=\"TSP Redaktion\" \/>\n\t<meta name=\"twitter:label2\" content=\"Est. reading time\" \/>\n\t<meta name=\"twitter:data2\" content=\"2 minutes\" \/>\n<script type=\"application\/ld+json\" class=\"yoast-schema-graph\">{\"@context\":\"https:\/\/schema.org\",\"@graph\":[{\"@type\":\"Article\",\"@id\":\"https:\/\/www.tsp.at\/en\/2024\/02\/20\/adx-kritisiert-stimmungsmache-des-umweltdachverbands\/#article\",\"isPartOf\":{\"@id\":\"https:\/\/www.tsp.at\/en\/2024\/02\/20\/adx-kritisiert-stimmungsmache-des-umweltdachverbands\/\"},\"author\":{\"name\":\"TSP Redaktion\",\"@id\":\"https:\/\/www.tsp.at\/en\/#\/schema\/person\/1ba5600c29da17b902b0925cea567f8a\"},\"headline\":\"ADX kritisiert Stimmungsmache des Umweltdachverbands\",\"datePublished\":\"2024-02-20T12:19:00+00:00\",\"dateModified\":\"2025-10-21T12:52:15+00:00\",\"mainEntityOfPage\":{\"@id\":\"https:\/\/www.tsp.at\/en\/2024\/02\/20\/adx-kritisiert-stimmungsmache-des-umweltdachverbands\/\"},\"wordCount\":283,\"publisher\":{\"@id\":\"https:\/\/www.tsp.at\/en\/#organization\"},\"image\":{\"@id\":\"https:\/\/www.tsp.at\/en\/2024\/02\/20\/adx-kritisiert-stimmungsmache-des-umweltdachverbands\/#primaryimage\"},\"thumbnailUrl\":\"https:\/\/www.tsp.at\/wp-content\/uploads\/2025\/10\/photo1-2_04.jpg\",\"articleSection\":[\"News\"],\"inLanguage\":\"en-US\"},{\"@type\":\"WebPage\",\"@id\":\"https:\/\/www.tsp.at\/en\/2024\/02\/20\/adx-kritisiert-stimmungsmache-des-umweltdachverbands\/\",\"url\":\"https:\/\/www.tsp.at\/en\/2024\/02\/20\/adx-kritisiert-stimmungsmache-des-umweltdachverbands\/\",\"name\":\"ADX kritisiert Stimmungsmache des Umweltdachverbands - Temmel | Seywald - Corporate Communications\",\"isPartOf\":{\"@id\":\"https:\/\/www.tsp.at\/en\/#website\"},\"primaryImageOfPage\":{\"@id\":\"https:\/\/www.tsp.at\/en\/2024\/02\/20\/adx-kritisiert-stimmungsmache-des-umweltdachverbands\/#primaryimage\"},\"image\":{\"@id\":\"https:\/\/www.tsp.at\/en\/2024\/02\/20\/adx-kritisiert-stimmungsmache-des-umweltdachverbands\/#primaryimage\"},\"thumbnailUrl\":\"https:\/\/www.tsp.at\/wp-content\/uploads\/2025\/10\/photo1-2_04.jpg\",\"datePublished\":\"2024-02-20T12:19:00+00:00\",\"dateModified\":\"2025-10-21T12:52:15+00:00\",\"breadcrumb\":{\"@id\":\"https:\/\/www.tsp.at\/en\/2024\/02\/20\/adx-kritisiert-stimmungsmache-des-umweltdachverbands\/#breadcrumb\"},\"inLanguage\":\"en-US\",\"potentialAction\":[{\"@type\":\"ReadAction\",\"target\":[\"https:\/\/www.tsp.at\/en\/2024\/02\/20\/adx-kritisiert-stimmungsmache-des-umweltdachverbands\/\"]}]},{\"@type\":\"ImageObject\",\"inLanguage\":\"en-US\",\"@id\":\"https:\/\/www.tsp.at\/en\/2024\/02\/20\/adx-kritisiert-stimmungsmache-des-umweltdachverbands\/#primaryimage\",\"url\":\"https:\/\/www.tsp.at\/wp-content\/uploads\/2025\/10\/photo1-2_04.jpg\",\"contentUrl\":\"https:\/\/www.tsp.at\/wp-content\/uploads\/2025\/10\/photo1-2_04.jpg\",\"width\":1920,\"height\":1280},{\"@type\":\"BreadcrumbList\",\"@id\":\"https:\/\/www.tsp.at\/en\/2024\/02\/20\/adx-kritisiert-stimmungsmache-des-umweltdachverbands\/#breadcrumb\",\"itemListElement\":[{\"@type\":\"ListItem\",\"position\":1,\"name\":\"Startseite\",\"item\":\"https:\/\/www.tsp.at\/en\/\"},{\"@type\":\"ListItem\",\"position\":2,\"name\":\"ADX kritisiert Stimmungsmache des Umweltdachverbands\"}]},{\"@type\":\"WebSite\",\"@id\":\"https:\/\/www.tsp.at\/en\/#website\",\"url\":\"https:\/\/www.tsp.at\/en\/\",\"name\":\"Temmel | Seywald - Corporate Communications\",\"description\":\"Kommunikation ist Beziehungsarbeit\",\"publisher\":{\"@id\":\"https:\/\/www.tsp.at\/en\/#organization\"},\"potentialAction\":[{\"@type\":\"SearchAction\",\"target\":{\"@type\":\"EntryPoint\",\"urlTemplate\":\"https:\/\/www.tsp.at\/en\/?s={search_term_string}\"},\"query-input\":{\"@type\":\"PropertyValueSpecification\",\"valueRequired\":true,\"valueName\":\"search_term_string\"}}],\"inLanguage\":\"en-US\"},{\"@type\":\"Organization\",\"@id\":\"https:\/\/www.tsp.at\/en\/#organization\",\"name\":\"Temmel, Seywald & Partner Communications GesmbH\",\"alternateName\":\"TSP\",\"url\":\"https:\/\/www.tsp.at\/en\/\",\"logo\":{\"@type\":\"ImageObject\",\"inLanguage\":\"en-US\",\"@id\":\"https:\/\/www.tsp.at\/en\/#\/schema\/logo\/image\/\",\"url\":\"https:\/\/www.tsp.at\/wp-content\/uploads\/2025\/10\/favicontsp.png\",\"contentUrl\":\"https:\/\/www.tsp.at\/wp-content\/uploads\/2025\/10\/favicontsp.png\",\"width\":125,\"height\":125,\"caption\":\"Temmel, Seywald & Partner Communications GesmbH\"},\"image\":{\"@id\":\"https:\/\/www.tsp.at\/en\/#\/schema\/logo\/image\/\"},\"sameAs\":[\"https:\/\/www.facebook.com\/TemmelSeywald\"]},{\"@type\":\"Person\",\"@id\":\"https:\/\/www.tsp.at\/en\/#\/schema\/person\/1ba5600c29da17b902b0925cea567f8a\",\"name\":\"TSP Redaktion\"}]}<\/script>\n<!-- \/ Yoast SEO plugin. -->","yoast_head_json":{"title":"ADX kritisiert Stimmungsmache des Umweltdachverbands - Temmel | Seywald - Corporate Communications","robots":{"index":"index","follow":"follow","max-snippet":"max-snippet:-1","max-image-preview":"max-image-preview:large","max-video-preview":"max-video-preview:-1"},"canonical":"https:\/\/www.tsp.at\/en\/2024\/02\/20\/adx-kritisiert-stimmungsmache-des-umweltdachverbands\/","og_locale":"en_US","og_type":"article","og_title":"ADX kritisiert Stimmungsmache des Umweltdachverbands - Temmel | Seywald - Corporate Communications","og_description":"Anhaltende Vorw\u00fcrfe trotz \u00f6ffentlichem Interesse an Durchf\u00fchrung der Erdgasbohrung in Molln 20.02.2024 Wien\/Molln \u2013 Das Explorationsunternehmen ADX Energy weist den Vorwurf des Umweltdachverbands (UWD) zur\u00fcck, im Gemeindegebiet Molln ohne g\u00fcltigen Bescheid nach Erdgas zu bohren. &#8220;Die anhaltenden Versuche der Bohrgegner, dem Unternehmen Rechtswidrigkeiten zu unterstellen, sind nicht akzeptabel&#8221;, sagt ADX-\u00d6sterreich-Gesch\u00e4ftsf\u00fchrer Alan Reingruber. &#8220;Sie dienen lediglich&hellip;","og_url":"https:\/\/www.tsp.at\/en\/2024\/02\/20\/adx-kritisiert-stimmungsmache-des-umweltdachverbands\/","og_site_name":"Temmel | Seywald - Corporate Communications","article_publisher":"https:\/\/www.facebook.com\/TemmelSeywald","article_published_time":"2024-02-20T12:19:00+00:00","article_modified_time":"2025-10-21T12:52:15+00:00","og_image":[{"width":1920,"height":1280,"url":"https:\/\/www.tsp.at\/wp-content\/uploads\/2025\/10\/photo1-2_04.jpg","type":"image\/jpeg"}],"author":"TSP Redaktion","twitter_card":"summary_large_image","twitter_misc":{"Written by":"TSP Redaktion","Est. reading time":"2 minutes"},"schema":{"@context":"https:\/\/schema.org","@graph":[{"@type":"Article","@id":"https:\/\/www.tsp.at\/en\/2024\/02\/20\/adx-kritisiert-stimmungsmache-des-umweltdachverbands\/#article","isPartOf":{"@id":"https:\/\/www.tsp.at\/en\/2024\/02\/20\/adx-kritisiert-stimmungsmache-des-umweltdachverbands\/"},"author":{"name":"TSP Redaktion","@id":"https:\/\/www.tsp.at\/en\/#\/schema\/person\/1ba5600c29da17b902b0925cea567f8a"},"headline":"ADX kritisiert Stimmungsmache des Umweltdachverbands","datePublished":"2024-02-20T12:19:00+00:00","dateModified":"2025-10-21T12:52:15+00:00","mainEntityOfPage":{"@id":"https:\/\/www.tsp.at\/en\/2024\/02\/20\/adx-kritisiert-stimmungsmache-des-umweltdachverbands\/"},"wordCount":283,"publisher":{"@id":"https:\/\/www.tsp.at\/en\/#organization"},"image":{"@id":"https:\/\/www.tsp.at\/en\/2024\/02\/20\/adx-kritisiert-stimmungsmache-des-umweltdachverbands\/#primaryimage"},"thumbnailUrl":"https:\/\/www.tsp.at\/wp-content\/uploads\/2025\/10\/photo1-2_04.jpg","articleSection":["News"],"inLanguage":"en-US"},{"@type":"WebPage","@id":"https:\/\/www.tsp.at\/en\/2024\/02\/20\/adx-kritisiert-stimmungsmache-des-umweltdachverbands\/","url":"https:\/\/www.tsp.at\/en\/2024\/02\/20\/adx-kritisiert-stimmungsmache-des-umweltdachverbands\/","name":"ADX kritisiert Stimmungsmache des Umweltdachverbands - Temmel | Seywald - Corporate Communications","isPartOf":{"@id":"https:\/\/www.tsp.at\/en\/#website"},"primaryImageOfPage":{"@id":"https:\/\/www.tsp.at\/en\/2024\/02\/20\/adx-kritisiert-stimmungsmache-des-umweltdachverbands\/#primaryimage"},"image":{"@id":"https:\/\/www.tsp.at\/en\/2024\/02\/20\/adx-kritisiert-stimmungsmache-des-umweltdachverbands\/#primaryimage"},"thumbnailUrl":"https:\/\/www.tsp.at\/wp-content\/uploads\/2025\/10\/photo1-2_04.jpg","datePublished":"2024-02-20T12:19:00+00:00","dateModified":"2025-10-21T12:52:15+00:00","breadcrumb":{"@id":"https:\/\/www.tsp.at\/en\/2024\/02\/20\/adx-kritisiert-stimmungsmache-des-umweltdachverbands\/#breadcrumb"},"inLanguage":"en-US","potentialAction":[{"@type":"ReadAction","target":["https:\/\/www.tsp.at\/en\/2024\/02\/20\/adx-kritisiert-stimmungsmache-des-umweltdachverbands\/"]}]},{"@type":"ImageObject","inLanguage":"en-US","@id":"https:\/\/www.tsp.at\/en\/2024\/02\/20\/adx-kritisiert-stimmungsmache-des-umweltdachverbands\/#primaryimage","url":"https:\/\/www.tsp.at\/wp-content\/uploads\/2025\/10\/photo1-2_04.jpg","contentUrl":"https:\/\/www.tsp.at\/wp-content\/uploads\/2025\/10\/photo1-2_04.jpg","width":1920,"height":1280},{"@type":"BreadcrumbList","@id":"https:\/\/www.tsp.at\/en\/2024\/02\/20\/adx-kritisiert-stimmungsmache-des-umweltdachverbands\/#breadcrumb","itemListElement":[{"@type":"ListItem","position":1,"name":"Startseite","item":"https:\/\/www.tsp.at\/en\/"},{"@type":"ListItem","position":2,"name":"ADX kritisiert Stimmungsmache des Umweltdachverbands"}]},{"@type":"WebSite","@id":"https:\/\/www.tsp.at\/en\/#website","url":"https:\/\/www.tsp.at\/en\/","name":"Temmel | Seywald - Corporate Communications","description":"Kommunikation ist Beziehungsarbeit","publisher":{"@id":"https:\/\/www.tsp.at\/en\/#organization"},"potentialAction":[{"@type":"SearchAction","target":{"@type":"EntryPoint","urlTemplate":"https:\/\/www.tsp.at\/en\/?s={search_term_string}"},"query-input":{"@type":"PropertyValueSpecification","valueRequired":true,"valueName":"search_term_string"}}],"inLanguage":"en-US"},{"@type":"Organization","@id":"https:\/\/www.tsp.at\/en\/#organization","name":"Temmel, Seywald & Partner Communications GesmbH","alternateName":"TSP","url":"https:\/\/www.tsp.at\/en\/","logo":{"@type":"ImageObject","inLanguage":"en-US","@id":"https:\/\/www.tsp.at\/en\/#\/schema\/logo\/image\/","url":"https:\/\/www.tsp.at\/wp-content\/uploads\/2025\/10\/favicontsp.png","contentUrl":"https:\/\/www.tsp.at\/wp-content\/uploads\/2025\/10\/favicontsp.png","width":125,"height":125,"caption":"Temmel, Seywald & Partner Communications GesmbH"},"image":{"@id":"https:\/\/www.tsp.at\/en\/#\/schema\/logo\/image\/"},"sameAs":["https:\/\/www.facebook.com\/TemmelSeywald"]},{"@type":"Person","@id":"https:\/\/www.tsp.at\/en\/#\/schema\/person\/1ba5600c29da17b902b0925cea567f8a","name":"TSP Redaktion"}]}},"_links":{"self":[{"href":"https:\/\/www.tsp.at\/en\/wp-json\/wp\/v2\/posts\/9648","targetHints":{"allow":["GET"]}}],"collection":[{"href":"https:\/\/www.tsp.at\/en\/wp-json\/wp\/v2\/posts"}],"about":[{"href":"https:\/\/www.tsp.at\/en\/wp-json\/wp\/v2\/types\/post"}],"author":[{"embeddable":true,"href":"https:\/\/www.tsp.at\/en\/wp-json\/wp\/v2\/users\/2"}],"replies":[{"embeddable":true,"href":"https:\/\/www.tsp.at\/en\/wp-json\/wp\/v2\/comments?post=9648"}],"version-history":[{"count":1,"href":"https:\/\/www.tsp.at\/en\/wp-json\/wp\/v2\/posts\/9648\/revisions"}],"predecessor-version":[{"id":11234,"href":"https:\/\/www.tsp.at\/en\/wp-json\/wp\/v2\/posts\/9648\/revisions\/11234"}],"wp:featuredmedia":[{"embeddable":true,"href":"https:\/\/www.tsp.at\/en\/wp-json\/wp\/v2\/media\/9647"}],"wp:attachment":[{"href":"https:\/\/www.tsp.at\/en\/wp-json\/wp\/v2\/media?parent=9648"}],"wp:term":[{"taxonomy":"category","embeddable":true,"href":"https:\/\/www.tsp.at\/en\/wp-json\/wp\/v2\/categories?post=9648"},{"taxonomy":"post_tag","embeddable":true,"href":"https:\/\/www.tsp.at\/en\/wp-json\/wp\/v2\/tags?post=9648"}],"curies":[{"name":"wp","href":"https:\/\/api.w.org\/{rel}","templated":true}]}}