{"id":9650,"date":"2024-02-14T13:05:00","date_gmt":"2024-02-14T12:05:00","guid":{"rendered":"https:\/\/staging.tsp.at\/2024\/02\/14\/toleranzgespraeche-vorstellung-am-22-februar-in-villach\/"},"modified":"2025-10-21T14:52:15","modified_gmt":"2025-10-21T12:52:15","slug":"toleranzgespraeche-vorstellung-am-22-februar-in-villach","status":"publish","type":"post","link":"https:\/\/www.tsp.at\/en\/2024\/02\/14\/toleranzgespraeche-vorstellung-am-22-februar-in-villach\/","title":{"rendered":"Toleranzgespr\u00e4che Vorstellung am 22. Februar in Villach"},"content":{"rendered":"<article class=\"item\">\n<h2><strong>Wahrheitssuche in Zeiten von Digitalisierung und K\u00fcnstlicher Intelligenz<\/strong><\/h2>\n<p>14.02.2024<\/p>\n<\/p>\n<\/p>\n<\/p>\n<\/p>\n<\/p>\n<p>Villach \u2013 <strong>Die Suche nach der Wahrheit kann als Ziel aller Philosophie angesehen werden. Und auch wenn von der Wahrheit angenommen wird, dass sie m\u00f6glichst mit der Wirklichkeit \u00fcbereinstimmen sollte, so ist das h\u00e4ufig nicht (mehr) der Fall. Einen Ausblick auf die Wahrheitssuche in Zeiten von Digitalisierung und K\u00fcnstlicher Intelligenz liefert das Pressegespr\u00e4ch zur Vorstellung der Toleranzgespr\u00e4che 2024 am 22. Februar in Villach. <\/strong><a href=\"http:\/\/www.fresach.org\" target=\"_blank\"><strong>www.<span class=\"hl\">fresach<\/span>.org<\/strong><\/a> <\/p>\n<p>&#8220;Wahrheit \u2013 Was ist wirklich?&#8221; ist das Thema der Europ\u00e4ischen Toleranzgespr\u00e4che vom 15. bis 18. Mai 2024 im K\u00e4rntner Bergdorf <span class=\"hl\">Fresach<\/span>, und schon im Vorfeld gab und gibt es eine Menge von Definitions- und Methodenfragen, wie denn Wahrheit zu definieren und zu erreichen sei \u2013 und damit vielleicht ein besseres Leben. Gerade im Zuge der fortschreitenden Digitalisierung und Virtualisierung unseres Lebens wird die Wahrheitssuche ja immer schwieriger.\n<\/p>\n<p>Das Konferenzprogramm 2024 und die wichtigsten Vortragenden aus Wissenschaft, Philosophie, Politik und Wirtschaft werden kommende Woche vom Kuratorium des Denk.Raum.<span class=\"hl\">Fresach<\/span> (DRF) in Villach vorgestellt.\n<\/p>\n<p><strong>Termin:<\/strong> Donnerstag, 22. Februar 2024, 11 Uhr<br \/><strong>Ort:<\/strong> Rathaus der Stadt Villach, Rathausplatz 1, Paracelsussaal, 9500 Villach<br \/><strong>Moderation:<\/strong> Dr. Wilfried Seywald, Programmkoordinator\n<\/p>\n<p><strong>Es sprechen:<\/strong><br \/>&#8211; Landtagspr\u00e4sident Ing. Reinhart Rohr<br \/>&#8211; Superintendent Mag. Manfred Sauer | Evangelische Di\u00f6zese K\u00e4rnten und Osttirol <br \/>&#8211; Gabriele Russwurm-Bir\u00f3 | Ehrenpr\u00e4sidentin des K\u00e4rntner Schriftstellerverbandes<br \/>&#8211; Prof. Norbert Wohlgemuth | Volkswirtschafter Universit\u00e4t Klagenfurt\n<\/p>\n<p><strong>Information:<\/strong> <br \/>Dr. Wilfried Seywald | Denk.Raum.<span class=\"hl\">Fresach<\/span> <br \/>E: presse@<span class=\"hl\">fresach<\/span>.org | T: +43 699 1 811 4006<br \/><a href=\"http:\/\/www.fresach.org\" target=\"_blank\">http:\/\/www.<span class=\"hl\">fresach<\/span>.org<\/a><\/p>\n<\/article>\n","protected":false},"excerpt":{"rendered":"<p>Wahrheitssuche in Zeiten von Digitalisierung und K\u00fcnstlicher Intelligenz 14.02.2024 Villach \u2013 Die Suche nach der Wahrheit kann als Ziel aller Philosophie angesehen werden. Und auch wenn von der Wahrheit angenommen wird, dass sie m\u00f6glichst mit der Wirklichkeit \u00fcbereinstimmen sollte, so ist das h\u00e4ufig nicht (mehr) der Fall. Einen Ausblick auf die Wahrheitssuche in Zeiten von&hellip;<\/p>\n","protected":false},"author":2,"featured_media":9649,"comment_status":"closed","ping_status":"closed","sticky":false,"template":"","format":"standard","meta":{"footnotes":""},"categories":[3],"tags":[],"class_list":["post-9650","post","type-post","status-publish","format-standard","has-post-thumbnail","hentry","category-news","category-3","description-off"],"yoast_head":"<!-- This site is optimized with the Yoast SEO plugin v26.3 - https:\/\/yoast.com\/wordpress\/plugins\/seo\/ -->\n<title>Toleranzgespr\u00e4che Vorstellung am 22. Februar in Villach - Temmel | Seywald - Corporate Communications<\/title>\n<meta name=\"robots\" content=\"index, follow, max-snippet:-1, max-image-preview:large, max-video-preview:-1\" \/>\n<link rel=\"canonical\" href=\"https:\/\/www.tsp.at\/en\/2024\/02\/14\/toleranzgespraeche-vorstellung-am-22-februar-in-villach\/\" \/>\n<meta property=\"og:locale\" content=\"en_US\" \/>\n<meta property=\"og:type\" content=\"article\" \/>\n<meta property=\"og:title\" content=\"Toleranzgespr\u00e4che Vorstellung am 22. Februar in Villach - Temmel | Seywald - Corporate Communications\" \/>\n<meta property=\"og:description\" content=\"Wahrheitssuche in Zeiten von Digitalisierung und K\u00fcnstlicher Intelligenz 14.02.2024 Villach \u2013 Die Suche nach der Wahrheit kann als Ziel aller Philosophie angesehen werden. Und auch wenn von der Wahrheit angenommen wird, dass sie m\u00f6glichst mit der Wirklichkeit \u00fcbereinstimmen sollte, so ist das h\u00e4ufig nicht (mehr) der Fall. Einen Ausblick auf die Wahrheitssuche in Zeiten von&hellip;\" \/>\n<meta property=\"og:url\" content=\"https:\/\/www.tsp.at\/en\/2024\/02\/14\/toleranzgespraeche-vorstellung-am-22-februar-in-villach\/\" \/>\n<meta property=\"og:site_name\" content=\"Temmel | Seywald - Corporate Communications\" \/>\n<meta property=\"article:publisher\" content=\"https:\/\/www.facebook.com\/TemmelSeywald\" \/>\n<meta property=\"article:published_time\" content=\"2024-02-14T12:05:00+00:00\" \/>\n<meta property=\"article:modified_time\" content=\"2025-10-21T12:52:15+00:00\" \/>\n<meta property=\"og:image\" content=\"https:\/\/www.tsp.at\/wp-content\/uploads\/2025\/10\/photo1-1_09.jpg\" \/>\n\t<meta property=\"og:image:width\" content=\"1240\" \/>\n\t<meta property=\"og:image:height\" content=\"1625\" \/>\n\t<meta property=\"og:image:type\" content=\"image\/jpeg\" \/>\n<meta name=\"author\" content=\"TSP Redaktion\" \/>\n<meta name=\"twitter:card\" content=\"summary_large_image\" \/>\n<meta name=\"twitter:label1\" content=\"Written by\" \/>\n\t<meta name=\"twitter:data1\" content=\"TSP Redaktion\" \/>\n\t<meta name=\"twitter:label2\" content=\"Est. reading time\" \/>\n\t<meta name=\"twitter:data2\" content=\"2 minutes\" \/>\n<script type=\"application\/ld+json\" class=\"yoast-schema-graph\">{\"@context\":\"https:\/\/schema.org\",\"@graph\":[{\"@type\":\"Article\",\"@id\":\"https:\/\/www.tsp.at\/en\/2024\/02\/14\/toleranzgespraeche-vorstellung-am-22-februar-in-villach\/#article\",\"isPartOf\":{\"@id\":\"https:\/\/www.tsp.at\/en\/2024\/02\/14\/toleranzgespraeche-vorstellung-am-22-februar-in-villach\/\"},\"author\":{\"name\":\"TSP Redaktion\",\"@id\":\"https:\/\/www.tsp.at\/en\/#\/schema\/person\/1ba5600c29da17b902b0925cea567f8a\"},\"headline\":\"Toleranzgespr\u00e4che Vorstellung am 22. Februar in Villach\",\"datePublished\":\"2024-02-14T12:05:00+00:00\",\"dateModified\":\"2025-10-21T12:52:15+00:00\",\"mainEntityOfPage\":{\"@id\":\"https:\/\/www.tsp.at\/en\/2024\/02\/14\/toleranzgespraeche-vorstellung-am-22-februar-in-villach\/\"},\"wordCount\":242,\"publisher\":{\"@id\":\"https:\/\/www.tsp.at\/en\/#organization\"},\"image\":{\"@id\":\"https:\/\/www.tsp.at\/en\/2024\/02\/14\/toleranzgespraeche-vorstellung-am-22-februar-in-villach\/#primaryimage\"},\"thumbnailUrl\":\"https:\/\/www.tsp.at\/wp-content\/uploads\/2025\/10\/photo1-1_09.jpg\",\"articleSection\":[\"News\"],\"inLanguage\":\"en-US\"},{\"@type\":\"WebPage\",\"@id\":\"https:\/\/www.tsp.at\/en\/2024\/02\/14\/toleranzgespraeche-vorstellung-am-22-februar-in-villach\/\",\"url\":\"https:\/\/www.tsp.at\/en\/2024\/02\/14\/toleranzgespraeche-vorstellung-am-22-februar-in-villach\/\",\"name\":\"Toleranzgespr\u00e4che Vorstellung am 22. Februar in Villach - Temmel | Seywald - Corporate Communications\",\"isPartOf\":{\"@id\":\"https:\/\/www.tsp.at\/en\/#website\"},\"primaryImageOfPage\":{\"@id\":\"https:\/\/www.tsp.at\/en\/2024\/02\/14\/toleranzgespraeche-vorstellung-am-22-februar-in-villach\/#primaryimage\"},\"image\":{\"@id\":\"https:\/\/www.tsp.at\/en\/2024\/02\/14\/toleranzgespraeche-vorstellung-am-22-februar-in-villach\/#primaryimage\"},\"thumbnailUrl\":\"https:\/\/www.tsp.at\/wp-content\/uploads\/2025\/10\/photo1-1_09.jpg\",\"datePublished\":\"2024-02-14T12:05:00+00:00\",\"dateModified\":\"2025-10-21T12:52:15+00:00\",\"breadcrumb\":{\"@id\":\"https:\/\/www.tsp.at\/en\/2024\/02\/14\/toleranzgespraeche-vorstellung-am-22-februar-in-villach\/#breadcrumb\"},\"inLanguage\":\"en-US\",\"potentialAction\":[{\"@type\":\"ReadAction\",\"target\":[\"https:\/\/www.tsp.at\/en\/2024\/02\/14\/toleranzgespraeche-vorstellung-am-22-februar-in-villach\/\"]}]},{\"@type\":\"ImageObject\",\"inLanguage\":\"en-US\",\"@id\":\"https:\/\/www.tsp.at\/en\/2024\/02\/14\/toleranzgespraeche-vorstellung-am-22-februar-in-villach\/#primaryimage\",\"url\":\"https:\/\/www.tsp.at\/wp-content\/uploads\/2025\/10\/photo1-1_09.jpg\",\"contentUrl\":\"https:\/\/www.tsp.at\/wp-content\/uploads\/2025\/10\/photo1-1_09.jpg\",\"width\":1240,\"height\":1625},{\"@type\":\"BreadcrumbList\",\"@id\":\"https:\/\/www.tsp.at\/en\/2024\/02\/14\/toleranzgespraeche-vorstellung-am-22-februar-in-villach\/#breadcrumb\",\"itemListElement\":[{\"@type\":\"ListItem\",\"position\":1,\"name\":\"Startseite\",\"item\":\"https:\/\/www.tsp.at\/en\/\"},{\"@type\":\"ListItem\",\"position\":2,\"name\":\"Toleranzgespr\u00e4che Vorstellung am 22. Februar in Villach\"}]},{\"@type\":\"WebSite\",\"@id\":\"https:\/\/www.tsp.at\/en\/#website\",\"url\":\"https:\/\/www.tsp.at\/en\/\",\"name\":\"Temmel | Seywald - Corporate Communications\",\"description\":\"Kommunikation ist Beziehungsarbeit\",\"publisher\":{\"@id\":\"https:\/\/www.tsp.at\/en\/#organization\"},\"potentialAction\":[{\"@type\":\"SearchAction\",\"target\":{\"@type\":\"EntryPoint\",\"urlTemplate\":\"https:\/\/www.tsp.at\/en\/?s={search_term_string}\"},\"query-input\":{\"@type\":\"PropertyValueSpecification\",\"valueRequired\":true,\"valueName\":\"search_term_string\"}}],\"inLanguage\":\"en-US\"},{\"@type\":\"Organization\",\"@id\":\"https:\/\/www.tsp.at\/en\/#organization\",\"name\":\"Temmel, Seywald & Partner Communications GesmbH\",\"alternateName\":\"TSP\",\"url\":\"https:\/\/www.tsp.at\/en\/\",\"logo\":{\"@type\":\"ImageObject\",\"inLanguage\":\"en-US\",\"@id\":\"https:\/\/www.tsp.at\/en\/#\/schema\/logo\/image\/\",\"url\":\"https:\/\/www.tsp.at\/wp-content\/uploads\/2025\/10\/favicontsp.png\",\"contentUrl\":\"https:\/\/www.tsp.at\/wp-content\/uploads\/2025\/10\/favicontsp.png\",\"width\":125,\"height\":125,\"caption\":\"Temmel, Seywald & Partner Communications GesmbH\"},\"image\":{\"@id\":\"https:\/\/www.tsp.at\/en\/#\/schema\/logo\/image\/\"},\"sameAs\":[\"https:\/\/www.facebook.com\/TemmelSeywald\"]},{\"@type\":\"Person\",\"@id\":\"https:\/\/www.tsp.at\/en\/#\/schema\/person\/1ba5600c29da17b902b0925cea567f8a\",\"name\":\"TSP Redaktion\"}]}<\/script>\n<!-- \/ Yoast SEO plugin. -->","yoast_head_json":{"title":"Toleranzgespr\u00e4che Vorstellung am 22. Februar in Villach - Temmel | Seywald - Corporate Communications","robots":{"index":"index","follow":"follow","max-snippet":"max-snippet:-1","max-image-preview":"max-image-preview:large","max-video-preview":"max-video-preview:-1"},"canonical":"https:\/\/www.tsp.at\/en\/2024\/02\/14\/toleranzgespraeche-vorstellung-am-22-februar-in-villach\/","og_locale":"en_US","og_type":"article","og_title":"Toleranzgespr\u00e4che Vorstellung am 22. Februar in Villach - Temmel | Seywald - Corporate Communications","og_description":"Wahrheitssuche in Zeiten von Digitalisierung und K\u00fcnstlicher Intelligenz 14.02.2024 Villach \u2013 Die Suche nach der Wahrheit kann als Ziel aller Philosophie angesehen werden. Und auch wenn von der Wahrheit angenommen wird, dass sie m\u00f6glichst mit der Wirklichkeit \u00fcbereinstimmen sollte, so ist das h\u00e4ufig nicht (mehr) der Fall. Einen Ausblick auf die Wahrheitssuche in Zeiten von&hellip;","og_url":"https:\/\/www.tsp.at\/en\/2024\/02\/14\/toleranzgespraeche-vorstellung-am-22-februar-in-villach\/","og_site_name":"Temmel | Seywald - Corporate Communications","article_publisher":"https:\/\/www.facebook.com\/TemmelSeywald","article_published_time":"2024-02-14T12:05:00+00:00","article_modified_time":"2025-10-21T12:52:15+00:00","og_image":[{"width":1240,"height":1625,"url":"https:\/\/www.tsp.at\/wp-content\/uploads\/2025\/10\/photo1-1_09.jpg","type":"image\/jpeg"}],"author":"TSP Redaktion","twitter_card":"summary_large_image","twitter_misc":{"Written by":"TSP Redaktion","Est. reading time":"2 minutes"},"schema":{"@context":"https:\/\/schema.org","@graph":[{"@type":"Article","@id":"https:\/\/www.tsp.at\/en\/2024\/02\/14\/toleranzgespraeche-vorstellung-am-22-februar-in-villach\/#article","isPartOf":{"@id":"https:\/\/www.tsp.at\/en\/2024\/02\/14\/toleranzgespraeche-vorstellung-am-22-februar-in-villach\/"},"author":{"name":"TSP Redaktion","@id":"https:\/\/www.tsp.at\/en\/#\/schema\/person\/1ba5600c29da17b902b0925cea567f8a"},"headline":"Toleranzgespr\u00e4che Vorstellung am 22. Februar in Villach","datePublished":"2024-02-14T12:05:00+00:00","dateModified":"2025-10-21T12:52:15+00:00","mainEntityOfPage":{"@id":"https:\/\/www.tsp.at\/en\/2024\/02\/14\/toleranzgespraeche-vorstellung-am-22-februar-in-villach\/"},"wordCount":242,"publisher":{"@id":"https:\/\/www.tsp.at\/en\/#organization"},"image":{"@id":"https:\/\/www.tsp.at\/en\/2024\/02\/14\/toleranzgespraeche-vorstellung-am-22-februar-in-villach\/#primaryimage"},"thumbnailUrl":"https:\/\/www.tsp.at\/wp-content\/uploads\/2025\/10\/photo1-1_09.jpg","articleSection":["News"],"inLanguage":"en-US"},{"@type":"WebPage","@id":"https:\/\/www.tsp.at\/en\/2024\/02\/14\/toleranzgespraeche-vorstellung-am-22-februar-in-villach\/","url":"https:\/\/www.tsp.at\/en\/2024\/02\/14\/toleranzgespraeche-vorstellung-am-22-februar-in-villach\/","name":"Toleranzgespr\u00e4che Vorstellung am 22. Februar in Villach - Temmel | Seywald - Corporate Communications","isPartOf":{"@id":"https:\/\/www.tsp.at\/en\/#website"},"primaryImageOfPage":{"@id":"https:\/\/www.tsp.at\/en\/2024\/02\/14\/toleranzgespraeche-vorstellung-am-22-februar-in-villach\/#primaryimage"},"image":{"@id":"https:\/\/www.tsp.at\/en\/2024\/02\/14\/toleranzgespraeche-vorstellung-am-22-februar-in-villach\/#primaryimage"},"thumbnailUrl":"https:\/\/www.tsp.at\/wp-content\/uploads\/2025\/10\/photo1-1_09.jpg","datePublished":"2024-02-14T12:05:00+00:00","dateModified":"2025-10-21T12:52:15+00:00","breadcrumb":{"@id":"https:\/\/www.tsp.at\/en\/2024\/02\/14\/toleranzgespraeche-vorstellung-am-22-februar-in-villach\/#breadcrumb"},"inLanguage":"en-US","potentialAction":[{"@type":"ReadAction","target":["https:\/\/www.tsp.at\/en\/2024\/02\/14\/toleranzgespraeche-vorstellung-am-22-februar-in-villach\/"]}]},{"@type":"ImageObject","inLanguage":"en-US","@id":"https:\/\/www.tsp.at\/en\/2024\/02\/14\/toleranzgespraeche-vorstellung-am-22-februar-in-villach\/#primaryimage","url":"https:\/\/www.tsp.at\/wp-content\/uploads\/2025\/10\/photo1-1_09.jpg","contentUrl":"https:\/\/www.tsp.at\/wp-content\/uploads\/2025\/10\/photo1-1_09.jpg","width":1240,"height":1625},{"@type":"BreadcrumbList","@id":"https:\/\/www.tsp.at\/en\/2024\/02\/14\/toleranzgespraeche-vorstellung-am-22-februar-in-villach\/#breadcrumb","itemListElement":[{"@type":"ListItem","position":1,"name":"Startseite","item":"https:\/\/www.tsp.at\/en\/"},{"@type":"ListItem","position":2,"name":"Toleranzgespr\u00e4che Vorstellung am 22. Februar in Villach"}]},{"@type":"WebSite","@id":"https:\/\/www.tsp.at\/en\/#website","url":"https:\/\/www.tsp.at\/en\/","name":"Temmel | Seywald - Corporate Communications","description":"Kommunikation ist Beziehungsarbeit","publisher":{"@id":"https:\/\/www.tsp.at\/en\/#organization"},"potentialAction":[{"@type":"SearchAction","target":{"@type":"EntryPoint","urlTemplate":"https:\/\/www.tsp.at\/en\/?s={search_term_string}"},"query-input":{"@type":"PropertyValueSpecification","valueRequired":true,"valueName":"search_term_string"}}],"inLanguage":"en-US"},{"@type":"Organization","@id":"https:\/\/www.tsp.at\/en\/#organization","name":"Temmel, Seywald & Partner Communications GesmbH","alternateName":"TSP","url":"https:\/\/www.tsp.at\/en\/","logo":{"@type":"ImageObject","inLanguage":"en-US","@id":"https:\/\/www.tsp.at\/en\/#\/schema\/logo\/image\/","url":"https:\/\/www.tsp.at\/wp-content\/uploads\/2025\/10\/favicontsp.png","contentUrl":"https:\/\/www.tsp.at\/wp-content\/uploads\/2025\/10\/favicontsp.png","width":125,"height":125,"caption":"Temmel, Seywald & Partner Communications GesmbH"},"image":{"@id":"https:\/\/www.tsp.at\/en\/#\/schema\/logo\/image\/"},"sameAs":["https:\/\/www.facebook.com\/TemmelSeywald"]},{"@type":"Person","@id":"https:\/\/www.tsp.at\/en\/#\/schema\/person\/1ba5600c29da17b902b0925cea567f8a","name":"TSP Redaktion"}]}},"_links":{"self":[{"href":"https:\/\/www.tsp.at\/en\/wp-json\/wp\/v2\/posts\/9650","targetHints":{"allow":["GET"]}}],"collection":[{"href":"https:\/\/www.tsp.at\/en\/wp-json\/wp\/v2\/posts"}],"about":[{"href":"https:\/\/www.tsp.at\/en\/wp-json\/wp\/v2\/types\/post"}],"author":[{"embeddable":true,"href":"https:\/\/www.tsp.at\/en\/wp-json\/wp\/v2\/users\/2"}],"replies":[{"embeddable":true,"href":"https:\/\/www.tsp.at\/en\/wp-json\/wp\/v2\/comments?post=9650"}],"version-history":[{"count":1,"href":"https:\/\/www.tsp.at\/en\/wp-json\/wp\/v2\/posts\/9650\/revisions"}],"predecessor-version":[{"id":11235,"href":"https:\/\/www.tsp.at\/en\/wp-json\/wp\/v2\/posts\/9650\/revisions\/11235"}],"wp:featuredmedia":[{"embeddable":true,"href":"https:\/\/www.tsp.at\/en\/wp-json\/wp\/v2\/media\/9649"}],"wp:attachment":[{"href":"https:\/\/www.tsp.at\/en\/wp-json\/wp\/v2\/media?parent=9650"}],"wp:term":[{"taxonomy":"category","embeddable":true,"href":"https:\/\/www.tsp.at\/en\/wp-json\/wp\/v2\/categories?post=9650"},{"taxonomy":"post_tag","embeddable":true,"href":"https:\/\/www.tsp.at\/en\/wp-json\/wp\/v2\/tags?post=9650"}],"curies":[{"name":"wp","href":"https:\/\/api.w.org\/{rel}","templated":true}]}}