{"id":9654,"date":"2024-01-30T13:52:00","date_gmt":"2024-01-30T12:52:00","guid":{"rendered":"https:\/\/staging.tsp.at\/2024\/01\/30\/fresach-europaforum-im-club-carinthia-am-15-februar\/"},"modified":"2025-10-21T14:52:15","modified_gmt":"2025-10-21T12:52:15","slug":"fresach-europaforum-im-club-carinthia-am-15-februar","status":"publish","type":"post","link":"https:\/\/www.tsp.at\/en\/2024\/01\/30\/fresach-europaforum-im-club-carinthia-am-15-februar\/","title":{"rendered":"Fresach-Europaforum im Club Carinthia am 15. Februar"},"content":{"rendered":"<article class=\"item\">\n<h2><strong>Programmvorstellung Europ\u00e4ische Toleranzgespr\u00e4che 2024 in der Oberbank Wien<\/strong><\/h2>\n<p>30.01.2024<\/p>\n<\/p>\n<\/p>\n<\/p>\n<\/p>\n<\/p>\n<p>Wien \u2013 <strong>Wahrheit ist ein gro\u00dfes Wort und gerade in der Politik ein Anspruch, der kaum erf\u00fcllt werden kann. Im gesellschaftlichen wie wirtschaftlichen Zusammenleben geht es nahezu immer um die Durchsetzung von Interessen und die Verteilung von Ressourcen und nicht um Wahrheitsfindung. Die Europawahl 2024 ist daher Anlass, Licht in so manche Wahrheiten zu bringen, die \u00f6ffentlichkeitswirksam verbreitet werden.<\/strong> <\/p>\n<p>Egal, ob rechte Verschw\u00f6rungstheorien oder linke Klima-Endzeitprognosen, hybride Trollfabriken oder KI-gesteuerte Desinformationskampagnen, die Demokratie ist in Gefahr und Europa verunsichert wie nie zu vor. Kriege und Krisen beherrschen die Diskussion, Medien befeuern die Hysterie. Die 10. Europ\u00e4ischen Toleranzgespr\u00e4che im K\u00e4rntner Bergdorf <span class=\"hl\">Fresach<\/span> vom 15. bis 18. Mai 2024 zeigen die Absichten und Mechanismen hinter den Kulissen auf, das Programm wird im Club Carinthia der Oberbank Wien vorgestellt.\n<\/p>\n<p><strong>Veranstalter: <\/strong>Denk.Raum.<span class=\"hl\">Fresach<\/span> &amp; Club Carinthia<br \/><strong>Termin:<\/strong> Donnerstag, 15. Februar 2024, 18.30 bis 20 Uhr<br \/><strong>Ort:<\/strong> Club Carinthia in der Oberbank, Schwarzenbergplatz 5, 1030 Wien<br \/><strong>Thema: <\/strong>WAHRHEIT \u2013 Was ist wirklich?\n<\/p>\n<p>F\u00fcr den Impulsvortrag in Wien konnte der Literaturwissenschafter und Karl-Kraus-Experte <strong>Gerald Krieghofer<\/strong> gewonnen werden, der mit seinem j\u00fcngsten Buch &#8220;Die besten <em>falschesten<\/em> Zitate aller Zeiten&#8221; f\u00fcr (mediale) Furore gesorgt hat. Krieghofer hat sich auf die Aufdeckung von &#8220;Kuckuckszitaten&#8221; spezialisiert und ist als Zitate-Experte und Faktenchecker f\u00fcr viele namhafte Medien im gesamten deutschen Sprachraum gefragt, u.a. S\u00fcddeutsche, FAZ, Deutschland-Radio und Die Zeit.\n<\/p>\n<p>Im Anschluss diskutieren die Juristin, Menschenrechtsexpertin und NEOS-Abgeordnete <strong>Stephanie Krisper<\/strong>, die Psychotherapeutin <strong>Margarethe Prinz-B\u00fcchl, <\/strong>der Informatiker und Philosoph<strong> Peter Reichl<\/strong> und der Pr\u00e4sident des Kuratoriums der Europ\u00e4ischen Toleranzgespr\u00e4che, <strong>Hannes Swoboda<\/strong> mit dem langj\u00e4hrigen Chefredakteur <strong>Claus Reitan <\/strong>\u00fcber die Chancen und Risiken f\u00fcr faire Wahlen im Superwahljahr 2024 angesichts immer drastischerer Manipulationsversuche von links und rechts.\n<\/p>\n<p>Die Programmvorstellung kann auch via <a href=\"https:\/\/www.youtube.com\/watch?v=4mxODJvfZNQ\" target=\"_blank\">YouTube<\/a> und <a href=\"https:\/\/www.facebook.com\/events\/347407641588289\/\" target=\"_blank\">Facebook<\/a> verfolgt werden. <strong>Anmeldung <\/strong>zur \u00f6ffentlich zug\u00e4nglichen Veranstaltung: info@club-carinthia.at oder Tel. 0664 3826048<\/p>\n<\/article>\n","protected":false},"excerpt":{"rendered":"<p>Programmvorstellung Europ\u00e4ische Toleranzgespr\u00e4che 2024 in der Oberbank Wien 30.01.2024 Wien \u2013 Wahrheit ist ein gro\u00dfes Wort und gerade in der Politik ein Anspruch, der kaum erf\u00fcllt werden kann. Im gesellschaftlichen wie wirtschaftlichen Zusammenleben geht es nahezu immer um die Durchsetzung von Interessen und die Verteilung von Ressourcen und nicht um Wahrheitsfindung. Die Europawahl 2024 ist&hellip;<\/p>\n","protected":false},"author":2,"featured_media":9653,"comment_status":"closed","ping_status":"closed","sticky":false,"template":"","format":"standard","meta":{"footnotes":""},"categories":[3],"tags":[],"class_list":["post-9654","post","type-post","status-publish","format-standard","has-post-thumbnail","hentry","category-news","category-3","description-off"],"yoast_head":"<!-- This site is optimized with the Yoast SEO plugin v26.3 - https:\/\/yoast.com\/wordpress\/plugins\/seo\/ -->\n<title>Fresach-Europaforum im Club Carinthia am 15. Februar - Temmel | Seywald - Corporate Communications<\/title>\n<meta name=\"robots\" content=\"index, follow, max-snippet:-1, max-image-preview:large, max-video-preview:-1\" \/>\n<link rel=\"canonical\" href=\"https:\/\/www.tsp.at\/en\/2024\/01\/30\/fresach-europaforum-im-club-carinthia-am-15-februar\/\" \/>\n<meta property=\"og:locale\" content=\"en_US\" \/>\n<meta property=\"og:type\" content=\"article\" \/>\n<meta property=\"og:title\" content=\"Fresach-Europaforum im Club Carinthia am 15. Februar - Temmel | Seywald - Corporate Communications\" \/>\n<meta property=\"og:description\" content=\"Programmvorstellung Europ\u00e4ische Toleranzgespr\u00e4che 2024 in der Oberbank Wien 30.01.2024 Wien \u2013 Wahrheit ist ein gro\u00dfes Wort und gerade in der Politik ein Anspruch, der kaum erf\u00fcllt werden kann. Im gesellschaftlichen wie wirtschaftlichen Zusammenleben geht es nahezu immer um die Durchsetzung von Interessen und die Verteilung von Ressourcen und nicht um Wahrheitsfindung. Die Europawahl 2024 ist&hellip;\" \/>\n<meta property=\"og:url\" content=\"https:\/\/www.tsp.at\/en\/2024\/01\/30\/fresach-europaforum-im-club-carinthia-am-15-februar\/\" \/>\n<meta property=\"og:site_name\" content=\"Temmel | Seywald - Corporate Communications\" \/>\n<meta property=\"article:publisher\" content=\"https:\/\/www.facebook.com\/TemmelSeywald\" \/>\n<meta property=\"article:published_time\" content=\"2024-01-30T12:52:00+00:00\" \/>\n<meta property=\"article:modified_time\" content=\"2025-10-21T12:52:15+00:00\" \/>\n<meta property=\"og:image\" content=\"https:\/\/www.tsp.at\/wp-content\/uploads\/2025\/10\/2024-01-29_youtube_1280x720_Europaforum.jpg\" \/>\n\t<meta property=\"og:image:width\" content=\"1280\" \/>\n\t<meta property=\"og:image:height\" content=\"720\" \/>\n\t<meta property=\"og:image:type\" content=\"image\/jpeg\" \/>\n<meta name=\"author\" content=\"TSP Redaktion\" \/>\n<meta name=\"twitter:card\" content=\"summary_large_image\" \/>\n<meta name=\"twitter:label1\" content=\"Written by\" \/>\n\t<meta name=\"twitter:data1\" content=\"TSP Redaktion\" \/>\n\t<meta name=\"twitter:label2\" content=\"Est. reading time\" \/>\n\t<meta name=\"twitter:data2\" content=\"2 minutes\" \/>\n<script type=\"application\/ld+json\" class=\"yoast-schema-graph\">{\"@context\":\"https:\/\/schema.org\",\"@graph\":[{\"@type\":\"Article\",\"@id\":\"https:\/\/www.tsp.at\/en\/2024\/01\/30\/fresach-europaforum-im-club-carinthia-am-15-februar\/#article\",\"isPartOf\":{\"@id\":\"https:\/\/www.tsp.at\/en\/2024\/01\/30\/fresach-europaforum-im-club-carinthia-am-15-februar\/\"},\"author\":{\"name\":\"TSP Redaktion\",\"@id\":\"https:\/\/www.tsp.at\/en\/#\/schema\/person\/1ba5600c29da17b902b0925cea567f8a\"},\"headline\":\"Fresach-Europaforum im Club Carinthia am 15. Februar\",\"datePublished\":\"2024-01-30T12:52:00+00:00\",\"dateModified\":\"2025-10-21T12:52:15+00:00\",\"mainEntityOfPage\":{\"@id\":\"https:\/\/www.tsp.at\/en\/2024\/01\/30\/fresach-europaforum-im-club-carinthia-am-15-februar\/\"},\"wordCount\":314,\"publisher\":{\"@id\":\"https:\/\/www.tsp.at\/en\/#organization\"},\"image\":{\"@id\":\"https:\/\/www.tsp.at\/en\/2024\/01\/30\/fresach-europaforum-im-club-carinthia-am-15-februar\/#primaryimage\"},\"thumbnailUrl\":\"https:\/\/www.tsp.at\/wp-content\/uploads\/2025\/10\/2024-01-29_youtube_1280x720_Europaforum.jpg\",\"articleSection\":[\"News\"],\"inLanguage\":\"en-US\"},{\"@type\":\"WebPage\",\"@id\":\"https:\/\/www.tsp.at\/en\/2024\/01\/30\/fresach-europaforum-im-club-carinthia-am-15-februar\/\",\"url\":\"https:\/\/www.tsp.at\/en\/2024\/01\/30\/fresach-europaforum-im-club-carinthia-am-15-februar\/\",\"name\":\"Fresach-Europaforum im Club Carinthia am 15. Februar - Temmel | Seywald - Corporate Communications\",\"isPartOf\":{\"@id\":\"https:\/\/www.tsp.at\/en\/#website\"},\"primaryImageOfPage\":{\"@id\":\"https:\/\/www.tsp.at\/en\/2024\/01\/30\/fresach-europaforum-im-club-carinthia-am-15-februar\/#primaryimage\"},\"image\":{\"@id\":\"https:\/\/www.tsp.at\/en\/2024\/01\/30\/fresach-europaforum-im-club-carinthia-am-15-februar\/#primaryimage\"},\"thumbnailUrl\":\"https:\/\/www.tsp.at\/wp-content\/uploads\/2025\/10\/2024-01-29_youtube_1280x720_Europaforum.jpg\",\"datePublished\":\"2024-01-30T12:52:00+00:00\",\"dateModified\":\"2025-10-21T12:52:15+00:00\",\"breadcrumb\":{\"@id\":\"https:\/\/www.tsp.at\/en\/2024\/01\/30\/fresach-europaforum-im-club-carinthia-am-15-februar\/#breadcrumb\"},\"inLanguage\":\"en-US\",\"potentialAction\":[{\"@type\":\"ReadAction\",\"target\":[\"https:\/\/www.tsp.at\/en\/2024\/01\/30\/fresach-europaforum-im-club-carinthia-am-15-februar\/\"]}]},{\"@type\":\"ImageObject\",\"inLanguage\":\"en-US\",\"@id\":\"https:\/\/www.tsp.at\/en\/2024\/01\/30\/fresach-europaforum-im-club-carinthia-am-15-februar\/#primaryimage\",\"url\":\"https:\/\/www.tsp.at\/wp-content\/uploads\/2025\/10\/2024-01-29_youtube_1280x720_Europaforum.jpg\",\"contentUrl\":\"https:\/\/www.tsp.at\/wp-content\/uploads\/2025\/10\/2024-01-29_youtube_1280x720_Europaforum.jpg\",\"width\":1280,\"height\":720},{\"@type\":\"BreadcrumbList\",\"@id\":\"https:\/\/www.tsp.at\/en\/2024\/01\/30\/fresach-europaforum-im-club-carinthia-am-15-februar\/#breadcrumb\",\"itemListElement\":[{\"@type\":\"ListItem\",\"position\":1,\"name\":\"Startseite\",\"item\":\"https:\/\/www.tsp.at\/en\/\"},{\"@type\":\"ListItem\",\"position\":2,\"name\":\"Fresach-Europaforum im Club Carinthia am 15. Februar\"}]},{\"@type\":\"WebSite\",\"@id\":\"https:\/\/www.tsp.at\/en\/#website\",\"url\":\"https:\/\/www.tsp.at\/en\/\",\"name\":\"Temmel | Seywald - Corporate Communications\",\"description\":\"Kommunikation ist Beziehungsarbeit\",\"publisher\":{\"@id\":\"https:\/\/www.tsp.at\/en\/#organization\"},\"potentialAction\":[{\"@type\":\"SearchAction\",\"target\":{\"@type\":\"EntryPoint\",\"urlTemplate\":\"https:\/\/www.tsp.at\/en\/?s={search_term_string}\"},\"query-input\":{\"@type\":\"PropertyValueSpecification\",\"valueRequired\":true,\"valueName\":\"search_term_string\"}}],\"inLanguage\":\"en-US\"},{\"@type\":\"Organization\",\"@id\":\"https:\/\/www.tsp.at\/en\/#organization\",\"name\":\"Temmel, Seywald & Partner Communications GesmbH\",\"alternateName\":\"TSP\",\"url\":\"https:\/\/www.tsp.at\/en\/\",\"logo\":{\"@type\":\"ImageObject\",\"inLanguage\":\"en-US\",\"@id\":\"https:\/\/www.tsp.at\/en\/#\/schema\/logo\/image\/\",\"url\":\"https:\/\/www.tsp.at\/wp-content\/uploads\/2025\/10\/favicontsp.png\",\"contentUrl\":\"https:\/\/www.tsp.at\/wp-content\/uploads\/2025\/10\/favicontsp.png\",\"width\":125,\"height\":125,\"caption\":\"Temmel, Seywald & Partner Communications GesmbH\"},\"image\":{\"@id\":\"https:\/\/www.tsp.at\/en\/#\/schema\/logo\/image\/\"},\"sameAs\":[\"https:\/\/www.facebook.com\/TemmelSeywald\"]},{\"@type\":\"Person\",\"@id\":\"https:\/\/www.tsp.at\/en\/#\/schema\/person\/1ba5600c29da17b902b0925cea567f8a\",\"name\":\"TSP Redaktion\"}]}<\/script>\n<!-- \/ Yoast SEO plugin. -->","yoast_head_json":{"title":"Fresach-Europaforum im Club Carinthia am 15. Februar - Temmel | Seywald - Corporate Communications","robots":{"index":"index","follow":"follow","max-snippet":"max-snippet:-1","max-image-preview":"max-image-preview:large","max-video-preview":"max-video-preview:-1"},"canonical":"https:\/\/www.tsp.at\/en\/2024\/01\/30\/fresach-europaforum-im-club-carinthia-am-15-februar\/","og_locale":"en_US","og_type":"article","og_title":"Fresach-Europaforum im Club Carinthia am 15. Februar - Temmel | Seywald - Corporate Communications","og_description":"Programmvorstellung Europ\u00e4ische Toleranzgespr\u00e4che 2024 in der Oberbank Wien 30.01.2024 Wien \u2013 Wahrheit ist ein gro\u00dfes Wort und gerade in der Politik ein Anspruch, der kaum erf\u00fcllt werden kann. Im gesellschaftlichen wie wirtschaftlichen Zusammenleben geht es nahezu immer um die Durchsetzung von Interessen und die Verteilung von Ressourcen und nicht um Wahrheitsfindung. Die Europawahl 2024 ist&hellip;","og_url":"https:\/\/www.tsp.at\/en\/2024\/01\/30\/fresach-europaforum-im-club-carinthia-am-15-februar\/","og_site_name":"Temmel | Seywald - Corporate Communications","article_publisher":"https:\/\/www.facebook.com\/TemmelSeywald","article_published_time":"2024-01-30T12:52:00+00:00","article_modified_time":"2025-10-21T12:52:15+00:00","og_image":[{"width":1280,"height":720,"url":"https:\/\/www.tsp.at\/wp-content\/uploads\/2025\/10\/2024-01-29_youtube_1280x720_Europaforum.jpg","type":"image\/jpeg"}],"author":"TSP Redaktion","twitter_card":"summary_large_image","twitter_misc":{"Written by":"TSP Redaktion","Est. reading time":"2 minutes"},"schema":{"@context":"https:\/\/schema.org","@graph":[{"@type":"Article","@id":"https:\/\/www.tsp.at\/en\/2024\/01\/30\/fresach-europaforum-im-club-carinthia-am-15-februar\/#article","isPartOf":{"@id":"https:\/\/www.tsp.at\/en\/2024\/01\/30\/fresach-europaforum-im-club-carinthia-am-15-februar\/"},"author":{"name":"TSP Redaktion","@id":"https:\/\/www.tsp.at\/en\/#\/schema\/person\/1ba5600c29da17b902b0925cea567f8a"},"headline":"Fresach-Europaforum im Club Carinthia am 15. Februar","datePublished":"2024-01-30T12:52:00+00:00","dateModified":"2025-10-21T12:52:15+00:00","mainEntityOfPage":{"@id":"https:\/\/www.tsp.at\/en\/2024\/01\/30\/fresach-europaforum-im-club-carinthia-am-15-februar\/"},"wordCount":314,"publisher":{"@id":"https:\/\/www.tsp.at\/en\/#organization"},"image":{"@id":"https:\/\/www.tsp.at\/en\/2024\/01\/30\/fresach-europaforum-im-club-carinthia-am-15-februar\/#primaryimage"},"thumbnailUrl":"https:\/\/www.tsp.at\/wp-content\/uploads\/2025\/10\/2024-01-29_youtube_1280x720_Europaforum.jpg","articleSection":["News"],"inLanguage":"en-US"},{"@type":"WebPage","@id":"https:\/\/www.tsp.at\/en\/2024\/01\/30\/fresach-europaforum-im-club-carinthia-am-15-februar\/","url":"https:\/\/www.tsp.at\/en\/2024\/01\/30\/fresach-europaforum-im-club-carinthia-am-15-februar\/","name":"Fresach-Europaforum im Club Carinthia am 15. Februar - Temmel | Seywald - Corporate Communications","isPartOf":{"@id":"https:\/\/www.tsp.at\/en\/#website"},"primaryImageOfPage":{"@id":"https:\/\/www.tsp.at\/en\/2024\/01\/30\/fresach-europaforum-im-club-carinthia-am-15-februar\/#primaryimage"},"image":{"@id":"https:\/\/www.tsp.at\/en\/2024\/01\/30\/fresach-europaforum-im-club-carinthia-am-15-februar\/#primaryimage"},"thumbnailUrl":"https:\/\/www.tsp.at\/wp-content\/uploads\/2025\/10\/2024-01-29_youtube_1280x720_Europaforum.jpg","datePublished":"2024-01-30T12:52:00+00:00","dateModified":"2025-10-21T12:52:15+00:00","breadcrumb":{"@id":"https:\/\/www.tsp.at\/en\/2024\/01\/30\/fresach-europaforum-im-club-carinthia-am-15-februar\/#breadcrumb"},"inLanguage":"en-US","potentialAction":[{"@type":"ReadAction","target":["https:\/\/www.tsp.at\/en\/2024\/01\/30\/fresach-europaforum-im-club-carinthia-am-15-februar\/"]}]},{"@type":"ImageObject","inLanguage":"en-US","@id":"https:\/\/www.tsp.at\/en\/2024\/01\/30\/fresach-europaforum-im-club-carinthia-am-15-februar\/#primaryimage","url":"https:\/\/www.tsp.at\/wp-content\/uploads\/2025\/10\/2024-01-29_youtube_1280x720_Europaforum.jpg","contentUrl":"https:\/\/www.tsp.at\/wp-content\/uploads\/2025\/10\/2024-01-29_youtube_1280x720_Europaforum.jpg","width":1280,"height":720},{"@type":"BreadcrumbList","@id":"https:\/\/www.tsp.at\/en\/2024\/01\/30\/fresach-europaforum-im-club-carinthia-am-15-februar\/#breadcrumb","itemListElement":[{"@type":"ListItem","position":1,"name":"Startseite","item":"https:\/\/www.tsp.at\/en\/"},{"@type":"ListItem","position":2,"name":"Fresach-Europaforum im Club Carinthia am 15. Februar"}]},{"@type":"WebSite","@id":"https:\/\/www.tsp.at\/en\/#website","url":"https:\/\/www.tsp.at\/en\/","name":"Temmel | Seywald - Corporate Communications","description":"Kommunikation ist Beziehungsarbeit","publisher":{"@id":"https:\/\/www.tsp.at\/en\/#organization"},"potentialAction":[{"@type":"SearchAction","target":{"@type":"EntryPoint","urlTemplate":"https:\/\/www.tsp.at\/en\/?s={search_term_string}"},"query-input":{"@type":"PropertyValueSpecification","valueRequired":true,"valueName":"search_term_string"}}],"inLanguage":"en-US"},{"@type":"Organization","@id":"https:\/\/www.tsp.at\/en\/#organization","name":"Temmel, Seywald & Partner Communications GesmbH","alternateName":"TSP","url":"https:\/\/www.tsp.at\/en\/","logo":{"@type":"ImageObject","inLanguage":"en-US","@id":"https:\/\/www.tsp.at\/en\/#\/schema\/logo\/image\/","url":"https:\/\/www.tsp.at\/wp-content\/uploads\/2025\/10\/favicontsp.png","contentUrl":"https:\/\/www.tsp.at\/wp-content\/uploads\/2025\/10\/favicontsp.png","width":125,"height":125,"caption":"Temmel, Seywald & Partner Communications GesmbH"},"image":{"@id":"https:\/\/www.tsp.at\/en\/#\/schema\/logo\/image\/"},"sameAs":["https:\/\/www.facebook.com\/TemmelSeywald"]},{"@type":"Person","@id":"https:\/\/www.tsp.at\/en\/#\/schema\/person\/1ba5600c29da17b902b0925cea567f8a","name":"TSP Redaktion"}]}},"_links":{"self":[{"href":"https:\/\/www.tsp.at\/en\/wp-json\/wp\/v2\/posts\/9654","targetHints":{"allow":["GET"]}}],"collection":[{"href":"https:\/\/www.tsp.at\/en\/wp-json\/wp\/v2\/posts"}],"about":[{"href":"https:\/\/www.tsp.at\/en\/wp-json\/wp\/v2\/types\/post"}],"author":[{"embeddable":true,"href":"https:\/\/www.tsp.at\/en\/wp-json\/wp\/v2\/users\/2"}],"replies":[{"embeddable":true,"href":"https:\/\/www.tsp.at\/en\/wp-json\/wp\/v2\/comments?post=9654"}],"version-history":[{"count":1,"href":"https:\/\/www.tsp.at\/en\/wp-json\/wp\/v2\/posts\/9654\/revisions"}],"predecessor-version":[{"id":11237,"href":"https:\/\/www.tsp.at\/en\/wp-json\/wp\/v2\/posts\/9654\/revisions\/11237"}],"wp:featuredmedia":[{"embeddable":true,"href":"https:\/\/www.tsp.at\/en\/wp-json\/wp\/v2\/media\/9653"}],"wp:attachment":[{"href":"https:\/\/www.tsp.at\/en\/wp-json\/wp\/v2\/media?parent=9654"}],"wp:term":[{"taxonomy":"category","embeddable":true,"href":"https:\/\/www.tsp.at\/en\/wp-json\/wp\/v2\/categories?post=9654"},{"taxonomy":"post_tag","embeddable":true,"href":"https:\/\/www.tsp.at\/en\/wp-json\/wp\/v2\/tags?post=9654"}],"curies":[{"name":"wp","href":"https:\/\/api.w.org\/{rel}","templated":true}]}}