{"id":9656,"date":"2024-01-12T11:06:00","date_gmt":"2024-01-12T10:06:00","guid":{"rendered":"https:\/\/staging.tsp.at\/2024\/01\/12\/fresach-lesebuch-zum-wachstum-liegt-vor\/"},"modified":"2025-10-21T14:52:15","modified_gmt":"2025-10-21T12:52:15","slug":"fresach-lesebuch-zum-wachstum-liegt-vor","status":"publish","type":"post","link":"https:\/\/www.tsp.at\/en\/2024\/01\/12\/fresach-lesebuch-zum-wachstum-liegt-vor\/","title":{"rendered":"Fresach-Lesebuch zum Wachstum liegt vor"},"content":{"rendered":"<article class=\"item\">\n<h2><strong>Ergebnisse der Europ\u00e4ischen Toleranzgespr\u00e4che 2023 in Buchform<\/strong><\/h2>\n<p>12.01.2024<\/p>\n<\/p>\n<\/p>\n<\/p>\n<\/p>\n<\/p>\n<p>Villach \u2013 <strong>Mit dem Wachstumsbegriff verh\u00e4lt es sich wie mit einem sechsseitigen W\u00fcrfel. Man muss ihn von allen Seiten betrachten, um zu verstehen, wie er beschaffen ist. Genau das leisten die Beitr\u00e4ge der soeben ver\u00f6ffentlichten Anthologie &#8220;Wachstum am Ende: Was jetzt?&#8221;, an der \u00fcber 20 Autorinnen und Autoren mitgewirkt haben. Diese Essays bilden die Quintessenz der Europ\u00e4ischen Toleranzgespr\u00e4che 2023 im K\u00e4rntner Bergdorf <span class=\"hl\">Fresach<\/span> ab und sind ab sofort online und im Buchhandel erh\u00e4ltlich.<\/strong> <\/p>\n<p>Die Wachstumsproblematik trifft \u2013 gerade im Zusammenhang mit dem fortschreitenden Klimawandel \u2013 einen Nerv unserer Zeit, und sie fordert Politik und Gesellschaft in ihren Grundfesten heraus. W\u00e4hrend sich der Westen den Luxus einer Degrowth-Diskussion leistet und den Klimaschutz zur alles entscheidenden \u00dcberlebensfrage erkl\u00e4rt, k\u00e4mpfen viele L\u00e4nder des globalen S\u00fcdens um Teilhabe am Wohlstand und gegen die anhaltende Bevormundung.\n<\/p>\n<p>Seit 2015 finden sich allj\u00e4hrlich zum Pfingstwochenende in der K\u00e4rntner Idylle <span class=\"hl\">Fresach<\/span> Intellektuelle, Wissenschaftler und K\u00fcnstler ein, um brisante Themen zu pr\u00e4sentieren und zu er\u00f6rtern. Die Idylle ist eine historisch hart erk\u00e4mpfte. Denn schon die verheerenden Dispute der christlichen Konfessionen sorgten einst f\u00fcr Sprengkraft. Mit dem Toleranzpatent von Kaiser Josef II. 1782 wurde ein unmissverst\u00e4ndliches Zeichen gegen die Ausgrenzung gesetzt. Die Idee der Toleranz weist eine gro\u00dfe Dimension auf, geht es ja nicht um g\u00f6nnerhaften Elitarismus, sondern darum, jene Vielfalt abzubilden, die unsere Gesellschaft ausmacht und wechselweise zur Erosion sowie zum Wandel f\u00fchrt.\n<\/p>\n<p>In der Publikation &#8220;Wachstum am Ende: Was jetzt?&#8221; wird dieser Anspruch beispielhaft eingel\u00f6st. Wachstum qualitativ zu betrachten, kann bedeuten als Einzelner wie im Kollektiv zu wachsen. Dazu k\u00f6nnen religi\u00f6se Werte der Barmherzigkeit ebenso z\u00e4hlen wie humanistische der Empathie und der Aufkl\u00e4rung. Auch die Gaben der Naturwissenschaften und der Technik schaffen im Ideal Innovationen, um die Wirklichkeit so zu gestalten, wie es dem Leben guttut.\n<\/p>\n<p>Denn wir befinden uns in der Situation, dass das Schicksal unserer Art engmaschig \u2013 wie kaum zuvor \u2013 mit allen Spezies verkn\u00fcpft ist. Zur Erkenntnis geh\u00f6rt das Benennen der Probleme ebenso wie das Spiel mit den L\u00f6sungen und Antworten. Wenn wir an den W\u00fcrfel denken, so nimmt er in vielen Kulturen den Rang eines Schicksalsentscheiders ein. An welchem Spiel sollen und k\u00f6nnen wir in Zukunft Anteil nehmen? Dazu animieren diese klugen Interventionen.\n<\/p>\n<p>Die Bandbreite dieser Sto\u00dfrichtungen ermuntert zum vertieften Dialog der Disziplinen: Was verbindet Theologie mit \u00d6kologie? Wo treffen sich \u00d6konomie und Philosophie? Aus welcher Gegens\u00e4tzlichkeit l\u00e4sst sich eine gesellschaftlich relevante Synthese ableiten? Antworten werden zum Gegenstand neuer Fragen. Die Ideen der Europ\u00e4ischen Toleranzgespr\u00e4che zum Thema &#8220;Wachstum am Ende: Was jetzt?&#8221; kulminieren in der <span class=\"hl\">Fresach<\/span>er Wachstumscharta.\n<\/p>\n<p>Die Publikation ist im Dezember 2023 in der Edition Denk.Raum.<span class=\"hl\">Fresach<\/span> erschienen und auch auf der Webseite bestellbar: <a href=\"http:\/\/www.fresach.org\/publikationen\/\" target=\"_blank\">http:\/\/www.<span class=\"hl\">fresach<\/span>.org\/publikationen\/<\/a><br \/>SBN: 9783758314445<br \/>Preis: 9,90 Euro\n<\/p>\n<p>Mit Beitr\u00e4gen von Wilfried Seywald, Hannes Swoboda, Nikolaus Schneider, Franz Alt, Barbara Rauchwarter, Marlene Streeruwitz, Werner Plumpe, Christine Ax, Dietmar Krug, Norbert Wohlgemuth, Hans Albrecht, Georg Brasseur, Alexander Peer, Egyd Gst\u00e4ttner, dem diesj\u00e4hrigen Toleranzpreistr\u00e4ger Michael B\u00fcnker, Helmut Steiner, Trisha Radda, Erini Kalta, Muhammed Dumanli, Esta-Maria Sackl und Manfred Saurer.\n<\/p>\n<p><strong>\u00dcber die Toleranzgespr\u00e4che \u2028<\/strong><br \/>Die Europ\u00e4ischen Toleranzgespr\u00e4che finden seit 2015 allj\u00e4hrlich zu Pfingsten statt und behandeln gesellschaftliche Entwicklungen und politische Bildung rund um Fragen der sozialen Integration, Demokratie und Menschenrechte sowie Zivilgesellschaft und Religion. Die Gespr\u00e4che haben ihren Ursprung in den <span class=\"hl\">Fresach<\/span>er Schriftstellertagungen, die in den 1970er und 1980er Jahren &#8211; bis nach der Wende in Osteuropa &#8211; stattfanden. <a href=\"http:\/\/www.fresach.org\" target=\"_blank\">http:\/\/www.<span class=\"hl\">fresach<\/span>.org<\/a><\/p>\n<\/article>\n","protected":false},"excerpt":{"rendered":"<p>Ergebnisse der Europ\u00e4ischen Toleranzgespr\u00e4che 2023 in Buchform 12.01.2024 Villach \u2013 Mit dem Wachstumsbegriff verh\u00e4lt es sich wie mit einem sechsseitigen W\u00fcrfel. Man muss ihn von allen Seiten betrachten, um zu verstehen, wie er beschaffen ist. Genau das leisten die Beitr\u00e4ge der soeben ver\u00f6ffentlichten Anthologie &#8220;Wachstum am Ende: Was jetzt?&#8221;, an der \u00fcber 20 Autorinnen und&hellip;<\/p>\n","protected":false},"author":2,"featured_media":9655,"comment_status":"closed","ping_status":"closed","sticky":false,"template":"","format":"standard","meta":{"footnotes":""},"categories":[3],"tags":[],"class_list":["post-9656","post","type-post","status-publish","format-standard","has-post-thumbnail","hentry","category-news","category-3","description-off"],"yoast_head":"<!-- This site is optimized with the Yoast SEO plugin v26.3 - https:\/\/yoast.com\/wordpress\/plugins\/seo\/ -->\n<title>Fresach-Lesebuch zum Wachstum liegt vor - Temmel | Seywald - Corporate Communications<\/title>\n<meta name=\"robots\" content=\"index, follow, max-snippet:-1, max-image-preview:large, max-video-preview:-1\" \/>\n<link rel=\"canonical\" href=\"https:\/\/www.tsp.at\/en\/2024\/01\/12\/fresach-lesebuch-zum-wachstum-liegt-vor\/\" \/>\n<meta property=\"og:locale\" content=\"en_US\" \/>\n<meta property=\"og:type\" content=\"article\" \/>\n<meta property=\"og:title\" content=\"Fresach-Lesebuch zum Wachstum liegt vor - Temmel | Seywald - Corporate Communications\" \/>\n<meta property=\"og:description\" content=\"Ergebnisse der Europ\u00e4ischen Toleranzgespr\u00e4che 2023 in Buchform 12.01.2024 Villach \u2013 Mit dem Wachstumsbegriff verh\u00e4lt es sich wie mit einem sechsseitigen W\u00fcrfel. Man muss ihn von allen Seiten betrachten, um zu verstehen, wie er beschaffen ist. Genau das leisten die Beitr\u00e4ge der soeben ver\u00f6ffentlichten Anthologie &#8220;Wachstum am Ende: Was jetzt?&#8221;, an der \u00fcber 20 Autorinnen und&hellip;\" \/>\n<meta property=\"og:url\" content=\"https:\/\/www.tsp.at\/en\/2024\/01\/12\/fresach-lesebuch-zum-wachstum-liegt-vor\/\" \/>\n<meta property=\"og:site_name\" content=\"Temmel | Seywald - Corporate Communications\" \/>\n<meta property=\"article:publisher\" content=\"https:\/\/www.facebook.com\/TemmelSeywald\" \/>\n<meta property=\"article:published_time\" content=\"2024-01-12T10:06:00+00:00\" \/>\n<meta property=\"article:modified_time\" content=\"2025-10-21T12:52:15+00:00\" \/>\n<meta property=\"og:image\" content=\"https:\/\/www.tsp.at\/wp-content\/uploads\/2025\/10\/Buchcover-2023.jpg\" \/>\n\t<meta property=\"og:image:width\" content=\"1090\" \/>\n\t<meta property=\"og:image:height\" content=\"1754\" \/>\n\t<meta property=\"og:image:type\" content=\"image\/jpeg\" \/>\n<meta name=\"author\" content=\"TSP Redaktion\" \/>\n<meta name=\"twitter:card\" content=\"summary_large_image\" \/>\n<meta name=\"twitter:label1\" content=\"Written by\" \/>\n\t<meta name=\"twitter:data1\" content=\"TSP Redaktion\" \/>\n\t<meta name=\"twitter:label2\" content=\"Est. reading time\" \/>\n\t<meta name=\"twitter:data2\" content=\"4 minutes\" \/>\n<script type=\"application\/ld+json\" class=\"yoast-schema-graph\">{\"@context\":\"https:\/\/schema.org\",\"@graph\":[{\"@type\":\"Article\",\"@id\":\"https:\/\/www.tsp.at\/en\/2024\/01\/12\/fresach-lesebuch-zum-wachstum-liegt-vor\/#article\",\"isPartOf\":{\"@id\":\"https:\/\/www.tsp.at\/en\/2024\/01\/12\/fresach-lesebuch-zum-wachstum-liegt-vor\/\"},\"author\":{\"name\":\"TSP Redaktion\",\"@id\":\"https:\/\/www.tsp.at\/en\/#\/schema\/person\/1ba5600c29da17b902b0925cea567f8a\"},\"headline\":\"Fresach-Lesebuch zum Wachstum liegt vor\",\"datePublished\":\"2024-01-12T10:06:00+00:00\",\"dateModified\":\"2025-10-21T12:52:15+00:00\",\"mainEntityOfPage\":{\"@id\":\"https:\/\/www.tsp.at\/en\/2024\/01\/12\/fresach-lesebuch-zum-wachstum-liegt-vor\/\"},\"wordCount\":603,\"publisher\":{\"@id\":\"https:\/\/www.tsp.at\/en\/#organization\"},\"image\":{\"@id\":\"https:\/\/www.tsp.at\/en\/2024\/01\/12\/fresach-lesebuch-zum-wachstum-liegt-vor\/#primaryimage\"},\"thumbnailUrl\":\"https:\/\/www.tsp.at\/wp-content\/uploads\/2025\/10\/Buchcover-2023.jpg\",\"articleSection\":[\"News\"],\"inLanguage\":\"en-US\"},{\"@type\":\"WebPage\",\"@id\":\"https:\/\/www.tsp.at\/en\/2024\/01\/12\/fresach-lesebuch-zum-wachstum-liegt-vor\/\",\"url\":\"https:\/\/www.tsp.at\/en\/2024\/01\/12\/fresach-lesebuch-zum-wachstum-liegt-vor\/\",\"name\":\"Fresach-Lesebuch zum Wachstum liegt vor - Temmel | Seywald - Corporate Communications\",\"isPartOf\":{\"@id\":\"https:\/\/www.tsp.at\/en\/#website\"},\"primaryImageOfPage\":{\"@id\":\"https:\/\/www.tsp.at\/en\/2024\/01\/12\/fresach-lesebuch-zum-wachstum-liegt-vor\/#primaryimage\"},\"image\":{\"@id\":\"https:\/\/www.tsp.at\/en\/2024\/01\/12\/fresach-lesebuch-zum-wachstum-liegt-vor\/#primaryimage\"},\"thumbnailUrl\":\"https:\/\/www.tsp.at\/wp-content\/uploads\/2025\/10\/Buchcover-2023.jpg\",\"datePublished\":\"2024-01-12T10:06:00+00:00\",\"dateModified\":\"2025-10-21T12:52:15+00:00\",\"breadcrumb\":{\"@id\":\"https:\/\/www.tsp.at\/en\/2024\/01\/12\/fresach-lesebuch-zum-wachstum-liegt-vor\/#breadcrumb\"},\"inLanguage\":\"en-US\",\"potentialAction\":[{\"@type\":\"ReadAction\",\"target\":[\"https:\/\/www.tsp.at\/en\/2024\/01\/12\/fresach-lesebuch-zum-wachstum-liegt-vor\/\"]}]},{\"@type\":\"ImageObject\",\"inLanguage\":\"en-US\",\"@id\":\"https:\/\/www.tsp.at\/en\/2024\/01\/12\/fresach-lesebuch-zum-wachstum-liegt-vor\/#primaryimage\",\"url\":\"https:\/\/www.tsp.at\/wp-content\/uploads\/2025\/10\/Buchcover-2023.jpg\",\"contentUrl\":\"https:\/\/www.tsp.at\/wp-content\/uploads\/2025\/10\/Buchcover-2023.jpg\",\"width\":1090,\"height\":1754},{\"@type\":\"BreadcrumbList\",\"@id\":\"https:\/\/www.tsp.at\/en\/2024\/01\/12\/fresach-lesebuch-zum-wachstum-liegt-vor\/#breadcrumb\",\"itemListElement\":[{\"@type\":\"ListItem\",\"position\":1,\"name\":\"Startseite\",\"item\":\"https:\/\/www.tsp.at\/en\/\"},{\"@type\":\"ListItem\",\"position\":2,\"name\":\"Fresach-Lesebuch zum Wachstum liegt vor\"}]},{\"@type\":\"WebSite\",\"@id\":\"https:\/\/www.tsp.at\/en\/#website\",\"url\":\"https:\/\/www.tsp.at\/en\/\",\"name\":\"Temmel | Seywald - Corporate Communications\",\"description\":\"Kommunikation ist Beziehungsarbeit\",\"publisher\":{\"@id\":\"https:\/\/www.tsp.at\/en\/#organization\"},\"potentialAction\":[{\"@type\":\"SearchAction\",\"target\":{\"@type\":\"EntryPoint\",\"urlTemplate\":\"https:\/\/www.tsp.at\/en\/?s={search_term_string}\"},\"query-input\":{\"@type\":\"PropertyValueSpecification\",\"valueRequired\":true,\"valueName\":\"search_term_string\"}}],\"inLanguage\":\"en-US\"},{\"@type\":\"Organization\",\"@id\":\"https:\/\/www.tsp.at\/en\/#organization\",\"name\":\"Temmel, Seywald & Partner Communications GesmbH\",\"alternateName\":\"TSP\",\"url\":\"https:\/\/www.tsp.at\/en\/\",\"logo\":{\"@type\":\"ImageObject\",\"inLanguage\":\"en-US\",\"@id\":\"https:\/\/www.tsp.at\/en\/#\/schema\/logo\/image\/\",\"url\":\"https:\/\/www.tsp.at\/wp-content\/uploads\/2025\/10\/favicontsp.png\",\"contentUrl\":\"https:\/\/www.tsp.at\/wp-content\/uploads\/2025\/10\/favicontsp.png\",\"width\":125,\"height\":125,\"caption\":\"Temmel, Seywald & Partner Communications GesmbH\"},\"image\":{\"@id\":\"https:\/\/www.tsp.at\/en\/#\/schema\/logo\/image\/\"},\"sameAs\":[\"https:\/\/www.facebook.com\/TemmelSeywald\"]},{\"@type\":\"Person\",\"@id\":\"https:\/\/www.tsp.at\/en\/#\/schema\/person\/1ba5600c29da17b902b0925cea567f8a\",\"name\":\"TSP Redaktion\"}]}<\/script>\n<!-- \/ Yoast SEO plugin. -->","yoast_head_json":{"title":"Fresach-Lesebuch zum Wachstum liegt vor - Temmel | Seywald - Corporate Communications","robots":{"index":"index","follow":"follow","max-snippet":"max-snippet:-1","max-image-preview":"max-image-preview:large","max-video-preview":"max-video-preview:-1"},"canonical":"https:\/\/www.tsp.at\/en\/2024\/01\/12\/fresach-lesebuch-zum-wachstum-liegt-vor\/","og_locale":"en_US","og_type":"article","og_title":"Fresach-Lesebuch zum Wachstum liegt vor - Temmel | Seywald - Corporate Communications","og_description":"Ergebnisse der Europ\u00e4ischen Toleranzgespr\u00e4che 2023 in Buchform 12.01.2024 Villach \u2013 Mit dem Wachstumsbegriff verh\u00e4lt es sich wie mit einem sechsseitigen W\u00fcrfel. Man muss ihn von allen Seiten betrachten, um zu verstehen, wie er beschaffen ist. Genau das leisten die Beitr\u00e4ge der soeben ver\u00f6ffentlichten Anthologie &#8220;Wachstum am Ende: Was jetzt?&#8221;, an der \u00fcber 20 Autorinnen und&hellip;","og_url":"https:\/\/www.tsp.at\/en\/2024\/01\/12\/fresach-lesebuch-zum-wachstum-liegt-vor\/","og_site_name":"Temmel | Seywald - Corporate Communications","article_publisher":"https:\/\/www.facebook.com\/TemmelSeywald","article_published_time":"2024-01-12T10:06:00+00:00","article_modified_time":"2025-10-21T12:52:15+00:00","og_image":[{"width":1090,"height":1754,"url":"https:\/\/www.tsp.at\/wp-content\/uploads\/2025\/10\/Buchcover-2023.jpg","type":"image\/jpeg"}],"author":"TSP Redaktion","twitter_card":"summary_large_image","twitter_misc":{"Written by":"TSP Redaktion","Est. reading time":"4 minutes"},"schema":{"@context":"https:\/\/schema.org","@graph":[{"@type":"Article","@id":"https:\/\/www.tsp.at\/en\/2024\/01\/12\/fresach-lesebuch-zum-wachstum-liegt-vor\/#article","isPartOf":{"@id":"https:\/\/www.tsp.at\/en\/2024\/01\/12\/fresach-lesebuch-zum-wachstum-liegt-vor\/"},"author":{"name":"TSP Redaktion","@id":"https:\/\/www.tsp.at\/en\/#\/schema\/person\/1ba5600c29da17b902b0925cea567f8a"},"headline":"Fresach-Lesebuch zum Wachstum liegt vor","datePublished":"2024-01-12T10:06:00+00:00","dateModified":"2025-10-21T12:52:15+00:00","mainEntityOfPage":{"@id":"https:\/\/www.tsp.at\/en\/2024\/01\/12\/fresach-lesebuch-zum-wachstum-liegt-vor\/"},"wordCount":603,"publisher":{"@id":"https:\/\/www.tsp.at\/en\/#organization"},"image":{"@id":"https:\/\/www.tsp.at\/en\/2024\/01\/12\/fresach-lesebuch-zum-wachstum-liegt-vor\/#primaryimage"},"thumbnailUrl":"https:\/\/www.tsp.at\/wp-content\/uploads\/2025\/10\/Buchcover-2023.jpg","articleSection":["News"],"inLanguage":"en-US"},{"@type":"WebPage","@id":"https:\/\/www.tsp.at\/en\/2024\/01\/12\/fresach-lesebuch-zum-wachstum-liegt-vor\/","url":"https:\/\/www.tsp.at\/en\/2024\/01\/12\/fresach-lesebuch-zum-wachstum-liegt-vor\/","name":"Fresach-Lesebuch zum Wachstum liegt vor - Temmel | Seywald - Corporate Communications","isPartOf":{"@id":"https:\/\/www.tsp.at\/en\/#website"},"primaryImageOfPage":{"@id":"https:\/\/www.tsp.at\/en\/2024\/01\/12\/fresach-lesebuch-zum-wachstum-liegt-vor\/#primaryimage"},"image":{"@id":"https:\/\/www.tsp.at\/en\/2024\/01\/12\/fresach-lesebuch-zum-wachstum-liegt-vor\/#primaryimage"},"thumbnailUrl":"https:\/\/www.tsp.at\/wp-content\/uploads\/2025\/10\/Buchcover-2023.jpg","datePublished":"2024-01-12T10:06:00+00:00","dateModified":"2025-10-21T12:52:15+00:00","breadcrumb":{"@id":"https:\/\/www.tsp.at\/en\/2024\/01\/12\/fresach-lesebuch-zum-wachstum-liegt-vor\/#breadcrumb"},"inLanguage":"en-US","potentialAction":[{"@type":"ReadAction","target":["https:\/\/www.tsp.at\/en\/2024\/01\/12\/fresach-lesebuch-zum-wachstum-liegt-vor\/"]}]},{"@type":"ImageObject","inLanguage":"en-US","@id":"https:\/\/www.tsp.at\/en\/2024\/01\/12\/fresach-lesebuch-zum-wachstum-liegt-vor\/#primaryimage","url":"https:\/\/www.tsp.at\/wp-content\/uploads\/2025\/10\/Buchcover-2023.jpg","contentUrl":"https:\/\/www.tsp.at\/wp-content\/uploads\/2025\/10\/Buchcover-2023.jpg","width":1090,"height":1754},{"@type":"BreadcrumbList","@id":"https:\/\/www.tsp.at\/en\/2024\/01\/12\/fresach-lesebuch-zum-wachstum-liegt-vor\/#breadcrumb","itemListElement":[{"@type":"ListItem","position":1,"name":"Startseite","item":"https:\/\/www.tsp.at\/en\/"},{"@type":"ListItem","position":2,"name":"Fresach-Lesebuch zum Wachstum liegt vor"}]},{"@type":"WebSite","@id":"https:\/\/www.tsp.at\/en\/#website","url":"https:\/\/www.tsp.at\/en\/","name":"Temmel | Seywald - Corporate Communications","description":"Kommunikation ist Beziehungsarbeit","publisher":{"@id":"https:\/\/www.tsp.at\/en\/#organization"},"potentialAction":[{"@type":"SearchAction","target":{"@type":"EntryPoint","urlTemplate":"https:\/\/www.tsp.at\/en\/?s={search_term_string}"},"query-input":{"@type":"PropertyValueSpecification","valueRequired":true,"valueName":"search_term_string"}}],"inLanguage":"en-US"},{"@type":"Organization","@id":"https:\/\/www.tsp.at\/en\/#organization","name":"Temmel, Seywald & Partner Communications GesmbH","alternateName":"TSP","url":"https:\/\/www.tsp.at\/en\/","logo":{"@type":"ImageObject","inLanguage":"en-US","@id":"https:\/\/www.tsp.at\/en\/#\/schema\/logo\/image\/","url":"https:\/\/www.tsp.at\/wp-content\/uploads\/2025\/10\/favicontsp.png","contentUrl":"https:\/\/www.tsp.at\/wp-content\/uploads\/2025\/10\/favicontsp.png","width":125,"height":125,"caption":"Temmel, Seywald & Partner Communications GesmbH"},"image":{"@id":"https:\/\/www.tsp.at\/en\/#\/schema\/logo\/image\/"},"sameAs":["https:\/\/www.facebook.com\/TemmelSeywald"]},{"@type":"Person","@id":"https:\/\/www.tsp.at\/en\/#\/schema\/person\/1ba5600c29da17b902b0925cea567f8a","name":"TSP Redaktion"}]}},"_links":{"self":[{"href":"https:\/\/www.tsp.at\/en\/wp-json\/wp\/v2\/posts\/9656","targetHints":{"allow":["GET"]}}],"collection":[{"href":"https:\/\/www.tsp.at\/en\/wp-json\/wp\/v2\/posts"}],"about":[{"href":"https:\/\/www.tsp.at\/en\/wp-json\/wp\/v2\/types\/post"}],"author":[{"embeddable":true,"href":"https:\/\/www.tsp.at\/en\/wp-json\/wp\/v2\/users\/2"}],"replies":[{"embeddable":true,"href":"https:\/\/www.tsp.at\/en\/wp-json\/wp\/v2\/comments?post=9656"}],"version-history":[{"count":1,"href":"https:\/\/www.tsp.at\/en\/wp-json\/wp\/v2\/posts\/9656\/revisions"}],"predecessor-version":[{"id":11238,"href":"https:\/\/www.tsp.at\/en\/wp-json\/wp\/v2\/posts\/9656\/revisions\/11238"}],"wp:featuredmedia":[{"embeddable":true,"href":"https:\/\/www.tsp.at\/en\/wp-json\/wp\/v2\/media\/9655"}],"wp:attachment":[{"href":"https:\/\/www.tsp.at\/en\/wp-json\/wp\/v2\/media?parent=9656"}],"wp:term":[{"taxonomy":"category","embeddable":true,"href":"https:\/\/www.tsp.at\/en\/wp-json\/wp\/v2\/categories?post=9656"},{"taxonomy":"post_tag","embeddable":true,"href":"https:\/\/www.tsp.at\/en\/wp-json\/wp\/v2\/tags?post=9656"}],"curies":[{"name":"wp","href":"https:\/\/api.w.org\/{rel}","templated":true}]}}