{"id":9674,"date":"2023-10-04T16:55:00","date_gmt":"2023-10-04T14:55:00","guid":{"rendered":"https:\/\/staging.tsp.at\/2023\/10\/04\/adx-kritisiert-falschmeldungen-des-umweltdachverbands\/"},"modified":"2025-10-21T14:52:17","modified_gmt":"2025-10-21T12:52:17","slug":"adx-kritisiert-falschmeldungen-des-umweltdachverbands","status":"publish","type":"post","link":"https:\/\/www.tsp.at\/en\/2023\/10\/04\/adx-kritisiert-falschmeldungen-des-umweltdachverbands\/","title":{"rendered":"ADX kritisiert Falschmeldungen des Umweltdachverbands"},"content":{"rendered":"<article class=\"item\">\n<h2><strong>Politik und Bev\u00f6lkerung stehen hinter geplanter Erdgasbohrung<\/strong><\/h2>\n<p>04.10.2023<\/p>\n<\/p>\n<\/p>\n<\/p>\n<\/p>\n<\/p>\n<p>Wien\/Linz \u2013 <strong>Das b\u00f6rsenotierte Erdgas-Explorationsunternehmen ADX Energy wirft dem Umweltdachverband (UWD) und der Initiative \u201eProNaturSteyrtal\u201c vor, mit anhaltenden Falschinformationen die Erdgaspl\u00e4ne im ober\u00f6sterreichischen Molln zu Fall bringen zu wollen. Die in einer Pressekonferenz am 4. Oktober in Linz aufgestellten Behauptungen seien samt und sonders falsch und irref\u00fchrend, von einer Beeintr\u00e4chtigung oder sogar Zerst\u00f6rung der Umwelt durch die Erdgasbohrung im Jaidhaustal k\u00f6nne absolut keine Rede sein, so ADX-CEO Paul Fink in einer ersten Stellungnahme. <\/strong> <\/p>\n<p>Nach dem positiven Genehmigungsbescheid der Montanbeh\u00f6rde West im Finanzministerium geht ADX Energy davon aus, dass auch die Naturschutzbeh\u00f6rde des Landes Ober\u00f6sterreich gr\u00fcnes Licht f\u00fcr die Bohrung gibt. \u201eDie Stimmung in Molln ist sehr gut, Bev\u00f6lkerung und Politik stehen hinter dem Projekt, sonst w\u00fcrden wir dort definitiv nicht nach Erdgas bohren wollen\u201c, erkl\u00e4rte Fink. Den Gegnern des Projekts warf er neuerlich vor, mit irref\u00fchrenden Behauptungen und Falschinformationen medial Stimmung gegen die Erdgassuche zu machen und die Gewinnung von heimischem Erdgas generell als umwelt- und klimasch\u00e4dlich hinzustellen.\n<\/p>\n<p><strong>Unbewiesene Behauptungen <\/strong> <\/p>\n<p>In der Presseaussendung wird der vom Klub der Bildungs- und Wissenschaftsjournalisten gew\u00e4hlte Wissenschafter des Jahres 2022, Prof. Franz Essl, mit der Behauptung zitiert, dass die Errichtung einer Gasbohrinfrastruktur im direkten Nahbereich des Schutzgebietes Jaidhaus unvermeidbare negative Auswirkungen auf hochgef\u00e4hrdete Arten und Lebensr\u00e4ume sowie auf das Landschaftsbild h\u00e4tte. Diese Behauptung ist ebenso unbewiesen und falsch wie jene des Umweltdachverbandes, dass f\u00fcr die Erdgasbohrung \u201eein EU-rechtskonformes Verfahren entsprechend der FFH-Richtlinie erforderlich\u201c sei. Der Beh\u00f6rde \u00fcber die Medien auszurichten, wie sie zu entscheiden hat und welche Richtlinie sie anzuwenden hat, zeige die undemokratische Mentalit\u00e4t der Aktivisten, sagte Fink.\n<\/p>\n<p>Der Umweltdachverband versteigt sich weiter zur Behauptung, dass das beantragte Gasbohrprojekt in eklatantem Widerspruch zur Alpenkonvention stehe und behauptet \u2013 offensichtlich in v\u00f6lliger Unkenntnis der tats\u00e4chlichen Arbeiten \u2013 weiter, dass \u201edie Bewilligung der Probebohrung im Jaidhausgebiet die zu bewahrende naturnahe Nationalpark-Pufferzone in eine industrielle genutzte Rohstoffabbaust\u00e4tte\u201c und in einen \u201eSchandfleck f\u00fcr die Region verwandeln\u201c w\u00fcrde. \u201eSolchen absichtlich sch\u00e4digenden und unseri\u00f6sen Aussagen kann man nur mit aller Vehemenz entgegentreten\u201c, betonte Paul Fink am Mittwoch nachmittag.\n<\/p>\n<p>Die Bohrung, die sich ganz klar au\u00dferhalb des Naturschutzgebietes befindet, ist nur 6 bis 8 Wochen sichtbar vor Ort, und ADX hat sich bereits freiwillig verpflichtet, nur in einem sehr begrenzten Zeitraum der Wintermonate zu bohren, um auch Insekten m\u00f6glichst wenig negativ zu beeinflussen. \u00a0Alle weiteren Aktivit\u00e4ten, wie zum Beispiel die Errichtung einer Gaspipeline oder Produktionsbohrungen, m\u00fcssen gesondert genehmigt werden und unterliegen noch umfassenderen Umweltschutzverfahren.<br \/><strong><br \/> Fake News Kampagne von ProNaturSteyrtal<\/strong> <\/p>\n<p>Die selbsternannte B\u00fcrgerinitiative \u201eProNaturSteyrtal\u201c setzte am Mittwoch ihre Fake News-Kampagne in Linz fort. \u201eMit der neuerlichen Falschmeldung, dass der Kalkalpenregion im Umfeld des Steyrtals 25 Bohrt\u00fcrme drohen, verbreitet diese Aktivistentruppe nichts anderes als die pure Unwahrheit\u201c, betonte Fink. Die Bohrgegner sprechen von einer \u201emassiven Beeintr\u00e4chtigung der Lebensqualit\u00e4t und einer vollkommenen Entwertung der Nationalpark-Idee\u201c, obwohl sie genau w\u00fcssten, dass diese Behauptungen lediglich dazu dienen, Medien und \u00d6ffentlichkeit gegen das Projekt aufzubringen und irrezuf\u00fchren.\n<\/p>\n<p>Neu in der Kampagne ist die heutige Drohung der Aktivisten, gerichtlich gegen ADX vorgehen zu wollen, falls ADX den Bohrgegner weiterhin \u201eFake News\u201c vorwirft. Fink sagte, er w\u00fcrde eine solche Klage bef\u00fcrworten, da er dann mit einer objektiven gerichtlichen Erkenntnis rechne, dass die Informationen der Aktivisten falsch und irref\u00fchrend sind. \u00a0\n<\/p>\n<p>Zusammenfassend ist festzuhalten, dass die Erdgaspl\u00e4ne von ADX Energy im Namen und Auftrag der Republik \u00d6sterreich dazu dienen, die Abh\u00e4ngigkeit von ausl\u00e4ndischem Erdgas zu verringern \u2013 und dies auf Grundlage der strengen Montan- und Naturschutzgesetze des Landes.* ADX Energy und die sie unterst\u00fctzende Interessengruppe \u201eProGasMolln\u201c, in der alle politischen Parteien der Gemeinde Molln vertreten sind, vertrauen auf die Objektivit\u00e4t und Unabh\u00e4ngigkeit des laufenden Beh\u00f6rdenverfahrens, das auf einer Vielzahl von Gutachten (und vielen beh\u00f6rdlichen Eingaben selbst der \u201eB\u00fcrgerinitiative\u201c) beruht.\n<\/p>\n<p><em>* Ein unabh\u00e4ngiger, nicht von ADX in Auftrag gegebener technischer Bericht eines der weltweit gr\u00f6\u00dften Reserven-Zertifizierungsunternehmens, das die m\u00f6gliche Gr\u00f6\u00dfe des Fundes auf bis zu 520 TWh Erdgas beziffert (270 TWh im wahrscheinlichsten Fall), liegt auch den Beh\u00f6rden vor. Zum Vergleich, \u00d6sterreich ben\u00f6tigt ca. 96 TWh Erdgas pro Jahr. Trotzdem behaupten die Aktivisten immer wieder v\u00f6llig faktenbefreit, dass ADX diese Zahlen erfindet.\u00a0 <\/em> <\/p>\n<p><strong>\u00dcber ADX Energy<\/strong> <\/p>\n<p>Die ADX VIE GmbH (ADX), eine 100%-Tochter der b\u00f6rsennotierten ADX Energy Ltd, exploriert und f\u00f6rdert Kohlenwasserstoffe in \u00d6sterreich und entwickelt Branchenl\u00f6sungen f\u00fcr gr\u00fcnen Wasserstoff. ADX verf\u00fcgt \u00fcber das Know-how sowie \u00fcber Lizenzen f\u00fcr die Erschlie\u00dfung und F\u00f6rderung von Erd\u00f6l und Erdgas sowie die\u00a0unterirdische Speicherung von Gas. ADX Erd\u00f6l- und Erdgas-Lagerst\u00e4tten befinden sich im Gro\u00dfraum Zistersdorf (N\u00d6) und Waldneukirchen (O\u00d6). Die Mitarbeiter von ADX sind \u00d6sterreicher, die auf viele Jahrzehnte erfolgreicher Berufserfahrung zur\u00fcckblicken. Sicherheit f\u00fcr Mensch und Natur stehen bei ADX an oberster Stelle. Seit Gr\u00fcndung des Unternehmens haben weder ADX-Mitarbeiter, noch die vielen Besch\u00e4ftigten der Servicefirmen in den ADX-Produktionsst\u00e4tten von Nieder\u00f6sterreich und Ober\u00f6sterreich Unf\u00e4lle mit Arbeitsunterbrechung erlitten, noch wurden Umweltsch\u00e4den verursacht oder von Dritten angezeigt.<\/p>\n<\/article>\n","protected":false},"excerpt":{"rendered":"<p>Politik und Bev\u00f6lkerung stehen hinter geplanter Erdgasbohrung 04.10.2023 Wien\/Linz \u2013 Das b\u00f6rsenotierte Erdgas-Explorationsunternehmen ADX Energy wirft dem Umweltdachverband (UWD) und der Initiative \u201eProNaturSteyrtal\u201c vor, mit anhaltenden Falschinformationen die Erdgaspl\u00e4ne im ober\u00f6sterreichischen Molln zu Fall bringen zu wollen. Die in einer Pressekonferenz am 4. Oktober in Linz aufgestellten Behauptungen seien samt und sonders falsch und irref\u00fchrend,&hellip;<\/p>\n","protected":false},"author":2,"featured_media":9673,"comment_status":"closed","ping_status":"closed","sticky":false,"template":"","format":"standard","meta":{"footnotes":""},"categories":[3],"tags":[],"class_list":["post-9674","post","type-post","status-publish","format-standard","has-post-thumbnail","hentry","category-news","category-3","description-off"],"yoast_head":"<!-- This site is optimized with the Yoast SEO plugin v26.3 - https:\/\/yoast.com\/wordpress\/plugins\/seo\/ -->\n<title>ADX kritisiert Falschmeldungen des Umweltdachverbands - Temmel | Seywald - Corporate Communications<\/title>\n<meta name=\"robots\" content=\"index, follow, max-snippet:-1, max-image-preview:large, max-video-preview:-1\" \/>\n<link rel=\"canonical\" href=\"https:\/\/www.tsp.at\/en\/2023\/10\/04\/adx-kritisiert-falschmeldungen-des-umweltdachverbands\/\" \/>\n<meta property=\"og:locale\" content=\"en_US\" \/>\n<meta property=\"og:type\" content=\"article\" \/>\n<meta property=\"og:title\" content=\"ADX kritisiert Falschmeldungen des Umweltdachverbands - Temmel | Seywald - Corporate Communications\" \/>\n<meta property=\"og:description\" content=\"Politik und Bev\u00f6lkerung stehen hinter geplanter Erdgasbohrung 04.10.2023 Wien\/Linz \u2013 Das b\u00f6rsenotierte Erdgas-Explorationsunternehmen ADX Energy wirft dem Umweltdachverband (UWD) und der Initiative \u201eProNaturSteyrtal\u201c vor, mit anhaltenden Falschinformationen die Erdgaspl\u00e4ne im ober\u00f6sterreichischen Molln zu Fall bringen zu wollen. Die in einer Pressekonferenz am 4. Oktober in Linz aufgestellten Behauptungen seien samt und sonders falsch und irref\u00fchrend,&hellip;\" \/>\n<meta property=\"og:url\" content=\"https:\/\/www.tsp.at\/en\/2023\/10\/04\/adx-kritisiert-falschmeldungen-des-umweltdachverbands\/\" \/>\n<meta property=\"og:site_name\" content=\"Temmel | Seywald - Corporate Communications\" \/>\n<meta property=\"article:publisher\" content=\"https:\/\/www.facebook.com\/TemmelSeywald\" \/>\n<meta property=\"article:published_time\" content=\"2023-10-04T14:55:00+00:00\" \/>\n<meta property=\"article:modified_time\" content=\"2025-10-21T12:52:17+00:00\" \/>\n<meta property=\"og:image\" content=\"https:\/\/www.tsp.at\/wp-content\/uploads\/2025\/10\/ADX-Portraits-HiRes-3-scaled.jpg\" \/>\n\t<meta property=\"og:image:width\" content=\"2560\" \/>\n\t<meta property=\"og:image:height\" content=\"1707\" \/>\n\t<meta property=\"og:image:type\" content=\"image\/jpeg\" \/>\n<meta name=\"author\" content=\"TSP Redaktion\" \/>\n<meta name=\"twitter:card\" content=\"summary_large_image\" \/>\n<meta name=\"twitter:label1\" content=\"Written by\" \/>\n\t<meta name=\"twitter:data1\" content=\"TSP Redaktion\" \/>\n\t<meta name=\"twitter:label2\" content=\"Est. reading time\" \/>\n\t<meta name=\"twitter:data2\" content=\"5 minutes\" \/>\n<script type=\"application\/ld+json\" class=\"yoast-schema-graph\">{\"@context\":\"https:\/\/schema.org\",\"@graph\":[{\"@type\":\"Article\",\"@id\":\"https:\/\/www.tsp.at\/en\/2023\/10\/04\/adx-kritisiert-falschmeldungen-des-umweltdachverbands\/#article\",\"isPartOf\":{\"@id\":\"https:\/\/www.tsp.at\/en\/2023\/10\/04\/adx-kritisiert-falschmeldungen-des-umweltdachverbands\/\"},\"author\":{\"name\":\"TSP Redaktion\",\"@id\":\"https:\/\/www.tsp.at\/en\/#\/schema\/person\/1ba5600c29da17b902b0925cea567f8a\"},\"headline\":\"ADX kritisiert Falschmeldungen des Umweltdachverbands\",\"datePublished\":\"2023-10-04T14:55:00+00:00\",\"dateModified\":\"2025-10-21T12:52:17+00:00\",\"mainEntityOfPage\":{\"@id\":\"https:\/\/www.tsp.at\/en\/2023\/10\/04\/adx-kritisiert-falschmeldungen-des-umweltdachverbands\/\"},\"wordCount\":863,\"publisher\":{\"@id\":\"https:\/\/www.tsp.at\/en\/#organization\"},\"image\":{\"@id\":\"https:\/\/www.tsp.at\/en\/2023\/10\/04\/adx-kritisiert-falschmeldungen-des-umweltdachverbands\/#primaryimage\"},\"thumbnailUrl\":\"https:\/\/www.tsp.at\/wp-content\/uploads\/2025\/10\/ADX-Portraits-HiRes-3-scaled.jpg\",\"articleSection\":[\"News\"],\"inLanguage\":\"en-US\"},{\"@type\":\"WebPage\",\"@id\":\"https:\/\/www.tsp.at\/en\/2023\/10\/04\/adx-kritisiert-falschmeldungen-des-umweltdachverbands\/\",\"url\":\"https:\/\/www.tsp.at\/en\/2023\/10\/04\/adx-kritisiert-falschmeldungen-des-umweltdachverbands\/\",\"name\":\"ADX kritisiert Falschmeldungen des Umweltdachverbands - Temmel | Seywald - Corporate Communications\",\"isPartOf\":{\"@id\":\"https:\/\/www.tsp.at\/en\/#website\"},\"primaryImageOfPage\":{\"@id\":\"https:\/\/www.tsp.at\/en\/2023\/10\/04\/adx-kritisiert-falschmeldungen-des-umweltdachverbands\/#primaryimage\"},\"image\":{\"@id\":\"https:\/\/www.tsp.at\/en\/2023\/10\/04\/adx-kritisiert-falschmeldungen-des-umweltdachverbands\/#primaryimage\"},\"thumbnailUrl\":\"https:\/\/www.tsp.at\/wp-content\/uploads\/2025\/10\/ADX-Portraits-HiRes-3-scaled.jpg\",\"datePublished\":\"2023-10-04T14:55:00+00:00\",\"dateModified\":\"2025-10-21T12:52:17+00:00\",\"breadcrumb\":{\"@id\":\"https:\/\/www.tsp.at\/en\/2023\/10\/04\/adx-kritisiert-falschmeldungen-des-umweltdachverbands\/#breadcrumb\"},\"inLanguage\":\"en-US\",\"potentialAction\":[{\"@type\":\"ReadAction\",\"target\":[\"https:\/\/www.tsp.at\/en\/2023\/10\/04\/adx-kritisiert-falschmeldungen-des-umweltdachverbands\/\"]}]},{\"@type\":\"ImageObject\",\"inLanguage\":\"en-US\",\"@id\":\"https:\/\/www.tsp.at\/en\/2023\/10\/04\/adx-kritisiert-falschmeldungen-des-umweltdachverbands\/#primaryimage\",\"url\":\"https:\/\/www.tsp.at\/wp-content\/uploads\/2025\/10\/ADX-Portraits-HiRes-3-scaled.jpg\",\"contentUrl\":\"https:\/\/www.tsp.at\/wp-content\/uploads\/2025\/10\/ADX-Portraits-HiRes-3-scaled.jpg\",\"width\":2560,\"height\":1707},{\"@type\":\"BreadcrumbList\",\"@id\":\"https:\/\/www.tsp.at\/en\/2023\/10\/04\/adx-kritisiert-falschmeldungen-des-umweltdachverbands\/#breadcrumb\",\"itemListElement\":[{\"@type\":\"ListItem\",\"position\":1,\"name\":\"Startseite\",\"item\":\"https:\/\/www.tsp.at\/en\/\"},{\"@type\":\"ListItem\",\"position\":2,\"name\":\"ADX kritisiert Falschmeldungen des Umweltdachverbands\"}]},{\"@type\":\"WebSite\",\"@id\":\"https:\/\/www.tsp.at\/en\/#website\",\"url\":\"https:\/\/www.tsp.at\/en\/\",\"name\":\"Temmel | Seywald - Corporate Communications\",\"description\":\"Kommunikation ist Beziehungsarbeit\",\"publisher\":{\"@id\":\"https:\/\/www.tsp.at\/en\/#organization\"},\"potentialAction\":[{\"@type\":\"SearchAction\",\"target\":{\"@type\":\"EntryPoint\",\"urlTemplate\":\"https:\/\/www.tsp.at\/en\/?s={search_term_string}\"},\"query-input\":{\"@type\":\"PropertyValueSpecification\",\"valueRequired\":true,\"valueName\":\"search_term_string\"}}],\"inLanguage\":\"en-US\"},{\"@type\":\"Organization\",\"@id\":\"https:\/\/www.tsp.at\/en\/#organization\",\"name\":\"Temmel, Seywald & Partner Communications GesmbH\",\"alternateName\":\"TSP\",\"url\":\"https:\/\/www.tsp.at\/en\/\",\"logo\":{\"@type\":\"ImageObject\",\"inLanguage\":\"en-US\",\"@id\":\"https:\/\/www.tsp.at\/en\/#\/schema\/logo\/image\/\",\"url\":\"https:\/\/www.tsp.at\/wp-content\/uploads\/2025\/10\/favicontsp.png\",\"contentUrl\":\"https:\/\/www.tsp.at\/wp-content\/uploads\/2025\/10\/favicontsp.png\",\"width\":125,\"height\":125,\"caption\":\"Temmel, Seywald & Partner Communications GesmbH\"},\"image\":{\"@id\":\"https:\/\/www.tsp.at\/en\/#\/schema\/logo\/image\/\"},\"sameAs\":[\"https:\/\/www.facebook.com\/TemmelSeywald\"]},{\"@type\":\"Person\",\"@id\":\"https:\/\/www.tsp.at\/en\/#\/schema\/person\/1ba5600c29da17b902b0925cea567f8a\",\"name\":\"TSP Redaktion\"}]}<\/script>\n<!-- \/ Yoast SEO plugin. -->","yoast_head_json":{"title":"ADX kritisiert Falschmeldungen des Umweltdachverbands - Temmel | Seywald - Corporate Communications","robots":{"index":"index","follow":"follow","max-snippet":"max-snippet:-1","max-image-preview":"max-image-preview:large","max-video-preview":"max-video-preview:-1"},"canonical":"https:\/\/www.tsp.at\/en\/2023\/10\/04\/adx-kritisiert-falschmeldungen-des-umweltdachverbands\/","og_locale":"en_US","og_type":"article","og_title":"ADX kritisiert Falschmeldungen des Umweltdachverbands - Temmel | Seywald - Corporate Communications","og_description":"Politik und Bev\u00f6lkerung stehen hinter geplanter Erdgasbohrung 04.10.2023 Wien\/Linz \u2013 Das b\u00f6rsenotierte Erdgas-Explorationsunternehmen ADX Energy wirft dem Umweltdachverband (UWD) und der Initiative \u201eProNaturSteyrtal\u201c vor, mit anhaltenden Falschinformationen die Erdgaspl\u00e4ne im ober\u00f6sterreichischen Molln zu Fall bringen zu wollen. Die in einer Pressekonferenz am 4. Oktober in Linz aufgestellten Behauptungen seien samt und sonders falsch und irref\u00fchrend,&hellip;","og_url":"https:\/\/www.tsp.at\/en\/2023\/10\/04\/adx-kritisiert-falschmeldungen-des-umweltdachverbands\/","og_site_name":"Temmel | Seywald - Corporate Communications","article_publisher":"https:\/\/www.facebook.com\/TemmelSeywald","article_published_time":"2023-10-04T14:55:00+00:00","article_modified_time":"2025-10-21T12:52:17+00:00","og_image":[{"width":2560,"height":1707,"url":"https:\/\/www.tsp.at\/wp-content\/uploads\/2025\/10\/ADX-Portraits-HiRes-3-scaled.jpg","type":"image\/jpeg"}],"author":"TSP Redaktion","twitter_card":"summary_large_image","twitter_misc":{"Written by":"TSP Redaktion","Est. reading time":"5 minutes"},"schema":{"@context":"https:\/\/schema.org","@graph":[{"@type":"Article","@id":"https:\/\/www.tsp.at\/en\/2023\/10\/04\/adx-kritisiert-falschmeldungen-des-umweltdachverbands\/#article","isPartOf":{"@id":"https:\/\/www.tsp.at\/en\/2023\/10\/04\/adx-kritisiert-falschmeldungen-des-umweltdachverbands\/"},"author":{"name":"TSP Redaktion","@id":"https:\/\/www.tsp.at\/en\/#\/schema\/person\/1ba5600c29da17b902b0925cea567f8a"},"headline":"ADX kritisiert Falschmeldungen des Umweltdachverbands","datePublished":"2023-10-04T14:55:00+00:00","dateModified":"2025-10-21T12:52:17+00:00","mainEntityOfPage":{"@id":"https:\/\/www.tsp.at\/en\/2023\/10\/04\/adx-kritisiert-falschmeldungen-des-umweltdachverbands\/"},"wordCount":863,"publisher":{"@id":"https:\/\/www.tsp.at\/en\/#organization"},"image":{"@id":"https:\/\/www.tsp.at\/en\/2023\/10\/04\/adx-kritisiert-falschmeldungen-des-umweltdachverbands\/#primaryimage"},"thumbnailUrl":"https:\/\/www.tsp.at\/wp-content\/uploads\/2025\/10\/ADX-Portraits-HiRes-3-scaled.jpg","articleSection":["News"],"inLanguage":"en-US"},{"@type":"WebPage","@id":"https:\/\/www.tsp.at\/en\/2023\/10\/04\/adx-kritisiert-falschmeldungen-des-umweltdachverbands\/","url":"https:\/\/www.tsp.at\/en\/2023\/10\/04\/adx-kritisiert-falschmeldungen-des-umweltdachverbands\/","name":"ADX kritisiert Falschmeldungen des Umweltdachverbands - Temmel | Seywald - Corporate Communications","isPartOf":{"@id":"https:\/\/www.tsp.at\/en\/#website"},"primaryImageOfPage":{"@id":"https:\/\/www.tsp.at\/en\/2023\/10\/04\/adx-kritisiert-falschmeldungen-des-umweltdachverbands\/#primaryimage"},"image":{"@id":"https:\/\/www.tsp.at\/en\/2023\/10\/04\/adx-kritisiert-falschmeldungen-des-umweltdachverbands\/#primaryimage"},"thumbnailUrl":"https:\/\/www.tsp.at\/wp-content\/uploads\/2025\/10\/ADX-Portraits-HiRes-3-scaled.jpg","datePublished":"2023-10-04T14:55:00+00:00","dateModified":"2025-10-21T12:52:17+00:00","breadcrumb":{"@id":"https:\/\/www.tsp.at\/en\/2023\/10\/04\/adx-kritisiert-falschmeldungen-des-umweltdachverbands\/#breadcrumb"},"inLanguage":"en-US","potentialAction":[{"@type":"ReadAction","target":["https:\/\/www.tsp.at\/en\/2023\/10\/04\/adx-kritisiert-falschmeldungen-des-umweltdachverbands\/"]}]},{"@type":"ImageObject","inLanguage":"en-US","@id":"https:\/\/www.tsp.at\/en\/2023\/10\/04\/adx-kritisiert-falschmeldungen-des-umweltdachverbands\/#primaryimage","url":"https:\/\/www.tsp.at\/wp-content\/uploads\/2025\/10\/ADX-Portraits-HiRes-3-scaled.jpg","contentUrl":"https:\/\/www.tsp.at\/wp-content\/uploads\/2025\/10\/ADX-Portraits-HiRes-3-scaled.jpg","width":2560,"height":1707},{"@type":"BreadcrumbList","@id":"https:\/\/www.tsp.at\/en\/2023\/10\/04\/adx-kritisiert-falschmeldungen-des-umweltdachverbands\/#breadcrumb","itemListElement":[{"@type":"ListItem","position":1,"name":"Startseite","item":"https:\/\/www.tsp.at\/en\/"},{"@type":"ListItem","position":2,"name":"ADX kritisiert Falschmeldungen des Umweltdachverbands"}]},{"@type":"WebSite","@id":"https:\/\/www.tsp.at\/en\/#website","url":"https:\/\/www.tsp.at\/en\/","name":"Temmel | Seywald - Corporate Communications","description":"Kommunikation ist Beziehungsarbeit","publisher":{"@id":"https:\/\/www.tsp.at\/en\/#organization"},"potentialAction":[{"@type":"SearchAction","target":{"@type":"EntryPoint","urlTemplate":"https:\/\/www.tsp.at\/en\/?s={search_term_string}"},"query-input":{"@type":"PropertyValueSpecification","valueRequired":true,"valueName":"search_term_string"}}],"inLanguage":"en-US"},{"@type":"Organization","@id":"https:\/\/www.tsp.at\/en\/#organization","name":"Temmel, Seywald & Partner Communications GesmbH","alternateName":"TSP","url":"https:\/\/www.tsp.at\/en\/","logo":{"@type":"ImageObject","inLanguage":"en-US","@id":"https:\/\/www.tsp.at\/en\/#\/schema\/logo\/image\/","url":"https:\/\/www.tsp.at\/wp-content\/uploads\/2025\/10\/favicontsp.png","contentUrl":"https:\/\/www.tsp.at\/wp-content\/uploads\/2025\/10\/favicontsp.png","width":125,"height":125,"caption":"Temmel, Seywald & Partner Communications GesmbH"},"image":{"@id":"https:\/\/www.tsp.at\/en\/#\/schema\/logo\/image\/"},"sameAs":["https:\/\/www.facebook.com\/TemmelSeywald"]},{"@type":"Person","@id":"https:\/\/www.tsp.at\/en\/#\/schema\/person\/1ba5600c29da17b902b0925cea567f8a","name":"TSP Redaktion"}]}},"_links":{"self":[{"href":"https:\/\/www.tsp.at\/en\/wp-json\/wp\/v2\/posts\/9674","targetHints":{"allow":["GET"]}}],"collection":[{"href":"https:\/\/www.tsp.at\/en\/wp-json\/wp\/v2\/posts"}],"about":[{"href":"https:\/\/www.tsp.at\/en\/wp-json\/wp\/v2\/types\/post"}],"author":[{"embeddable":true,"href":"https:\/\/www.tsp.at\/en\/wp-json\/wp\/v2\/users\/2"}],"replies":[{"embeddable":true,"href":"https:\/\/www.tsp.at\/en\/wp-json\/wp\/v2\/comments?post=9674"}],"version-history":[{"count":1,"href":"https:\/\/www.tsp.at\/en\/wp-json\/wp\/v2\/posts\/9674\/revisions"}],"predecessor-version":[{"id":11247,"href":"https:\/\/www.tsp.at\/en\/wp-json\/wp\/v2\/posts\/9674\/revisions\/11247"}],"wp:featuredmedia":[{"embeddable":true,"href":"https:\/\/www.tsp.at\/en\/wp-json\/wp\/v2\/media\/9673"}],"wp:attachment":[{"href":"https:\/\/www.tsp.at\/en\/wp-json\/wp\/v2\/media?parent=9674"}],"wp:term":[{"taxonomy":"category","embeddable":true,"href":"https:\/\/www.tsp.at\/en\/wp-json\/wp\/v2\/categories?post=9674"},{"taxonomy":"post_tag","embeddable":true,"href":"https:\/\/www.tsp.at\/en\/wp-json\/wp\/v2\/tags?post=9674"}],"curies":[{"name":"wp","href":"https:\/\/api.w.org\/{rel}","templated":true}]}}