{"id":9682,"date":"2023-07-10T08:40:00","date_gmt":"2023-07-10T06:40:00","guid":{"rendered":"https:\/\/staging.tsp.at\/2023\/07\/10\/xxxlutz-forciert-expansion-in-europa\/"},"modified":"2025-10-21T14:52:17","modified_gmt":"2025-10-21T12:52:17","slug":"xxxlutz-forciert-expansion-in-europa","status":"publish","type":"post","link":"https:\/\/www.tsp.at\/en\/2023\/07\/10\/xxxlutz-forciert-expansion-in-europa\/","title":{"rendered":"XXXLutz forciert Expansion in Europa"},"content":{"rendered":"<article class=\"item\">\n<h2><strong>Unternehmenssprecher Thomas Saliger: &#8220;Best-of&#8221; von 100 M\u00f6belh\u00e4usern <\/strong><\/h2>\n<p>10.07.2023<\/p>\n<\/p>\n<\/p>\n<\/p>\n<\/p>\n<\/p>\n<p>Wien \u2013 <strong>Die Pleite der M\u00f6belhandelskette Kika\/Leiner ist kein Anlass f\u00fcr den heimischen Marktf\u00fchrer XXXLutz, sich zur\u00fcckzulehnen. Im Gegenteil, die Ober\u00f6sterreicher bleiben weiter hungrig. Die Expansion im station\u00e4ren wie Online-Handel soll fortgesetzt, die digitale und soziale Transformation mit Fokus auf Nachhaltigkeit vorangetrieben werden. Das sagte Unternehmenssprecher Thomas Saliger bei einem Executive Talk mit Horv\u00e1th Associate Partner Christoph Kopp, das im Video aufgezeichnet wurde. <\/strong><a href=\"https:\/\/youtu.be\/MNM5ukvBgtk\" target=\"_blank\">https:\/\/youtu.be\/MNM5ukvBgtk<\/a> <\/p>\n<p>Die XXXLutz-Gruppe erwirtschaftet in der DACH-Region und weiteren sieben M\u00e4rkten mit rund 25.000 Mitarbeitern \u00fcber 5 Mrd. Euro. Damit z\u00e4hlt das Unternehmen zu den gr\u00f6\u00dften M\u00f6belh\u00e4usern weltweit. Befragt nach dem Erfolgsrezept sagt Saliger, dass man immer bodenst\u00e4ndig geblieben ist und sehr hart gearbeitet hat. Sich jeden Tag neu zu beweisen und eine Idee zu haben, das sei die Richtschnur. &#8220;Bei \u00dcbernahmen kommen wir nicht, um alles besser zu wissen. Wir schauen uns an, was macht das Management gut und wo k\u00f6nnen wir was lernen, dann transformieren wir unser Know-how dorthin. So ist XXXLutz heute ein Best-of von 100 M\u00f6belh\u00e4usern.&#8221;\n<\/p>\n<p>Jeder neue Markt sei spannend, erl\u00e4utert Thomas Saliger im Gespr\u00e4ch mit Christoph Kopp von der Managementberatung Horv\u00e1th in Wien, im Potenzial aber nat\u00fcrlich extremst unterschiedlich. &#8220;Dabei sind wir auch nicht so, dass wir zwingend \u00fcberall sofort die Marke XXXLutz dr\u00fcberst\u00fclpen. Das Spannende ist eigentlich, dass man in jedem neuen Land etwas lernen kann, was man in einem anderen Markt brauchen kann, und umgekehrt. Uns ist bewusst, dass jedes Land seine Besonderheiten hat, die es zu pflegen gilt. Und so ist auch unser Management vor Ort aufgestellt.&#8221;\n<\/p>\n<p>Die einzelnen L\u00e4nder seien grunds\u00e4tzlich f\u00fcr sich selbst verantwortlich, aus der Zentrale kommt das (unternehmenskritische) Know-how und Reporting. Neue M\u00e4rkte werden von \u00d6sterreich heraus entwickelt und in die Selbst\u00e4ndigkeit entlassen. &#8220;Das macht es manchmal ein wenig ineffizient, aber wir sind dadurch immer am Puls des Geschehens und bei den Menschen. Auch das Management vor Ort besteht aus Einheimischen, die dort leben, und die jeden Tag den Markt sp\u00fcren und f\u00fchlen.&#8221;\n<\/p>\n<p><strong>Kika\/Leiner-Insolvenz ohne Auswirkungen<\/strong><\/p>\n<p>Zur Insolvenz des Wettbewerbers Kika\/Leiner sagt Saliger, XXXLutz hat sich eigentlich immer mit sich selbst besch\u00e4ftigt, um sein Business jeden Tag besser zu machen. Auswirkungen auf das eigene Gesch\u00e4ft sehe er nicht. Zu beurteilen, was dort alles schiefgegangen ist, w\u00e4re unfair, aber: &#8220;Unsere St\u00e4rken sind vielleicht dort die Schw\u00e4chen. Wir haben eine sehr konsequente Markenf\u00fchrung und eine strenge Kostenstruktur, wir waren immer hungrig, und wir haben den Heimmarkt \u00d6sterreich immer konsequentest behandelt.&#8221;\n<\/p>\n<p>Kika\/Leiner hingegen wollte nach Saudi-Arabien gehen, nach Israel, nach Russland. Das Management habe sich mit lauter Auslandsexperimenten besch\u00e4ftigt, das sei extrem gef\u00e4hrlich. Wenn der Heimatmarkt nicht funktioniert, dann hat man ein Problem, denn das ist die Basis. &#8220;Da haben wir zur selben Zeit \u2013 bei aller Expansion, das kann man nachverfolgen \u2013 in \u00d6sterreich das Filialnetz verdichtet, in bestehende H\u00e4user investiert, renoviert und erneuert. Die Insolvenz auf Corona zu schieben, das kann ebenso nicht der Grund f\u00fcr die Insolvenz sein, weil es der M\u00f6belbranche in der Zeit der Pandemie nicht schlecht gegangen ist.&#8221;\n<\/p>\n<p><strong>Investitionen konstant hoch<\/strong> <\/p>\n<p>Mit dem Abflauen der Baukonjunktur, dem Krieg in der Ukraine, der Inflation und der steigenden Zinsbelastung wird es jedoch auch f\u00fcr XXXLutz schwieriger, konzediert Saliger. &#8220;Was wir daher jetzt machen, ist das wichtigste: Wir bleiben im Werbeauftritt und bei den Werbeausgaben konstant, wir machen M\u00f6bel zu einem spannenden Gut. Es ist ja ein WERT, sein Zuhause sch\u00f6n einzurichten. Da ist auch die Politik gefordert. Das Thema sich etwas zu schaffen, dass Eigentum wieder mehr Wert bekommt, das ist f\u00fcr viele Branchen wichtig. Das trifft zuerst den Bau, dann den M\u00f6belhandel und dahinter auch viele weitere Zulieferfirmen.&#8221;\n<\/p>\n<p>Mit laut MediaFocus 220 Millionen Euro Brutto-Werbeausgaben 2022 steht XXXLutz an der Spitze der werbetreibenden Unternehmen \u00d6sterreichs, mit der Familie Putz, die n\u00e4chstes Jahr ihr 25-j\u00e4hriges Jubil\u00e4um feiert, wurde Marketinggeschichte geschrieben \u2013 dennoch relativiert Saliger die Rolle der Werbung. &#8220;Man braucht auch einen super Einkauf, ein gutes Sortiment und eine effiziente Logistik \u2013 im M\u00f6belhandel muss man 20 Dinge gut machen. Das ist wie ein Vorzug in der Schule \u2013 den kriegt man auch nicht, wenn man im Turnen gut ist, sondern weil man in allen F\u00e4chern \u00fcberzeugt.&#8221;\n<\/p>\n<p>Das gilt auch f\u00fcr die Online-Aktivit\u00e4ten des Unternehmens. &#8220;Wir sind \u00fcberall dabei, auch weil wir Inhaber haben, die den Mut haben, zu investieren, denn das digitale M\u00f6belhaus ist mindestens so wichtig wie jedes station\u00e4re M\u00f6belhaus, in das man Millionen investiert. Wir profitieren heute davon, dass wir eine gute Kombination von station\u00e4r und online haben, und es zeigt auch, dass wir dort investieren, wo der Konsument zuhause ist. Station\u00e4r regional kann man auch im Netz sein.&#8221;\n<\/p>\n<p><strong>Nachhaltigkeit im Fokus<\/strong><\/p>\n<p>Das Thema Nachhaltigkeit ist f\u00fcr XXXLutz extrem spannend, wird aber nicht an die gro\u00dfe Glocke geh\u00e4ngt, weil es immer nur ein Weg sein kann, den man beschreitet. &#8220;XXXL for tomorrow&#8221; sei keine Feststellung, sondern als Programm konzipiert. Das beginnt bei der Errichtung &#8220;gr\u00fcner&#8221; M\u00f6belh\u00e4user und Lager und f\u00fchrt \u00fcber massive Energiesparkonzepte bis hin zum Eink\u00e4ufer, der beim Lieferanten sitzt und Vorgaben f\u00fcr mehr Nachhaltigkeit in der Lieferkette macht. &#8220;Nachhaltigkeitsberichte sind ein Riesenthema, wir sind da mitten drin, und freuen uns, diesen Weg zu gehen. Auch da k\u00f6nnen wir wieder XXXL oder besser sein.&#8221;\n<\/p>\n<p>Die Zukunft des M\u00f6belhauses hat f\u00fcr Saliger bereits vor 20 Jahren begonnen. &#8220;Wir haben schon damals sehr, sehr ehrlich die Lehrlingsarbeit forciert und definiert, dass zehn Prozent aller Mitarbeiter Lehrlinge sein sollen. Diese Quote haben wir f\u00fcr jedes M\u00f6belhaus und jede Fachabteilung vorgegeben und die Fr\u00fcchte umgehend geerntet. Heute profitieren wir noch mehr davon. Wir haben so viel Potenzial und k\u00f6nnen unseren Personalbedarf auch jetzt gut decken. Lediglich f\u00fcr die Online-Shops und den Bedarf an Programmierern m\u00fcssen wir uns auf dem freien Markt matchen.&#8221;\n<\/p>\n<p><strong>Formel 1 der Unternehmensf\u00fchrung<\/strong> <\/p>\n<p>Saligers Fazit zum Horv\u00e1th-Kernthema Unternehmensf\u00fchrung: &#8220;Corona hat uns gezeigt, dass man per Video beraten und verkaufen kann, der hohe Strompreis hat uns gezeigt, dass man Strom sparen kann. Immer neugierig bleiben, das Gesch\u00e4ftsmodell weiter entwickeln, den Know-how-Transfer zwischen den L\u00e4ndern hochhalten, offen bleiben f\u00fcr Neues, dabei aber selbstkritisch und innovativ im Denken. Wir feiern einmal kurz, und entwickeln am n\u00e4chsten Tag schon wieder neue Dinge. Das ist wie in der Formel 1: Da muss man auch jedes Jahr ein neues Auto bauen, wenn man sich \u00fcber die vielen Jahre an der Spitze halten will.&#8221;\n<\/p>\n<p><strong>\u00dcber XXXLutz<\/strong><\/p>\n<p>Die XXXLutz-Gruppe z\u00e4hlt mit einem Umsatz von \u00fcber 5 Mrd. Euro und mehr als 25.000 Besch\u00e4ftigten zu den weltweit gr\u00f6\u00dften M\u00f6belhandelsketten. Das familiengef\u00fchrte Unternehmen betreibt in der DACH-Region sowie in weiteren sieben M\u00e4rkten \u00fcber 1000 Einrichtungsh\u00e4user, viele davon ausgestattet mit eigenen Restaurants. Zur Gruppe geh\u00f6ren bekannte Marken wie XXXL, M\u00f6belix und M\u00f6max (DACH, Osteuropa), Poco (Deutschland), Lipo (Schweiz), But und Conforama (Frankreich, Schweiz). Zuletzt sorgte XXXLutz mit der \u00dcbernahme von Europas gr\u00f6\u00dftem Online-M\u00f6belshop Home24 f\u00fcr Aufsehen. <a href=\"https:\/\/www.xxxlutz.com\/\" target=\"_blank\">http:\/\/www.xxxlutz.com<\/a> <\/p>\n<p><strong>\u00dcber Horv\u00e1th<\/strong><\/p>\n<p>Horv\u00e1th ist eine international t\u00e4tige, unabh\u00e4ngige Managementberatung mit Hauptsitz in Stuttgart. Das Unternehmen besch\u00e4ftigt 1.200 hochqualifizierte Berater\/innen an Standorten in Deutschland, \u00d6sterreich, Italien, Rum\u00e4nien, der Schweiz, Ungarn, D\u00e4nemark, USA, Saudi-Arabien und den Vereinigten Arabischen Emiraten. Die Kunden werden von der betriebswirtschaftlichen Konzeption bis zur Verankerung in Prozessen und Systemen begleitet. <a href=\"http:\/\/www.horvath-partners.com\" target=\"_blank\">http:\/\/www.horvath-partners.com<\/a><\/p>\n<\/article>\n","protected":false},"excerpt":{"rendered":"<p>Unternehmenssprecher Thomas Saliger: &#8220;Best-of&#8221; von 100 M\u00f6belh\u00e4usern 10.07.2023 Wien \u2013 Die Pleite der M\u00f6belhandelskette Kika\/Leiner ist kein Anlass f\u00fcr den heimischen Marktf\u00fchrer XXXLutz, sich zur\u00fcckzulehnen. Im Gegenteil, die Ober\u00f6sterreicher bleiben weiter hungrig. Die Expansion im station\u00e4ren wie Online-Handel soll fortgesetzt, die digitale und soziale Transformation mit Fokus auf Nachhaltigkeit vorangetrieben werden. Das sagte Unternehmenssprecher Thomas&hellip;<\/p>\n","protected":false},"author":2,"featured_media":9681,"comment_status":"closed","ping_status":"closed","sticky":false,"template":"","format":"standard","meta":{"footnotes":""},"categories":[3],"tags":[],"class_list":["post-9682","post","type-post","status-publish","format-standard","has-post-thumbnail","hentry","category-news","category-3","description-off"],"yoast_head":"<!-- This site is optimized with the Yoast SEO plugin v26.3 - https:\/\/yoast.com\/wordpress\/plugins\/seo\/ -->\n<title>XXXLutz forciert Expansion in Europa - Temmel | Seywald - Corporate Communications<\/title>\n<meta name=\"robots\" content=\"index, follow, max-snippet:-1, max-image-preview:large, max-video-preview:-1\" \/>\n<link rel=\"canonical\" href=\"https:\/\/www.tsp.at\/en\/2023\/07\/10\/xxxlutz-forciert-expansion-in-europa\/\" \/>\n<meta property=\"og:locale\" content=\"en_US\" \/>\n<meta property=\"og:type\" content=\"article\" \/>\n<meta property=\"og:title\" content=\"XXXLutz forciert Expansion in Europa - Temmel | Seywald - Corporate Communications\" \/>\n<meta property=\"og:description\" content=\"Unternehmenssprecher Thomas Saliger: &#8220;Best-of&#8221; von 100 M\u00f6belh\u00e4usern 10.07.2023 Wien \u2013 Die Pleite der M\u00f6belhandelskette Kika\/Leiner ist kein Anlass f\u00fcr den heimischen Marktf\u00fchrer XXXLutz, sich zur\u00fcckzulehnen. Im Gegenteil, die Ober\u00f6sterreicher bleiben weiter hungrig. Die Expansion im station\u00e4ren wie Online-Handel soll fortgesetzt, die digitale und soziale Transformation mit Fokus auf Nachhaltigkeit vorangetrieben werden. Das sagte Unternehmenssprecher Thomas&hellip;\" \/>\n<meta property=\"og:url\" content=\"https:\/\/www.tsp.at\/en\/2023\/07\/10\/xxxlutz-forciert-expansion-in-europa\/\" \/>\n<meta property=\"og:site_name\" content=\"Temmel | Seywald - Corporate Communications\" \/>\n<meta property=\"article:publisher\" content=\"https:\/\/www.facebook.com\/TemmelSeywald\" \/>\n<meta property=\"article:published_time\" content=\"2023-07-10T06:40:00+00:00\" \/>\n<meta property=\"article:modified_time\" content=\"2025-10-21T12:52:17+00:00\" \/>\n<meta property=\"og:image\" content=\"https:\/\/www.tsp.at\/wp-content\/uploads\/2025\/10\/P1048605-scaled.jpg\" \/>\n\t<meta property=\"og:image:width\" content=\"2560\" \/>\n\t<meta property=\"og:image:height\" content=\"1707\" \/>\n\t<meta property=\"og:image:type\" content=\"image\/jpeg\" \/>\n<meta name=\"author\" content=\"TSP Redaktion\" \/>\n<meta name=\"twitter:card\" content=\"summary_large_image\" \/>\n<meta name=\"twitter:label1\" content=\"Written by\" \/>\n\t<meta name=\"twitter:data1\" content=\"TSP Redaktion\" \/>\n\t<meta name=\"twitter:label2\" content=\"Est. reading time\" \/>\n\t<meta name=\"twitter:data2\" content=\"7 minutes\" \/>\n<script type=\"application\/ld+json\" class=\"yoast-schema-graph\">{\"@context\":\"https:\/\/schema.org\",\"@graph\":[{\"@type\":\"Article\",\"@id\":\"https:\/\/www.tsp.at\/en\/2023\/07\/10\/xxxlutz-forciert-expansion-in-europa\/#article\",\"isPartOf\":{\"@id\":\"https:\/\/www.tsp.at\/en\/2023\/07\/10\/xxxlutz-forciert-expansion-in-europa\/\"},\"author\":{\"name\":\"TSP Redaktion\",\"@id\":\"https:\/\/www.tsp.at\/en\/#\/schema\/person\/1ba5600c29da17b902b0925cea567f8a\"},\"headline\":\"XXXLutz forciert Expansion in Europa\",\"datePublished\":\"2023-07-10T06:40:00+00:00\",\"dateModified\":\"2025-10-21T12:52:17+00:00\",\"mainEntityOfPage\":{\"@id\":\"https:\/\/www.tsp.at\/en\/2023\/07\/10\/xxxlutz-forciert-expansion-in-europa\/\"},\"wordCount\":1270,\"publisher\":{\"@id\":\"https:\/\/www.tsp.at\/en\/#organization\"},\"image\":{\"@id\":\"https:\/\/www.tsp.at\/en\/2023\/07\/10\/xxxlutz-forciert-expansion-in-europa\/#primaryimage\"},\"thumbnailUrl\":\"https:\/\/www.tsp.at\/wp-content\/uploads\/2025\/10\/P1048605-scaled.jpg\",\"articleSection\":[\"News\"],\"inLanguage\":\"en-US\"},{\"@type\":\"WebPage\",\"@id\":\"https:\/\/www.tsp.at\/en\/2023\/07\/10\/xxxlutz-forciert-expansion-in-europa\/\",\"url\":\"https:\/\/www.tsp.at\/en\/2023\/07\/10\/xxxlutz-forciert-expansion-in-europa\/\",\"name\":\"XXXLutz forciert Expansion in Europa - Temmel | Seywald - Corporate Communications\",\"isPartOf\":{\"@id\":\"https:\/\/www.tsp.at\/en\/#website\"},\"primaryImageOfPage\":{\"@id\":\"https:\/\/www.tsp.at\/en\/2023\/07\/10\/xxxlutz-forciert-expansion-in-europa\/#primaryimage\"},\"image\":{\"@id\":\"https:\/\/www.tsp.at\/en\/2023\/07\/10\/xxxlutz-forciert-expansion-in-europa\/#primaryimage\"},\"thumbnailUrl\":\"https:\/\/www.tsp.at\/wp-content\/uploads\/2025\/10\/P1048605-scaled.jpg\",\"datePublished\":\"2023-07-10T06:40:00+00:00\",\"dateModified\":\"2025-10-21T12:52:17+00:00\",\"breadcrumb\":{\"@id\":\"https:\/\/www.tsp.at\/en\/2023\/07\/10\/xxxlutz-forciert-expansion-in-europa\/#breadcrumb\"},\"inLanguage\":\"en-US\",\"potentialAction\":[{\"@type\":\"ReadAction\",\"target\":[\"https:\/\/www.tsp.at\/en\/2023\/07\/10\/xxxlutz-forciert-expansion-in-europa\/\"]}]},{\"@type\":\"ImageObject\",\"inLanguage\":\"en-US\",\"@id\":\"https:\/\/www.tsp.at\/en\/2023\/07\/10\/xxxlutz-forciert-expansion-in-europa\/#primaryimage\",\"url\":\"https:\/\/www.tsp.at\/wp-content\/uploads\/2025\/10\/P1048605-scaled.jpg\",\"contentUrl\":\"https:\/\/www.tsp.at\/wp-content\/uploads\/2025\/10\/P1048605-scaled.jpg\",\"width\":2560,\"height\":1707},{\"@type\":\"BreadcrumbList\",\"@id\":\"https:\/\/www.tsp.at\/en\/2023\/07\/10\/xxxlutz-forciert-expansion-in-europa\/#breadcrumb\",\"itemListElement\":[{\"@type\":\"ListItem\",\"position\":1,\"name\":\"Startseite\",\"item\":\"https:\/\/www.tsp.at\/en\/\"},{\"@type\":\"ListItem\",\"position\":2,\"name\":\"XXXLutz forciert Expansion in Europa\"}]},{\"@type\":\"WebSite\",\"@id\":\"https:\/\/www.tsp.at\/en\/#website\",\"url\":\"https:\/\/www.tsp.at\/en\/\",\"name\":\"Temmel | Seywald - Corporate Communications\",\"description\":\"Kommunikation ist Beziehungsarbeit\",\"publisher\":{\"@id\":\"https:\/\/www.tsp.at\/en\/#organization\"},\"potentialAction\":[{\"@type\":\"SearchAction\",\"target\":{\"@type\":\"EntryPoint\",\"urlTemplate\":\"https:\/\/www.tsp.at\/en\/?s={search_term_string}\"},\"query-input\":{\"@type\":\"PropertyValueSpecification\",\"valueRequired\":true,\"valueName\":\"search_term_string\"}}],\"inLanguage\":\"en-US\"},{\"@type\":\"Organization\",\"@id\":\"https:\/\/www.tsp.at\/en\/#organization\",\"name\":\"Temmel, Seywald & Partner Communications GesmbH\",\"alternateName\":\"TSP\",\"url\":\"https:\/\/www.tsp.at\/en\/\",\"logo\":{\"@type\":\"ImageObject\",\"inLanguage\":\"en-US\",\"@id\":\"https:\/\/www.tsp.at\/en\/#\/schema\/logo\/image\/\",\"url\":\"https:\/\/www.tsp.at\/wp-content\/uploads\/2025\/10\/favicontsp.png\",\"contentUrl\":\"https:\/\/www.tsp.at\/wp-content\/uploads\/2025\/10\/favicontsp.png\",\"width\":125,\"height\":125,\"caption\":\"Temmel, Seywald & Partner Communications GesmbH\"},\"image\":{\"@id\":\"https:\/\/www.tsp.at\/en\/#\/schema\/logo\/image\/\"},\"sameAs\":[\"https:\/\/www.facebook.com\/TemmelSeywald\"]},{\"@type\":\"Person\",\"@id\":\"https:\/\/www.tsp.at\/en\/#\/schema\/person\/1ba5600c29da17b902b0925cea567f8a\",\"name\":\"TSP Redaktion\"}]}<\/script>\n<!-- \/ Yoast SEO plugin. -->","yoast_head_json":{"title":"XXXLutz forciert Expansion in Europa - Temmel | Seywald - Corporate Communications","robots":{"index":"index","follow":"follow","max-snippet":"max-snippet:-1","max-image-preview":"max-image-preview:large","max-video-preview":"max-video-preview:-1"},"canonical":"https:\/\/www.tsp.at\/en\/2023\/07\/10\/xxxlutz-forciert-expansion-in-europa\/","og_locale":"en_US","og_type":"article","og_title":"XXXLutz forciert Expansion in Europa - Temmel | Seywald - Corporate Communications","og_description":"Unternehmenssprecher Thomas Saliger: &#8220;Best-of&#8221; von 100 M\u00f6belh\u00e4usern 10.07.2023 Wien \u2013 Die Pleite der M\u00f6belhandelskette Kika\/Leiner ist kein Anlass f\u00fcr den heimischen Marktf\u00fchrer XXXLutz, sich zur\u00fcckzulehnen. Im Gegenteil, die Ober\u00f6sterreicher bleiben weiter hungrig. Die Expansion im station\u00e4ren wie Online-Handel soll fortgesetzt, die digitale und soziale Transformation mit Fokus auf Nachhaltigkeit vorangetrieben werden. Das sagte Unternehmenssprecher Thomas&hellip;","og_url":"https:\/\/www.tsp.at\/en\/2023\/07\/10\/xxxlutz-forciert-expansion-in-europa\/","og_site_name":"Temmel | Seywald - Corporate Communications","article_publisher":"https:\/\/www.facebook.com\/TemmelSeywald","article_published_time":"2023-07-10T06:40:00+00:00","article_modified_time":"2025-10-21T12:52:17+00:00","og_image":[{"width":2560,"height":1707,"url":"https:\/\/www.tsp.at\/wp-content\/uploads\/2025\/10\/P1048605-scaled.jpg","type":"image\/jpeg"}],"author":"TSP Redaktion","twitter_card":"summary_large_image","twitter_misc":{"Written by":"TSP Redaktion","Est. reading time":"7 minutes"},"schema":{"@context":"https:\/\/schema.org","@graph":[{"@type":"Article","@id":"https:\/\/www.tsp.at\/en\/2023\/07\/10\/xxxlutz-forciert-expansion-in-europa\/#article","isPartOf":{"@id":"https:\/\/www.tsp.at\/en\/2023\/07\/10\/xxxlutz-forciert-expansion-in-europa\/"},"author":{"name":"TSP Redaktion","@id":"https:\/\/www.tsp.at\/en\/#\/schema\/person\/1ba5600c29da17b902b0925cea567f8a"},"headline":"XXXLutz forciert Expansion in Europa","datePublished":"2023-07-10T06:40:00+00:00","dateModified":"2025-10-21T12:52:17+00:00","mainEntityOfPage":{"@id":"https:\/\/www.tsp.at\/en\/2023\/07\/10\/xxxlutz-forciert-expansion-in-europa\/"},"wordCount":1270,"publisher":{"@id":"https:\/\/www.tsp.at\/en\/#organization"},"image":{"@id":"https:\/\/www.tsp.at\/en\/2023\/07\/10\/xxxlutz-forciert-expansion-in-europa\/#primaryimage"},"thumbnailUrl":"https:\/\/www.tsp.at\/wp-content\/uploads\/2025\/10\/P1048605-scaled.jpg","articleSection":["News"],"inLanguage":"en-US"},{"@type":"WebPage","@id":"https:\/\/www.tsp.at\/en\/2023\/07\/10\/xxxlutz-forciert-expansion-in-europa\/","url":"https:\/\/www.tsp.at\/en\/2023\/07\/10\/xxxlutz-forciert-expansion-in-europa\/","name":"XXXLutz forciert Expansion in Europa - Temmel | Seywald - Corporate Communications","isPartOf":{"@id":"https:\/\/www.tsp.at\/en\/#website"},"primaryImageOfPage":{"@id":"https:\/\/www.tsp.at\/en\/2023\/07\/10\/xxxlutz-forciert-expansion-in-europa\/#primaryimage"},"image":{"@id":"https:\/\/www.tsp.at\/en\/2023\/07\/10\/xxxlutz-forciert-expansion-in-europa\/#primaryimage"},"thumbnailUrl":"https:\/\/www.tsp.at\/wp-content\/uploads\/2025\/10\/P1048605-scaled.jpg","datePublished":"2023-07-10T06:40:00+00:00","dateModified":"2025-10-21T12:52:17+00:00","breadcrumb":{"@id":"https:\/\/www.tsp.at\/en\/2023\/07\/10\/xxxlutz-forciert-expansion-in-europa\/#breadcrumb"},"inLanguage":"en-US","potentialAction":[{"@type":"ReadAction","target":["https:\/\/www.tsp.at\/en\/2023\/07\/10\/xxxlutz-forciert-expansion-in-europa\/"]}]},{"@type":"ImageObject","inLanguage":"en-US","@id":"https:\/\/www.tsp.at\/en\/2023\/07\/10\/xxxlutz-forciert-expansion-in-europa\/#primaryimage","url":"https:\/\/www.tsp.at\/wp-content\/uploads\/2025\/10\/P1048605-scaled.jpg","contentUrl":"https:\/\/www.tsp.at\/wp-content\/uploads\/2025\/10\/P1048605-scaled.jpg","width":2560,"height":1707},{"@type":"BreadcrumbList","@id":"https:\/\/www.tsp.at\/en\/2023\/07\/10\/xxxlutz-forciert-expansion-in-europa\/#breadcrumb","itemListElement":[{"@type":"ListItem","position":1,"name":"Startseite","item":"https:\/\/www.tsp.at\/en\/"},{"@type":"ListItem","position":2,"name":"XXXLutz forciert Expansion in Europa"}]},{"@type":"WebSite","@id":"https:\/\/www.tsp.at\/en\/#website","url":"https:\/\/www.tsp.at\/en\/","name":"Temmel | Seywald - Corporate Communications","description":"Kommunikation ist Beziehungsarbeit","publisher":{"@id":"https:\/\/www.tsp.at\/en\/#organization"},"potentialAction":[{"@type":"SearchAction","target":{"@type":"EntryPoint","urlTemplate":"https:\/\/www.tsp.at\/en\/?s={search_term_string}"},"query-input":{"@type":"PropertyValueSpecification","valueRequired":true,"valueName":"search_term_string"}}],"inLanguage":"en-US"},{"@type":"Organization","@id":"https:\/\/www.tsp.at\/en\/#organization","name":"Temmel, Seywald & Partner Communications GesmbH","alternateName":"TSP","url":"https:\/\/www.tsp.at\/en\/","logo":{"@type":"ImageObject","inLanguage":"en-US","@id":"https:\/\/www.tsp.at\/en\/#\/schema\/logo\/image\/","url":"https:\/\/www.tsp.at\/wp-content\/uploads\/2025\/10\/favicontsp.png","contentUrl":"https:\/\/www.tsp.at\/wp-content\/uploads\/2025\/10\/favicontsp.png","width":125,"height":125,"caption":"Temmel, Seywald & Partner Communications GesmbH"},"image":{"@id":"https:\/\/www.tsp.at\/en\/#\/schema\/logo\/image\/"},"sameAs":["https:\/\/www.facebook.com\/TemmelSeywald"]},{"@type":"Person","@id":"https:\/\/www.tsp.at\/en\/#\/schema\/person\/1ba5600c29da17b902b0925cea567f8a","name":"TSP Redaktion"}]}},"_links":{"self":[{"href":"https:\/\/www.tsp.at\/en\/wp-json\/wp\/v2\/posts\/9682","targetHints":{"allow":["GET"]}}],"collection":[{"href":"https:\/\/www.tsp.at\/en\/wp-json\/wp\/v2\/posts"}],"about":[{"href":"https:\/\/www.tsp.at\/en\/wp-json\/wp\/v2\/types\/post"}],"author":[{"embeddable":true,"href":"https:\/\/www.tsp.at\/en\/wp-json\/wp\/v2\/users\/2"}],"replies":[{"embeddable":true,"href":"https:\/\/www.tsp.at\/en\/wp-json\/wp\/v2\/comments?post=9682"}],"version-history":[{"count":1,"href":"https:\/\/www.tsp.at\/en\/wp-json\/wp\/v2\/posts\/9682\/revisions"}],"predecessor-version":[{"id":11251,"href":"https:\/\/www.tsp.at\/en\/wp-json\/wp\/v2\/posts\/9682\/revisions\/11251"}],"wp:featuredmedia":[{"embeddable":true,"href":"https:\/\/www.tsp.at\/en\/wp-json\/wp\/v2\/media\/9681"}],"wp:attachment":[{"href":"https:\/\/www.tsp.at\/en\/wp-json\/wp\/v2\/media?parent=9682"}],"wp:term":[{"taxonomy":"category","embeddable":true,"href":"https:\/\/www.tsp.at\/en\/wp-json\/wp\/v2\/categories?post=9682"},{"taxonomy":"post_tag","embeddable":true,"href":"https:\/\/www.tsp.at\/en\/wp-json\/wp\/v2\/tags?post=9682"}],"curies":[{"name":"wp","href":"https:\/\/api.w.org\/{rel}","templated":true}]}}