{"id":9684,"date":"2023-05-29T15:51:00","date_gmt":"2023-05-29T13:51:00","guid":{"rendered":"https:\/\/staging.tsp.at\/2023\/05\/29\/fresacher-wachstumscharta-verabschiedet\/"},"modified":"2025-10-21T14:52:17","modified_gmt":"2025-10-21T12:52:17","slug":"fresacher-wachstumscharta-verabschiedet","status":"publish","type":"post","link":"https:\/\/www.tsp.at\/en\/2023\/05\/29\/fresacher-wachstumscharta-verabschiedet\/","title":{"rendered":"Fresacher Wachstumscharta verabschiedet"},"content":{"rendered":"<article class=\"item\">\n<h2><strong>Gerechtere Verteilung der Ressourcen gefordert<\/strong><\/h2>\n<p>29.05.2023<\/p>\n<\/p>\n<\/p>\n<\/p>\n<\/p>\n<\/p>\n<p>Fresach \u2013 <strong>Zum Abschluss der Europ\u00e4ischen Toleranzgespr\u00e4che 2023 hat das Kuratorium des Denk.Raum.<span class=\"hl\">Fresach<\/span> eine Wachstumscharta ver\u00f6ffentlicht, in der die zunehmende soziale Ungleichheit auf der Welt angeprangert wird. K\u00fcnftiges Wachstum m\u00fcsse im Sinne der Nachhaltigkeit gelebt, organisiert und betrieben werden. Nur dann k\u00f6nne jene Dynamik wachsen, die das Leben tr\u00e4gt und die Lebensbedingungen aller verbessert. <\/strong><a href=\"http:\/\/www.fresach.org\" target=\"_blank\">http:\/\/www.<span class=\"hl\">fresach<\/span>.org<\/a> <\/p>\n<p>In der Einleitung hei\u00dft es so, dass der breite Wohlstand in der n\u00f6rdlichen Hemisph\u00e4re dem starken Wirtschaftswachstum zu verdanken sei, an dem viele teilhaben \u2013 allerdings in unterschiedlichem Ausma\u00df. Die soziale und \u00f6konomische Ungleichheit sei nicht wesentlich verringert worden, zudem beruhe der Wohlstand auf dem Raubbau an nat\u00fcrlichen Ressourcen und auf der Ausbeutung des Globalen S\u00fcdens bis hin zur Sklaverei.\n<\/p>\n<p>Die Initiatoren der Wachstumscharta regen eine gerechtere Verteilung der globalen Ressourcen an, dazu brauche es eine intelligente Kombination von technischen Neuerungen, aber auch Verhaltens\u00e4nderungen der Menschen \u2013 mitsamt Transformation in der Produktion und Nutzung von Energie und Lebensmitteln. Das neue Wachstumsmuster verlange tiefgreifende Ver\u00e4nderungen, von politischen Entscheidungsverfahren \u00fcber Unternehmensf\u00fchrung bis in den pers\u00f6nlichen Bereich.\n<\/p>\n<p>Die Wachstums- und Energietransformation d\u00fcrfe aber nicht an der Demokratie scheitern, weil ihre Instrumente sinn- und zweckwidrig f\u00fcr \u00f6kologische Diktate missbraucht werden. &#8220;Wir, Staat und Gesellschaft, brauchen eine neue, umfassende Aufkl\u00e4rung als einen demokratischen Prozess wissen- und vernunftbasierter Ann\u00e4herung an L\u00f6sungen und an Kompromisse&#8221;, hei\u00dft es in der Erkl\u00e4rung.\n<\/p>\n<p>Zuk\u00fcnftiges Wachstum m\u00fcsse sozial und kulturell sein, umwelt- und menschenvertr\u00e4glich. Es muss zu einem Mehr an sozialer Gerechtigkeit f\u00fchren. Es muss mehr Wert auf den sozialen Zusammenhalt legen und alle sozialen Schichten wie Regionen einbeziehen. Dieses neu verstandene Wachstum muss zu einer Kultur des Respekts f\u00fchren &#8211; gegen\u00fcber allen Menschen, ja allen Lebewesen und der Natur schlechthin. Es muss nicht zuletzt auf Innovationen beruhen, die immer auf ihre sozialen Folgen und Konsequenzen \u00fcberpr\u00fcft werden.\n<\/p>\n<p><strong>\u00dcber die Erkl\u00e4rungen von <span class=\"hl\">Fresach<\/span><\/strong><br \/>Die Abschlusserkl\u00e4rungen der Europ\u00e4ischen Toleranzgespr\u00e4che von <span class=\"hl\">Fresach<\/span> haben bereits Tradition. 2015 wurde <span class=\"hl\">Fresach<\/span>er Erkl\u00e4erung zu Toleranz geschrieben, 2016 eine Erkl\u00e4rung zum Klimawandel. 2017 folgte die <span class=\"hl\">Fresach<\/span>er Freiheits-Charta, 2018 die Europa-Charta. 2019 ver\u00f6ffentlichten die Denk.Raum.<span class=\"hl\">Fresach<\/span>-Organisatoren eine Regionen-Charta, 2020 die Corona-Deklaration, 2021 eine Fairness-Charta und 2022 eine Erkl\u00e4rung zur Zeitenwende.\n<\/p>\n<p>Alle Erkl\u00e4rungen zum Download auf: <a href=\"http:\/\/www.fresach.org\/downloads\/\" target=\"_blank\">http:\/\/www.<span class=\"hl\">fresach<\/span>.org\/downloads\/<\/a><\/p>\n<\/article>\n","protected":false},"excerpt":{"rendered":"<p>Gerechtere Verteilung der Ressourcen gefordert 29.05.2023 Fresach \u2013 Zum Abschluss der Europ\u00e4ischen Toleranzgespr\u00e4che 2023 hat das Kuratorium des Denk.Raum.Fresach eine Wachstumscharta ver\u00f6ffentlicht, in der die zunehmende soziale Ungleichheit auf der Welt angeprangert wird. K\u00fcnftiges Wachstum m\u00fcsse im Sinne der Nachhaltigkeit gelebt, organisiert und betrieben werden. Nur dann k\u00f6nne jene Dynamik wachsen, die das Leben tr\u00e4gt&hellip;<\/p>\n","protected":false},"author":2,"featured_media":9683,"comment_status":"closed","ping_status":"closed","sticky":false,"template":"","format":"standard","meta":{"footnotes":""},"categories":[3],"tags":[],"class_list":["post-9684","post","type-post","status-publish","format-standard","has-post-thumbnail","hentry","category-news","category-3","description-off"],"yoast_head":"<!-- This site is optimized with the Yoast SEO plugin v26.3 - https:\/\/yoast.com\/wordpress\/plugins\/seo\/ -->\n<title>Fresacher Wachstumscharta verabschiedet - Temmel | Seywald - Corporate Communications<\/title>\n<meta name=\"robots\" content=\"index, follow, max-snippet:-1, max-image-preview:large, max-video-preview:-1\" \/>\n<link rel=\"canonical\" href=\"https:\/\/www.tsp.at\/en\/2023\/05\/29\/fresacher-wachstumscharta-verabschiedet\/\" \/>\n<meta property=\"og:locale\" content=\"en_US\" \/>\n<meta property=\"og:type\" content=\"article\" \/>\n<meta property=\"og:title\" content=\"Fresacher Wachstumscharta verabschiedet - Temmel | Seywald - Corporate Communications\" \/>\n<meta property=\"og:description\" content=\"Gerechtere Verteilung der Ressourcen gefordert 29.05.2023 Fresach \u2013 Zum Abschluss der Europ\u00e4ischen Toleranzgespr\u00e4che 2023 hat das Kuratorium des Denk.Raum.Fresach eine Wachstumscharta ver\u00f6ffentlicht, in der die zunehmende soziale Ungleichheit auf der Welt angeprangert wird. K\u00fcnftiges Wachstum m\u00fcsse im Sinne der Nachhaltigkeit gelebt, organisiert und betrieben werden. Nur dann k\u00f6nne jene Dynamik wachsen, die das Leben tr\u00e4gt&hellip;\" \/>\n<meta property=\"og:url\" content=\"https:\/\/www.tsp.at\/en\/2023\/05\/29\/fresacher-wachstumscharta-verabschiedet\/\" \/>\n<meta property=\"og:site_name\" content=\"Temmel | Seywald - Corporate Communications\" \/>\n<meta property=\"article:publisher\" content=\"https:\/\/www.facebook.com\/TemmelSeywald\" \/>\n<meta property=\"article:published_time\" content=\"2023-05-29T13:51:00+00:00\" \/>\n<meta property=\"article:modified_time\" content=\"2025-10-21T12:52:17+00:00\" \/>\n<meta property=\"og:image\" content=\"https:\/\/www.tsp.at\/wp-content\/uploads\/2025\/10\/Wachstum-scaled.jpg\" \/>\n\t<meta property=\"og:image:width\" content=\"2560\" \/>\n\t<meta property=\"og:image:height\" content=\"1707\" \/>\n\t<meta property=\"og:image:type\" content=\"image\/jpeg\" \/>\n<meta name=\"author\" content=\"TSP Redaktion\" \/>\n<meta name=\"twitter:card\" content=\"summary_large_image\" \/>\n<meta name=\"twitter:label1\" content=\"Written by\" \/>\n\t<meta name=\"twitter:data1\" content=\"TSP Redaktion\" \/>\n\t<meta name=\"twitter:label2\" content=\"Est. reading time\" \/>\n\t<meta name=\"twitter:data2\" content=\"3 minutes\" \/>\n<script type=\"application\/ld+json\" class=\"yoast-schema-graph\">{\"@context\":\"https:\/\/schema.org\",\"@graph\":[{\"@type\":\"Article\",\"@id\":\"https:\/\/www.tsp.at\/en\/2023\/05\/29\/fresacher-wachstumscharta-verabschiedet\/#article\",\"isPartOf\":{\"@id\":\"https:\/\/www.tsp.at\/en\/2023\/05\/29\/fresacher-wachstumscharta-verabschiedet\/\"},\"author\":{\"name\":\"TSP Redaktion\",\"@id\":\"https:\/\/www.tsp.at\/en\/#\/schema\/person\/1ba5600c29da17b902b0925cea567f8a\"},\"headline\":\"Fresacher Wachstumscharta verabschiedet\",\"datePublished\":\"2023-05-29T13:51:00+00:00\",\"dateModified\":\"2025-10-21T12:52:17+00:00\",\"mainEntityOfPage\":{\"@id\":\"https:\/\/www.tsp.at\/en\/2023\/05\/29\/fresacher-wachstumscharta-verabschiedet\/\"},\"wordCount\":397,\"publisher\":{\"@id\":\"https:\/\/www.tsp.at\/en\/#organization\"},\"image\":{\"@id\":\"https:\/\/www.tsp.at\/en\/2023\/05\/29\/fresacher-wachstumscharta-verabschiedet\/#primaryimage\"},\"thumbnailUrl\":\"https:\/\/www.tsp.at\/wp-content\/uploads\/2025\/10\/Wachstum-scaled.jpg\",\"articleSection\":[\"News\"],\"inLanguage\":\"en-US\"},{\"@type\":\"WebPage\",\"@id\":\"https:\/\/www.tsp.at\/en\/2023\/05\/29\/fresacher-wachstumscharta-verabschiedet\/\",\"url\":\"https:\/\/www.tsp.at\/en\/2023\/05\/29\/fresacher-wachstumscharta-verabschiedet\/\",\"name\":\"Fresacher Wachstumscharta verabschiedet - Temmel | Seywald - Corporate Communications\",\"isPartOf\":{\"@id\":\"https:\/\/www.tsp.at\/en\/#website\"},\"primaryImageOfPage\":{\"@id\":\"https:\/\/www.tsp.at\/en\/2023\/05\/29\/fresacher-wachstumscharta-verabschiedet\/#primaryimage\"},\"image\":{\"@id\":\"https:\/\/www.tsp.at\/en\/2023\/05\/29\/fresacher-wachstumscharta-verabschiedet\/#primaryimage\"},\"thumbnailUrl\":\"https:\/\/www.tsp.at\/wp-content\/uploads\/2025\/10\/Wachstum-scaled.jpg\",\"datePublished\":\"2023-05-29T13:51:00+00:00\",\"dateModified\":\"2025-10-21T12:52:17+00:00\",\"breadcrumb\":{\"@id\":\"https:\/\/www.tsp.at\/en\/2023\/05\/29\/fresacher-wachstumscharta-verabschiedet\/#breadcrumb\"},\"inLanguage\":\"en-US\",\"potentialAction\":[{\"@type\":\"ReadAction\",\"target\":[\"https:\/\/www.tsp.at\/en\/2023\/05\/29\/fresacher-wachstumscharta-verabschiedet\/\"]}]},{\"@type\":\"ImageObject\",\"inLanguage\":\"en-US\",\"@id\":\"https:\/\/www.tsp.at\/en\/2023\/05\/29\/fresacher-wachstumscharta-verabschiedet\/#primaryimage\",\"url\":\"https:\/\/www.tsp.at\/wp-content\/uploads\/2025\/10\/Wachstum-scaled.jpg\",\"contentUrl\":\"https:\/\/www.tsp.at\/wp-content\/uploads\/2025\/10\/Wachstum-scaled.jpg\",\"width\":2560,\"height\":1707},{\"@type\":\"BreadcrumbList\",\"@id\":\"https:\/\/www.tsp.at\/en\/2023\/05\/29\/fresacher-wachstumscharta-verabschiedet\/#breadcrumb\",\"itemListElement\":[{\"@type\":\"ListItem\",\"position\":1,\"name\":\"Startseite\",\"item\":\"https:\/\/www.tsp.at\/en\/\"},{\"@type\":\"ListItem\",\"position\":2,\"name\":\"Fresacher Wachstumscharta verabschiedet\"}]},{\"@type\":\"WebSite\",\"@id\":\"https:\/\/www.tsp.at\/en\/#website\",\"url\":\"https:\/\/www.tsp.at\/en\/\",\"name\":\"Temmel | Seywald - Corporate Communications\",\"description\":\"Kommunikation ist Beziehungsarbeit\",\"publisher\":{\"@id\":\"https:\/\/www.tsp.at\/en\/#organization\"},\"potentialAction\":[{\"@type\":\"SearchAction\",\"target\":{\"@type\":\"EntryPoint\",\"urlTemplate\":\"https:\/\/www.tsp.at\/en\/?s={search_term_string}\"},\"query-input\":{\"@type\":\"PropertyValueSpecification\",\"valueRequired\":true,\"valueName\":\"search_term_string\"}}],\"inLanguage\":\"en-US\"},{\"@type\":\"Organization\",\"@id\":\"https:\/\/www.tsp.at\/en\/#organization\",\"name\":\"Temmel, Seywald & Partner Communications GesmbH\",\"alternateName\":\"TSP\",\"url\":\"https:\/\/www.tsp.at\/en\/\",\"logo\":{\"@type\":\"ImageObject\",\"inLanguage\":\"en-US\",\"@id\":\"https:\/\/www.tsp.at\/en\/#\/schema\/logo\/image\/\",\"url\":\"https:\/\/www.tsp.at\/wp-content\/uploads\/2025\/10\/favicontsp.png\",\"contentUrl\":\"https:\/\/www.tsp.at\/wp-content\/uploads\/2025\/10\/favicontsp.png\",\"width\":125,\"height\":125,\"caption\":\"Temmel, Seywald & Partner Communications GesmbH\"},\"image\":{\"@id\":\"https:\/\/www.tsp.at\/en\/#\/schema\/logo\/image\/\"},\"sameAs\":[\"https:\/\/www.facebook.com\/TemmelSeywald\"]},{\"@type\":\"Person\",\"@id\":\"https:\/\/www.tsp.at\/en\/#\/schema\/person\/1ba5600c29da17b902b0925cea567f8a\",\"name\":\"TSP Redaktion\"}]}<\/script>\n<!-- \/ Yoast SEO plugin. -->","yoast_head_json":{"title":"Fresacher Wachstumscharta verabschiedet - Temmel | Seywald - Corporate Communications","robots":{"index":"index","follow":"follow","max-snippet":"max-snippet:-1","max-image-preview":"max-image-preview:large","max-video-preview":"max-video-preview:-1"},"canonical":"https:\/\/www.tsp.at\/en\/2023\/05\/29\/fresacher-wachstumscharta-verabschiedet\/","og_locale":"en_US","og_type":"article","og_title":"Fresacher Wachstumscharta verabschiedet - Temmel | Seywald - Corporate Communications","og_description":"Gerechtere Verteilung der Ressourcen gefordert 29.05.2023 Fresach \u2013 Zum Abschluss der Europ\u00e4ischen Toleranzgespr\u00e4che 2023 hat das Kuratorium des Denk.Raum.Fresach eine Wachstumscharta ver\u00f6ffentlicht, in der die zunehmende soziale Ungleichheit auf der Welt angeprangert wird. K\u00fcnftiges Wachstum m\u00fcsse im Sinne der Nachhaltigkeit gelebt, organisiert und betrieben werden. Nur dann k\u00f6nne jene Dynamik wachsen, die das Leben tr\u00e4gt&hellip;","og_url":"https:\/\/www.tsp.at\/en\/2023\/05\/29\/fresacher-wachstumscharta-verabschiedet\/","og_site_name":"Temmel | Seywald - Corporate Communications","article_publisher":"https:\/\/www.facebook.com\/TemmelSeywald","article_published_time":"2023-05-29T13:51:00+00:00","article_modified_time":"2025-10-21T12:52:17+00:00","og_image":[{"width":2560,"height":1707,"url":"https:\/\/www.tsp.at\/wp-content\/uploads\/2025\/10\/Wachstum-scaled.jpg","type":"image\/jpeg"}],"author":"TSP Redaktion","twitter_card":"summary_large_image","twitter_misc":{"Written by":"TSP Redaktion","Est. reading time":"3 minutes"},"schema":{"@context":"https:\/\/schema.org","@graph":[{"@type":"Article","@id":"https:\/\/www.tsp.at\/en\/2023\/05\/29\/fresacher-wachstumscharta-verabschiedet\/#article","isPartOf":{"@id":"https:\/\/www.tsp.at\/en\/2023\/05\/29\/fresacher-wachstumscharta-verabschiedet\/"},"author":{"name":"TSP Redaktion","@id":"https:\/\/www.tsp.at\/en\/#\/schema\/person\/1ba5600c29da17b902b0925cea567f8a"},"headline":"Fresacher Wachstumscharta verabschiedet","datePublished":"2023-05-29T13:51:00+00:00","dateModified":"2025-10-21T12:52:17+00:00","mainEntityOfPage":{"@id":"https:\/\/www.tsp.at\/en\/2023\/05\/29\/fresacher-wachstumscharta-verabschiedet\/"},"wordCount":397,"publisher":{"@id":"https:\/\/www.tsp.at\/en\/#organization"},"image":{"@id":"https:\/\/www.tsp.at\/en\/2023\/05\/29\/fresacher-wachstumscharta-verabschiedet\/#primaryimage"},"thumbnailUrl":"https:\/\/www.tsp.at\/wp-content\/uploads\/2025\/10\/Wachstum-scaled.jpg","articleSection":["News"],"inLanguage":"en-US"},{"@type":"WebPage","@id":"https:\/\/www.tsp.at\/en\/2023\/05\/29\/fresacher-wachstumscharta-verabschiedet\/","url":"https:\/\/www.tsp.at\/en\/2023\/05\/29\/fresacher-wachstumscharta-verabschiedet\/","name":"Fresacher Wachstumscharta verabschiedet - Temmel | Seywald - Corporate Communications","isPartOf":{"@id":"https:\/\/www.tsp.at\/en\/#website"},"primaryImageOfPage":{"@id":"https:\/\/www.tsp.at\/en\/2023\/05\/29\/fresacher-wachstumscharta-verabschiedet\/#primaryimage"},"image":{"@id":"https:\/\/www.tsp.at\/en\/2023\/05\/29\/fresacher-wachstumscharta-verabschiedet\/#primaryimage"},"thumbnailUrl":"https:\/\/www.tsp.at\/wp-content\/uploads\/2025\/10\/Wachstum-scaled.jpg","datePublished":"2023-05-29T13:51:00+00:00","dateModified":"2025-10-21T12:52:17+00:00","breadcrumb":{"@id":"https:\/\/www.tsp.at\/en\/2023\/05\/29\/fresacher-wachstumscharta-verabschiedet\/#breadcrumb"},"inLanguage":"en-US","potentialAction":[{"@type":"ReadAction","target":["https:\/\/www.tsp.at\/en\/2023\/05\/29\/fresacher-wachstumscharta-verabschiedet\/"]}]},{"@type":"ImageObject","inLanguage":"en-US","@id":"https:\/\/www.tsp.at\/en\/2023\/05\/29\/fresacher-wachstumscharta-verabschiedet\/#primaryimage","url":"https:\/\/www.tsp.at\/wp-content\/uploads\/2025\/10\/Wachstum-scaled.jpg","contentUrl":"https:\/\/www.tsp.at\/wp-content\/uploads\/2025\/10\/Wachstum-scaled.jpg","width":2560,"height":1707},{"@type":"BreadcrumbList","@id":"https:\/\/www.tsp.at\/en\/2023\/05\/29\/fresacher-wachstumscharta-verabschiedet\/#breadcrumb","itemListElement":[{"@type":"ListItem","position":1,"name":"Startseite","item":"https:\/\/www.tsp.at\/en\/"},{"@type":"ListItem","position":2,"name":"Fresacher Wachstumscharta verabschiedet"}]},{"@type":"WebSite","@id":"https:\/\/www.tsp.at\/en\/#website","url":"https:\/\/www.tsp.at\/en\/","name":"Temmel | Seywald - Corporate Communications","description":"Kommunikation ist Beziehungsarbeit","publisher":{"@id":"https:\/\/www.tsp.at\/en\/#organization"},"potentialAction":[{"@type":"SearchAction","target":{"@type":"EntryPoint","urlTemplate":"https:\/\/www.tsp.at\/en\/?s={search_term_string}"},"query-input":{"@type":"PropertyValueSpecification","valueRequired":true,"valueName":"search_term_string"}}],"inLanguage":"en-US"},{"@type":"Organization","@id":"https:\/\/www.tsp.at\/en\/#organization","name":"Temmel, Seywald & Partner Communications GesmbH","alternateName":"TSP","url":"https:\/\/www.tsp.at\/en\/","logo":{"@type":"ImageObject","inLanguage":"en-US","@id":"https:\/\/www.tsp.at\/en\/#\/schema\/logo\/image\/","url":"https:\/\/www.tsp.at\/wp-content\/uploads\/2025\/10\/favicontsp.png","contentUrl":"https:\/\/www.tsp.at\/wp-content\/uploads\/2025\/10\/favicontsp.png","width":125,"height":125,"caption":"Temmel, Seywald & Partner Communications GesmbH"},"image":{"@id":"https:\/\/www.tsp.at\/en\/#\/schema\/logo\/image\/"},"sameAs":["https:\/\/www.facebook.com\/TemmelSeywald"]},{"@type":"Person","@id":"https:\/\/www.tsp.at\/en\/#\/schema\/person\/1ba5600c29da17b902b0925cea567f8a","name":"TSP Redaktion"}]}},"_links":{"self":[{"href":"https:\/\/www.tsp.at\/en\/wp-json\/wp\/v2\/posts\/9684","targetHints":{"allow":["GET"]}}],"collection":[{"href":"https:\/\/www.tsp.at\/en\/wp-json\/wp\/v2\/posts"}],"about":[{"href":"https:\/\/www.tsp.at\/en\/wp-json\/wp\/v2\/types\/post"}],"author":[{"embeddable":true,"href":"https:\/\/www.tsp.at\/en\/wp-json\/wp\/v2\/users\/2"}],"replies":[{"embeddable":true,"href":"https:\/\/www.tsp.at\/en\/wp-json\/wp\/v2\/comments?post=9684"}],"version-history":[{"count":1,"href":"https:\/\/www.tsp.at\/en\/wp-json\/wp\/v2\/posts\/9684\/revisions"}],"predecessor-version":[{"id":11252,"href":"https:\/\/www.tsp.at\/en\/wp-json\/wp\/v2\/posts\/9684\/revisions\/11252"}],"wp:featuredmedia":[{"embeddable":true,"href":"https:\/\/www.tsp.at\/en\/wp-json\/wp\/v2\/media\/9683"}],"wp:attachment":[{"href":"https:\/\/www.tsp.at\/en\/wp-json\/wp\/v2\/media?parent=9684"}],"wp:term":[{"taxonomy":"category","embeddable":true,"href":"https:\/\/www.tsp.at\/en\/wp-json\/wp\/v2\/categories?post=9684"},{"taxonomy":"post_tag","embeddable":true,"href":"https:\/\/www.tsp.at\/en\/wp-json\/wp\/v2\/tags?post=9684"}],"curies":[{"name":"wp","href":"https:\/\/api.w.org\/{rel}","templated":true}]}}