{"id":9686,"date":"2023-05-26T15:49:00","date_gmt":"2023-05-26T13:49:00","guid":{"rendered":"https:\/\/staging.tsp.at\/2023\/05\/26\/alt-bischof-michael-buenker-toleranzpreistraeger-2023\/"},"modified":"2025-10-21T14:52:17","modified_gmt":"2025-10-21T12:52:17","slug":"alt-bischof-michael-buenker-toleranzpreistraeger-2023","status":"publish","type":"post","link":"https:\/\/www.tsp.at\/en\/2023\/05\/26\/alt-bischof-michael-buenker-toleranzpreistraeger-2023\/","title":{"rendered":"Alt-Bischof Michael B\u00fcnker Toleranzpreistr\u00e4ger 2023"},"content":{"rendered":"<article class=\"item\">\n<h2><strong>Stadt Villach und Denk.Raum.Fresach ehren &#8220;Guten Kampf des Glaubens&#8221;<\/strong><\/h2>\n<p>26.05.2023<\/p>\n<\/p>\n<\/p>\n<\/p>\n<\/p>\n<\/p>\n<p>Villach\/Fresach \u2013 <strong>Der fr\u00fchere Bischof der Evangelischen Kirche in \u00d6sterreich, Michael B\u00fcnker (69), wurde Donnerstagabend mit dem Europ\u00e4ischen Toleranzpreis der Stadt Villach und des Denk.Raum.<span class=\"hl\">Fresach<\/span> geehrt. B\u00fcnker habe sich als moralische Instanz mit hohem sozialen Engagement stets f\u00fcr Dialog, Demokratie und Menschenrechte eingesetzt, so die Begr\u00fcndung der Jury. Seine Stimme habe unver\u00e4ndert Gewicht.<\/strong> <a href=\"http:\/\/www.fresach.org\" target=\"_blank\">http:\/\/www.<span class=\"hl\">fresach<\/span>.org<\/a> <\/p>\n<p>Michael B\u00fcnker ist seit mehr als 20 Jahren Lehrbeauftragter an der Evangelischen Fakult\u00e4t der Universit\u00e4t Wien und unterst\u00fctzt zahlreiche entwicklungs- und demokratiepolitische Initiativen. In seiner aktiven Zeit als Bischof der Evangelischen Kirche A.B. (2008 \u2013 2019) war er Br\u00fcckenbauer der \u00d6kumene, initiierte den Pilgerpfad &#8220;Weg des Buchs&#8221; und trat als Schirmherr f\u00fcr die Aktion &#8220;Brot f\u00fcr die Welt&#8221; auf. F\u00fcr die Medien und damit f\u00fcr die \u00d6ffentlichkeit war und ist er stets kompetenter Ansprechpartner f\u00fcr theologische Fragen.\n<\/p>\n<p><strong>Die Begr\u00fcndung der Jury im Wortlaut<\/strong> <\/p>\n<p>&#8220;Einer offenen und pluralistischen Gesellschaft tut es gut, wenn sich Menschen aus dem Glauben heraus engagieren, und dies nicht nur f\u00fcr die eigenen Interessen und \u00dcberzeugungen, sondern f\u00fcr das gro\u00dfe Ganze, f\u00fcr das gute Leben aller und f\u00fcr die Bewahrung der Sch\u00f6pfung als Grundlage f\u00fcr das gute Leben in Zukunft.&#8221;\n<\/p>\n<p>Das sagte Michael B\u00fcnker 2019 bei der Verabschiedung als evangelischer Bischof. Es war \u2013 noch einmal \u2013 das uneingeschr\u00e4nkte Bekenntnis zu einem Miteinander in aller Vielfalt in \u00d6sterreich, in Europa und in der ganzen Welt \u2013 ein Bekenntnis, das B\u00fcnkers jahrzehntelange Arbeit im Dienste der Verst\u00e4ndigung \u00fcber politische, religi\u00f6se und intellektuelle Grenzen ausgezeichnet hat.\n<\/p>\n<p>Michael B\u00fcnker steht f\u00fcr den &#8220;Guten Kampf des Glaubens f\u00fcr ein besseres Morgen&#8221;. Gerade heute ist sein Bekenntnis zum &#8220;Kampf f\u00fcr das Gute im Leben&#8221; Vorbild und Aufforderung zugleich. Die Gegenwart ist gepr\u00e4gt von den Folgen des Klimawandels und vom Engagement vieler Menschen, die nicht mehr wegschauen wollen, sich f\u00fcr die Fl\u00fcchtenden auf dem offenen Meer einsetzen, die auf den Stra\u00dfen sitzend um ein Ende des fossilen Zeitalters k\u00e4mpfen, die vor den verschlossenen Toren der M\u00e4chtigen f\u00fcr ein Ende der Kriege demonstrieren.\n<\/p>\n<p><strong>Stimme der Vernunft, Botschaft mit Inhalt<\/strong> <\/p>\n<p>Wann immer es eine Stimme der Vernunft, eine Botschaft mit Inhalt braucht, ist Michael B\u00fcnker zur Stelle. Manche seiner Aussagen haben die Beh\u00e4bigkeit irritiert und gaben Anlass zu Diskussionen, doch sie waren die logische Folge intensiven Forschens und Denkens \u2013 etwa die Rede vom christlichen Abendland, das es so nie gab. Oder die Rede \u00fcber sein eigenes Glaubensbekenntnis, das &#8220;katholisch&#8221; sei, wenn auch in &#8220;evangelischer Auspr\u00e4gung&#8221;. Sein unorthodoxer Umgang mit Menschen und Schriften zeigt einen wahren Humanisten mit hohen Werten, die unver\u00e4ndert g\u00fcltig sind.\n<\/p>\n<p>Michael B\u00fcnker befasste sich im Laufe seines kirchlichen Berufslebens mit zahlreichen, sehr unterschiedlichen Thematiken \u2013 doch stets theologisch fundiert und vorausschauend. Seine gro\u00dfen Texte gelten der religi\u00f6sen Bildung, der Organisationsentwicklung in den Kirchen oder der grunds\u00e4tzlichen Bedeutung von Religion im Staatswesen. Er richtete seinen Blick auch auf die dunkle Seite der Macht, befasste sich mit Fragen des staatlichen Terrors ebenso wie mit den Konturen einer milit\u00e4rischen Globalisierung. Besondere Aufmerksamkeit widmete er jedoch der Frage, wie man in einer m\u00fcndigen Welt &#8220;Glauben lernen&#8221; kann: B\u00fcnker hat das Glauben kreuz- und quergedacht. Seine spirituellen Betrachtungen waren immer hoch-inspirierend, seine Reden \u00fcber Europa und das Ende der Gewissheiten eine Vorahnung der gegenw\u00e4rtigen Zeitenwende.\n<\/p>\n<p>Dialog auf Augenh\u00f6he, Demokratie zum Anfassen und Menschenrechte ohne wenn und aber f\u00fcr alle \u2013 das waren und sind die Eckpfeiler seines publizistischen Schaffens und der vielen Predigten, denen hoffentlich noch weitere folgen. Michael B\u00fcnker war und ist als Denker, Theologe und Philosoph auch ein Leuchtturm f\u00fcr junge Menschen auf deren Suche nach dem Sch\u00f6nen, Guten und Wahren.\n<\/p>\n<p>&#8220;Michael B\u00fcnker erh\u00e4lt den Europ\u00e4ischen Toleranzpreis 2023 f\u00fcr Demokratie und Menschenrechte der Stadt Villach, weil sein guter Kampf des Glaubens f\u00fcr ein besseres Morgen alle Eigenschaften hat, die Toleranz und Humanit\u00e4t ausstrahlen, aber auch einfordern&#8221;, so die abschlie\u00dfende Begr\u00fcndung der Jury.\n<\/p>\n<p>Hon.-Prof. Dr. Michael B\u00fcnker wurde 1954 in Leoben geboren und verbrachte seine Kindheit und Jugend in Radenthein und Villach. Nach seinem Studium der evangelischen Theologie in Wien war er Vikar und Pfarrer in D\u00f6bling und Floridsdorf. 1991 wurde er mit der Leitung der Evangelischen Religionsp\u00e4dagogischen Akademie betraut, 1999 zum Oberkirchenrat gew\u00e4hlt, 2006 erfolgte die Bestellung zum Generalsekret\u00e4r der Gemeinschaft Evang. Kirchen in Europa (GEKE). Von 2008 bis 2019 war B\u00fcnker Bischof der Evangelischen Kirche A.B. in \u00d6sterreich, au\u00dferdem Vorsitzender des Evangelischen Oberkirchenrates A. und H.B. in \u00d6sterreich.\n<\/p>\n<p>Fotos von der Toleranzpreisverleihung: <a href=\"https:\/\/fotodienst.pressetext.com\/album\/3801\" target=\"_blank\">https:\/\/fotodienst.pressetext.com\/album\/3801<br \/><\/a>Das Video von der Auszeichnungsveranstaltung im Anhang.\n<\/p>\n<p><strong>Die Europ\u00e4ischen Toleranzgespr\u00e4che <\/strong><br \/>finden seit 2015 allj\u00e4hrlich zu Pfingsten statt und behandeln gesellschaftliche Entwicklungen und politische Bildung zu Fragen der sozialen Integration, Demokratie und Menschenrechte. Die Gespr\u00e4che haben ihren Ursprung in den <span class=\"hl\">Fresach<\/span>er Schriftstellertagungen, die von 1972 bis 1996 unter der \u00c4gide des K\u00e4rntner SchriftstellerInnenverbands stattfanden. Mit dem Jahr 2023 kehrt der KSV wieder zu seinen Wurzeln und nach <span class=\"hl\">Fresach<\/span> zur\u00fcck. <a href=\"http:\/\/www.fresach.org\" target=\"_blank\">http:\/\/www.<span class=\"hl\">fresach<\/span>.org<\/a><\/p>\n<\/article>\n","protected":false},"excerpt":{"rendered":"<p>Stadt Villach und Denk.Raum.Fresach ehren &#8220;Guten Kampf des Glaubens&#8221; 26.05.2023 Villach\/Fresach \u2013 Der fr\u00fchere Bischof der Evangelischen Kirche in \u00d6sterreich, Michael B\u00fcnker (69), wurde Donnerstagabend mit dem Europ\u00e4ischen Toleranzpreis der Stadt Villach und des Denk.Raum.Fresach geehrt. B\u00fcnker habe sich als moralische Instanz mit hohem sozialen Engagement stets f\u00fcr Dialog, Demokratie und Menschenrechte eingesetzt, so die&hellip;<\/p>\n","protected":false},"author":2,"featured_media":9685,"comment_status":"closed","ping_status":"closed","sticky":false,"template":"","format":"standard","meta":{"footnotes":""},"categories":[3],"tags":[],"class_list":["post-9686","post","type-post","status-publish","format-standard","has-post-thumbnail","hentry","category-news","category-3","description-off"],"yoast_head":"<!-- This site is optimized with the Yoast SEO plugin v26.3 - https:\/\/yoast.com\/wordpress\/plugins\/seo\/ -->\n<title>Alt-Bischof Michael B\u00fcnker Toleranzpreistr\u00e4ger 2023 - Temmel | Seywald - Corporate Communications<\/title>\n<meta name=\"robots\" content=\"index, follow, max-snippet:-1, max-image-preview:large, max-video-preview:-1\" \/>\n<link rel=\"canonical\" href=\"https:\/\/www.tsp.at\/en\/2023\/05\/26\/alt-bischof-michael-buenker-toleranzpreistraeger-2023\/\" \/>\n<meta property=\"og:locale\" content=\"en_US\" \/>\n<meta property=\"og:type\" content=\"article\" \/>\n<meta property=\"og:title\" content=\"Alt-Bischof Michael B\u00fcnker Toleranzpreistr\u00e4ger 2023 - Temmel | Seywald - Corporate Communications\" \/>\n<meta property=\"og:description\" content=\"Stadt Villach und Denk.Raum.Fresach ehren &#8220;Guten Kampf des Glaubens&#8221; 26.05.2023 Villach\/Fresach \u2013 Der fr\u00fchere Bischof der Evangelischen Kirche in \u00d6sterreich, Michael B\u00fcnker (69), wurde Donnerstagabend mit dem Europ\u00e4ischen Toleranzpreis der Stadt Villach und des Denk.Raum.Fresach geehrt. B\u00fcnker habe sich als moralische Instanz mit hohem sozialen Engagement stets f\u00fcr Dialog, Demokratie und Menschenrechte eingesetzt, so die&hellip;\" \/>\n<meta property=\"og:url\" content=\"https:\/\/www.tsp.at\/en\/2023\/05\/26\/alt-bischof-michael-buenker-toleranzpreistraeger-2023\/\" \/>\n<meta property=\"og:site_name\" content=\"Temmel | Seywald - Corporate Communications\" \/>\n<meta property=\"article:publisher\" content=\"https:\/\/www.facebook.com\/TemmelSeywald\" \/>\n<meta property=\"article:published_time\" content=\"2023-05-26T13:49:00+00:00\" \/>\n<meta property=\"article:modified_time\" content=\"2025-10-21T12:52:17+00:00\" \/>\n<meta property=\"og:image\" content=\"https:\/\/www.tsp.at\/wp-content\/uploads\/2025\/10\/photo1_18.jpg\" \/>\n\t<meta property=\"og:image:width\" content=\"2000\" \/>\n\t<meta property=\"og:image:height\" content=\"1333\" \/>\n\t<meta property=\"og:image:type\" content=\"image\/jpeg\" \/>\n<meta name=\"author\" content=\"TSP Redaktion\" \/>\n<meta name=\"twitter:card\" content=\"summary_large_image\" \/>\n<meta name=\"twitter:label1\" content=\"Written by\" \/>\n\t<meta name=\"twitter:data1\" content=\"TSP Redaktion\" \/>\n\t<meta name=\"twitter:label2\" content=\"Est. reading time\" \/>\n\t<meta name=\"twitter:data2\" content=\"5 minutes\" \/>\n<script type=\"application\/ld+json\" class=\"yoast-schema-graph\">{\"@context\":\"https:\/\/schema.org\",\"@graph\":[{\"@type\":\"Article\",\"@id\":\"https:\/\/www.tsp.at\/en\/2023\/05\/26\/alt-bischof-michael-buenker-toleranzpreistraeger-2023\/#article\",\"isPartOf\":{\"@id\":\"https:\/\/www.tsp.at\/en\/2023\/05\/26\/alt-bischof-michael-buenker-toleranzpreistraeger-2023\/\"},\"author\":{\"name\":\"TSP Redaktion\",\"@id\":\"https:\/\/www.tsp.at\/en\/#\/schema\/person\/1ba5600c29da17b902b0925cea567f8a\"},\"headline\":\"Alt-Bischof Michael B\u00fcnker Toleranzpreistr\u00e4ger 2023\",\"datePublished\":\"2023-05-26T13:49:00+00:00\",\"dateModified\":\"2025-10-21T12:52:17+00:00\",\"mainEntityOfPage\":{\"@id\":\"https:\/\/www.tsp.at\/en\/2023\/05\/26\/alt-bischof-michael-buenker-toleranzpreistraeger-2023\/\"},\"wordCount\":873,\"publisher\":{\"@id\":\"https:\/\/www.tsp.at\/en\/#organization\"},\"image\":{\"@id\":\"https:\/\/www.tsp.at\/en\/2023\/05\/26\/alt-bischof-michael-buenker-toleranzpreistraeger-2023\/#primaryimage\"},\"thumbnailUrl\":\"https:\/\/www.tsp.at\/wp-content\/uploads\/2025\/10\/photo1_18.jpg\",\"articleSection\":[\"News\"],\"inLanguage\":\"en-US\"},{\"@type\":\"WebPage\",\"@id\":\"https:\/\/www.tsp.at\/en\/2023\/05\/26\/alt-bischof-michael-buenker-toleranzpreistraeger-2023\/\",\"url\":\"https:\/\/www.tsp.at\/en\/2023\/05\/26\/alt-bischof-michael-buenker-toleranzpreistraeger-2023\/\",\"name\":\"Alt-Bischof Michael B\u00fcnker Toleranzpreistr\u00e4ger 2023 - Temmel | Seywald - Corporate Communications\",\"isPartOf\":{\"@id\":\"https:\/\/www.tsp.at\/en\/#website\"},\"primaryImageOfPage\":{\"@id\":\"https:\/\/www.tsp.at\/en\/2023\/05\/26\/alt-bischof-michael-buenker-toleranzpreistraeger-2023\/#primaryimage\"},\"image\":{\"@id\":\"https:\/\/www.tsp.at\/en\/2023\/05\/26\/alt-bischof-michael-buenker-toleranzpreistraeger-2023\/#primaryimage\"},\"thumbnailUrl\":\"https:\/\/www.tsp.at\/wp-content\/uploads\/2025\/10\/photo1_18.jpg\",\"datePublished\":\"2023-05-26T13:49:00+00:00\",\"dateModified\":\"2025-10-21T12:52:17+00:00\",\"breadcrumb\":{\"@id\":\"https:\/\/www.tsp.at\/en\/2023\/05\/26\/alt-bischof-michael-buenker-toleranzpreistraeger-2023\/#breadcrumb\"},\"inLanguage\":\"en-US\",\"potentialAction\":[{\"@type\":\"ReadAction\",\"target\":[\"https:\/\/www.tsp.at\/en\/2023\/05\/26\/alt-bischof-michael-buenker-toleranzpreistraeger-2023\/\"]}]},{\"@type\":\"ImageObject\",\"inLanguage\":\"en-US\",\"@id\":\"https:\/\/www.tsp.at\/en\/2023\/05\/26\/alt-bischof-michael-buenker-toleranzpreistraeger-2023\/#primaryimage\",\"url\":\"https:\/\/www.tsp.at\/wp-content\/uploads\/2025\/10\/photo1_18.jpg\",\"contentUrl\":\"https:\/\/www.tsp.at\/wp-content\/uploads\/2025\/10\/photo1_18.jpg\",\"width\":2000,\"height\":1333},{\"@type\":\"BreadcrumbList\",\"@id\":\"https:\/\/www.tsp.at\/en\/2023\/05\/26\/alt-bischof-michael-buenker-toleranzpreistraeger-2023\/#breadcrumb\",\"itemListElement\":[{\"@type\":\"ListItem\",\"position\":1,\"name\":\"Startseite\",\"item\":\"https:\/\/www.tsp.at\/en\/\"},{\"@type\":\"ListItem\",\"position\":2,\"name\":\"Alt-Bischof Michael B\u00fcnker Toleranzpreistr\u00e4ger 2023\"}]},{\"@type\":\"WebSite\",\"@id\":\"https:\/\/www.tsp.at\/en\/#website\",\"url\":\"https:\/\/www.tsp.at\/en\/\",\"name\":\"Temmel | Seywald - Corporate Communications\",\"description\":\"Kommunikation ist Beziehungsarbeit\",\"publisher\":{\"@id\":\"https:\/\/www.tsp.at\/en\/#organization\"},\"potentialAction\":[{\"@type\":\"SearchAction\",\"target\":{\"@type\":\"EntryPoint\",\"urlTemplate\":\"https:\/\/www.tsp.at\/en\/?s={search_term_string}\"},\"query-input\":{\"@type\":\"PropertyValueSpecification\",\"valueRequired\":true,\"valueName\":\"search_term_string\"}}],\"inLanguage\":\"en-US\"},{\"@type\":\"Organization\",\"@id\":\"https:\/\/www.tsp.at\/en\/#organization\",\"name\":\"Temmel, Seywald & Partner Communications GesmbH\",\"alternateName\":\"TSP\",\"url\":\"https:\/\/www.tsp.at\/en\/\",\"logo\":{\"@type\":\"ImageObject\",\"inLanguage\":\"en-US\",\"@id\":\"https:\/\/www.tsp.at\/en\/#\/schema\/logo\/image\/\",\"url\":\"https:\/\/www.tsp.at\/wp-content\/uploads\/2025\/10\/favicontsp.png\",\"contentUrl\":\"https:\/\/www.tsp.at\/wp-content\/uploads\/2025\/10\/favicontsp.png\",\"width\":125,\"height\":125,\"caption\":\"Temmel, Seywald & Partner Communications GesmbH\"},\"image\":{\"@id\":\"https:\/\/www.tsp.at\/en\/#\/schema\/logo\/image\/\"},\"sameAs\":[\"https:\/\/www.facebook.com\/TemmelSeywald\"]},{\"@type\":\"Person\",\"@id\":\"https:\/\/www.tsp.at\/en\/#\/schema\/person\/1ba5600c29da17b902b0925cea567f8a\",\"name\":\"TSP Redaktion\"}]}<\/script>\n<!-- \/ Yoast SEO plugin. -->","yoast_head_json":{"title":"Alt-Bischof Michael B\u00fcnker Toleranzpreistr\u00e4ger 2023 - Temmel | Seywald - Corporate Communications","robots":{"index":"index","follow":"follow","max-snippet":"max-snippet:-1","max-image-preview":"max-image-preview:large","max-video-preview":"max-video-preview:-1"},"canonical":"https:\/\/www.tsp.at\/en\/2023\/05\/26\/alt-bischof-michael-buenker-toleranzpreistraeger-2023\/","og_locale":"en_US","og_type":"article","og_title":"Alt-Bischof Michael B\u00fcnker Toleranzpreistr\u00e4ger 2023 - Temmel | Seywald - Corporate Communications","og_description":"Stadt Villach und Denk.Raum.Fresach ehren &#8220;Guten Kampf des Glaubens&#8221; 26.05.2023 Villach\/Fresach \u2013 Der fr\u00fchere Bischof der Evangelischen Kirche in \u00d6sterreich, Michael B\u00fcnker (69), wurde Donnerstagabend mit dem Europ\u00e4ischen Toleranzpreis der Stadt Villach und des Denk.Raum.Fresach geehrt. B\u00fcnker habe sich als moralische Instanz mit hohem sozialen Engagement stets f\u00fcr Dialog, Demokratie und Menschenrechte eingesetzt, so die&hellip;","og_url":"https:\/\/www.tsp.at\/en\/2023\/05\/26\/alt-bischof-michael-buenker-toleranzpreistraeger-2023\/","og_site_name":"Temmel | Seywald - Corporate Communications","article_publisher":"https:\/\/www.facebook.com\/TemmelSeywald","article_published_time":"2023-05-26T13:49:00+00:00","article_modified_time":"2025-10-21T12:52:17+00:00","og_image":[{"width":2000,"height":1333,"url":"https:\/\/www.tsp.at\/wp-content\/uploads\/2025\/10\/photo1_18.jpg","type":"image\/jpeg"}],"author":"TSP Redaktion","twitter_card":"summary_large_image","twitter_misc":{"Written by":"TSP Redaktion","Est. reading time":"5 minutes"},"schema":{"@context":"https:\/\/schema.org","@graph":[{"@type":"Article","@id":"https:\/\/www.tsp.at\/en\/2023\/05\/26\/alt-bischof-michael-buenker-toleranzpreistraeger-2023\/#article","isPartOf":{"@id":"https:\/\/www.tsp.at\/en\/2023\/05\/26\/alt-bischof-michael-buenker-toleranzpreistraeger-2023\/"},"author":{"name":"TSP Redaktion","@id":"https:\/\/www.tsp.at\/en\/#\/schema\/person\/1ba5600c29da17b902b0925cea567f8a"},"headline":"Alt-Bischof Michael B\u00fcnker Toleranzpreistr\u00e4ger 2023","datePublished":"2023-05-26T13:49:00+00:00","dateModified":"2025-10-21T12:52:17+00:00","mainEntityOfPage":{"@id":"https:\/\/www.tsp.at\/en\/2023\/05\/26\/alt-bischof-michael-buenker-toleranzpreistraeger-2023\/"},"wordCount":873,"publisher":{"@id":"https:\/\/www.tsp.at\/en\/#organization"},"image":{"@id":"https:\/\/www.tsp.at\/en\/2023\/05\/26\/alt-bischof-michael-buenker-toleranzpreistraeger-2023\/#primaryimage"},"thumbnailUrl":"https:\/\/www.tsp.at\/wp-content\/uploads\/2025\/10\/photo1_18.jpg","articleSection":["News"],"inLanguage":"en-US"},{"@type":"WebPage","@id":"https:\/\/www.tsp.at\/en\/2023\/05\/26\/alt-bischof-michael-buenker-toleranzpreistraeger-2023\/","url":"https:\/\/www.tsp.at\/en\/2023\/05\/26\/alt-bischof-michael-buenker-toleranzpreistraeger-2023\/","name":"Alt-Bischof Michael B\u00fcnker Toleranzpreistr\u00e4ger 2023 - Temmel | Seywald - Corporate Communications","isPartOf":{"@id":"https:\/\/www.tsp.at\/en\/#website"},"primaryImageOfPage":{"@id":"https:\/\/www.tsp.at\/en\/2023\/05\/26\/alt-bischof-michael-buenker-toleranzpreistraeger-2023\/#primaryimage"},"image":{"@id":"https:\/\/www.tsp.at\/en\/2023\/05\/26\/alt-bischof-michael-buenker-toleranzpreistraeger-2023\/#primaryimage"},"thumbnailUrl":"https:\/\/www.tsp.at\/wp-content\/uploads\/2025\/10\/photo1_18.jpg","datePublished":"2023-05-26T13:49:00+00:00","dateModified":"2025-10-21T12:52:17+00:00","breadcrumb":{"@id":"https:\/\/www.tsp.at\/en\/2023\/05\/26\/alt-bischof-michael-buenker-toleranzpreistraeger-2023\/#breadcrumb"},"inLanguage":"en-US","potentialAction":[{"@type":"ReadAction","target":["https:\/\/www.tsp.at\/en\/2023\/05\/26\/alt-bischof-michael-buenker-toleranzpreistraeger-2023\/"]}]},{"@type":"ImageObject","inLanguage":"en-US","@id":"https:\/\/www.tsp.at\/en\/2023\/05\/26\/alt-bischof-michael-buenker-toleranzpreistraeger-2023\/#primaryimage","url":"https:\/\/www.tsp.at\/wp-content\/uploads\/2025\/10\/photo1_18.jpg","contentUrl":"https:\/\/www.tsp.at\/wp-content\/uploads\/2025\/10\/photo1_18.jpg","width":2000,"height":1333},{"@type":"BreadcrumbList","@id":"https:\/\/www.tsp.at\/en\/2023\/05\/26\/alt-bischof-michael-buenker-toleranzpreistraeger-2023\/#breadcrumb","itemListElement":[{"@type":"ListItem","position":1,"name":"Startseite","item":"https:\/\/www.tsp.at\/en\/"},{"@type":"ListItem","position":2,"name":"Alt-Bischof Michael B\u00fcnker Toleranzpreistr\u00e4ger 2023"}]},{"@type":"WebSite","@id":"https:\/\/www.tsp.at\/en\/#website","url":"https:\/\/www.tsp.at\/en\/","name":"Temmel | Seywald - Corporate Communications","description":"Kommunikation ist Beziehungsarbeit","publisher":{"@id":"https:\/\/www.tsp.at\/en\/#organization"},"potentialAction":[{"@type":"SearchAction","target":{"@type":"EntryPoint","urlTemplate":"https:\/\/www.tsp.at\/en\/?s={search_term_string}"},"query-input":{"@type":"PropertyValueSpecification","valueRequired":true,"valueName":"search_term_string"}}],"inLanguage":"en-US"},{"@type":"Organization","@id":"https:\/\/www.tsp.at\/en\/#organization","name":"Temmel, Seywald & Partner Communications GesmbH","alternateName":"TSP","url":"https:\/\/www.tsp.at\/en\/","logo":{"@type":"ImageObject","inLanguage":"en-US","@id":"https:\/\/www.tsp.at\/en\/#\/schema\/logo\/image\/","url":"https:\/\/www.tsp.at\/wp-content\/uploads\/2025\/10\/favicontsp.png","contentUrl":"https:\/\/www.tsp.at\/wp-content\/uploads\/2025\/10\/favicontsp.png","width":125,"height":125,"caption":"Temmel, Seywald & Partner Communications GesmbH"},"image":{"@id":"https:\/\/www.tsp.at\/en\/#\/schema\/logo\/image\/"},"sameAs":["https:\/\/www.facebook.com\/TemmelSeywald"]},{"@type":"Person","@id":"https:\/\/www.tsp.at\/en\/#\/schema\/person\/1ba5600c29da17b902b0925cea567f8a","name":"TSP Redaktion"}]}},"_links":{"self":[{"href":"https:\/\/www.tsp.at\/en\/wp-json\/wp\/v2\/posts\/9686","targetHints":{"allow":["GET"]}}],"collection":[{"href":"https:\/\/www.tsp.at\/en\/wp-json\/wp\/v2\/posts"}],"about":[{"href":"https:\/\/www.tsp.at\/en\/wp-json\/wp\/v2\/types\/post"}],"author":[{"embeddable":true,"href":"https:\/\/www.tsp.at\/en\/wp-json\/wp\/v2\/users\/2"}],"replies":[{"embeddable":true,"href":"https:\/\/www.tsp.at\/en\/wp-json\/wp\/v2\/comments?post=9686"}],"version-history":[{"count":1,"href":"https:\/\/www.tsp.at\/en\/wp-json\/wp\/v2\/posts\/9686\/revisions"}],"predecessor-version":[{"id":11253,"href":"https:\/\/www.tsp.at\/en\/wp-json\/wp\/v2\/posts\/9686\/revisions\/11253"}],"wp:featuredmedia":[{"embeddable":true,"href":"https:\/\/www.tsp.at\/en\/wp-json\/wp\/v2\/media\/9685"}],"wp:attachment":[{"href":"https:\/\/www.tsp.at\/en\/wp-json\/wp\/v2\/media?parent=9686"}],"wp:term":[{"taxonomy":"category","embeddable":true,"href":"https:\/\/www.tsp.at\/en\/wp-json\/wp\/v2\/categories?post=9686"},{"taxonomy":"post_tag","embeddable":true,"href":"https:\/\/www.tsp.at\/en\/wp-json\/wp\/v2\/tags?post=9686"}],"curies":[{"name":"wp","href":"https:\/\/api.w.org\/{rel}","templated":true}]}}