{"id":9688,"date":"2023-05-22T09:25:00","date_gmt":"2023-05-22T07:25:00","guid":{"rendered":"https:\/\/staging.tsp.at\/2023\/05\/22\/toleranzgespraeche-2023-im-wachstumsfieber\/"},"modified":"2025-10-21T14:52:17","modified_gmt":"2025-10-21T12:52:17","slug":"toleranzgespraeche-2023-im-wachstumsfieber","status":"publish","type":"post","link":"https:\/\/www.tsp.at\/en\/2023\/05\/22\/toleranzgespraeche-2023-im-wachstumsfieber\/","title":{"rendered":"Toleranzgespr\u00e4che 2023 im Wachstumsfieber"},"content":{"rendered":"<article class=\"item\">\n<h2><strong>Kuratoriumspr\u00e4sident Swoboda: Wachsende Ungleichheit bedroht Frieden und Freiheit <\/strong><\/h2>\n<p>22.05.2023<\/p>\n<\/p>\n<\/p>\n<\/p>\n<\/p>\n<\/p>\n<p>Villach\/Fresach \u2013 <strong>Die Folgen exzessiven Wirtschaftswachstums und die wachsende Ungleichheit auf der Welt durch den Raubbau an fossilen und regenerativen Ressourcen stehen im Mittelpunkt der 9. Europ\u00e4ischen Toleranzgespr\u00e4che (ETG), die am Mittwochabend in K\u00e4rnten beginnen. Mehr als 30 Denkerinnen und Denker nehmen an den Dialogforen teil, die im Bambergsaal der Stadt Villach (24.5.) und im Toleranzzentrum Fresach (25.-27.5.) stattfinden. ETG-Organisator Wilfried Seywald hofft nach der Pandemie auf deutlich mehr BesucherInnen. <\/strong><a href=\"http:\/\/www.fresach.org\" target=\"_blank\">http:\/\/www.fresach.org<\/a> <\/p>\n<p>Mit der Frage &#8220;Wachstum am Ende \u2013 Was jetzt?&#8221; zeigen die Organisatoren des Denk.Raum.Fresach das Dilemma auf, in dem die entwickelten Gesellschaften der modernen Welt stecken. Denn wird der bisherige politische und \u00f6konomische Kurs beibehalten, steuert der Globus direkt in eine Klimakatastrophe. Wird hingegen das Wachstum abgedreht, drohen soziale Revolten. DRF-Kuratoriumspr\u00e4sident Hannes Swoboda verweist auf die Konsequenzen: &#8220;Die ungleiche Verteilung der Ressourcen f\u00fchrt zu wachsender Ungleichheit in der Welt, und diese Ungleichheit bedroht Frieden, Freiheit und die Sicherheit von uns allen.&#8221;\n<\/p>\n<p>Fresach-Er\u00f6ffnungsrednerin Marlene Streeruwitz beklagte schon im Vorfeld in einem Zeitungsinterview, dass die wachsende Ungleichheit letztendlich die Demokratie besch\u00e4digt, weil sie das Vertrauen der B\u00fcrgerInnen untergr\u00e4bt und es demokratischen Gesellschaften erschwert, langfristige kollektive Entscheidungen zu treffen, die allen zugutekommen und von allen akzeptiert werden k\u00f6nnen. Swoboda sieht sich hier einer Meinung mit vielen demokratisch gew\u00e4hlten Politikern, dass eine lebenswerte Zukunft nur \u00fcber mehr Verteilungsgerechtigkeit f\u00fchren kann \u2013 letztlich auch zum Vorteil der reicheren Bev\u00f6lkerungsschichten. <\/p>\n<p><strong>Anderes Wachstum gew\u00fcnscht<\/strong><\/p>\n<p>Die Toleranzgespr\u00e4che vom 24. bis 27. Mai 2023 behandeln das Dauerthema Wachstum, sollen aber Strategien und L\u00f6sungswege f\u00fcr ein anderes Wachstum aufzeigen, das den Erfordernissen des Klimawandels im 21. Jahrhundert entspricht. Wie kann nachhaltiges und umweltvertr\u00e4gliches Wachstum aussehen, in welcher Form muss die Verteilung der Fr\u00fcchte der Arbeit erfolgen, um anhaltenden Frieden und Stabilit\u00e4t zu sichern? Dazu werden Wirtschafts- und PolitikexpertInnen ebenso wie NaturwissenschafterInnen und PhilosophInnen zu Wort kommen.\n<\/p>\n<p>In zw\u00f6lf Diskussionspanels werden die wichtigsten Aspekte des Wachstums behandelt, aus theologischer Sicht ebenso wie aus wissenschaftlicher und \u00f6konomischer Perspektive, die Organisatoren laden zum Mitdiskutieren ein. Die Ergebnisse werden wie jedes Jahr in Bewegtbild, Text und Ton festgehalten, verspricht der Obmann des Denk.Raum.Fresach, Superintendent Manfred Sauer.\n<\/p>\n<p><strong>24. Mai \u2013 18.00 Uhr: Ethikforum mit Pfr. Nikolaus Schneider<\/strong> <\/p>\n<p>Zum Auftakt der Toleranzgespr\u00e4che in Villach wird der ehemalige Ratsvorsitzende der Evangelischen Kirche in Deutschland, Nikolaus Schneider, im Gespr\u00e4ch mit ORF-Redakteurin Renata Schmidtkunz alternative Vorstellungen f\u00fcr eine solidarische Wirtschaftsordnung mit sozialen und ethischen Standards er\u00f6rtern. (Bamberg-Saal Villach, Ethikforum ab 18.00 Uhr).\n<\/p>\n<p><strong>25. Mai \u2013 09.00 Uhr: Europaforum mit Marlene Streeruwitz<\/strong> <\/p>\n<p>Das Europaforum im Toleranzzentrum Fresach kann mit einer Reihe prominenter DiskussionsteilnehmerInnen aufwarten: Die Er\u00f6ffnungsrede h\u00e4lt Essayistin Marlene Streeruwitz, die weiteren Panels bestreiten bekannte Vision\u00e4re wie TV-Moderator und Bestsellerautor Franz Alt, Gemeinwohlexperte Christian Felber, Werteforscher Paul M. Zulehner und Nachhaltigkeitsforscherin Christine Ax, aber auch Praktiker wie Afrika-Inkubatorin Tara M\u00e9it\u00e9, die Klimasch\u00fctzerin Lena Schilling und Alt-Bischof Michael B\u00fcnker. Donnerstag abend wird der Toleranzpreis 2023 der Stadt Villach f\u00fcr Demokratie und Menschenrechte vergeben.\n<\/p>\n<p><strong>26. Mai \u2013 09.00 Uhr: Wirtschaftsforum mit Hans Albrecht<\/strong> <\/p>\n<p>Das Wirtschaftsforum am Freitag wird mit einem Gespr\u00e4ch des Frankfurter Historikers und seinem Sch\u00fcler Michael Paul \u00fcber &#8220;Die immerw\u00e4hrende Revolution&#8221; des Kapitalismus er\u00f6ffnet, gefolgt von Ausf\u00fchrungen des M\u00fcnchner Finanzinvestors Hans Albrecht \u00fcber die vielf\u00e4ltigen Chancen der Transformation. Am Nachmittag zeigt der Grazer Rethink Energy Europe-Initiator Georg Brasseur auf, wie die CO2-freie Zukunft f\u00fcr den Planeten aussehen k\u00f6nnte. Weitere Highlights sind ein Gespr\u00e4ch \u00fcber Strategien f\u00fcr die Transformation mit Management-Coach Ruth Seliger, eine K\u00e4rnten-Diskussion mit dem Poeten Egyd Gst\u00e4ttner und der Poetry Slam am Abend, diesmal zum Thema Postwachstums\u00f6konomie.\n<\/p>\n<p><strong>\u00dcberblick der Programmpunkte<\/strong><\/p>\n<p>24. Mai 2023: 18 bis 20 Uhr: Ethikforum und Er\u00f6ffnung Villach <br \/>25. Mai 2023: 09 bis 18 Uhr: Europaforum Fresach. 18.30: Toleranzpreisverleihung<br \/>26. Mai 2023: 09 bis 18 Uhr: Wirtschaftsforum Fresach. 18.30 Uhr: Poetry Slam <br \/>27. Mai 2023: 08 bis 12 Uhr: Gasthaus Zum Wirt, Fresach: Toleranzfr\u00fchst\u00fcck<\/p>\n<p><strong>Anmeldungen auf der Webseite <\/strong><a href=\"http:\/\/www.fresach.org\/anmeldung\/\" target=\"_blank\">http:\/\/www.fresach.org\/anmeldung\/<\/a> oder an der Tageskasse. Das gesamte Tagungsprogramm der Toleranzgespr\u00e4che ist hier abrufbar: <a href=\"http:\/\/www.fresach.org\/tagesprogramm\/\" target=\"_blank\">http:\/\/www.fresach.org\/tagesprogramm\/<\/a> <\/p>\n<p><strong>Die Europ\u00e4ischen Toleranzgespr\u00e4che <\/strong><br \/>finden seit 2015 allj\u00e4hrlich zu Pfingsten statt und behandeln gesellschaftliche Entwicklungen und politische Bildung zu Fragen der sozialen Integration, Demokratie und Menschenrechte. Die Gespr\u00e4che haben ihren Ursprung in den Fresacher Schriftstellertagungen, die von 1972 bis 1996 unter der \u00c4gide des K\u00e4rntner SchriftstellerInnenverbands stattfanden. Mit dem Jahr 2023 kehrt der KSV wieder zu seinen Wurzeln und nach Fresach zur\u00fcck. <a href=\"http:\/\/www.fresach.org\" target=\"_blank\">http:\/\/www.fresach.org<\/a> <\/p>\n<p><strong>DENK.RAUM.FRESACH<\/strong><br \/>Dr. Wilfried Seywald | Pressekontakt<br \/>Anmeldung: presse@fresach.org<br \/>Tel.: 0699 18 11 4006\n<\/p>\n<p><strong>Die Partner der Europ\u00e4ischen Toleranzgespr\u00e4che<\/strong><br \/>Land K\u00e4rnten | Stadt Villach | BM f\u00fcr Kunst und Kultur, \u00f6ffentlichen Dienst und Sport | BM f\u00fcr europ\u00e4ische und internationale Angelegenheiten | Evangelische Kirche | Soravia Group GmbH<\/p>\n<\/article>\n","protected":false},"excerpt":{"rendered":"<p>Kuratoriumspr\u00e4sident Swoboda: Wachsende Ungleichheit bedroht Frieden und Freiheit 22.05.2023 Villach\/Fresach \u2013 Die Folgen exzessiven Wirtschaftswachstums und die wachsende Ungleichheit auf der Welt durch den Raubbau an fossilen und regenerativen Ressourcen stehen im Mittelpunkt der 9. Europ\u00e4ischen Toleranzgespr\u00e4che (ETG), die am Mittwochabend in K\u00e4rnten beginnen. Mehr als 30 Denkerinnen und Denker nehmen an den Dialogforen teil,&hellip;<\/p>\n","protected":false},"author":2,"featured_media":9687,"comment_status":"closed","ping_status":"closed","sticky":false,"template":"","format":"standard","meta":{"footnotes":""},"categories":[3],"tags":[],"class_list":["post-9688","post","type-post","status-publish","format-standard","has-post-thumbnail","hentry","category-news","category-3","description-off"],"yoast_head":"<!-- This site is optimized with the Yoast SEO plugin v26.3 - https:\/\/yoast.com\/wordpress\/plugins\/seo\/ -->\n<title>Toleranzgespr\u00e4che 2023 im Wachstumsfieber - Temmel | Seywald - Corporate Communications<\/title>\n<meta name=\"robots\" content=\"index, follow, max-snippet:-1, max-image-preview:large, max-video-preview:-1\" \/>\n<link rel=\"canonical\" href=\"https:\/\/www.tsp.at\/en\/2023\/05\/22\/toleranzgespraeche-2023-im-wachstumsfieber\/\" \/>\n<meta property=\"og:locale\" content=\"en_US\" \/>\n<meta property=\"og:type\" content=\"article\" \/>\n<meta property=\"og:title\" content=\"Toleranzgespr\u00e4che 2023 im Wachstumsfieber - Temmel | Seywald - Corporate Communications\" \/>\n<meta property=\"og:description\" content=\"Kuratoriumspr\u00e4sident Swoboda: Wachsende Ungleichheit bedroht Frieden und Freiheit 22.05.2023 Villach\/Fresach \u2013 Die Folgen exzessiven Wirtschaftswachstums und die wachsende Ungleichheit auf der Welt durch den Raubbau an fossilen und regenerativen Ressourcen stehen im Mittelpunkt der 9. Europ\u00e4ischen Toleranzgespr\u00e4che (ETG), die am Mittwochabend in K\u00e4rnten beginnen. Mehr als 30 Denkerinnen und Denker nehmen an den Dialogforen teil,&hellip;\" \/>\n<meta property=\"og:url\" content=\"https:\/\/www.tsp.at\/en\/2023\/05\/22\/toleranzgespraeche-2023-im-wachstumsfieber\/\" \/>\n<meta property=\"og:site_name\" content=\"Temmel | Seywald - Corporate Communications\" \/>\n<meta property=\"article:publisher\" content=\"https:\/\/www.facebook.com\/TemmelSeywald\" \/>\n<meta property=\"article:published_time\" content=\"2023-05-22T07:25:00+00:00\" \/>\n<meta property=\"article:modified_time\" content=\"2025-10-21T12:52:17+00:00\" \/>\n<meta property=\"og:image\" content=\"https:\/\/www.tsp.at\/wp-content\/uploads\/2025\/10\/Wilfried_Seywald_2022_01-1024x683.jpg\" \/>\n\t<meta property=\"og:image:width\" content=\"1024\" \/>\n\t<meta property=\"og:image:height\" content=\"683\" \/>\n\t<meta property=\"og:image:type\" content=\"image\/jpeg\" \/>\n<meta name=\"author\" content=\"TSP Redaktion\" \/>\n<meta name=\"twitter:card\" content=\"summary_large_image\" \/>\n<meta name=\"twitter:label1\" content=\"Written by\" \/>\n\t<meta name=\"twitter:data1\" content=\"TSP Redaktion\" \/>\n\t<meta name=\"twitter:label2\" content=\"Est. reading time\" \/>\n\t<meta name=\"twitter:data2\" content=\"5 minutes\" \/>\n<script type=\"application\/ld+json\" class=\"yoast-schema-graph\">{\"@context\":\"https:\/\/schema.org\",\"@graph\":[{\"@type\":\"Article\",\"@id\":\"https:\/\/www.tsp.at\/en\/2023\/05\/22\/toleranzgespraeche-2023-im-wachstumsfieber\/#article\",\"isPartOf\":{\"@id\":\"https:\/\/www.tsp.at\/en\/2023\/05\/22\/toleranzgespraeche-2023-im-wachstumsfieber\/\"},\"author\":{\"name\":\"TSP Redaktion\",\"@id\":\"https:\/\/www.tsp.at\/en\/#\/schema\/person\/1ba5600c29da17b902b0925cea567f8a\"},\"headline\":\"Toleranzgespr\u00e4che 2023 im Wachstumsfieber\",\"datePublished\":\"2023-05-22T07:25:00+00:00\",\"dateModified\":\"2025-10-21T12:52:17+00:00\",\"mainEntityOfPage\":{\"@id\":\"https:\/\/www.tsp.at\/en\/2023\/05\/22\/toleranzgespraeche-2023-im-wachstumsfieber\/\"},\"wordCount\":791,\"publisher\":{\"@id\":\"https:\/\/www.tsp.at\/en\/#organization\"},\"image\":{\"@id\":\"https:\/\/www.tsp.at\/en\/2023\/05\/22\/toleranzgespraeche-2023-im-wachstumsfieber\/#primaryimage\"},\"thumbnailUrl\":\"https:\/\/www.tsp.at\/wp-content\/uploads\/2025\/10\/Wilfried_Seywald_2022_01.jpg\",\"articleSection\":[\"News\"],\"inLanguage\":\"en-US\"},{\"@type\":\"WebPage\",\"@id\":\"https:\/\/www.tsp.at\/en\/2023\/05\/22\/toleranzgespraeche-2023-im-wachstumsfieber\/\",\"url\":\"https:\/\/www.tsp.at\/en\/2023\/05\/22\/toleranzgespraeche-2023-im-wachstumsfieber\/\",\"name\":\"Toleranzgespr\u00e4che 2023 im Wachstumsfieber - Temmel | Seywald - Corporate Communications\",\"isPartOf\":{\"@id\":\"https:\/\/www.tsp.at\/en\/#website\"},\"primaryImageOfPage\":{\"@id\":\"https:\/\/www.tsp.at\/en\/2023\/05\/22\/toleranzgespraeche-2023-im-wachstumsfieber\/#primaryimage\"},\"image\":{\"@id\":\"https:\/\/www.tsp.at\/en\/2023\/05\/22\/toleranzgespraeche-2023-im-wachstumsfieber\/#primaryimage\"},\"thumbnailUrl\":\"https:\/\/www.tsp.at\/wp-content\/uploads\/2025\/10\/Wilfried_Seywald_2022_01.jpg\",\"datePublished\":\"2023-05-22T07:25:00+00:00\",\"dateModified\":\"2025-10-21T12:52:17+00:00\",\"breadcrumb\":{\"@id\":\"https:\/\/www.tsp.at\/en\/2023\/05\/22\/toleranzgespraeche-2023-im-wachstumsfieber\/#breadcrumb\"},\"inLanguage\":\"en-US\",\"potentialAction\":[{\"@type\":\"ReadAction\",\"target\":[\"https:\/\/www.tsp.at\/en\/2023\/05\/22\/toleranzgespraeche-2023-im-wachstumsfieber\/\"]}]},{\"@type\":\"ImageObject\",\"inLanguage\":\"en-US\",\"@id\":\"https:\/\/www.tsp.at\/en\/2023\/05\/22\/toleranzgespraeche-2023-im-wachstumsfieber\/#primaryimage\",\"url\":\"https:\/\/www.tsp.at\/wp-content\/uploads\/2025\/10\/Wilfried_Seywald_2022_01.jpg\",\"contentUrl\":\"https:\/\/www.tsp.at\/wp-content\/uploads\/2025\/10\/Wilfried_Seywald_2022_01.jpg\",\"width\":2500,\"height\":1667,\"caption\":\"(c) www.fotodienst.at \/ Anna Rauchenberger \u2013 Wien, 13.02.2020 - Programmvorstellung: Europ\u00e4ische Toleranzgespr\u00e4che. FOTO: Dr. Wilfried Seywald, Programmkoordination\"},{\"@type\":\"BreadcrumbList\",\"@id\":\"https:\/\/www.tsp.at\/en\/2023\/05\/22\/toleranzgespraeche-2023-im-wachstumsfieber\/#breadcrumb\",\"itemListElement\":[{\"@type\":\"ListItem\",\"position\":1,\"name\":\"Startseite\",\"item\":\"https:\/\/www.tsp.at\/en\/\"},{\"@type\":\"ListItem\",\"position\":2,\"name\":\"Toleranzgespr\u00e4che 2023 im Wachstumsfieber\"}]},{\"@type\":\"WebSite\",\"@id\":\"https:\/\/www.tsp.at\/en\/#website\",\"url\":\"https:\/\/www.tsp.at\/en\/\",\"name\":\"Temmel | Seywald - Corporate Communications\",\"description\":\"Kommunikation ist Beziehungsarbeit\",\"publisher\":{\"@id\":\"https:\/\/www.tsp.at\/en\/#organization\"},\"potentialAction\":[{\"@type\":\"SearchAction\",\"target\":{\"@type\":\"EntryPoint\",\"urlTemplate\":\"https:\/\/www.tsp.at\/en\/?s={search_term_string}\"},\"query-input\":{\"@type\":\"PropertyValueSpecification\",\"valueRequired\":true,\"valueName\":\"search_term_string\"}}],\"inLanguage\":\"en-US\"},{\"@type\":\"Organization\",\"@id\":\"https:\/\/www.tsp.at\/en\/#organization\",\"name\":\"Temmel, Seywald & Partner Communications GesmbH\",\"alternateName\":\"TSP\",\"url\":\"https:\/\/www.tsp.at\/en\/\",\"logo\":{\"@type\":\"ImageObject\",\"inLanguage\":\"en-US\",\"@id\":\"https:\/\/www.tsp.at\/en\/#\/schema\/logo\/image\/\",\"url\":\"https:\/\/www.tsp.at\/wp-content\/uploads\/2025\/10\/favicontsp.png\",\"contentUrl\":\"https:\/\/www.tsp.at\/wp-content\/uploads\/2025\/10\/favicontsp.png\",\"width\":125,\"height\":125,\"caption\":\"Temmel, Seywald & Partner Communications GesmbH\"},\"image\":{\"@id\":\"https:\/\/www.tsp.at\/en\/#\/schema\/logo\/image\/\"},\"sameAs\":[\"https:\/\/www.facebook.com\/TemmelSeywald\"]},{\"@type\":\"Person\",\"@id\":\"https:\/\/www.tsp.at\/en\/#\/schema\/person\/1ba5600c29da17b902b0925cea567f8a\",\"name\":\"TSP Redaktion\"}]}<\/script>\n<!-- \/ Yoast SEO plugin. -->","yoast_head_json":{"title":"Toleranzgespr\u00e4che 2023 im Wachstumsfieber - Temmel | Seywald - Corporate Communications","robots":{"index":"index","follow":"follow","max-snippet":"max-snippet:-1","max-image-preview":"max-image-preview:large","max-video-preview":"max-video-preview:-1"},"canonical":"https:\/\/www.tsp.at\/en\/2023\/05\/22\/toleranzgespraeche-2023-im-wachstumsfieber\/","og_locale":"en_US","og_type":"article","og_title":"Toleranzgespr\u00e4che 2023 im Wachstumsfieber - Temmel | Seywald - Corporate Communications","og_description":"Kuratoriumspr\u00e4sident Swoboda: Wachsende Ungleichheit bedroht Frieden und Freiheit 22.05.2023 Villach\/Fresach \u2013 Die Folgen exzessiven Wirtschaftswachstums und die wachsende Ungleichheit auf der Welt durch den Raubbau an fossilen und regenerativen Ressourcen stehen im Mittelpunkt der 9. Europ\u00e4ischen Toleranzgespr\u00e4che (ETG), die am Mittwochabend in K\u00e4rnten beginnen. Mehr als 30 Denkerinnen und Denker nehmen an den Dialogforen teil,&hellip;","og_url":"https:\/\/www.tsp.at\/en\/2023\/05\/22\/toleranzgespraeche-2023-im-wachstumsfieber\/","og_site_name":"Temmel | Seywald - Corporate Communications","article_publisher":"https:\/\/www.facebook.com\/TemmelSeywald","article_published_time":"2023-05-22T07:25:00+00:00","article_modified_time":"2025-10-21T12:52:17+00:00","og_image":[{"width":1024,"height":683,"url":"https:\/\/www.tsp.at\/wp-content\/uploads\/2025\/10\/Wilfried_Seywald_2022_01-1024x683.jpg","type":"image\/jpeg"}],"author":"TSP Redaktion","twitter_card":"summary_large_image","twitter_misc":{"Written by":"TSP Redaktion","Est. reading time":"5 minutes"},"schema":{"@context":"https:\/\/schema.org","@graph":[{"@type":"Article","@id":"https:\/\/www.tsp.at\/en\/2023\/05\/22\/toleranzgespraeche-2023-im-wachstumsfieber\/#article","isPartOf":{"@id":"https:\/\/www.tsp.at\/en\/2023\/05\/22\/toleranzgespraeche-2023-im-wachstumsfieber\/"},"author":{"name":"TSP Redaktion","@id":"https:\/\/www.tsp.at\/en\/#\/schema\/person\/1ba5600c29da17b902b0925cea567f8a"},"headline":"Toleranzgespr\u00e4che 2023 im Wachstumsfieber","datePublished":"2023-05-22T07:25:00+00:00","dateModified":"2025-10-21T12:52:17+00:00","mainEntityOfPage":{"@id":"https:\/\/www.tsp.at\/en\/2023\/05\/22\/toleranzgespraeche-2023-im-wachstumsfieber\/"},"wordCount":791,"publisher":{"@id":"https:\/\/www.tsp.at\/en\/#organization"},"image":{"@id":"https:\/\/www.tsp.at\/en\/2023\/05\/22\/toleranzgespraeche-2023-im-wachstumsfieber\/#primaryimage"},"thumbnailUrl":"https:\/\/www.tsp.at\/wp-content\/uploads\/2025\/10\/Wilfried_Seywald_2022_01.jpg","articleSection":["News"],"inLanguage":"en-US"},{"@type":"WebPage","@id":"https:\/\/www.tsp.at\/en\/2023\/05\/22\/toleranzgespraeche-2023-im-wachstumsfieber\/","url":"https:\/\/www.tsp.at\/en\/2023\/05\/22\/toleranzgespraeche-2023-im-wachstumsfieber\/","name":"Toleranzgespr\u00e4che 2023 im Wachstumsfieber - Temmel | Seywald - Corporate Communications","isPartOf":{"@id":"https:\/\/www.tsp.at\/en\/#website"},"primaryImageOfPage":{"@id":"https:\/\/www.tsp.at\/en\/2023\/05\/22\/toleranzgespraeche-2023-im-wachstumsfieber\/#primaryimage"},"image":{"@id":"https:\/\/www.tsp.at\/en\/2023\/05\/22\/toleranzgespraeche-2023-im-wachstumsfieber\/#primaryimage"},"thumbnailUrl":"https:\/\/www.tsp.at\/wp-content\/uploads\/2025\/10\/Wilfried_Seywald_2022_01.jpg","datePublished":"2023-05-22T07:25:00+00:00","dateModified":"2025-10-21T12:52:17+00:00","breadcrumb":{"@id":"https:\/\/www.tsp.at\/en\/2023\/05\/22\/toleranzgespraeche-2023-im-wachstumsfieber\/#breadcrumb"},"inLanguage":"en-US","potentialAction":[{"@type":"ReadAction","target":["https:\/\/www.tsp.at\/en\/2023\/05\/22\/toleranzgespraeche-2023-im-wachstumsfieber\/"]}]},{"@type":"ImageObject","inLanguage":"en-US","@id":"https:\/\/www.tsp.at\/en\/2023\/05\/22\/toleranzgespraeche-2023-im-wachstumsfieber\/#primaryimage","url":"https:\/\/www.tsp.at\/wp-content\/uploads\/2025\/10\/Wilfried_Seywald_2022_01.jpg","contentUrl":"https:\/\/www.tsp.at\/wp-content\/uploads\/2025\/10\/Wilfried_Seywald_2022_01.jpg","width":2500,"height":1667,"caption":"(c) www.fotodienst.at \/ Anna Rauchenberger \u2013 Wien, 13.02.2020 - Programmvorstellung: Europ\u00e4ische Toleranzgespr\u00e4che. FOTO: Dr. Wilfried Seywald, Programmkoordination"},{"@type":"BreadcrumbList","@id":"https:\/\/www.tsp.at\/en\/2023\/05\/22\/toleranzgespraeche-2023-im-wachstumsfieber\/#breadcrumb","itemListElement":[{"@type":"ListItem","position":1,"name":"Startseite","item":"https:\/\/www.tsp.at\/en\/"},{"@type":"ListItem","position":2,"name":"Toleranzgespr\u00e4che 2023 im Wachstumsfieber"}]},{"@type":"WebSite","@id":"https:\/\/www.tsp.at\/en\/#website","url":"https:\/\/www.tsp.at\/en\/","name":"Temmel | Seywald - Corporate Communications","description":"Kommunikation ist Beziehungsarbeit","publisher":{"@id":"https:\/\/www.tsp.at\/en\/#organization"},"potentialAction":[{"@type":"SearchAction","target":{"@type":"EntryPoint","urlTemplate":"https:\/\/www.tsp.at\/en\/?s={search_term_string}"},"query-input":{"@type":"PropertyValueSpecification","valueRequired":true,"valueName":"search_term_string"}}],"inLanguage":"en-US"},{"@type":"Organization","@id":"https:\/\/www.tsp.at\/en\/#organization","name":"Temmel, Seywald & Partner Communications GesmbH","alternateName":"TSP","url":"https:\/\/www.tsp.at\/en\/","logo":{"@type":"ImageObject","inLanguage":"en-US","@id":"https:\/\/www.tsp.at\/en\/#\/schema\/logo\/image\/","url":"https:\/\/www.tsp.at\/wp-content\/uploads\/2025\/10\/favicontsp.png","contentUrl":"https:\/\/www.tsp.at\/wp-content\/uploads\/2025\/10\/favicontsp.png","width":125,"height":125,"caption":"Temmel, Seywald & Partner Communications GesmbH"},"image":{"@id":"https:\/\/www.tsp.at\/en\/#\/schema\/logo\/image\/"},"sameAs":["https:\/\/www.facebook.com\/TemmelSeywald"]},{"@type":"Person","@id":"https:\/\/www.tsp.at\/en\/#\/schema\/person\/1ba5600c29da17b902b0925cea567f8a","name":"TSP Redaktion"}]}},"_links":{"self":[{"href":"https:\/\/www.tsp.at\/en\/wp-json\/wp\/v2\/posts\/9688","targetHints":{"allow":["GET"]}}],"collection":[{"href":"https:\/\/www.tsp.at\/en\/wp-json\/wp\/v2\/posts"}],"about":[{"href":"https:\/\/www.tsp.at\/en\/wp-json\/wp\/v2\/types\/post"}],"author":[{"embeddable":true,"href":"https:\/\/www.tsp.at\/en\/wp-json\/wp\/v2\/users\/2"}],"replies":[{"embeddable":true,"href":"https:\/\/www.tsp.at\/en\/wp-json\/wp\/v2\/comments?post=9688"}],"version-history":[{"count":1,"href":"https:\/\/www.tsp.at\/en\/wp-json\/wp\/v2\/posts\/9688\/revisions"}],"predecessor-version":[{"id":11254,"href":"https:\/\/www.tsp.at\/en\/wp-json\/wp\/v2\/posts\/9688\/revisions\/11254"}],"wp:featuredmedia":[{"embeddable":true,"href":"https:\/\/www.tsp.at\/en\/wp-json\/wp\/v2\/media\/9687"}],"wp:attachment":[{"href":"https:\/\/www.tsp.at\/en\/wp-json\/wp\/v2\/media?parent=9688"}],"wp:term":[{"taxonomy":"category","embeddable":true,"href":"https:\/\/www.tsp.at\/en\/wp-json\/wp\/v2\/categories?post=9688"},{"taxonomy":"post_tag","embeddable":true,"href":"https:\/\/www.tsp.at\/en\/wp-json\/wp\/v2\/tags?post=9688"}],"curies":[{"name":"wp","href":"https:\/\/api.w.org\/{rel}","templated":true}]}}