{"id":9692,"date":"2023-05-15T15:46:00","date_gmt":"2023-05-15T13:46:00","guid":{"rendered":"https:\/\/staging.tsp.at\/2023\/05\/15\/psychoanalyse-faschismus-teil-jeder-demokratie\/"},"modified":"2025-10-21T14:52:18","modified_gmt":"2025-10-21T12:52:18","slug":"psychoanalyse-faschismus-teil-jeder-demokratie","status":"publish","type":"post","link":"https:\/\/www.tsp.at\/en\/2023\/05\/15\/psychoanalyse-faschismus-teil-jeder-demokratie\/","title":{"rendered":"Psychoanalyse: Faschismus Teil jeder Demokratie"},"content":{"rendered":"<article class=\"item\">\n<h2><strong>Era Loewenstein: Es beginnt mit der Ausl\u00f6schung von Erinnerung, Wahrheit und Geschichte<\/strong><\/h2>\n<p>15.05.2023<\/p>\n<\/p>\n<\/p>\n<\/p>\n<\/p>\n<\/p>\n<p>Wien \u2013 Die israelisch-amerikanische Psychoanalytikerin Era <span class=\"hl\">Loewenstein<\/span> hat bei einem Vortrag in Wien vor dem aufkeimenden Rechtsextremismus in Europa und den USA gewarnt, aber zugleich hinzugef\u00fcgt, dass man diesen Tendenzen nicht entkommen kann. Die h\u00e4ssliche Fratze des Faschismus sei ein st\u00e4ndiges Nebenprodukt moderner Demokratien, das einzig probate Mittel dagegen sei st\u00e4ndige Erinnerungsarbeit und aktives Engagement gegen jegliche Einschr\u00e4nkung demokratischer Errungenschaften.\n<\/p>\n<p>Faschistische Bewegungen mobilisieren die Massen unter dem Bann eines charismatischen F\u00fchrers f\u00fcr eine bessere Welt, doch das Ziel sei nicht die Verbesserung der Lebensverh\u00e4ltnisse, sondern uneingeschr\u00e4nkte Macht \u00fcber dieselben Menschen, sagte <span class=\"hl\">Loewenstein<\/span> am vergangenen Freitag im vollbesetzten Saal der <a href=\"https:\/\/wpv.at\/\" target=\"_blank\">Wiener Psychoanalytischen Vereinigung<\/a>. &#8220;Wenn die wahnhafte Blase an die Grenzen der Realit\u00e4t st\u00f6\u00dft, werden die Anh\u00e4nger oft selbst zu Opfern des Regimes und ihres F\u00fchrers.&#8221;\n<\/p>\n<p>Viele Historiker h\u00e4tten auf die Faszination des Todes und die grenzenlose Zerst\u00f6rungswut faschistischer Regime hingewiesen. Es beginnt mit der Erfindung eines Feindbildes, das durch bedeutungslose Merkmale definiert wird, etwa k\u00f6rperliche oder geistige Gesundheit, Rasse, Hautfarbe, Glaube, ethnische Zugeh\u00f6rigkeit, politische Einstellung oder sexuelle Orientierung. Diese Zielgruppen werden zun\u00e4chst b\u00f6swillig diffamiert und dann schrittweise ihrer Rechte beraubt. Ist der erfundene Feind ausgel\u00f6scht, muss ein neuer gefunden werden, um die Zerst\u00f6rungsmaschinerie am Laufen zu halten.\n<\/p>\n<p><strong>Tumps &#8220;TRUTH social&#8221;<\/strong> <\/p>\n<p>Seit dem Sturm von fanatisierten Trump-Anh\u00e4ngern auf das Kapitol in Washington am 6. Januar 2021 sei ihr, <span class=\"hl\">Loewenstein<\/span>, klar, dass der Schritt von der Demokratie zur Tyrannei sehr rasch erfolgen und \u00fcberall stattfinden kann. Das beginnt nicht nur mit der Erfindung k\u00fcnstlicher Feindbilder und der Fabrikation alternativer Fakten (etwa: Trumps &#8220;TRUTH social&#8221;), sondern geht Hand in Hand mit dem Versuch, Erinnerung, Geschichte und historische Wahrheiten auszul\u00f6schen, wie das auch in ihrer eigenen Heimat, Israel, nach der Staatsgr\u00fcndung passiert sei.\n<\/p>\n<p>&#8220;Wir wussten nichts von der Nakba, der pal\u00e4stinensischen Katastrophe von 1948. Erst in meinen sp\u00e4ten F\u00fcnfzigern erfuhr ich, dass mehr als 750.000 Pal\u00e4stinenser, M\u00e4nner, Frauen, Alte und Kinder &#8211; vertrieben und gezwungen worden waren, Pal\u00e4stina zu Fu\u00df oder in Booten zu verlassen. Viele Pal\u00e4stinenser wurden w\u00e4hrend der Nakba ermordet oder gefoltert, Frauen vergewaltigt, H\u00e4user, Banken, Schulen und Farmen gepl\u00fcndert.&#8221; Bis heute habe der Staat Israel diese Realit\u00e4t nicht akzeptiert und keine Verantwortung \u00fcbernommen&#8221;, so <span class=\"hl\">Loewenstein<\/span>.\n<\/p>\n<p>Die Nakba sei jedoch kein Ereignis der Vergangenheit, sondern ein andauernder Prozess. Der Staat Israel raubt weiterhin das Land der Pal\u00e4stinenser, zerst\u00f6rt ihre H\u00e4user, t\u00f6tet und inhaftiert sie. Leider ist die ethnische S\u00e4uberung der Pal\u00e4stinenser kein Einzelfall. Es sei eine tragische Tatsache, dass im Laufe der Geschichte und \u00fcberall auf der Welt immer wieder ethnische Gruppen vertrieben und ermordet werden. Die Gewalt eignet sich das Land an, feiert ihre Siege und erfreut sich an den beschlagnahmten und gepl\u00fcnderten H\u00e4usern und Gesch\u00e4ften.\n<\/p>\n<p><strong>Faschismus steckt in uns allen<\/strong> <\/p>\n<p><span class=\"hl\">Loewenstein<\/span> sagte, sie habe schon als Teenager nach dem Sechstagekrieg von 1967 mit eigenen Augen gesehen, wie rechtsextreme Bewegungen entstehen, wie der Aufstieg eines fanatischen, religi\u00f6sen und messianischen Nationalismus vor sich geht &#8211; ein gewaltt\u00e4tiger Nationalismus, der behauptete, das pal\u00e4stinensische Westjordanland und Transjordanien geh\u00f6rten historisch zu Israel und m\u00fcssten besiedelt und annektiert werden &#8211; zu einem Gro\u00df-Israel vereinigt.\n<\/p>\n<p>Sie habe ihre Heimat im Alter von 26 Jahren verlassen, um dem Gift faschistischer Geisteshaltungen zu entrinnen, Geisteshaltungen, die, wie der Psychoanalytiker Christopher Bollas 1992 festgestellt habe, Menschen die Lizenz zum V\u00f6lkermord geben. Doch auch die USA seien nicht gefeit vor solchen Vorstellungen. Nach dem Kapitol-Sturm sei sie zu der erschreckenden und ern\u00fcchternden Erkenntnis gelangt, dass faschistische Einstellungen in uns allen stecken. &#8220;Der Faschismus scheint ein unvermeidlicher Teil der menschlichen Existenz zu sein.&#8221;\n<\/p>\n<p>Das Muster sei immer dasselbe, erkl\u00e4rte <span class=\"hl\">Loewenstein<\/span>: &#8220;So zerst\u00f6ren moderne Faschisten wie Victor Orban und Wladimir Putin Demokratien: Zuerst schw\u00e4chen sie die Justiz, dann \u00e4ndern sie die Verfassung. Gleichzeitig \u00fcbernehmen sie die Kontrolle \u00fcber die freie Presse und grenzen investigative Journalisten aus. Wenig sp\u00e4ter werden Oppositionelle als Verr\u00e4ter gebrandmarkt. Das kann \u00fcberall passieren.&#8221; Daher m\u00fcsse die Zivilgesellschaft auf die ersten Anzeichen von Tyrannei und Faschismus reagieren, bevor es zu sp\u00e4t ist.\n<\/p>\n<p>Weblink zum Vortrag: <a href=\"https:\/\/wpv.at\/nachrichten\/artikel\/2023\/02\/era-loewenstein-die-verlockung-des-faschismus-und-die-verabredung-in-samarra\" target=\"_blank\">https:\/\/wpv.at\/nachrichten\/artikel\/2023\/02\/era-<span class=\"hl\">loewenstein<\/span>-die-verlockung-des-faschismus-und-die-verabredung-in-samarra<\/a> <\/p>\n<p>Die deutsche \u00dcbersetzung des Vortrags &#8220;Die Verlockung des Faschismus und die Verabredung in Samarra&#8221; kann bei der Autorin angefordert werden. Era A. <span class=\"hl\">Loewenstein<\/span> ist Psychoanalytikerin, Ausbildungs- und Supervisionsanalytikerin am San Francisco Center for Psychoanalysis (SFCP), ehemalige Pr\u00e4sidentin der Nordkalifornischen Gesellschaft f\u00fcr Psychoanalytische Psychologie und war assoziiertes Vorstandsmitglied des International Journal of Psychoanalysis. Seit der Wahl von Donald Trump zum US-Pr\u00e4sidenten im Jahr 2016 schreibt und spricht sie \u00fcber Faschismus. Ihr in Wien geborener Vater fl\u00fcchtete 1938 vor den Nazis nach Israel.<\/p>\n<\/article>\n","protected":false},"excerpt":{"rendered":"<p>Era Loewenstein: Es beginnt mit der Ausl\u00f6schung von Erinnerung, Wahrheit und Geschichte 15.05.2023 Wien \u2013 Die israelisch-amerikanische Psychoanalytikerin Era Loewenstein hat bei einem Vortrag in Wien vor dem aufkeimenden Rechtsextremismus in Europa und den USA gewarnt, aber zugleich hinzugef\u00fcgt, dass man diesen Tendenzen nicht entkommen kann. Die h\u00e4ssliche Fratze des Faschismus sei ein st\u00e4ndiges Nebenprodukt&hellip;<\/p>\n","protected":false},"author":2,"featured_media":9691,"comment_status":"closed","ping_status":"closed","sticky":false,"template":"","format":"standard","meta":{"footnotes":""},"categories":[3],"tags":[],"class_list":["post-9692","post","type-post","status-publish","format-standard","has-post-thumbnail","hentry","category-news","category-3","description-off"],"yoast_head":"<!-- This site is optimized with the Yoast SEO plugin v26.3 - https:\/\/yoast.com\/wordpress\/plugins\/seo\/ -->\n<title>Psychoanalyse: Faschismus Teil jeder Demokratie - Temmel | Seywald - Corporate Communications<\/title>\n<meta name=\"robots\" content=\"index, follow, max-snippet:-1, max-image-preview:large, max-video-preview:-1\" \/>\n<link rel=\"canonical\" href=\"https:\/\/www.tsp.at\/en\/2023\/05\/15\/psychoanalyse-faschismus-teil-jeder-demokratie\/\" \/>\n<meta property=\"og:locale\" content=\"en_US\" \/>\n<meta property=\"og:type\" content=\"article\" \/>\n<meta property=\"og:title\" content=\"Psychoanalyse: Faschismus Teil jeder Demokratie - Temmel | Seywald - Corporate Communications\" \/>\n<meta property=\"og:description\" content=\"Era Loewenstein: Es beginnt mit der Ausl\u00f6schung von Erinnerung, Wahrheit und Geschichte 15.05.2023 Wien \u2013 Die israelisch-amerikanische Psychoanalytikerin Era Loewenstein hat bei einem Vortrag in Wien vor dem aufkeimenden Rechtsextremismus in Europa und den USA gewarnt, aber zugleich hinzugef\u00fcgt, dass man diesen Tendenzen nicht entkommen kann. Die h\u00e4ssliche Fratze des Faschismus sei ein st\u00e4ndiges Nebenprodukt&hellip;\" \/>\n<meta property=\"og:url\" content=\"https:\/\/www.tsp.at\/en\/2023\/05\/15\/psychoanalyse-faschismus-teil-jeder-demokratie\/\" \/>\n<meta property=\"og:site_name\" content=\"Temmel | Seywald - Corporate Communications\" \/>\n<meta property=\"article:publisher\" content=\"https:\/\/www.facebook.com\/TemmelSeywald\" \/>\n<meta property=\"article:published_time\" content=\"2023-05-15T13:46:00+00:00\" \/>\n<meta property=\"article:modified_time\" content=\"2025-10-21T12:52:18+00:00\" \/>\n<meta property=\"og:image\" content=\"https:\/\/www.tsp.at\/wp-content\/uploads\/2025\/10\/P1048230-scaled.jpg\" \/>\n\t<meta property=\"og:image:width\" content=\"2560\" \/>\n\t<meta property=\"og:image:height\" content=\"1707\" \/>\n\t<meta property=\"og:image:type\" content=\"image\/jpeg\" \/>\n<meta name=\"author\" content=\"TSP Redaktion\" \/>\n<meta name=\"twitter:card\" content=\"summary_large_image\" \/>\n<meta name=\"twitter:label1\" content=\"Written by\" \/>\n\t<meta name=\"twitter:data1\" content=\"TSP Redaktion\" \/>\n\t<meta name=\"twitter:label2\" content=\"Est. reading time\" \/>\n\t<meta name=\"twitter:data2\" content=\"5 minutes\" \/>\n<script type=\"application\/ld+json\" class=\"yoast-schema-graph\">{\"@context\":\"https:\/\/schema.org\",\"@graph\":[{\"@type\":\"Article\",\"@id\":\"https:\/\/www.tsp.at\/en\/2023\/05\/15\/psychoanalyse-faschismus-teil-jeder-demokratie\/#article\",\"isPartOf\":{\"@id\":\"https:\/\/www.tsp.at\/en\/2023\/05\/15\/psychoanalyse-faschismus-teil-jeder-demokratie\/\"},\"author\":{\"name\":\"TSP Redaktion\",\"@id\":\"https:\/\/www.tsp.at\/en\/#\/schema\/person\/1ba5600c29da17b902b0925cea567f8a\"},\"headline\":\"Psychoanalyse: Faschismus Teil jeder Demokratie\",\"datePublished\":\"2023-05-15T13:46:00+00:00\",\"dateModified\":\"2025-10-21T12:52:18+00:00\",\"mainEntityOfPage\":{\"@id\":\"https:\/\/www.tsp.at\/en\/2023\/05\/15\/psychoanalyse-faschismus-teil-jeder-demokratie\/\"},\"wordCount\":803,\"publisher\":{\"@id\":\"https:\/\/www.tsp.at\/en\/#organization\"},\"image\":{\"@id\":\"https:\/\/www.tsp.at\/en\/2023\/05\/15\/psychoanalyse-faschismus-teil-jeder-demokratie\/#primaryimage\"},\"thumbnailUrl\":\"https:\/\/www.tsp.at\/wp-content\/uploads\/2025\/10\/P1048230-scaled.jpg\",\"articleSection\":[\"News\"],\"inLanguage\":\"en-US\"},{\"@type\":\"WebPage\",\"@id\":\"https:\/\/www.tsp.at\/en\/2023\/05\/15\/psychoanalyse-faschismus-teil-jeder-demokratie\/\",\"url\":\"https:\/\/www.tsp.at\/en\/2023\/05\/15\/psychoanalyse-faschismus-teil-jeder-demokratie\/\",\"name\":\"Psychoanalyse: Faschismus Teil jeder Demokratie - Temmel | Seywald - Corporate Communications\",\"isPartOf\":{\"@id\":\"https:\/\/www.tsp.at\/en\/#website\"},\"primaryImageOfPage\":{\"@id\":\"https:\/\/www.tsp.at\/en\/2023\/05\/15\/psychoanalyse-faschismus-teil-jeder-demokratie\/#primaryimage\"},\"image\":{\"@id\":\"https:\/\/www.tsp.at\/en\/2023\/05\/15\/psychoanalyse-faschismus-teil-jeder-demokratie\/#primaryimage\"},\"thumbnailUrl\":\"https:\/\/www.tsp.at\/wp-content\/uploads\/2025\/10\/P1048230-scaled.jpg\",\"datePublished\":\"2023-05-15T13:46:00+00:00\",\"dateModified\":\"2025-10-21T12:52:18+00:00\",\"breadcrumb\":{\"@id\":\"https:\/\/www.tsp.at\/en\/2023\/05\/15\/psychoanalyse-faschismus-teil-jeder-demokratie\/#breadcrumb\"},\"inLanguage\":\"en-US\",\"potentialAction\":[{\"@type\":\"ReadAction\",\"target\":[\"https:\/\/www.tsp.at\/en\/2023\/05\/15\/psychoanalyse-faschismus-teil-jeder-demokratie\/\"]}]},{\"@type\":\"ImageObject\",\"inLanguage\":\"en-US\",\"@id\":\"https:\/\/www.tsp.at\/en\/2023\/05\/15\/psychoanalyse-faschismus-teil-jeder-demokratie\/#primaryimage\",\"url\":\"https:\/\/www.tsp.at\/wp-content\/uploads\/2025\/10\/P1048230-scaled.jpg\",\"contentUrl\":\"https:\/\/www.tsp.at\/wp-content\/uploads\/2025\/10\/P1048230-scaled.jpg\",\"width\":2560,\"height\":1707},{\"@type\":\"BreadcrumbList\",\"@id\":\"https:\/\/www.tsp.at\/en\/2023\/05\/15\/psychoanalyse-faschismus-teil-jeder-demokratie\/#breadcrumb\",\"itemListElement\":[{\"@type\":\"ListItem\",\"position\":1,\"name\":\"Startseite\",\"item\":\"https:\/\/www.tsp.at\/en\/\"},{\"@type\":\"ListItem\",\"position\":2,\"name\":\"Psychoanalyse: Faschismus Teil jeder Demokratie\"}]},{\"@type\":\"WebSite\",\"@id\":\"https:\/\/www.tsp.at\/en\/#website\",\"url\":\"https:\/\/www.tsp.at\/en\/\",\"name\":\"Temmel | Seywald - Corporate Communications\",\"description\":\"Kommunikation ist Beziehungsarbeit\",\"publisher\":{\"@id\":\"https:\/\/www.tsp.at\/en\/#organization\"},\"potentialAction\":[{\"@type\":\"SearchAction\",\"target\":{\"@type\":\"EntryPoint\",\"urlTemplate\":\"https:\/\/www.tsp.at\/en\/?s={search_term_string}\"},\"query-input\":{\"@type\":\"PropertyValueSpecification\",\"valueRequired\":true,\"valueName\":\"search_term_string\"}}],\"inLanguage\":\"en-US\"},{\"@type\":\"Organization\",\"@id\":\"https:\/\/www.tsp.at\/en\/#organization\",\"name\":\"Temmel, Seywald & Partner Communications GesmbH\",\"alternateName\":\"TSP\",\"url\":\"https:\/\/www.tsp.at\/en\/\",\"logo\":{\"@type\":\"ImageObject\",\"inLanguage\":\"en-US\",\"@id\":\"https:\/\/www.tsp.at\/en\/#\/schema\/logo\/image\/\",\"url\":\"https:\/\/www.tsp.at\/wp-content\/uploads\/2025\/10\/favicontsp.png\",\"contentUrl\":\"https:\/\/www.tsp.at\/wp-content\/uploads\/2025\/10\/favicontsp.png\",\"width\":125,\"height\":125,\"caption\":\"Temmel, Seywald & Partner Communications GesmbH\"},\"image\":{\"@id\":\"https:\/\/www.tsp.at\/en\/#\/schema\/logo\/image\/\"},\"sameAs\":[\"https:\/\/www.facebook.com\/TemmelSeywald\"]},{\"@type\":\"Person\",\"@id\":\"https:\/\/www.tsp.at\/en\/#\/schema\/person\/1ba5600c29da17b902b0925cea567f8a\",\"name\":\"TSP Redaktion\"}]}<\/script>\n<!-- \/ Yoast SEO plugin. -->","yoast_head_json":{"title":"Psychoanalyse: Faschismus Teil jeder Demokratie - Temmel | Seywald - Corporate Communications","robots":{"index":"index","follow":"follow","max-snippet":"max-snippet:-1","max-image-preview":"max-image-preview:large","max-video-preview":"max-video-preview:-1"},"canonical":"https:\/\/www.tsp.at\/en\/2023\/05\/15\/psychoanalyse-faschismus-teil-jeder-demokratie\/","og_locale":"en_US","og_type":"article","og_title":"Psychoanalyse: Faschismus Teil jeder Demokratie - Temmel | Seywald - Corporate Communications","og_description":"Era Loewenstein: Es beginnt mit der Ausl\u00f6schung von Erinnerung, Wahrheit und Geschichte 15.05.2023 Wien \u2013 Die israelisch-amerikanische Psychoanalytikerin Era Loewenstein hat bei einem Vortrag in Wien vor dem aufkeimenden Rechtsextremismus in Europa und den USA gewarnt, aber zugleich hinzugef\u00fcgt, dass man diesen Tendenzen nicht entkommen kann. Die h\u00e4ssliche Fratze des Faschismus sei ein st\u00e4ndiges Nebenprodukt&hellip;","og_url":"https:\/\/www.tsp.at\/en\/2023\/05\/15\/psychoanalyse-faschismus-teil-jeder-demokratie\/","og_site_name":"Temmel | Seywald - Corporate Communications","article_publisher":"https:\/\/www.facebook.com\/TemmelSeywald","article_published_time":"2023-05-15T13:46:00+00:00","article_modified_time":"2025-10-21T12:52:18+00:00","og_image":[{"width":2560,"height":1707,"url":"https:\/\/www.tsp.at\/wp-content\/uploads\/2025\/10\/P1048230-scaled.jpg","type":"image\/jpeg"}],"author":"TSP Redaktion","twitter_card":"summary_large_image","twitter_misc":{"Written by":"TSP Redaktion","Est. reading time":"5 minutes"},"schema":{"@context":"https:\/\/schema.org","@graph":[{"@type":"Article","@id":"https:\/\/www.tsp.at\/en\/2023\/05\/15\/psychoanalyse-faschismus-teil-jeder-demokratie\/#article","isPartOf":{"@id":"https:\/\/www.tsp.at\/en\/2023\/05\/15\/psychoanalyse-faschismus-teil-jeder-demokratie\/"},"author":{"name":"TSP Redaktion","@id":"https:\/\/www.tsp.at\/en\/#\/schema\/person\/1ba5600c29da17b902b0925cea567f8a"},"headline":"Psychoanalyse: Faschismus Teil jeder Demokratie","datePublished":"2023-05-15T13:46:00+00:00","dateModified":"2025-10-21T12:52:18+00:00","mainEntityOfPage":{"@id":"https:\/\/www.tsp.at\/en\/2023\/05\/15\/psychoanalyse-faschismus-teil-jeder-demokratie\/"},"wordCount":803,"publisher":{"@id":"https:\/\/www.tsp.at\/en\/#organization"},"image":{"@id":"https:\/\/www.tsp.at\/en\/2023\/05\/15\/psychoanalyse-faschismus-teil-jeder-demokratie\/#primaryimage"},"thumbnailUrl":"https:\/\/www.tsp.at\/wp-content\/uploads\/2025\/10\/P1048230-scaled.jpg","articleSection":["News"],"inLanguage":"en-US"},{"@type":"WebPage","@id":"https:\/\/www.tsp.at\/en\/2023\/05\/15\/psychoanalyse-faschismus-teil-jeder-demokratie\/","url":"https:\/\/www.tsp.at\/en\/2023\/05\/15\/psychoanalyse-faschismus-teil-jeder-demokratie\/","name":"Psychoanalyse: Faschismus Teil jeder Demokratie - Temmel | Seywald - Corporate Communications","isPartOf":{"@id":"https:\/\/www.tsp.at\/en\/#website"},"primaryImageOfPage":{"@id":"https:\/\/www.tsp.at\/en\/2023\/05\/15\/psychoanalyse-faschismus-teil-jeder-demokratie\/#primaryimage"},"image":{"@id":"https:\/\/www.tsp.at\/en\/2023\/05\/15\/psychoanalyse-faschismus-teil-jeder-demokratie\/#primaryimage"},"thumbnailUrl":"https:\/\/www.tsp.at\/wp-content\/uploads\/2025\/10\/P1048230-scaled.jpg","datePublished":"2023-05-15T13:46:00+00:00","dateModified":"2025-10-21T12:52:18+00:00","breadcrumb":{"@id":"https:\/\/www.tsp.at\/en\/2023\/05\/15\/psychoanalyse-faschismus-teil-jeder-demokratie\/#breadcrumb"},"inLanguage":"en-US","potentialAction":[{"@type":"ReadAction","target":["https:\/\/www.tsp.at\/en\/2023\/05\/15\/psychoanalyse-faschismus-teil-jeder-demokratie\/"]}]},{"@type":"ImageObject","inLanguage":"en-US","@id":"https:\/\/www.tsp.at\/en\/2023\/05\/15\/psychoanalyse-faschismus-teil-jeder-demokratie\/#primaryimage","url":"https:\/\/www.tsp.at\/wp-content\/uploads\/2025\/10\/P1048230-scaled.jpg","contentUrl":"https:\/\/www.tsp.at\/wp-content\/uploads\/2025\/10\/P1048230-scaled.jpg","width":2560,"height":1707},{"@type":"BreadcrumbList","@id":"https:\/\/www.tsp.at\/en\/2023\/05\/15\/psychoanalyse-faschismus-teil-jeder-demokratie\/#breadcrumb","itemListElement":[{"@type":"ListItem","position":1,"name":"Startseite","item":"https:\/\/www.tsp.at\/en\/"},{"@type":"ListItem","position":2,"name":"Psychoanalyse: Faschismus Teil jeder Demokratie"}]},{"@type":"WebSite","@id":"https:\/\/www.tsp.at\/en\/#website","url":"https:\/\/www.tsp.at\/en\/","name":"Temmel | Seywald - Corporate Communications","description":"Kommunikation ist Beziehungsarbeit","publisher":{"@id":"https:\/\/www.tsp.at\/en\/#organization"},"potentialAction":[{"@type":"SearchAction","target":{"@type":"EntryPoint","urlTemplate":"https:\/\/www.tsp.at\/en\/?s={search_term_string}"},"query-input":{"@type":"PropertyValueSpecification","valueRequired":true,"valueName":"search_term_string"}}],"inLanguage":"en-US"},{"@type":"Organization","@id":"https:\/\/www.tsp.at\/en\/#organization","name":"Temmel, Seywald & Partner Communications GesmbH","alternateName":"TSP","url":"https:\/\/www.tsp.at\/en\/","logo":{"@type":"ImageObject","inLanguage":"en-US","@id":"https:\/\/www.tsp.at\/en\/#\/schema\/logo\/image\/","url":"https:\/\/www.tsp.at\/wp-content\/uploads\/2025\/10\/favicontsp.png","contentUrl":"https:\/\/www.tsp.at\/wp-content\/uploads\/2025\/10\/favicontsp.png","width":125,"height":125,"caption":"Temmel, Seywald & Partner Communications GesmbH"},"image":{"@id":"https:\/\/www.tsp.at\/en\/#\/schema\/logo\/image\/"},"sameAs":["https:\/\/www.facebook.com\/TemmelSeywald"]},{"@type":"Person","@id":"https:\/\/www.tsp.at\/en\/#\/schema\/person\/1ba5600c29da17b902b0925cea567f8a","name":"TSP Redaktion"}]}},"_links":{"self":[{"href":"https:\/\/www.tsp.at\/en\/wp-json\/wp\/v2\/posts\/9692","targetHints":{"allow":["GET"]}}],"collection":[{"href":"https:\/\/www.tsp.at\/en\/wp-json\/wp\/v2\/posts"}],"about":[{"href":"https:\/\/www.tsp.at\/en\/wp-json\/wp\/v2\/types\/post"}],"author":[{"embeddable":true,"href":"https:\/\/www.tsp.at\/en\/wp-json\/wp\/v2\/users\/2"}],"replies":[{"embeddable":true,"href":"https:\/\/www.tsp.at\/en\/wp-json\/wp\/v2\/comments?post=9692"}],"version-history":[{"count":1,"href":"https:\/\/www.tsp.at\/en\/wp-json\/wp\/v2\/posts\/9692\/revisions"}],"predecessor-version":[{"id":11256,"href":"https:\/\/www.tsp.at\/en\/wp-json\/wp\/v2\/posts\/9692\/revisions\/11256"}],"wp:featuredmedia":[{"embeddable":true,"href":"https:\/\/www.tsp.at\/en\/wp-json\/wp\/v2\/media\/9691"}],"wp:attachment":[{"href":"https:\/\/www.tsp.at\/en\/wp-json\/wp\/v2\/media?parent=9692"}],"wp:term":[{"taxonomy":"category","embeddable":true,"href":"https:\/\/www.tsp.at\/en\/wp-json\/wp\/v2\/categories?post=9692"},{"taxonomy":"post_tag","embeddable":true,"href":"https:\/\/www.tsp.at\/en\/wp-json\/wp\/v2\/tags?post=9692"}],"curies":[{"name":"wp","href":"https:\/\/api.w.org\/{rel}","templated":true}]}}